{"id":2171,"date":"2022-04-01T19:30:50","date_gmt":"2022-04-01T17:30:50","guid":{"rendered":"https:\/\/hierostrasbourg.com\/index.php\/2022\/04\/01\/atlas-culture-des-territoires-2\/"},"modified":"2022-04-01T19:30:50","modified_gmt":"2022-04-01T17:30:50","slug":"atlas-culture-des-territoires-2","status":"publish","type":"post","link":"https:\/\/hierostrasbourg.com\/index.php\/2022\/04\/01\/atlas-culture-des-territoires-2\/","title":{"rendered":"Atlas Culture des territoires"},"content":{"rendered":"<p>Comprendre les dynamiques culturelles<br \/>\nBienvenue sur la ressource d\u00e9di\u00e9e aux donn\u00e9es publiques de la culture, de la r\u00e9gion \u00e0 la commune<\/p>\n<h2>Portraits culturels des r\u00e9gions<\/h2>\n<p>Un portrait de chaque r\u00e9gion mobilisant des donn\u00e9es g\u00e9ographiques, \u00e9conomiques et sociales pour d\u00e9crire les territoires, ainsi que des donn\u00e9es culturelles (offre, d\u00e9penses publiques, emploi et entreprises)<\/p>\n<p>Des analyses pour \u00e9clairer les donn\u00e9es de l\u2019atlas<\/p>\n<h2>18 portraits culturels de r\u00e9gion<\/h2>\n<p>Un portrait de chaque r\u00e9gion mobilisant des donn\u00e9es g\u00e9ographiques, \u00e9conomiques et sociales pour d\u00e9crire les territoires, ainsi que des donn\u00e9es culturelles (offre, d\u00e9penses publiques, emploi et entreprises).<br \/>\nPlus de 100 variables issues de sources fiables<\/p>\n<h2>Lieux et offre culturelle<\/h2>\n<p>Politiques culturelles territoriales<br \/>\nD\u00e9penses publiques culturelles<br \/>\nEntreprises et emploi culturels<br \/>\nContexte socio-\u00e9conomique<\/p>\n<h2>3 modalit\u00e9s de visualisation des donn\u00e9es<\/h2>\n<p>Une carte interactive<br \/>\nUne vue liste<br \/>\nBient\u00f4t, des graphiques interactifs<\/p>\n<p><a class=\"maxbutton-1 maxbutton\" href=\"https:\/\/www.atlasculture.fr\/\"><span class=\"mb-text\">Explorer la carte interactive<\/span><\/a><\/p>\n<p>L\u2019article <a href=\"https:\/\/popburo.fr\/atlas-culture-des-territoires\/\">Atlas Culture des territoires<\/a> est apparu en premier sur <a href=\"https:\/\/popburo.fr\/\">POP B\u00dcRO<\/a>.<\/p>\n","protected":false},"excerpt":{"rendered":"<p>Comprendre les dynamiques culturelles Bienvenue sur la ressource d\u00e9di\u00e9e aux donn\u00e9es publiques de la culture, de la r\u00e9gion \u00e0 la commune Portraits culturels des r\u00e9gions Un portrait de chaque r\u00e9gion mobilisant des donn\u00e9es g\u00e9ographiques, \u00e9conomiques et sociales pour d\u00e9crire les territoires, ainsi que des donn\u00e9es culturelles (offre, d\u00e9penses publiques, emploi et entreprises) Des analyses pour \u00e9clairer les donn\u00e9es de l\u2019atlas 18 portraits culturels de r\u00e9gion Un portrait de chaque r\u00e9gion mobilisant des donn\u00e9es g\u00e9ographiques, \u00e9conomiques et sociales pour d\u00e9crire les [&hellip;]<\/p>\n","protected":false},"author":0,"featured_media":0,"comment_status":"closed","ping_status":"open","sticky":false,"template":"","format":"standard","meta":{"footnotes":""},"categories":[1],"tags":[],"class_list":["post-2171","post","type-post","status-publish","format-standard","hentry","category-non-classe"],"yoast_head":"<!-- This site is optimized with the Yoast SEO plugin v27.4 - https:\/\/yoast.com\/product\/yoast-seo-wordpress\/ -->\n<title>Atlas Culture des territoires - HIERO STRASBOURG<\/title>\n<meta name=\"robots\" content=\"index, follow, max-snippet:-1, max-image-preview:large, max-video-preview:-1\" \/>\n<link rel=\"canonical\" href=\"https:\/\/hierostrasbourg.com\/index.php\/2022\/04\/01\/atlas-culture-des-territoires-2\/\" \/>\n<meta property=\"og:locale\" content=\"fr_FR\" \/>\n<meta property=\"og:type\" content=\"article\" \/>\n<meta property=\"og:title\" content=\"Atlas Culture des territoires - HIERO STRASBOURG\" \/>\n<meta property=\"og:description\" content=\"Comprendre les dynamiques culturelles Bienvenue sur la ressource d\u00e9di\u00e9e aux donn\u00e9es publiques de la culture, de la r\u00e9gion \u00e0 la commune Portraits culturels des r\u00e9gions Un portrait de chaque r\u00e9gion mobilisant des donn\u00e9es g\u00e9ographiques, \u00e9conomiques et sociales pour d\u00e9crire les territoires, ainsi que des donn\u00e9es culturelles (offre, d\u00e9penses publiques, emploi et entreprises) Des analyses pour \u00e9clairer les donn\u00e9es de l\u2019atlas 18 portraits culturels de r\u00e9gion Un portrait de chaque r\u00e9gion mobilisant des donn\u00e9es g\u00e9ographiques, \u00e9conomiques et sociales pour d\u00e9crire les [&hellip;]\" \/>\n<meta property=\"og:url\" content=\"https:\/\/hierostrasbourg.com\/index.php\/2022\/04\/01\/atlas-culture-des-territoires-2\/\" \/>\n<meta property=\"og:site_name\" content=\"HIERO STRASBOURG\" \/>\n<meta property=\"article:publisher\" content=\"https:\/\/www.facebook.com\/fedehierostrasbourg\" \/>\n<meta property=\"article:published_time\" content=\"2022-04-01T17:30:50+00:00\" \/>\n<meta name=\"twitter:card\" content=\"summary_large_image\" \/>\n<meta name=\"twitter:creator\" content=\"@hierostrasbourg\" \/>\n<meta name=\"twitter:site\" content=\"@hierostrasbourg\" \/>\n<meta name=\"twitter:label1\" content=\"Dur\u00e9e de lecture estim\u00e9e\" \/>\n\t<meta name=\"twitter:data1\" content=\"1 minute\" \/>\n<script type=\"application\/ld+json\" class=\"yoast-schema-graph\">{\"@context\":\"https:\\\/\\\/schema.org\",\"@graph\":[{\"@type\":\"Article\",\"@id\":\"https:\\\/\\\/hierostrasbourg.com\\\/index.php\\\/2022\\\/04\\\/01\\\/atlas-culture-des-territoires-2\\\/#article\",\"isPartOf\":{\"@id\":\"https:\\\/\\\/hierostrasbourg.com\\\/index.php\\\/2022\\\/04\\\/01\\\/atlas-culture-des-territoires-2\\\/\"},\"author\":{\"name\":\"\",\"@id\":\"\"},\"headline\":\"Atlas Culture des territoires\",\"datePublished\":\"2022-04-01T17:30:50+00:00\",\"mainEntityOfPage\":{\"@id\":\"https:\\\/\\\/hierostrasbourg.com\\\/index.php\\\/2022\\\/04\\\/01\\\/atlas-culture-des-territoires-2\\\/\"},\"wordCount\":175,\"publisher\":{\"@id\":\"https:\\\/\\\/hierostrasbourg.com\\\/#organization\"},\"inLanguage\":\"fr-FR\"},{\"@type\":\"WebPage\",\"@id\":\"https:\\\/\\\/hierostrasbourg.com\\\/index.php\\\/2022\\\/04\\\/01\\\/atlas-culture-des-territoires-2\\\/\",\"url\":\"https:\\\/\\\/hierostrasbourg.com\\\/index.php\\\/2022\\\/04\\\/01\\\/atlas-culture-des-territoires-2\\\/\",\"name\":\"Atlas Culture des territoires - HIERO STRASBOURG\",\"isPartOf\":{\"@id\":\"https:\\\/\\\/hierostrasbourg.com\\\/#website\"},\"datePublished\":\"2022-04-01T17:30:50+00:00\",\"breadcrumb\":{\"@id\":\"https:\\\/\\\/hierostrasbourg.com\\\/index.php\\\/2022\\\/04\\\/01\\\/atlas-culture-des-territoires-2\\\/#breadcrumb\"},\"inLanguage\":\"fr-FR\",\"potentialAction\":[{\"@type\":\"ReadAction\",\"target\":[\"https:\\\/\\\/hierostrasbourg.com\\\/index.php\\\/2022\\\/04\\\/01\\\/atlas-culture-des-territoires-2\\\/\"]}]},{\"@type\":\"BreadcrumbList\",\"@id\":\"https:\\\/\\\/hierostrasbourg.com\\\/index.php\\\/2022\\\/04\\\/01\\\/atlas-culture-des-territoires-2\\\/#breadcrumb\",\"itemListElement\":[{\"@type\":\"ListItem\",\"position\":1,\"name\":\"Accueil\",\"item\":\"https:\\\/\\\/hierostrasbourg.com\\\/\"},{\"@type\":\"ListItem\",\"position\":2,\"name\":\"Atlas Culture des territoires\"}]},{\"@type\":\"WebSite\",\"@id\":\"https:\\\/\\\/hierostrasbourg.com\\\/#website\",\"url\":\"https:\\\/\\\/hierostrasbourg.com\\\/\",\"name\":\"HIERO STRASBOURG\",\"description\":\"Centre de Ressources Musiques Actuelles\",\"publisher\":{\"@id\":\"https:\\\/\\\/hierostrasbourg.com\\\/#organization\"},\"potentialAction\":[{\"@type\":\"SearchAction\",\"target\":{\"@type\":\"EntryPoint\",\"urlTemplate\":\"https:\\\/\\\/hierostrasbourg.com\\\/?s={search_term_string}\"},\"query-input\":{\"@type\":\"PropertyValueSpecification\",\"valueRequired\":true,\"valueName\":\"search_term_string\"}}],\"inLanguage\":\"fr-FR\"},{\"@type\":\"Organization\",\"@id\":\"https:\\\/\\\/hierostrasbourg.com\\\/#organization\",\"name\":\"F\u00e9d\u00e9ration Hi\u00e9ro Strasbourg\",\"url\":\"https:\\\/\\\/hierostrasbourg.com\\\/\",\"logo\":{\"@type\":\"ImageObject\",\"inLanguage\":\"fr-FR\",\"@id\":\"https:\\\/\\\/hierostrasbourg.com\\\/#\\\/schema\\\/logo\\\/image\\\/\",\"url\":\"https:\\\/\\\/hierostrasbourg.com\\\/wp-content\\\/uploads\\\/2026\\\/04\\\/logo-hiero-strasbourg.jpg\",\"contentUrl\":\"https:\\\/\\\/hierostrasbourg.com\\\/wp-content\\\/uploads\\\/2026\\\/04\\\/logo-hiero-strasbourg.jpg\",\"width\":204,\"height\":192,\"caption\":\"F\u00e9d\u00e9ration Hi\u00e9ro Strasbourg\"},\"image\":{\"@id\":\"https:\\\/\\\/hierostrasbourg.com\\\/#\\\/schema\\\/logo\\\/image\\\/\"},\"sameAs\":[\"https:\\\/\\\/www.facebook.com\\\/fedehierostrasbourg\",\"https:\\\/\\\/x.com\\\/hierostrasbourg\"]}]}<\/script>\n<!-- \/ Yoast SEO plugin. -->","yoast_head_json":{"title":"Atlas Culture des territoires - HIERO STRASBOURG","robots":{"index":"index","follow":"follow","max-snippet":"max-snippet:-1","max-image-preview":"max-image-preview:large","max-video-preview":"max-video-preview:-1"},"canonical":"https:\/\/hierostrasbourg.com\/index.php\/2022\/04\/01\/atlas-culture-des-territoires-2\/","og_locale":"fr_FR","og_type":"article","og_title":"Atlas Culture des territoires - HIERO STRASBOURG","og_description":"Comprendre les dynamiques culturelles Bienvenue sur la ressource d\u00e9di\u00e9e aux donn\u00e9es publiques de la culture, de la r\u00e9gion \u00e0 la commune Portraits culturels des r\u00e9gions Un portrait de chaque r\u00e9gion mobilisant des donn\u00e9es g\u00e9ographiques, \u00e9conomiques et sociales pour d\u00e9crire les territoires, ainsi que des donn\u00e9es culturelles (offre, d\u00e9penses publiques, emploi et entreprises) Des analyses pour \u00e9clairer les donn\u00e9es de l\u2019atlas 18 portraits culturels de r\u00e9gion Un portrait de chaque r\u00e9gion mobilisant des donn\u00e9es g\u00e9ographiques, \u00e9conomiques et sociales pour d\u00e9crire les [&hellip;]","og_url":"https:\/\/hierostrasbourg.com\/index.php\/2022\/04\/01\/atlas-culture-des-territoires-2\/","og_site_name":"HIERO STRASBOURG","article_publisher":"https:\/\/www.facebook.com\/fedehierostrasbourg","article_published_time":"2022-04-01T17:30:50+00:00","twitter_card":"summary_large_image","twitter_creator":"@hierostrasbourg","twitter_site":"@hierostrasbourg","twitter_misc":{"Dur\u00e9e de lecture estim\u00e9e":"1 minute"},"schema":{"@context":"https:\/\/schema.org","@graph":[{"@type":"Article","@id":"https:\/\/hierostrasbourg.com\/index.php\/2022\/04\/01\/atlas-culture-des-territoires-2\/#article","isPartOf":{"@id":"https:\/\/hierostrasbourg.com\/index.php\/2022\/04\/01\/atlas-culture-des-territoires-2\/"},"author":{"name":"","@id":""},"headline":"Atlas Culture des territoires","datePublished":"2022-04-01T17:30:50+00:00","mainEntityOfPage":{"@id":"https:\/\/hierostrasbourg.com\/index.php\/2022\/04\/01\/atlas-culture-des-territoires-2\/"},"wordCount":175,"publisher":{"@id":"https:\/\/hierostrasbourg.com\/#organization"},"inLanguage":"fr-FR"},{"@type":"WebPage","@id":"https:\/\/hierostrasbourg.com\/index.php\/2022\/04\/01\/atlas-culture-des-territoires-2\/","url":"https:\/\/hierostrasbourg.com\/index.php\/2022\/04\/01\/atlas-culture-des-territoires-2\/","name":"Atlas Culture des territoires - HIERO STRASBOURG","isPartOf":{"@id":"https:\/\/hierostrasbourg.com\/#website"},"datePublished":"2022-04-01T17:30:50+00:00","breadcrumb":{"@id":"https:\/\/hierostrasbourg.com\/index.php\/2022\/04\/01\/atlas-culture-des-territoires-2\/#breadcrumb"},"inLanguage":"fr-FR","potentialAction":[{"@type":"ReadAction","target":["https:\/\/hierostrasbourg.com\/index.php\/2022\/04\/01\/atlas-culture-des-territoires-2\/"]}]},{"@type":"BreadcrumbList","@id":"https:\/\/hierostrasbourg.com\/index.php\/2022\/04\/01\/atlas-culture-des-territoires-2\/#breadcrumb","itemListElement":[{"@type":"ListItem","position":1,"name":"Accueil","item":"https:\/\/hierostrasbourg.com\/"},{"@type":"ListItem","position":2,"name":"Atlas Culture des territoires"}]},{"@type":"WebSite","@id":"https:\/\/hierostrasbourg.com\/#website","url":"https:\/\/hierostrasbourg.com\/","name":"HIERO STRASBOURG","description":"Centre de Ressources Musiques Actuelles","publisher":{"@id":"https:\/\/hierostrasbourg.com\/#organization"},"potentialAction":[{"@type":"SearchAction","target":{"@type":"EntryPoint","urlTemplate":"https:\/\/hierostrasbourg.com\/?s={search_term_string}"},"query-input":{"@type":"PropertyValueSpecification","valueRequired":true,"valueName":"search_term_string"}}],"inLanguage":"fr-FR"},{"@type":"Organization","@id":"https:\/\/hierostrasbourg.com\/#organization","name":"F\u00e9d\u00e9ration Hi\u00e9ro Strasbourg","url":"https:\/\/hierostrasbourg.com\/","logo":{"@type":"ImageObject","inLanguage":"fr-FR","@id":"https:\/\/hierostrasbourg.com\/#\/schema\/logo\/image\/","url":"https:\/\/hierostrasbourg.com\/wp-content\/uploads\/2026\/04\/logo-hiero-strasbourg.jpg","contentUrl":"https:\/\/hierostrasbourg.com\/wp-content\/uploads\/2026\/04\/logo-hiero-strasbourg.jpg","width":204,"height":192,"caption":"F\u00e9d\u00e9ration Hi\u00e9ro Strasbourg"},"image":{"@id":"https:\/\/hierostrasbourg.com\/#\/schema\/logo\/image\/"},"sameAs":["https:\/\/www.facebook.com\/fedehierostrasbourg","https:\/\/x.com\/hierostrasbourg"]}]}},"_links":{"self":[{"href":"https:\/\/hierostrasbourg.com\/index.php\/wp-json\/wp\/v2\/posts\/2171","targetHints":{"allow":["GET"]}}],"collection":[{"href":"https:\/\/hierostrasbourg.com\/index.php\/wp-json\/wp\/v2\/posts"}],"about":[{"href":"https:\/\/hierostrasbourg.com\/index.php\/wp-json\/wp\/v2\/types\/post"}],"replies":[{"embeddable":true,"href":"https:\/\/hierostrasbourg.com\/index.php\/wp-json\/wp\/v2\/comments?post=2171"}],"version-history":[{"count":0,"href":"https:\/\/hierostrasbourg.com\/index.php\/wp-json\/wp\/v2\/posts\/2171\/revisions"}],"wp:attachment":[{"href":"https:\/\/hierostrasbourg.com\/index.php\/wp-json\/wp\/v2\/media?parent=2171"}],"wp:term":[{"taxonomy":"category","embeddable":true,"href":"https:\/\/hierostrasbourg.com\/index.php\/wp-json\/wp\/v2\/categories?post=2171"},{"taxonomy":"post_tag","embeddable":true,"href":"https:\/\/hierostrasbourg.com\/index.php\/wp-json\/wp\/v2\/tags?post=2171"}],"curies":[{"name":"wp","href":"https:\/\/api.w.org\/{rel}","templated":true}]}}