{"id":2168,"date":"2022-04-01T19:30:49","date_gmt":"2022-04-01T17:30:49","guid":{"rendered":"https:\/\/hierostrasbourg.com\/index.php\/2022\/04\/01\/la-culture-face-aux-defis-du-numerique-et-de-la-crise-2\/"},"modified":"2022-04-01T19:30:49","modified_gmt":"2022-04-01T17:30:49","slug":"la-culture-face-aux-defis-du-numerique-et-de-la-crise-2","status":"publish","type":"post","link":"https:\/\/hierostrasbourg.com\/index.php\/2022\/04\/01\/la-culture-face-aux-defis-du-numerique-et-de-la-crise-2\/","title":{"rendered":"La culture face aux d\u00e9fis du num\u00e9rique et de la crise"},"content":{"rendered":"<p><em>Analyser la culture au miroir de la crise permet de tirer trois enseignements. D\u2019abord, la crise a mis en lumi\u00e8re le fort attachement des Fran\u00e7ais aux pratiques et aux lieux culturels. En d\u00e9pit d\u2019importantes disparit\u00e9s g\u00e9ographiques en termes de d\u00e9penses et d\u2019\u00e9quipements, les lieux de culture participent au dynamisme des territoires et contribuent positivement au bien-\u00eatre des individus. L\u2019absence de prise en compte de ce type d\u2019effets explique la sous-estimation de la contribution de la culture \u00e0 la richesse nationale.<br \/>\nEnsuite, bien que les acteurs de la culture, publics comme priv\u00e9s, aient \u00e9t\u00e9 dans leur ensemble pr\u00e9serv\u00e9s et accompagn\u00e9s par d\u2019importants soutiens publics durant la pand\u00e9mie, cette derni\u00e8re a accentu\u00e9 la fragilit\u00e9 \u00e9conomique de certains pans et acteurs culturels, tels que les associations, les petites entreprises, et les \u00e9tablissements d\u00e9pendant de la sortie.<br \/>\nEnfin, la crise a acc\u00e9l\u00e9r\u00e9 un changement de paradigme pour les milieux de la culture, pass\u00e9s progressivement d\u2019une logique de raret\u00e9, typique des ann\u00e9es 1950 au moment de la fondation du minist\u00e8re de la Culture, \u00e0 une logique d\u2019abondance. Le d\u00e9veloppement du num\u00e9rique au cours des derni\u00e8res ann\u00e9es a aliment\u00e9 une baisse des co\u00fbts de production et de diffusion, conduisant \u00e0 densifier la concurrence pour la visibilit\u00e9 des \u0153uvres, des services et des contenus. Cette num\u00e9risation s\u2019est accompagn\u00e9e d\u2019un affaiblissement du niveau de protection des ayants droit et d\u2019une opacit\u00e9 des donn\u00e9es exploit\u00e9es par les fournisseurs de services.<br \/>\nEn cons\u00e9quence, les \u00e9volutions li\u00e9es \u00e0 la pand\u00e9mie et l\u2019acc\u00e9l\u00e9ration de la num\u00e9risation appellent une refonte des politiques culturelles. Dans cette optique, nous pr\u00e9conisons de suivre trois orientations.<br \/>\nEn premier lieu, il est n\u00e9cessaire de mettre en place un plan \u00ab territoires de la culture \u00bb. Le plan de relance doit dans ce cadre permettre de r\u00e9\u00e9quilibrer les soutiens publics sur l\u2019ensemble du territoire, tout en accompagnant la sortie du PGE pour les entreprises les plus fragiles et en renfor\u00e7ant le soutien aux associations culturelles.<br \/>\nEn deuxi\u00e8me lieu, il est urgent d\u2019adopter et de d\u00e9ployer une v\u00e9ritable strat\u00e9gie num\u00e9rique pour la culture. Nous recommandons notamment d\u2019acc\u00e9l\u00e9rer la modernisation des fili\u00e8res dans le cadre du plan de relance, d\u2019am\u00e9liorer la formation au num\u00e9rique des acteurs culturels, de cr\u00e9er une autorit\u00e9 de m\u00e9diation pour assurer la mise en conformit\u00e9 des contrats avec le droit fran\u00e7ais, et de mettre en place une commission visant \u00e0 promouvoir les bonnes pratiques en mati\u00e8re de transparence des donn\u00e9es d\u2019activit\u00e9s, d\u2019usages et de leur exploitation.<br \/>\nEn troisi\u00e8me lieu, nous appelons \u00e0 un renforcement du service public de la culture. \u00c0 cette fin, nous sugg\u00e9rons de centrer le pass culture sur l\u2019apprentissage par la pratique et les offres propos\u00e9es par les \u00e9tablissements culturels ; d\u2019augmenter les financements et le p\u00e9rim\u00e8tre d\u2019action d\u2019Arte, afin d\u2019en faire la plateforme culturelle de r\u00e9f\u00e9rence \u00e0 l\u2019\u00e9chelle europ\u00e9enne ; de r\u00e9orienter les subventions publiques vers un meilleur \u00e9quilibre entre cr\u00e9ation et diffusion dans le temps des \u0153uvres et des contenus ; et de garantir l\u2019autonomie de l\u2019audiovisuel public par le maintien d\u2019une ressource p\u00e9renne affect\u00e9e. Ces diff\u00e9rentes mesures permettraient de consolider l\u2019\u00e9conomie de la culture en France et de contribuer \u00e0 son rayonnement culturel.<\/em><\/p>\n<div class=\"ead-preview\">\n<div class=\"ead-document\">\n<div class=\"ead-iframe-wrapper\"><\/div>\n<div class=\"ead-document-loading\">\n<div class=\"ead-loading-wrap\">\n<div class=\"ead-loading-main\">\n<div class=\"ead-loading\">\n\t\t\t\t\t\t\t<span>En cours de chargement\u2026<\/span>\n\t\t\t\t\t\t<\/div>\n<\/p><\/div>\n<div class=\"ead-loading-foot\">\n<div class=\"ead-loading-foot-title\">\n\t\t\t\t\t\t\t<span>Cela prend trop de temps\u00a0?<\/span>\n\t\t\t\t\t\t<\/div>\n<\/p>\n<div class=\"ead-document-btn ead-reload-btn\">\n\t\t\t\t\t\t\t\t Recharger le document\t\t\t\t\t\t\t<\/div>\n<p>\t\t\t\t\t\t\t<span>|<\/span><br \/>\n\t\t\t\t\t\t\t<a href=\"https:\/\/musiquesactuelles.net\/wp-content\/uploads\/2021\/03\/cae070-culture.pdf\" class=\"ead-document-btn\" target=\"_blank\" rel=\"noopener\"><br \/>\n\t\t\t\t\t\t\t\t Ouvrir dans un nouvel onglet\t\t\t\t\t\t\t<\/a>\n\t\t\t\t\t<\/div>\n<\/p><\/div>\n<\/p><\/div>\n<\/p><\/div>\n<p class=\"embed_download\"><a href=\"https:\/\/musiquesactuelles.net\/wp-content\/uploads\/2021\/03\/cae070-culture.pdf\">\ufeffT\u00e9l\u00e9charger [424.11 KB] <\/a><\/p>\n<\/div>\n<p>L\u2019article <a href=\"https:\/\/popburo.fr\/la-culture-face-aux-defis-du-numerique-et-de-la-crise\/\">La culture face aux d\u00e9fis du num\u00e9rique et de la crise<\/a> est apparu en premier sur <a href=\"https:\/\/popburo.fr\/\">POP B\u00dcRO<\/a>.<\/p>\n","protected":false},"excerpt":{"rendered":"<p>Analyser la culture au miroir de la crise permet de tirer trois enseignements. D\u2019abord, la crise a mis en lumi\u00e8re le fort attachement des Fran\u00e7ais aux pratiques et aux lieux culturels. En d\u00e9pit d\u2019importantes disparit\u00e9s g\u00e9ographiques en termes de d\u00e9penses et d\u2019\u00e9quipements, les lieux de culture participent au dynamisme des territoires et contribuent positivement au bien-\u00eatre des individus. L\u2019absence de prise en compte de ce type d\u2019effets explique la sous-estimation de la contribution de la culture \u00e0 la richesse nationale. [&hellip;]<\/p>\n","protected":false},"author":0,"featured_media":0,"comment_status":"closed","ping_status":"open","sticky":false,"template":"","format":"standard","meta":{"footnotes":""},"categories":[1],"tags":[],"class_list":["post-2168","post","type-post","status-publish","format-standard","hentry","category-non-classe"],"yoast_head":"<!-- This site is optimized with the Yoast SEO plugin v27.4 - https:\/\/yoast.com\/product\/yoast-seo-wordpress\/ -->\n<title>La culture face aux d\u00e9fis du num\u00e9rique et de la crise - HIERO STRASBOURG<\/title>\n<meta name=\"robots\" content=\"index, follow, max-snippet:-1, max-image-preview:large, max-video-preview:-1\" \/>\n<link rel=\"canonical\" href=\"https:\/\/hierostrasbourg.com\/index.php\/2022\/04\/01\/la-culture-face-aux-defis-du-numerique-et-de-la-crise-2\/\" \/>\n<meta property=\"og:locale\" content=\"fr_FR\" \/>\n<meta property=\"og:type\" content=\"article\" \/>\n<meta property=\"og:title\" content=\"La culture face aux d\u00e9fis du num\u00e9rique et de la crise - HIERO STRASBOURG\" \/>\n<meta property=\"og:description\" content=\"Analyser la culture au miroir de la crise permet de tirer trois enseignements. D\u2019abord, la crise a mis en lumi\u00e8re le fort attachement des Fran\u00e7ais aux pratiques et aux lieux culturels. En d\u00e9pit d\u2019importantes disparit\u00e9s g\u00e9ographiques en termes de d\u00e9penses et d\u2019\u00e9quipements, les lieux de culture participent au dynamisme des territoires et contribuent positivement au bien-\u00eatre des individus. L\u2019absence de prise en compte de ce type d\u2019effets explique la sous-estimation de la contribution de la culture \u00e0 la richesse nationale. [&hellip;]\" \/>\n<meta property=\"og:url\" content=\"https:\/\/hierostrasbourg.com\/index.php\/2022\/04\/01\/la-culture-face-aux-defis-du-numerique-et-de-la-crise-2\/\" \/>\n<meta property=\"og:site_name\" content=\"HIERO STRASBOURG\" \/>\n<meta property=\"article:publisher\" content=\"https:\/\/www.facebook.com\/fedehierostrasbourg\" \/>\n<meta property=\"article:published_time\" content=\"2022-04-01T17:30:49+00:00\" \/>\n<meta name=\"twitter:card\" content=\"summary_large_image\" \/>\n<meta name=\"twitter:creator\" content=\"@hierostrasbourg\" \/>\n<meta name=\"twitter:site\" content=\"@hierostrasbourg\" \/>\n<meta name=\"twitter:label1\" content=\"Dur\u00e9e de lecture estim\u00e9e\" \/>\n\t<meta name=\"twitter:data1\" content=\"3 minutes\" \/>\n<script type=\"application\/ld+json\" class=\"yoast-schema-graph\">{\"@context\":\"https:\\\/\\\/schema.org\",\"@graph\":[{\"@type\":\"Article\",\"@id\":\"https:\\\/\\\/hierostrasbourg.com\\\/index.php\\\/2022\\\/04\\\/01\\\/la-culture-face-aux-defis-du-numerique-et-de-la-crise-2\\\/#article\",\"isPartOf\":{\"@id\":\"https:\\\/\\\/hierostrasbourg.com\\\/index.php\\\/2022\\\/04\\\/01\\\/la-culture-face-aux-defis-du-numerique-et-de-la-crise-2\\\/\"},\"author\":{\"name\":\"\",\"@id\":\"\"},\"headline\":\"La culture face aux d\u00e9fis du num\u00e9rique et de la crise\",\"datePublished\":\"2022-04-01T17:30:49+00:00\",\"mainEntityOfPage\":{\"@id\":\"https:\\\/\\\/hierostrasbourg.com\\\/index.php\\\/2022\\\/04\\\/01\\\/la-culture-face-aux-defis-du-numerique-et-de-la-crise-2\\\/\"},\"wordCount\":649,\"publisher\":{\"@id\":\"https:\\\/\\\/hierostrasbourg.com\\\/#organization\"},\"inLanguage\":\"fr-FR\"},{\"@type\":\"WebPage\",\"@id\":\"https:\\\/\\\/hierostrasbourg.com\\\/index.php\\\/2022\\\/04\\\/01\\\/la-culture-face-aux-defis-du-numerique-et-de-la-crise-2\\\/\",\"url\":\"https:\\\/\\\/hierostrasbourg.com\\\/index.php\\\/2022\\\/04\\\/01\\\/la-culture-face-aux-defis-du-numerique-et-de-la-crise-2\\\/\",\"name\":\"La culture face aux d\u00e9fis du num\u00e9rique et de la crise - HIERO STRASBOURG\",\"isPartOf\":{\"@id\":\"https:\\\/\\\/hierostrasbourg.com\\\/#website\"},\"datePublished\":\"2022-04-01T17:30:49+00:00\",\"breadcrumb\":{\"@id\":\"https:\\\/\\\/hierostrasbourg.com\\\/index.php\\\/2022\\\/04\\\/01\\\/la-culture-face-aux-defis-du-numerique-et-de-la-crise-2\\\/#breadcrumb\"},\"inLanguage\":\"fr-FR\",\"potentialAction\":[{\"@type\":\"ReadAction\",\"target\":[\"https:\\\/\\\/hierostrasbourg.com\\\/index.php\\\/2022\\\/04\\\/01\\\/la-culture-face-aux-defis-du-numerique-et-de-la-crise-2\\\/\"]}]},{\"@type\":\"BreadcrumbList\",\"@id\":\"https:\\\/\\\/hierostrasbourg.com\\\/index.php\\\/2022\\\/04\\\/01\\\/la-culture-face-aux-defis-du-numerique-et-de-la-crise-2\\\/#breadcrumb\",\"itemListElement\":[{\"@type\":\"ListItem\",\"position\":1,\"name\":\"Accueil\",\"item\":\"https:\\\/\\\/hierostrasbourg.com\\\/\"},{\"@type\":\"ListItem\",\"position\":2,\"name\":\"La culture face aux d\u00e9fis du num\u00e9rique et de la crise\"}]},{\"@type\":\"WebSite\",\"@id\":\"https:\\\/\\\/hierostrasbourg.com\\\/#website\",\"url\":\"https:\\\/\\\/hierostrasbourg.com\\\/\",\"name\":\"HIERO STRASBOURG\",\"description\":\"Centre de Ressources Musiques Actuelles\",\"publisher\":{\"@id\":\"https:\\\/\\\/hierostrasbourg.com\\\/#organization\"},\"potentialAction\":[{\"@type\":\"SearchAction\",\"target\":{\"@type\":\"EntryPoint\",\"urlTemplate\":\"https:\\\/\\\/hierostrasbourg.com\\\/?s={search_term_string}\"},\"query-input\":{\"@type\":\"PropertyValueSpecification\",\"valueRequired\":true,\"valueName\":\"search_term_string\"}}],\"inLanguage\":\"fr-FR\"},{\"@type\":\"Organization\",\"@id\":\"https:\\\/\\\/hierostrasbourg.com\\\/#organization\",\"name\":\"F\u00e9d\u00e9ration Hi\u00e9ro Strasbourg\",\"url\":\"https:\\\/\\\/hierostrasbourg.com\\\/\",\"logo\":{\"@type\":\"ImageObject\",\"inLanguage\":\"fr-FR\",\"@id\":\"https:\\\/\\\/hierostrasbourg.com\\\/#\\\/schema\\\/logo\\\/image\\\/\",\"url\":\"https:\\\/\\\/hierostrasbourg.com\\\/wp-content\\\/uploads\\\/2026\\\/04\\\/logo-hiero-strasbourg.jpg\",\"contentUrl\":\"https:\\\/\\\/hierostrasbourg.com\\\/wp-content\\\/uploads\\\/2026\\\/04\\\/logo-hiero-strasbourg.jpg\",\"width\":204,\"height\":192,\"caption\":\"F\u00e9d\u00e9ration Hi\u00e9ro Strasbourg\"},\"image\":{\"@id\":\"https:\\\/\\\/hierostrasbourg.com\\\/#\\\/schema\\\/logo\\\/image\\\/\"},\"sameAs\":[\"https:\\\/\\\/www.facebook.com\\\/fedehierostrasbourg\",\"https:\\\/\\\/x.com\\\/hierostrasbourg\"]}]}<\/script>\n<!-- \/ Yoast SEO plugin. -->","yoast_head_json":{"title":"La culture face aux d\u00e9fis du num\u00e9rique et de la crise - HIERO STRASBOURG","robots":{"index":"index","follow":"follow","max-snippet":"max-snippet:-1","max-image-preview":"max-image-preview:large","max-video-preview":"max-video-preview:-1"},"canonical":"https:\/\/hierostrasbourg.com\/index.php\/2022\/04\/01\/la-culture-face-aux-defis-du-numerique-et-de-la-crise-2\/","og_locale":"fr_FR","og_type":"article","og_title":"La culture face aux d\u00e9fis du num\u00e9rique et de la crise - HIERO STRASBOURG","og_description":"Analyser la culture au miroir de la crise permet de tirer trois enseignements. D\u2019abord, la crise a mis en lumi\u00e8re le fort attachement des Fran\u00e7ais aux pratiques et aux lieux culturels. En d\u00e9pit d\u2019importantes disparit\u00e9s g\u00e9ographiques en termes de d\u00e9penses et d\u2019\u00e9quipements, les lieux de culture participent au dynamisme des territoires et contribuent positivement au bien-\u00eatre des individus. L\u2019absence de prise en compte de ce type d\u2019effets explique la sous-estimation de la contribution de la culture \u00e0 la richesse nationale. [&hellip;]","og_url":"https:\/\/hierostrasbourg.com\/index.php\/2022\/04\/01\/la-culture-face-aux-defis-du-numerique-et-de-la-crise-2\/","og_site_name":"HIERO STRASBOURG","article_publisher":"https:\/\/www.facebook.com\/fedehierostrasbourg","article_published_time":"2022-04-01T17:30:49+00:00","twitter_card":"summary_large_image","twitter_creator":"@hierostrasbourg","twitter_site":"@hierostrasbourg","twitter_misc":{"Dur\u00e9e de lecture estim\u00e9e":"3 minutes"},"schema":{"@context":"https:\/\/schema.org","@graph":[{"@type":"Article","@id":"https:\/\/hierostrasbourg.com\/index.php\/2022\/04\/01\/la-culture-face-aux-defis-du-numerique-et-de-la-crise-2\/#article","isPartOf":{"@id":"https:\/\/hierostrasbourg.com\/index.php\/2022\/04\/01\/la-culture-face-aux-defis-du-numerique-et-de-la-crise-2\/"},"author":{"name":"","@id":""},"headline":"La culture face aux d\u00e9fis du num\u00e9rique et de la crise","datePublished":"2022-04-01T17:30:49+00:00","mainEntityOfPage":{"@id":"https:\/\/hierostrasbourg.com\/index.php\/2022\/04\/01\/la-culture-face-aux-defis-du-numerique-et-de-la-crise-2\/"},"wordCount":649,"publisher":{"@id":"https:\/\/hierostrasbourg.com\/#organization"},"inLanguage":"fr-FR"},{"@type":"WebPage","@id":"https:\/\/hierostrasbourg.com\/index.php\/2022\/04\/01\/la-culture-face-aux-defis-du-numerique-et-de-la-crise-2\/","url":"https:\/\/hierostrasbourg.com\/index.php\/2022\/04\/01\/la-culture-face-aux-defis-du-numerique-et-de-la-crise-2\/","name":"La culture face aux d\u00e9fis du num\u00e9rique et de la crise - HIERO STRASBOURG","isPartOf":{"@id":"https:\/\/hierostrasbourg.com\/#website"},"datePublished":"2022-04-01T17:30:49+00:00","breadcrumb":{"@id":"https:\/\/hierostrasbourg.com\/index.php\/2022\/04\/01\/la-culture-face-aux-defis-du-numerique-et-de-la-crise-2\/#breadcrumb"},"inLanguage":"fr-FR","potentialAction":[{"@type":"ReadAction","target":["https:\/\/hierostrasbourg.com\/index.php\/2022\/04\/01\/la-culture-face-aux-defis-du-numerique-et-de-la-crise-2\/"]}]},{"@type":"BreadcrumbList","@id":"https:\/\/hierostrasbourg.com\/index.php\/2022\/04\/01\/la-culture-face-aux-defis-du-numerique-et-de-la-crise-2\/#breadcrumb","itemListElement":[{"@type":"ListItem","position":1,"name":"Accueil","item":"https:\/\/hierostrasbourg.com\/"},{"@type":"ListItem","position":2,"name":"La culture face aux d\u00e9fis du num\u00e9rique et de la crise"}]},{"@type":"WebSite","@id":"https:\/\/hierostrasbourg.com\/#website","url":"https:\/\/hierostrasbourg.com\/","name":"HIERO STRASBOURG","description":"Centre de Ressources Musiques Actuelles","publisher":{"@id":"https:\/\/hierostrasbourg.com\/#organization"},"potentialAction":[{"@type":"SearchAction","target":{"@type":"EntryPoint","urlTemplate":"https:\/\/hierostrasbourg.com\/?s={search_term_string}"},"query-input":{"@type":"PropertyValueSpecification","valueRequired":true,"valueName":"search_term_string"}}],"inLanguage":"fr-FR"},{"@type":"Organization","@id":"https:\/\/hierostrasbourg.com\/#organization","name":"F\u00e9d\u00e9ration Hi\u00e9ro Strasbourg","url":"https:\/\/hierostrasbourg.com\/","logo":{"@type":"ImageObject","inLanguage":"fr-FR","@id":"https:\/\/hierostrasbourg.com\/#\/schema\/logo\/image\/","url":"https:\/\/hierostrasbourg.com\/wp-content\/uploads\/2026\/04\/logo-hiero-strasbourg.jpg","contentUrl":"https:\/\/hierostrasbourg.com\/wp-content\/uploads\/2026\/04\/logo-hiero-strasbourg.jpg","width":204,"height":192,"caption":"F\u00e9d\u00e9ration Hi\u00e9ro Strasbourg"},"image":{"@id":"https:\/\/hierostrasbourg.com\/#\/schema\/logo\/image\/"},"sameAs":["https:\/\/www.facebook.com\/fedehierostrasbourg","https:\/\/x.com\/hierostrasbourg"]}]}},"_links":{"self":[{"href":"https:\/\/hierostrasbourg.com\/index.php\/wp-json\/wp\/v2\/posts\/2168","targetHints":{"allow":["GET"]}}],"collection":[{"href":"https:\/\/hierostrasbourg.com\/index.php\/wp-json\/wp\/v2\/posts"}],"about":[{"href":"https:\/\/hierostrasbourg.com\/index.php\/wp-json\/wp\/v2\/types\/post"}],"replies":[{"embeddable":true,"href":"https:\/\/hierostrasbourg.com\/index.php\/wp-json\/wp\/v2\/comments?post=2168"}],"version-history":[{"count":0,"href":"https:\/\/hierostrasbourg.com\/index.php\/wp-json\/wp\/v2\/posts\/2168\/revisions"}],"wp:attachment":[{"href":"https:\/\/hierostrasbourg.com\/index.php\/wp-json\/wp\/v2\/media?parent=2168"}],"wp:term":[{"taxonomy":"category","embeddable":true,"href":"https:\/\/hierostrasbourg.com\/index.php\/wp-json\/wp\/v2\/categories?post=2168"},{"taxonomy":"post_tag","embeddable":true,"href":"https:\/\/hierostrasbourg.com\/index.php\/wp-json\/wp\/v2\/tags?post=2168"}],"curies":[{"name":"wp","href":"https:\/\/api.w.org\/{rel}","templated":true}]}}