{"id":2167,"date":"2022-04-01T19:30:49","date_gmt":"2022-04-01T17:30:49","guid":{"rendered":"https:\/\/hierostrasbourg.com\/index.php\/2022\/04\/01\/la-culture-face-aux-defis-du-numerique-et-de-la-crise\/"},"modified":"2022-04-01T19:30:49","modified_gmt":"2022-04-01T17:30:49","slug":"la-culture-face-aux-defis-du-numerique-et-de-la-crise","status":"publish","type":"post","link":"https:\/\/hierostrasbourg.com\/index.php\/2022\/04\/01\/la-culture-face-aux-defis-du-numerique-et-de-la-crise\/","title":{"rendered":"La culture face aux d\u00e9fis du num\u00e9rique et de la crise"},"content":{"rendered":"<p>Analyser la culture au miroir de la crise permet de tirer trois enseignements. D\u2019abord, la crise a mis en lumi\u00e8re le fort attachement des Fran\u00e7ais aux pratiques et aux lieux culturels. En d\u00e9pit d\u2019importantes disparit\u00e9s g\u00e9ographiques en termes de d\u00e9penses et d\u2019\u00e9quipements, les lieux de culture participent au dynamisme des territoires et contribuent positivement au bien-\u00eatre des individus. L\u2019absence de prise en compte de ce type d\u2019effets explique la sous-estimation de la contribution de la culture \u00e0 la richesse nationale. [\u2026]<\/p>\n<p>L\u2019article <a href=\"https:\/\/musiquesactuelles.alsace\/la-culture-face-aux-defis-du-numerique-et-de-la-crise\/\">La culture face aux d\u00e9fis du num\u00e9rique et de la crise<\/a> est apparu en premier sur <a href=\"https:\/\/musiquesactuelles.alsace\/\">Musiques Actuelles en Alsace<\/a>.<\/p>\n<p>L\u2019article <a href=\"https:\/\/popburo.fr\/la-culture-face-aux-defis-du-numerique-et-de-la-crise-2\/\">La culture face aux d\u00e9fis du num\u00e9rique et de la crise<\/a> est apparu en premier sur <a href=\"https:\/\/popburo.fr\/\">POP B\u00dcRO<\/a>.<\/p>\n","protected":false},"excerpt":{"rendered":"<p>Analyser la culture au miroir de la crise permet de tirer trois enseignements. D\u2019abord, la crise a mis en lumi\u00e8re le fort attachement des Fran\u00e7ais aux pratiques et aux lieux culturels. En d\u00e9pit d\u2019importantes disparit\u00e9s g\u00e9ographiques en termes de d\u00e9penses et d\u2019\u00e9quipements, les lieux de culture participent au dynamisme des territoires et contribuent positivement au bien-\u00eatre des individus. L\u2019absence de prise en compte de ce type d\u2019effets explique la sous-estimation de la contribution de la culture \u00e0 la richesse nationale. [&hellip;]<\/p>\n","protected":false},"author":0,"featured_media":0,"comment_status":"closed","ping_status":"open","sticky":false,"template":"","format":"standard","meta":{"footnotes":""},"categories":[1],"tags":[],"class_list":["post-2167","post","type-post","status-publish","format-standard","hentry","category-non-classe"],"yoast_head":"<!-- This site is optimized with the Yoast SEO plugin v27.4 - https:\/\/yoast.com\/product\/yoast-seo-wordpress\/ -->\n<title>La culture face aux d\u00e9fis du num\u00e9rique et de la crise - HIERO STRASBOURG<\/title>\n<meta name=\"robots\" content=\"index, follow, max-snippet:-1, max-image-preview:large, max-video-preview:-1\" \/>\n<link rel=\"canonical\" href=\"https:\/\/hierostrasbourg.com\/index.php\/2022\/04\/01\/la-culture-face-aux-defis-du-numerique-et-de-la-crise\/\" \/>\n<meta property=\"og:locale\" content=\"fr_FR\" \/>\n<meta property=\"og:type\" content=\"article\" \/>\n<meta property=\"og:title\" content=\"La culture face aux d\u00e9fis du num\u00e9rique et de la crise - HIERO STRASBOURG\" \/>\n<meta property=\"og:description\" content=\"Analyser la culture au miroir de la crise permet de tirer trois enseignements. D\u2019abord, la crise a mis en lumi\u00e8re le fort attachement des Fran\u00e7ais aux pratiques et aux lieux culturels. En d\u00e9pit d\u2019importantes disparit\u00e9s g\u00e9ographiques en termes de d\u00e9penses et d\u2019\u00e9quipements, les lieux de culture participent au dynamisme des territoires et contribuent positivement au bien-\u00eatre des individus. L\u2019absence de prise en compte de ce type d\u2019effets explique la sous-estimation de la contribution de la culture \u00e0 la richesse nationale. [&hellip;]\" \/>\n<meta property=\"og:url\" content=\"https:\/\/hierostrasbourg.com\/index.php\/2022\/04\/01\/la-culture-face-aux-defis-du-numerique-et-de-la-crise\/\" \/>\n<meta property=\"og:site_name\" content=\"HIERO STRASBOURG\" \/>\n<meta property=\"article:publisher\" content=\"https:\/\/www.facebook.com\/fedehierostrasbourg\" \/>\n<meta property=\"article:published_time\" content=\"2022-04-01T17:30:49+00:00\" \/>\n<meta name=\"twitter:card\" content=\"summary_large_image\" \/>\n<meta name=\"twitter:creator\" content=\"@hierostrasbourg\" \/>\n<meta name=\"twitter:site\" content=\"@hierostrasbourg\" \/>\n<meta name=\"twitter:label1\" content=\"Dur\u00e9e de lecture estim\u00e9e\" \/>\n\t<meta name=\"twitter:data1\" content=\"1 minute\" \/>\n<script type=\"application\/ld+json\" class=\"yoast-schema-graph\">{\"@context\":\"https:\\\/\\\/schema.org\",\"@graph\":[{\"@type\":\"Article\",\"@id\":\"https:\\\/\\\/hierostrasbourg.com\\\/index.php\\\/2022\\\/04\\\/01\\\/la-culture-face-aux-defis-du-numerique-et-de-la-crise\\\/#article\",\"isPartOf\":{\"@id\":\"https:\\\/\\\/hierostrasbourg.com\\\/index.php\\\/2022\\\/04\\\/01\\\/la-culture-face-aux-defis-du-numerique-et-de-la-crise\\\/\"},\"author\":{\"name\":\"\",\"@id\":\"\"},\"headline\":\"La culture face aux d\u00e9fis du num\u00e9rique et de la crise\",\"datePublished\":\"2022-04-01T17:30:49+00:00\",\"mainEntityOfPage\":{\"@id\":\"https:\\\/\\\/hierostrasbourg.com\\\/index.php\\\/2022\\\/04\\\/01\\\/la-culture-face-aux-defis-du-numerique-et-de-la-crise\\\/\"},\"wordCount\":151,\"publisher\":{\"@id\":\"https:\\\/\\\/hierostrasbourg.com\\\/#organization\"},\"inLanguage\":\"fr-FR\"},{\"@type\":\"WebPage\",\"@id\":\"https:\\\/\\\/hierostrasbourg.com\\\/index.php\\\/2022\\\/04\\\/01\\\/la-culture-face-aux-defis-du-numerique-et-de-la-crise\\\/\",\"url\":\"https:\\\/\\\/hierostrasbourg.com\\\/index.php\\\/2022\\\/04\\\/01\\\/la-culture-face-aux-defis-du-numerique-et-de-la-crise\\\/\",\"name\":\"La culture face aux d\u00e9fis du num\u00e9rique et de la crise - HIERO STRASBOURG\",\"isPartOf\":{\"@id\":\"https:\\\/\\\/hierostrasbourg.com\\\/#website\"},\"datePublished\":\"2022-04-01T17:30:49+00:00\",\"breadcrumb\":{\"@id\":\"https:\\\/\\\/hierostrasbourg.com\\\/index.php\\\/2022\\\/04\\\/01\\\/la-culture-face-aux-defis-du-numerique-et-de-la-crise\\\/#breadcrumb\"},\"inLanguage\":\"fr-FR\",\"potentialAction\":[{\"@type\":\"ReadAction\",\"target\":[\"https:\\\/\\\/hierostrasbourg.com\\\/index.php\\\/2022\\\/04\\\/01\\\/la-culture-face-aux-defis-du-numerique-et-de-la-crise\\\/\"]}]},{\"@type\":\"BreadcrumbList\",\"@id\":\"https:\\\/\\\/hierostrasbourg.com\\\/index.php\\\/2022\\\/04\\\/01\\\/la-culture-face-aux-defis-du-numerique-et-de-la-crise\\\/#breadcrumb\",\"itemListElement\":[{\"@type\":\"ListItem\",\"position\":1,\"name\":\"Accueil\",\"item\":\"https:\\\/\\\/hierostrasbourg.com\\\/\"},{\"@type\":\"ListItem\",\"position\":2,\"name\":\"La culture face aux d\u00e9fis du num\u00e9rique et de la crise\"}]},{\"@type\":\"WebSite\",\"@id\":\"https:\\\/\\\/hierostrasbourg.com\\\/#website\",\"url\":\"https:\\\/\\\/hierostrasbourg.com\\\/\",\"name\":\"HIERO STRASBOURG\",\"description\":\"Centre de Ressources Musiques Actuelles\",\"publisher\":{\"@id\":\"https:\\\/\\\/hierostrasbourg.com\\\/#organization\"},\"potentialAction\":[{\"@type\":\"SearchAction\",\"target\":{\"@type\":\"EntryPoint\",\"urlTemplate\":\"https:\\\/\\\/hierostrasbourg.com\\\/?s={search_term_string}\"},\"query-input\":{\"@type\":\"PropertyValueSpecification\",\"valueRequired\":true,\"valueName\":\"search_term_string\"}}],\"inLanguage\":\"fr-FR\"},{\"@type\":\"Organization\",\"@id\":\"https:\\\/\\\/hierostrasbourg.com\\\/#organization\",\"name\":\"F\u00e9d\u00e9ration Hi\u00e9ro Strasbourg\",\"url\":\"https:\\\/\\\/hierostrasbourg.com\\\/\",\"logo\":{\"@type\":\"ImageObject\",\"inLanguage\":\"fr-FR\",\"@id\":\"https:\\\/\\\/hierostrasbourg.com\\\/#\\\/schema\\\/logo\\\/image\\\/\",\"url\":\"https:\\\/\\\/hierostrasbourg.com\\\/wp-content\\\/uploads\\\/2026\\\/04\\\/logo-hiero-strasbourg.jpg\",\"contentUrl\":\"https:\\\/\\\/hierostrasbourg.com\\\/wp-content\\\/uploads\\\/2026\\\/04\\\/logo-hiero-strasbourg.jpg\",\"width\":204,\"height\":192,\"caption\":\"F\u00e9d\u00e9ration Hi\u00e9ro Strasbourg\"},\"image\":{\"@id\":\"https:\\\/\\\/hierostrasbourg.com\\\/#\\\/schema\\\/logo\\\/image\\\/\"},\"sameAs\":[\"https:\\\/\\\/www.facebook.com\\\/fedehierostrasbourg\",\"https:\\\/\\\/x.com\\\/hierostrasbourg\"]}]}<\/script>\n<!-- \/ Yoast SEO plugin. -->","yoast_head_json":{"title":"La culture face aux d\u00e9fis du num\u00e9rique et de la crise - HIERO STRASBOURG","robots":{"index":"index","follow":"follow","max-snippet":"max-snippet:-1","max-image-preview":"max-image-preview:large","max-video-preview":"max-video-preview:-1"},"canonical":"https:\/\/hierostrasbourg.com\/index.php\/2022\/04\/01\/la-culture-face-aux-defis-du-numerique-et-de-la-crise\/","og_locale":"fr_FR","og_type":"article","og_title":"La culture face aux d\u00e9fis du num\u00e9rique et de la crise - HIERO STRASBOURG","og_description":"Analyser la culture au miroir de la crise permet de tirer trois enseignements. D\u2019abord, la crise a mis en lumi\u00e8re le fort attachement des Fran\u00e7ais aux pratiques et aux lieux culturels. En d\u00e9pit d\u2019importantes disparit\u00e9s g\u00e9ographiques en termes de d\u00e9penses et d\u2019\u00e9quipements, les lieux de culture participent au dynamisme des territoires et contribuent positivement au bien-\u00eatre des individus. L\u2019absence de prise en compte de ce type d\u2019effets explique la sous-estimation de la contribution de la culture \u00e0 la richesse nationale. [&hellip;]","og_url":"https:\/\/hierostrasbourg.com\/index.php\/2022\/04\/01\/la-culture-face-aux-defis-du-numerique-et-de-la-crise\/","og_site_name":"HIERO STRASBOURG","article_publisher":"https:\/\/www.facebook.com\/fedehierostrasbourg","article_published_time":"2022-04-01T17:30:49+00:00","twitter_card":"summary_large_image","twitter_creator":"@hierostrasbourg","twitter_site":"@hierostrasbourg","twitter_misc":{"Dur\u00e9e de lecture estim\u00e9e":"1 minute"},"schema":{"@context":"https:\/\/schema.org","@graph":[{"@type":"Article","@id":"https:\/\/hierostrasbourg.com\/index.php\/2022\/04\/01\/la-culture-face-aux-defis-du-numerique-et-de-la-crise\/#article","isPartOf":{"@id":"https:\/\/hierostrasbourg.com\/index.php\/2022\/04\/01\/la-culture-face-aux-defis-du-numerique-et-de-la-crise\/"},"author":{"name":"","@id":""},"headline":"La culture face aux d\u00e9fis du num\u00e9rique et de la crise","datePublished":"2022-04-01T17:30:49+00:00","mainEntityOfPage":{"@id":"https:\/\/hierostrasbourg.com\/index.php\/2022\/04\/01\/la-culture-face-aux-defis-du-numerique-et-de-la-crise\/"},"wordCount":151,"publisher":{"@id":"https:\/\/hierostrasbourg.com\/#organization"},"inLanguage":"fr-FR"},{"@type":"WebPage","@id":"https:\/\/hierostrasbourg.com\/index.php\/2022\/04\/01\/la-culture-face-aux-defis-du-numerique-et-de-la-crise\/","url":"https:\/\/hierostrasbourg.com\/index.php\/2022\/04\/01\/la-culture-face-aux-defis-du-numerique-et-de-la-crise\/","name":"La culture face aux d\u00e9fis du num\u00e9rique et de la crise - HIERO STRASBOURG","isPartOf":{"@id":"https:\/\/hierostrasbourg.com\/#website"},"datePublished":"2022-04-01T17:30:49+00:00","breadcrumb":{"@id":"https:\/\/hierostrasbourg.com\/index.php\/2022\/04\/01\/la-culture-face-aux-defis-du-numerique-et-de-la-crise\/#breadcrumb"},"inLanguage":"fr-FR","potentialAction":[{"@type":"ReadAction","target":["https:\/\/hierostrasbourg.com\/index.php\/2022\/04\/01\/la-culture-face-aux-defis-du-numerique-et-de-la-crise\/"]}]},{"@type":"BreadcrumbList","@id":"https:\/\/hierostrasbourg.com\/index.php\/2022\/04\/01\/la-culture-face-aux-defis-du-numerique-et-de-la-crise\/#breadcrumb","itemListElement":[{"@type":"ListItem","position":1,"name":"Accueil","item":"https:\/\/hierostrasbourg.com\/"},{"@type":"ListItem","position":2,"name":"La culture face aux d\u00e9fis du num\u00e9rique et de la crise"}]},{"@type":"WebSite","@id":"https:\/\/hierostrasbourg.com\/#website","url":"https:\/\/hierostrasbourg.com\/","name":"HIERO STRASBOURG","description":"Centre de Ressources Musiques Actuelles","publisher":{"@id":"https:\/\/hierostrasbourg.com\/#organization"},"potentialAction":[{"@type":"SearchAction","target":{"@type":"EntryPoint","urlTemplate":"https:\/\/hierostrasbourg.com\/?s={search_term_string}"},"query-input":{"@type":"PropertyValueSpecification","valueRequired":true,"valueName":"search_term_string"}}],"inLanguage":"fr-FR"},{"@type":"Organization","@id":"https:\/\/hierostrasbourg.com\/#organization","name":"F\u00e9d\u00e9ration Hi\u00e9ro Strasbourg","url":"https:\/\/hierostrasbourg.com\/","logo":{"@type":"ImageObject","inLanguage":"fr-FR","@id":"https:\/\/hierostrasbourg.com\/#\/schema\/logo\/image\/","url":"https:\/\/hierostrasbourg.com\/wp-content\/uploads\/2026\/04\/logo-hiero-strasbourg.jpg","contentUrl":"https:\/\/hierostrasbourg.com\/wp-content\/uploads\/2026\/04\/logo-hiero-strasbourg.jpg","width":204,"height":192,"caption":"F\u00e9d\u00e9ration Hi\u00e9ro Strasbourg"},"image":{"@id":"https:\/\/hierostrasbourg.com\/#\/schema\/logo\/image\/"},"sameAs":["https:\/\/www.facebook.com\/fedehierostrasbourg","https:\/\/x.com\/hierostrasbourg"]}]}},"_links":{"self":[{"href":"https:\/\/hierostrasbourg.com\/index.php\/wp-json\/wp\/v2\/posts\/2167","targetHints":{"allow":["GET"]}}],"collection":[{"href":"https:\/\/hierostrasbourg.com\/index.php\/wp-json\/wp\/v2\/posts"}],"about":[{"href":"https:\/\/hierostrasbourg.com\/index.php\/wp-json\/wp\/v2\/types\/post"}],"replies":[{"embeddable":true,"href":"https:\/\/hierostrasbourg.com\/index.php\/wp-json\/wp\/v2\/comments?post=2167"}],"version-history":[{"count":0,"href":"https:\/\/hierostrasbourg.com\/index.php\/wp-json\/wp\/v2\/posts\/2167\/revisions"}],"wp:attachment":[{"href":"https:\/\/hierostrasbourg.com\/index.php\/wp-json\/wp\/v2\/media?parent=2167"}],"wp:term":[{"taxonomy":"category","embeddable":true,"href":"https:\/\/hierostrasbourg.com\/index.php\/wp-json\/wp\/v2\/categories?post=2167"},{"taxonomy":"post_tag","embeddable":true,"href":"https:\/\/hierostrasbourg.com\/index.php\/wp-json\/wp\/v2\/tags?post=2167"}],"curies":[{"name":"wp","href":"https:\/\/api.w.org\/{rel}","templated":true}]}}