{"id":2166,"date":"2022-04-01T19:30:49","date_gmt":"2022-04-01T17:30:49","guid":{"rendered":"https:\/\/hierostrasbourg.com\/index.php\/2022\/04\/01\/synthese-de-lenquete-accros-de-la-musique-2021\/"},"modified":"2022-04-01T19:30:49","modified_gmt":"2022-04-01T17:30:49","slug":"synthese-de-lenquete-accros-de-la-musique-2021","status":"publish","type":"post","link":"https:\/\/hierostrasbourg.com\/index.php\/2022\/04\/01\/synthese-de-lenquete-accros-de-la-musique-2021\/","title":{"rendered":"Synth\u00e8se de l\u2019enqu\u00eate Accros de la Musique 2021"},"content":{"rendered":"<p>La 11\u00e8me \u00e9dition de l\u2019enqu\u00eate annuelle \u00ab Accros de la musique \u00bb a \u00e9t\u00e9 r\u00e9alis\u00e9e en Janvier et F\u00e9vrier 2021 avec la participation d\u2019\u00e9tudiants de l\u2019Institut des M\u00e9tiers de la Musique. Elle a pour objectif de mieux comprendre des consommateurs qui ne peuvent concevoir leur existence sans musique. Ce sont 371 personnes de ce type que nous avons interrog\u00e9es. Source \/ Lire la suite : Synth\u00e8se de l\u2019enqu\u00eate Accros de la Musique 2021<\/p>\n<p>L\u2019article <a href=\"https:\/\/musiquesactuelles.alsace\/synthese-de-lenquete-accros-de-la-musique-2021\/\">Synth\u00e8se de l\u2019enqu\u00eate Accros de la Musique 2021<\/a> est apparu en premier sur <a href=\"https:\/\/musiquesactuelles.alsace\/\">Musiques Actuelles en Alsace<\/a>.<\/p>\n<p>L\u2019article <a href=\"https:\/\/popburo.fr\/synthese-de-lenquete-accros-de-la-musique-2021-2\/\">Synth\u00e8se de l\u2019enqu\u00eate Accros de la Musique 2021<\/a> est apparu en premier sur <a href=\"https:\/\/popburo.fr\/\">POP B\u00dcRO<\/a>.<\/p>\n","protected":false},"excerpt":{"rendered":"<p>La 11\u00e8me \u00e9dition de l\u2019enqu\u00eate annuelle \u00ab Accros de la musique \u00bb a \u00e9t\u00e9 r\u00e9alis\u00e9e en Janvier et F\u00e9vrier 2021 avec la participation d\u2019\u00e9tudiants de l\u2019Institut des M\u00e9tiers de la Musique. Elle a pour objectif de mieux comprendre des consommateurs qui ne peuvent concevoir leur existence sans musique. Ce sont 371 personnes de ce type que nous avons interrog\u00e9es. Source \/ Lire la suite : Synth\u00e8se de l\u2019enqu\u00eate Accros de la Musique 2021 L\u2019article Synth\u00e8se de l\u2019enqu\u00eate Accros de la [&hellip;]<\/p>\n","protected":false},"author":0,"featured_media":0,"comment_status":"closed","ping_status":"open","sticky":false,"template":"","format":"standard","meta":{"footnotes":""},"categories":[1],"tags":[],"class_list":["post-2166","post","type-post","status-publish","format-standard","hentry","category-non-classe"],"yoast_head":"<!-- This site is optimized with the Yoast SEO plugin v27.4 - https:\/\/yoast.com\/product\/yoast-seo-wordpress\/ -->\n<title>Synth\u00e8se de l\u2019enqu\u00eate Accros de la Musique 2021 - HIERO STRASBOURG<\/title>\n<meta name=\"robots\" content=\"index, follow, max-snippet:-1, max-image-preview:large, max-video-preview:-1\" \/>\n<link rel=\"canonical\" href=\"https:\/\/hierostrasbourg.com\/index.php\/2022\/04\/01\/synthese-de-lenquete-accros-de-la-musique-2021\/\" \/>\n<meta property=\"og:locale\" content=\"fr_FR\" \/>\n<meta property=\"og:type\" content=\"article\" \/>\n<meta property=\"og:title\" content=\"Synth\u00e8se de l\u2019enqu\u00eate Accros de la Musique 2021 - HIERO STRASBOURG\" \/>\n<meta property=\"og:description\" content=\"La 11\u00e8me \u00e9dition de l\u2019enqu\u00eate annuelle \u00ab Accros de la musique \u00bb a \u00e9t\u00e9 r\u00e9alis\u00e9e en Janvier et F\u00e9vrier 2021 avec la participation d\u2019\u00e9tudiants de l\u2019Institut des M\u00e9tiers de la Musique. Elle a pour objectif de mieux comprendre des consommateurs qui ne peuvent concevoir leur existence sans musique. Ce sont 371 personnes de ce type que nous avons interrog\u00e9es. Source \/ Lire la suite : Synth\u00e8se de l\u2019enqu\u00eate Accros de la Musique 2021 L\u2019article Synth\u00e8se de l\u2019enqu\u00eate Accros de la [&hellip;]\" \/>\n<meta property=\"og:url\" content=\"https:\/\/hierostrasbourg.com\/index.php\/2022\/04\/01\/synthese-de-lenquete-accros-de-la-musique-2021\/\" \/>\n<meta property=\"og:site_name\" content=\"HIERO STRASBOURG\" \/>\n<meta property=\"article:publisher\" content=\"https:\/\/www.facebook.com\/fedehierostrasbourg\" \/>\n<meta property=\"article:published_time\" content=\"2022-04-01T17:30:49+00:00\" \/>\n<meta name=\"twitter:card\" content=\"summary_large_image\" \/>\n<meta name=\"twitter:creator\" content=\"@hierostrasbourg\" \/>\n<meta name=\"twitter:site\" content=\"@hierostrasbourg\" \/>\n<meta name=\"twitter:label1\" content=\"Dur\u00e9e de lecture estim\u00e9e\" \/>\n\t<meta name=\"twitter:data1\" content=\"1 minute\" \/>\n<script type=\"application\/ld+json\" class=\"yoast-schema-graph\">{\"@context\":\"https:\\\/\\\/schema.org\",\"@graph\":[{\"@type\":\"Article\",\"@id\":\"https:\\\/\\\/hierostrasbourg.com\\\/index.php\\\/2022\\\/04\\\/01\\\/synthese-de-lenquete-accros-de-la-musique-2021\\\/#article\",\"isPartOf\":{\"@id\":\"https:\\\/\\\/hierostrasbourg.com\\\/index.php\\\/2022\\\/04\\\/01\\\/synthese-de-lenquete-accros-de-la-musique-2021\\\/\"},\"author\":{\"name\":\"\",\"@id\":\"\"},\"headline\":\"Synth\u00e8se de l\u2019enqu\u00eate Accros de la Musique 2021\",\"datePublished\":\"2022-04-01T17:30:49+00:00\",\"mainEntityOfPage\":{\"@id\":\"https:\\\/\\\/hierostrasbourg.com\\\/index.php\\\/2022\\\/04\\\/01\\\/synthese-de-lenquete-accros-de-la-musique-2021\\\/\"},\"wordCount\":129,\"publisher\":{\"@id\":\"https:\\\/\\\/hierostrasbourg.com\\\/#organization\"},\"inLanguage\":\"fr-FR\"},{\"@type\":\"WebPage\",\"@id\":\"https:\\\/\\\/hierostrasbourg.com\\\/index.php\\\/2022\\\/04\\\/01\\\/synthese-de-lenquete-accros-de-la-musique-2021\\\/\",\"url\":\"https:\\\/\\\/hierostrasbourg.com\\\/index.php\\\/2022\\\/04\\\/01\\\/synthese-de-lenquete-accros-de-la-musique-2021\\\/\",\"name\":\"Synth\u00e8se de l\u2019enqu\u00eate Accros de la Musique 2021 - HIERO STRASBOURG\",\"isPartOf\":{\"@id\":\"https:\\\/\\\/hierostrasbourg.com\\\/#website\"},\"datePublished\":\"2022-04-01T17:30:49+00:00\",\"breadcrumb\":{\"@id\":\"https:\\\/\\\/hierostrasbourg.com\\\/index.php\\\/2022\\\/04\\\/01\\\/synthese-de-lenquete-accros-de-la-musique-2021\\\/#breadcrumb\"},\"inLanguage\":\"fr-FR\",\"potentialAction\":[{\"@type\":\"ReadAction\",\"target\":[\"https:\\\/\\\/hierostrasbourg.com\\\/index.php\\\/2022\\\/04\\\/01\\\/synthese-de-lenquete-accros-de-la-musique-2021\\\/\"]}]},{\"@type\":\"BreadcrumbList\",\"@id\":\"https:\\\/\\\/hierostrasbourg.com\\\/index.php\\\/2022\\\/04\\\/01\\\/synthese-de-lenquete-accros-de-la-musique-2021\\\/#breadcrumb\",\"itemListElement\":[{\"@type\":\"ListItem\",\"position\":1,\"name\":\"Accueil\",\"item\":\"https:\\\/\\\/hierostrasbourg.com\\\/\"},{\"@type\":\"ListItem\",\"position\":2,\"name\":\"Synth\u00e8se de l\u2019enqu\u00eate Accros de la Musique 2021\"}]},{\"@type\":\"WebSite\",\"@id\":\"https:\\\/\\\/hierostrasbourg.com\\\/#website\",\"url\":\"https:\\\/\\\/hierostrasbourg.com\\\/\",\"name\":\"HIERO STRASBOURG\",\"description\":\"Centre de Ressources Musiques Actuelles\",\"publisher\":{\"@id\":\"https:\\\/\\\/hierostrasbourg.com\\\/#organization\"},\"potentialAction\":[{\"@type\":\"SearchAction\",\"target\":{\"@type\":\"EntryPoint\",\"urlTemplate\":\"https:\\\/\\\/hierostrasbourg.com\\\/?s={search_term_string}\"},\"query-input\":{\"@type\":\"PropertyValueSpecification\",\"valueRequired\":true,\"valueName\":\"search_term_string\"}}],\"inLanguage\":\"fr-FR\"},{\"@type\":\"Organization\",\"@id\":\"https:\\\/\\\/hierostrasbourg.com\\\/#organization\",\"name\":\"F\u00e9d\u00e9ration Hi\u00e9ro Strasbourg\",\"url\":\"https:\\\/\\\/hierostrasbourg.com\\\/\",\"logo\":{\"@type\":\"ImageObject\",\"inLanguage\":\"fr-FR\",\"@id\":\"https:\\\/\\\/hierostrasbourg.com\\\/#\\\/schema\\\/logo\\\/image\\\/\",\"url\":\"https:\\\/\\\/hierostrasbourg.com\\\/wp-content\\\/uploads\\\/2026\\\/04\\\/logo-hiero-strasbourg.jpg\",\"contentUrl\":\"https:\\\/\\\/hierostrasbourg.com\\\/wp-content\\\/uploads\\\/2026\\\/04\\\/logo-hiero-strasbourg.jpg\",\"width\":204,\"height\":192,\"caption\":\"F\u00e9d\u00e9ration Hi\u00e9ro Strasbourg\"},\"image\":{\"@id\":\"https:\\\/\\\/hierostrasbourg.com\\\/#\\\/schema\\\/logo\\\/image\\\/\"},\"sameAs\":[\"https:\\\/\\\/www.facebook.com\\\/fedehierostrasbourg\",\"https:\\\/\\\/x.com\\\/hierostrasbourg\"]}]}<\/script>\n<!-- \/ Yoast SEO plugin. -->","yoast_head_json":{"title":"Synth\u00e8se de l\u2019enqu\u00eate Accros de la Musique 2021 - HIERO STRASBOURG","robots":{"index":"index","follow":"follow","max-snippet":"max-snippet:-1","max-image-preview":"max-image-preview:large","max-video-preview":"max-video-preview:-1"},"canonical":"https:\/\/hierostrasbourg.com\/index.php\/2022\/04\/01\/synthese-de-lenquete-accros-de-la-musique-2021\/","og_locale":"fr_FR","og_type":"article","og_title":"Synth\u00e8se de l\u2019enqu\u00eate Accros de la Musique 2021 - HIERO STRASBOURG","og_description":"La 11\u00e8me \u00e9dition de l\u2019enqu\u00eate annuelle \u00ab Accros de la musique \u00bb a \u00e9t\u00e9 r\u00e9alis\u00e9e en Janvier et F\u00e9vrier 2021 avec la participation d\u2019\u00e9tudiants de l\u2019Institut des M\u00e9tiers de la Musique. Elle a pour objectif de mieux comprendre des consommateurs qui ne peuvent concevoir leur existence sans musique. Ce sont 371 personnes de ce type que nous avons interrog\u00e9es. Source \/ Lire la suite : Synth\u00e8se de l\u2019enqu\u00eate Accros de la Musique 2021 L\u2019article Synth\u00e8se de l\u2019enqu\u00eate Accros de la [&hellip;]","og_url":"https:\/\/hierostrasbourg.com\/index.php\/2022\/04\/01\/synthese-de-lenquete-accros-de-la-musique-2021\/","og_site_name":"HIERO STRASBOURG","article_publisher":"https:\/\/www.facebook.com\/fedehierostrasbourg","article_published_time":"2022-04-01T17:30:49+00:00","twitter_card":"summary_large_image","twitter_creator":"@hierostrasbourg","twitter_site":"@hierostrasbourg","twitter_misc":{"Dur\u00e9e de lecture estim\u00e9e":"1 minute"},"schema":{"@context":"https:\/\/schema.org","@graph":[{"@type":"Article","@id":"https:\/\/hierostrasbourg.com\/index.php\/2022\/04\/01\/synthese-de-lenquete-accros-de-la-musique-2021\/#article","isPartOf":{"@id":"https:\/\/hierostrasbourg.com\/index.php\/2022\/04\/01\/synthese-de-lenquete-accros-de-la-musique-2021\/"},"author":{"name":"","@id":""},"headline":"Synth\u00e8se de l\u2019enqu\u00eate Accros de la Musique 2021","datePublished":"2022-04-01T17:30:49+00:00","mainEntityOfPage":{"@id":"https:\/\/hierostrasbourg.com\/index.php\/2022\/04\/01\/synthese-de-lenquete-accros-de-la-musique-2021\/"},"wordCount":129,"publisher":{"@id":"https:\/\/hierostrasbourg.com\/#organization"},"inLanguage":"fr-FR"},{"@type":"WebPage","@id":"https:\/\/hierostrasbourg.com\/index.php\/2022\/04\/01\/synthese-de-lenquete-accros-de-la-musique-2021\/","url":"https:\/\/hierostrasbourg.com\/index.php\/2022\/04\/01\/synthese-de-lenquete-accros-de-la-musique-2021\/","name":"Synth\u00e8se de l\u2019enqu\u00eate Accros de la Musique 2021 - HIERO STRASBOURG","isPartOf":{"@id":"https:\/\/hierostrasbourg.com\/#website"},"datePublished":"2022-04-01T17:30:49+00:00","breadcrumb":{"@id":"https:\/\/hierostrasbourg.com\/index.php\/2022\/04\/01\/synthese-de-lenquete-accros-de-la-musique-2021\/#breadcrumb"},"inLanguage":"fr-FR","potentialAction":[{"@type":"ReadAction","target":["https:\/\/hierostrasbourg.com\/index.php\/2022\/04\/01\/synthese-de-lenquete-accros-de-la-musique-2021\/"]}]},{"@type":"BreadcrumbList","@id":"https:\/\/hierostrasbourg.com\/index.php\/2022\/04\/01\/synthese-de-lenquete-accros-de-la-musique-2021\/#breadcrumb","itemListElement":[{"@type":"ListItem","position":1,"name":"Accueil","item":"https:\/\/hierostrasbourg.com\/"},{"@type":"ListItem","position":2,"name":"Synth\u00e8se de l\u2019enqu\u00eate Accros de la Musique 2021"}]},{"@type":"WebSite","@id":"https:\/\/hierostrasbourg.com\/#website","url":"https:\/\/hierostrasbourg.com\/","name":"HIERO STRASBOURG","description":"Centre de Ressources Musiques Actuelles","publisher":{"@id":"https:\/\/hierostrasbourg.com\/#organization"},"potentialAction":[{"@type":"SearchAction","target":{"@type":"EntryPoint","urlTemplate":"https:\/\/hierostrasbourg.com\/?s={search_term_string}"},"query-input":{"@type":"PropertyValueSpecification","valueRequired":true,"valueName":"search_term_string"}}],"inLanguage":"fr-FR"},{"@type":"Organization","@id":"https:\/\/hierostrasbourg.com\/#organization","name":"F\u00e9d\u00e9ration Hi\u00e9ro Strasbourg","url":"https:\/\/hierostrasbourg.com\/","logo":{"@type":"ImageObject","inLanguage":"fr-FR","@id":"https:\/\/hierostrasbourg.com\/#\/schema\/logo\/image\/","url":"https:\/\/hierostrasbourg.com\/wp-content\/uploads\/2026\/04\/logo-hiero-strasbourg.jpg","contentUrl":"https:\/\/hierostrasbourg.com\/wp-content\/uploads\/2026\/04\/logo-hiero-strasbourg.jpg","width":204,"height":192,"caption":"F\u00e9d\u00e9ration Hi\u00e9ro Strasbourg"},"image":{"@id":"https:\/\/hierostrasbourg.com\/#\/schema\/logo\/image\/"},"sameAs":["https:\/\/www.facebook.com\/fedehierostrasbourg","https:\/\/x.com\/hierostrasbourg"]}]}},"_links":{"self":[{"href":"https:\/\/hierostrasbourg.com\/index.php\/wp-json\/wp\/v2\/posts\/2166","targetHints":{"allow":["GET"]}}],"collection":[{"href":"https:\/\/hierostrasbourg.com\/index.php\/wp-json\/wp\/v2\/posts"}],"about":[{"href":"https:\/\/hierostrasbourg.com\/index.php\/wp-json\/wp\/v2\/types\/post"}],"replies":[{"embeddable":true,"href":"https:\/\/hierostrasbourg.com\/index.php\/wp-json\/wp\/v2\/comments?post=2166"}],"version-history":[{"count":0,"href":"https:\/\/hierostrasbourg.com\/index.php\/wp-json\/wp\/v2\/posts\/2166\/revisions"}],"wp:attachment":[{"href":"https:\/\/hierostrasbourg.com\/index.php\/wp-json\/wp\/v2\/media?parent=2166"}],"wp:term":[{"taxonomy":"category","embeddable":true,"href":"https:\/\/hierostrasbourg.com\/index.php\/wp-json\/wp\/v2\/categories?post=2166"},{"taxonomy":"post_tag","embeddable":true,"href":"https:\/\/hierostrasbourg.com\/index.php\/wp-json\/wp\/v2\/tags?post=2166"}],"curies":[{"name":"wp","href":"https:\/\/api.w.org\/{rel}","templated":true}]}}