{"id":2161,"date":"2022-04-01T17:40:07","date_gmt":"2022-04-01T15:40:07","guid":{"rendered":"https:\/\/hierostrasbourg.com\/index.php\/2022\/04\/01\/la-comedie-de-colmar-cdn-grand-est-alsace-recrute-un-charge-dadministration-f-h\/"},"modified":"2022-04-01T17:40:07","modified_gmt":"2022-04-01T15:40:07","slug":"la-comedie-de-colmar-cdn-grand-est-alsace-recrute-un-charge-dadministration-f-h","status":"publish","type":"post","link":"https:\/\/hierostrasbourg.com\/index.php\/2022\/04\/01\/la-comedie-de-colmar-cdn-grand-est-alsace-recrute-un-charge-dadministration-f-h\/","title":{"rendered":"LA COM\u00c9DIE DE COLMAR [CDN Grand Est Alsace] recrute un charg\u00e9 d\u2019administration [F\/H]"},"content":{"rendered":"<p>La Com\u00e9die de Colmar, Centre dramatique national Grand Est Alsace est dirig\u00e9e depuis janvier 2019 par Emilie Capliez et Matthieu Cruciani. Avec deux salles de spectacle et, en moyenne, 85 repr\u00e9sentations par an, le th\u00e9\u00e2tre fait la part belle aux \u00e9critures contemporaines en direction de tous les publics y compris les plus jeunes, au th\u00e9\u00e2tre musical et plus g\u00e9n\u00e9ralement au croisement des disciplines et \u00e0 l\u2019accompagnement de nouveaux talents.<br \/>\nEvoluant avec un budget annuel autour de 2,5 M d\u2019euros, son \u00e9quipe se compose de 23 salari\u00e9s en CDI. Association de droit local, La Com\u00e9die de Colmar est soutenue dans son fonctionnement par l\u2019Etat, la Ville de Colmar, la R\u00e9gion Grand Est et la Collectivit\u00e9 europ\u00e9enne d\u2019Alsace.<\/p>\n<h2>Missions<\/h2>\n<p>Venez rejoindre un lieu dynamique, dans une ville moyenne au cadre de vie agr\u00e9able, \u00e0 l\u2019offre de loisirs, culturelle et associative riche ! Sous la responsabilit\u00e9 de l\u2019administratrice, au sein d\u2019une \u00e9quipe administrative de 4 personnes, le.la Charg\u00e9.e d\u2019administration assure des missions d\u2019administration g\u00e9n\u00e9rale et travaille de mani\u00e8re transversale au suivi administratif des actions culturelles et de production.<\/p>\n<h4>Administration financi\u00e8re<\/h4>\n<p>Propose un budget de fonctionnement et, une fois valid\u00e9, en effectue le suivi ;<br \/>\nSoutient le suivi et collecte les \u00e9l\u00e9ments budg\u00e9taires aupr\u00e8s des services communication et production ;<br \/>\nCompile l\u2019ensemble de ces \u00e9l\u00e9ments en vue d\u2019un suivi du budget g\u00e9n\u00e9ral et effectue 2 situations par an ;<\/p>\n<h4>Administration g\u00e9n\u00e9rale et du personnel<\/h4>\n<p>Effectue le suivi administratif des actions culturelles, suit le planning des stages et ateliers ;<br \/>\nRenseigne les documents statistiques du Minist\u00e8re et des partenaires institutionnels ou syndicaux ;<br \/>\nCollabore aux dossiers administratifs de l\u2019association et \u00e0 la pr\u00e9paration des \u00e9l\u00e9ments des CA et AG ;<br \/>\nR\u00e9dige et suit les conventions de mise \u00e0 disposition des salles ;<br \/>\nS\u2019acquitte des d\u00e9clarations des droits d\u2019auteur et droits voisins ;<br \/>\nEtablit les contrats de travail des collaborateurs ponctuels et effectue les DPAE ;<br \/>\nTransmet \u00e0 la cheffe-comptable les ordres de paie li\u00e9es aux actions culturelles ;<br \/>\nSoutien la direction technique dans le suivi des h\u00f4tes et h\u00f4tesses d\u2019accueil.<\/p>\n<h4>D\u00e9veloppement<\/h4>\n<p>Op\u00e8re une veille des opportunit\u00e9s de financements fl\u00e9ch\u00e9s ;<br \/>\nEffectue les dossiers de demande de subvention, leur suivi et \u00e9tablit les bilans ;<br \/>\nEffectue un suivi des relations de m\u00e9c\u00e9nat et s\u2019assure de la validit\u00e9 juridique et budg\u00e9taire des partenariats ;<br \/>\nEtablit les dossiers de demandes d\u2019aides aux soci\u00e9t\u00e9s civiles et partenaires<br \/>\nMet en place des indicateurs et cr\u00e9\u00e9 des tableaux de bord de suivi de l\u2019activit\u00e9.<\/p>\n<h2>Profil recherch\u00e9<\/h2>\n<p>Dipl\u00f4me de l\u2019enseignement sup\u00e9rieur d\u2019administration du spectacle (M1 ou M2) et\/ou exp\u00e9rience professionnelle pr\u00e9alable \u00e0 un poste similaire d\u2019au moins deux ans<br \/>\nConnaissance des enjeux et des fonctionnements du milieu du spectacle vivant,<br \/>\nMa\u00eetrise du montage et suivi budg\u00e9taire<br \/>\nDes bases en comptabilit\u00e9s g\u00e9n\u00e9rale et analytique sont un plus.<br \/>\nSens de l\u2019organisation et de l\u2019anticipation,<br \/>\nDynamisme, rigueur, autonomie, go\u00fbt du travail en \u00e9quipe,<br \/>\nAisance r\u00e9dactionnelle,<br \/>\nTr\u00e8s bonne maitrise des outils de bureautique.<\/p>\n<p>Date de prise de fonction. :16 mai 2022<br \/>\nDate limite de candidature : 25\/04\/2022<br \/>\nR\u00e9mun\u00e9ration : Groupe 5 de la Convention collective nationale des activit\u00e9s artistiques et culturelles, Titres restaurant, Mutuelle<\/p>\n<p>Centre dramatique national Grand Est Alsace<br \/>\n6 route d\u2019Ingersheim 68000 Colmar<br \/>\n03 89 41 71 92<\/p>\n<p><a href=\"http:\/\/www.comedie-colmar.com\/\">www.comedie-colmar.com<\/a><\/p>\n<p>L\u2019article <a href=\"https:\/\/popburo.fr\/la-comedie-de-colmar-cdn-grand-est-alsace-recrute-un-charge-dadministration-f-h\/\">LA COM\u00c9DIE DE COLMAR [CDN Grand Est Alsace] recrute un charg\u00e9 d\u2019administration [F\/H]<\/a> est apparu en premier sur <a href=\"https:\/\/popburo.fr\/\">POP B\u00dcRO<\/a>.<\/p>\n","protected":false},"excerpt":{"rendered":"<p>La Com\u00e9die de Colmar, Centre dramatique national Grand Est Alsace est dirig\u00e9e depuis janvier 2019 par Emilie Capliez et Matthieu Cruciani. Avec deux salles de spectacle et, en moyenne, 85 repr\u00e9sentations par an, le th\u00e9\u00e2tre fait la part belle aux \u00e9critures contemporaines en direction de tous les publics y compris les plus jeunes, au th\u00e9\u00e2tre musical et plus g\u00e9n\u00e9ralement au croisement des disciplines et \u00e0 l\u2019accompagnement de nouveaux talents. Evoluant avec un budget annuel autour de 2,5 M d\u2019euros, son [&hellip;]<\/p>\n","protected":false},"author":0,"featured_media":0,"comment_status":"closed","ping_status":"open","sticky":false,"template":"","format":"standard","meta":{"footnotes":""},"categories":[1],"tags":[],"class_list":["post-2161","post","type-post","status-publish","format-standard","hentry","category-non-classe"],"yoast_head":"<!-- This site is optimized with the Yoast SEO plugin v27.4 - https:\/\/yoast.com\/product\/yoast-seo-wordpress\/ -->\n<title>LA COM\u00c9DIE DE COLMAR [CDN Grand Est Alsace] recrute un charg\u00e9 d\u2019administration [F\/H] - HIERO STRASBOURG<\/title>\n<meta name=\"robots\" content=\"index, follow, max-snippet:-1, max-image-preview:large, max-video-preview:-1\" \/>\n<link rel=\"canonical\" href=\"https:\/\/hierostrasbourg.com\/index.php\/2022\/04\/01\/la-comedie-de-colmar-cdn-grand-est-alsace-recrute-un-charge-dadministration-f-h\/\" \/>\n<meta property=\"og:locale\" content=\"fr_FR\" \/>\n<meta property=\"og:type\" content=\"article\" \/>\n<meta property=\"og:title\" content=\"LA COM\u00c9DIE DE COLMAR [CDN Grand Est Alsace] recrute un charg\u00e9 d\u2019administration [F\/H] - HIERO STRASBOURG\" \/>\n<meta property=\"og:description\" content=\"La Com\u00e9die de Colmar, Centre dramatique national Grand Est Alsace est dirig\u00e9e depuis janvier 2019 par Emilie Capliez et Matthieu Cruciani. Avec deux salles de spectacle et, en moyenne, 85 repr\u00e9sentations par an, le th\u00e9\u00e2tre fait la part belle aux \u00e9critures contemporaines en direction de tous les publics y compris les plus jeunes, au th\u00e9\u00e2tre musical et plus g\u00e9n\u00e9ralement au croisement des disciplines et \u00e0 l\u2019accompagnement de nouveaux talents. Evoluant avec un budget annuel autour de 2,5 M d\u2019euros, son [&hellip;]\" \/>\n<meta property=\"og:url\" content=\"https:\/\/hierostrasbourg.com\/index.php\/2022\/04\/01\/la-comedie-de-colmar-cdn-grand-est-alsace-recrute-un-charge-dadministration-f-h\/\" \/>\n<meta property=\"og:site_name\" content=\"HIERO STRASBOURG\" \/>\n<meta property=\"article:publisher\" content=\"https:\/\/www.facebook.com\/fedehierostrasbourg\" \/>\n<meta property=\"article:published_time\" content=\"2022-04-01T15:40:07+00:00\" \/>\n<meta name=\"twitter:card\" content=\"summary_large_image\" \/>\n<meta name=\"twitter:creator\" content=\"@hierostrasbourg\" \/>\n<meta name=\"twitter:site\" content=\"@hierostrasbourg\" \/>\n<meta name=\"twitter:label1\" content=\"Dur\u00e9e de lecture estim\u00e9e\" \/>\n\t<meta name=\"twitter:data1\" content=\"3 minutes\" \/>\n<script type=\"application\/ld+json\" class=\"yoast-schema-graph\">{\"@context\":\"https:\\\/\\\/schema.org\",\"@graph\":[{\"@type\":\"Article\",\"@id\":\"https:\\\/\\\/hierostrasbourg.com\\\/index.php\\\/2022\\\/04\\\/01\\\/la-comedie-de-colmar-cdn-grand-est-alsace-recrute-un-charge-dadministration-f-h\\\/#article\",\"isPartOf\":{\"@id\":\"https:\\\/\\\/hierostrasbourg.com\\\/index.php\\\/2022\\\/04\\\/01\\\/la-comedie-de-colmar-cdn-grand-est-alsace-recrute-un-charge-dadministration-f-h\\\/\"},\"author\":{\"name\":\"\",\"@id\":\"\"},\"headline\":\"LA COM\u00c9DIE DE COLMAR [CDN Grand Est Alsace] recrute un charg\u00e9 d\u2019administration [F\\\/H]\",\"datePublished\":\"2022-04-01T15:40:07+00:00\",\"mainEntityOfPage\":{\"@id\":\"https:\\\/\\\/hierostrasbourg.com\\\/index.php\\\/2022\\\/04\\\/01\\\/la-comedie-de-colmar-cdn-grand-est-alsace-recrute-un-charge-dadministration-f-h\\\/\"},\"wordCount\":614,\"publisher\":{\"@id\":\"https:\\\/\\\/hierostrasbourg.com\\\/#organization\"},\"inLanguage\":\"fr-FR\"},{\"@type\":\"WebPage\",\"@id\":\"https:\\\/\\\/hierostrasbourg.com\\\/index.php\\\/2022\\\/04\\\/01\\\/la-comedie-de-colmar-cdn-grand-est-alsace-recrute-un-charge-dadministration-f-h\\\/\",\"url\":\"https:\\\/\\\/hierostrasbourg.com\\\/index.php\\\/2022\\\/04\\\/01\\\/la-comedie-de-colmar-cdn-grand-est-alsace-recrute-un-charge-dadministration-f-h\\\/\",\"name\":\"LA COM\u00c9DIE DE COLMAR [CDN Grand Est Alsace] recrute un charg\u00e9 d\u2019administration [F\\\/H] - HIERO STRASBOURG\",\"isPartOf\":{\"@id\":\"https:\\\/\\\/hierostrasbourg.com\\\/#website\"},\"datePublished\":\"2022-04-01T15:40:07+00:00\",\"breadcrumb\":{\"@id\":\"https:\\\/\\\/hierostrasbourg.com\\\/index.php\\\/2022\\\/04\\\/01\\\/la-comedie-de-colmar-cdn-grand-est-alsace-recrute-un-charge-dadministration-f-h\\\/#breadcrumb\"},\"inLanguage\":\"fr-FR\",\"potentialAction\":[{\"@type\":\"ReadAction\",\"target\":[\"https:\\\/\\\/hierostrasbourg.com\\\/index.php\\\/2022\\\/04\\\/01\\\/la-comedie-de-colmar-cdn-grand-est-alsace-recrute-un-charge-dadministration-f-h\\\/\"]}]},{\"@type\":\"BreadcrumbList\",\"@id\":\"https:\\\/\\\/hierostrasbourg.com\\\/index.php\\\/2022\\\/04\\\/01\\\/la-comedie-de-colmar-cdn-grand-est-alsace-recrute-un-charge-dadministration-f-h\\\/#breadcrumb\",\"itemListElement\":[{\"@type\":\"ListItem\",\"position\":1,\"name\":\"Accueil\",\"item\":\"https:\\\/\\\/hierostrasbourg.com\\\/\"},{\"@type\":\"ListItem\",\"position\":2,\"name\":\"LA COM\u00c9DIE DE COLMAR [CDN Grand Est Alsace] recrute un charg\u00e9 d\u2019administration [F\\\/H]\"}]},{\"@type\":\"WebSite\",\"@id\":\"https:\\\/\\\/hierostrasbourg.com\\\/#website\",\"url\":\"https:\\\/\\\/hierostrasbourg.com\\\/\",\"name\":\"HIERO STRASBOURG\",\"description\":\"Centre de Ressources Musiques Actuelles\",\"publisher\":{\"@id\":\"https:\\\/\\\/hierostrasbourg.com\\\/#organization\"},\"potentialAction\":[{\"@type\":\"SearchAction\",\"target\":{\"@type\":\"EntryPoint\",\"urlTemplate\":\"https:\\\/\\\/hierostrasbourg.com\\\/?s={search_term_string}\"},\"query-input\":{\"@type\":\"PropertyValueSpecification\",\"valueRequired\":true,\"valueName\":\"search_term_string\"}}],\"inLanguage\":\"fr-FR\"},{\"@type\":\"Organization\",\"@id\":\"https:\\\/\\\/hierostrasbourg.com\\\/#organization\",\"name\":\"F\u00e9d\u00e9ration Hi\u00e9ro Strasbourg\",\"url\":\"https:\\\/\\\/hierostrasbourg.com\\\/\",\"logo\":{\"@type\":\"ImageObject\",\"inLanguage\":\"fr-FR\",\"@id\":\"https:\\\/\\\/hierostrasbourg.com\\\/#\\\/schema\\\/logo\\\/image\\\/\",\"url\":\"https:\\\/\\\/hierostrasbourg.com\\\/wp-content\\\/uploads\\\/2026\\\/04\\\/logo-hiero-strasbourg.jpg\",\"contentUrl\":\"https:\\\/\\\/hierostrasbourg.com\\\/wp-content\\\/uploads\\\/2026\\\/04\\\/logo-hiero-strasbourg.jpg\",\"width\":204,\"height\":192,\"caption\":\"F\u00e9d\u00e9ration Hi\u00e9ro Strasbourg\"},\"image\":{\"@id\":\"https:\\\/\\\/hierostrasbourg.com\\\/#\\\/schema\\\/logo\\\/image\\\/\"},\"sameAs\":[\"https:\\\/\\\/www.facebook.com\\\/fedehierostrasbourg\",\"https:\\\/\\\/x.com\\\/hierostrasbourg\"]}]}<\/script>\n<!-- \/ Yoast SEO plugin. -->","yoast_head_json":{"title":"LA COM\u00c9DIE DE COLMAR [CDN Grand Est Alsace] recrute un charg\u00e9 d\u2019administration [F\/H] - HIERO STRASBOURG","robots":{"index":"index","follow":"follow","max-snippet":"max-snippet:-1","max-image-preview":"max-image-preview:large","max-video-preview":"max-video-preview:-1"},"canonical":"https:\/\/hierostrasbourg.com\/index.php\/2022\/04\/01\/la-comedie-de-colmar-cdn-grand-est-alsace-recrute-un-charge-dadministration-f-h\/","og_locale":"fr_FR","og_type":"article","og_title":"LA COM\u00c9DIE DE COLMAR [CDN Grand Est Alsace] recrute un charg\u00e9 d\u2019administration [F\/H] - HIERO STRASBOURG","og_description":"La Com\u00e9die de Colmar, Centre dramatique national Grand Est Alsace est dirig\u00e9e depuis janvier 2019 par Emilie Capliez et Matthieu Cruciani. Avec deux salles de spectacle et, en moyenne, 85 repr\u00e9sentations par an, le th\u00e9\u00e2tre fait la part belle aux \u00e9critures contemporaines en direction de tous les publics y compris les plus jeunes, au th\u00e9\u00e2tre musical et plus g\u00e9n\u00e9ralement au croisement des disciplines et \u00e0 l\u2019accompagnement de nouveaux talents. Evoluant avec un budget annuel autour de 2,5 M d\u2019euros, son [&hellip;]","og_url":"https:\/\/hierostrasbourg.com\/index.php\/2022\/04\/01\/la-comedie-de-colmar-cdn-grand-est-alsace-recrute-un-charge-dadministration-f-h\/","og_site_name":"HIERO STRASBOURG","article_publisher":"https:\/\/www.facebook.com\/fedehierostrasbourg","article_published_time":"2022-04-01T15:40:07+00:00","twitter_card":"summary_large_image","twitter_creator":"@hierostrasbourg","twitter_site":"@hierostrasbourg","twitter_misc":{"Dur\u00e9e de lecture estim\u00e9e":"3 minutes"},"schema":{"@context":"https:\/\/schema.org","@graph":[{"@type":"Article","@id":"https:\/\/hierostrasbourg.com\/index.php\/2022\/04\/01\/la-comedie-de-colmar-cdn-grand-est-alsace-recrute-un-charge-dadministration-f-h\/#article","isPartOf":{"@id":"https:\/\/hierostrasbourg.com\/index.php\/2022\/04\/01\/la-comedie-de-colmar-cdn-grand-est-alsace-recrute-un-charge-dadministration-f-h\/"},"author":{"name":"","@id":""},"headline":"LA COM\u00c9DIE DE COLMAR [CDN Grand Est Alsace] recrute un charg\u00e9 d\u2019administration [F\/H]","datePublished":"2022-04-01T15:40:07+00:00","mainEntityOfPage":{"@id":"https:\/\/hierostrasbourg.com\/index.php\/2022\/04\/01\/la-comedie-de-colmar-cdn-grand-est-alsace-recrute-un-charge-dadministration-f-h\/"},"wordCount":614,"publisher":{"@id":"https:\/\/hierostrasbourg.com\/#organization"},"inLanguage":"fr-FR"},{"@type":"WebPage","@id":"https:\/\/hierostrasbourg.com\/index.php\/2022\/04\/01\/la-comedie-de-colmar-cdn-grand-est-alsace-recrute-un-charge-dadministration-f-h\/","url":"https:\/\/hierostrasbourg.com\/index.php\/2022\/04\/01\/la-comedie-de-colmar-cdn-grand-est-alsace-recrute-un-charge-dadministration-f-h\/","name":"LA COM\u00c9DIE DE COLMAR [CDN Grand Est Alsace] recrute un charg\u00e9 d\u2019administration [F\/H] - HIERO STRASBOURG","isPartOf":{"@id":"https:\/\/hierostrasbourg.com\/#website"},"datePublished":"2022-04-01T15:40:07+00:00","breadcrumb":{"@id":"https:\/\/hierostrasbourg.com\/index.php\/2022\/04\/01\/la-comedie-de-colmar-cdn-grand-est-alsace-recrute-un-charge-dadministration-f-h\/#breadcrumb"},"inLanguage":"fr-FR","potentialAction":[{"@type":"ReadAction","target":["https:\/\/hierostrasbourg.com\/index.php\/2022\/04\/01\/la-comedie-de-colmar-cdn-grand-est-alsace-recrute-un-charge-dadministration-f-h\/"]}]},{"@type":"BreadcrumbList","@id":"https:\/\/hierostrasbourg.com\/index.php\/2022\/04\/01\/la-comedie-de-colmar-cdn-grand-est-alsace-recrute-un-charge-dadministration-f-h\/#breadcrumb","itemListElement":[{"@type":"ListItem","position":1,"name":"Accueil","item":"https:\/\/hierostrasbourg.com\/"},{"@type":"ListItem","position":2,"name":"LA COM\u00c9DIE DE COLMAR [CDN Grand Est Alsace] recrute un charg\u00e9 d\u2019administration [F\/H]"}]},{"@type":"WebSite","@id":"https:\/\/hierostrasbourg.com\/#website","url":"https:\/\/hierostrasbourg.com\/","name":"HIERO STRASBOURG","description":"Centre de Ressources Musiques Actuelles","publisher":{"@id":"https:\/\/hierostrasbourg.com\/#organization"},"potentialAction":[{"@type":"SearchAction","target":{"@type":"EntryPoint","urlTemplate":"https:\/\/hierostrasbourg.com\/?s={search_term_string}"},"query-input":{"@type":"PropertyValueSpecification","valueRequired":true,"valueName":"search_term_string"}}],"inLanguage":"fr-FR"},{"@type":"Organization","@id":"https:\/\/hierostrasbourg.com\/#organization","name":"F\u00e9d\u00e9ration Hi\u00e9ro Strasbourg","url":"https:\/\/hierostrasbourg.com\/","logo":{"@type":"ImageObject","inLanguage":"fr-FR","@id":"https:\/\/hierostrasbourg.com\/#\/schema\/logo\/image\/","url":"https:\/\/hierostrasbourg.com\/wp-content\/uploads\/2026\/04\/logo-hiero-strasbourg.jpg","contentUrl":"https:\/\/hierostrasbourg.com\/wp-content\/uploads\/2026\/04\/logo-hiero-strasbourg.jpg","width":204,"height":192,"caption":"F\u00e9d\u00e9ration Hi\u00e9ro Strasbourg"},"image":{"@id":"https:\/\/hierostrasbourg.com\/#\/schema\/logo\/image\/"},"sameAs":["https:\/\/www.facebook.com\/fedehierostrasbourg","https:\/\/x.com\/hierostrasbourg"]}]}},"_links":{"self":[{"href":"https:\/\/hierostrasbourg.com\/index.php\/wp-json\/wp\/v2\/posts\/2161","targetHints":{"allow":["GET"]}}],"collection":[{"href":"https:\/\/hierostrasbourg.com\/index.php\/wp-json\/wp\/v2\/posts"}],"about":[{"href":"https:\/\/hierostrasbourg.com\/index.php\/wp-json\/wp\/v2\/types\/post"}],"replies":[{"embeddable":true,"href":"https:\/\/hierostrasbourg.com\/index.php\/wp-json\/wp\/v2\/comments?post=2161"}],"version-history":[{"count":0,"href":"https:\/\/hierostrasbourg.com\/index.php\/wp-json\/wp\/v2\/posts\/2161\/revisions"}],"wp:attachment":[{"href":"https:\/\/hierostrasbourg.com\/index.php\/wp-json\/wp\/v2\/media?parent=2161"}],"wp:term":[{"taxonomy":"category","embeddable":true,"href":"https:\/\/hierostrasbourg.com\/index.php\/wp-json\/wp\/v2\/categories?post=2161"},{"taxonomy":"post_tag","embeddable":true,"href":"https:\/\/hierostrasbourg.com\/index.php\/wp-json\/wp\/v2\/tags?post=2161"}],"curies":[{"name":"wp","href":"https:\/\/api.w.org\/{rel}","templated":true}]}}