{"id":2153,"date":"2022-03-30T21:32:07","date_gmt":"2022-03-30T19:32:07","guid":{"rendered":"https:\/\/hierostrasbourg.com\/index.php\/2022\/03\/30\/cadence-strasbourg-recrute-un-charge-de-projets-artistiques-referent-pratiques-collective-education-artistique-et-culturelle-f-h\/"},"modified":"2022-03-30T21:32:07","modified_gmt":"2022-03-30T19:32:07","slug":"cadence-strasbourg-recrute-un-charge-de-projets-artistiques-referent-pratiques-collective-education-artistique-et-culturelle-f-h","status":"publish","type":"post","link":"https:\/\/hierostrasbourg.com\/index.php\/2022\/03\/30\/cadence-strasbourg-recrute-un-charge-de-projets-artistiques-referent-pratiques-collective-education-artistique-et-culturelle-f-h\/","title":{"rendered":"CADENCE [Strasbourg] recrute un charg\u00e9 de projets artistiques, r\u00e9f\u00e9rent \u201cPratiques collective &amp; Education artistique et culturelle\u201d [F\/H]"},"content":{"rendered":"<p>Cadence est une association qui \u0153uvre pour le d\u00e9veloppement et la structuration des pratiques collectives de la musique en amateur par le soutien et l\u2019initiative de projets, la formation, l\u2019accompagnement, l\u2019observation et la mise en r\u00e9seau des acteurs du territoire r\u00e9gional.<br \/>\nLe p\u00f4le musical intervient aupr\u00e8s d\u2019un large public, en de nombreux endroits o\u00f9 la musique peut se pratiquer collectivement. Son domaine d\u2019intervention se situe \u00e0 la crois\u00e9e des pratiques artistiques, de l\u2019\u00e9ducation artistique et culturelle et de l\u2019enseignement artistique.<br \/>\nEn tant que structure ressource, Cadence propose des actions, accompagne les porteurs de projets, apporte de l\u2019expertise et du conseil aux acteurs et r\u00e9pond aux sollicitations des ensembles musicaux amateurs, des encadrants, des \u00e9coles de musique et des collectivit\u00e9s territoriales.<\/p>\n<p>Pour la r\u00e9alisation de son projet, Cadence b\u00e9n\u00e9ficie du soutien de la DRAC Grand Est, de la R\u00e9gion Grand Est et de la Collectivit\u00e9 europ\u00e9enne d\u2019Alsace dans le cadre d\u2019une convention triannuelle.<\/p>\n<h2>LES MISSIONS DE CADENCE<\/h2>\n<p>Former les publics<br \/>\nAccompagner les initiatives et les projets de territoire<br \/>\nConcevoir et mettre en \u0153uvre des actions artistiques<br \/>\nAnimer des r\u00e9seaux et tisser des liens entre les acteurs<br \/>\nObserver les pratiques et partager l\u2019information<\/p>\n<h2>Description du poste<\/h2>\n<p>Plac\u00e9\u00b7e sous l\u2019autorit\u00e9 de la directrice, le\/la charg\u00e9\u00b7e de projets artistiques participera au d\u00e9veloppement et \u00e0 la mise en \u0153uvre op\u00e9rationnelle du projet artistique et culturel de Cadence. Il\/elle travaillera en \u00e9troite collaboration avec l\u2019ensemble des membres de l\u2019\u00e9quipe et tout particuli\u00e8rement avec les autres charg\u00e9es de projets de Cadence. Son action s\u2019inscrira dans une d\u00e9marche collective et partenariale.<\/p>\n<p>Il\/elle aura pour principales missions de :<\/p>\n<p>Proposer, piloter et \u00e9valuer un programme d\u2019actions visant \u00e0 cr\u00e9er du lien entre les acteurs des pratiques musicales amateurs, \u00e0 am\u00e9liorer l\u2019encadrement des ensembles musicaux et \u00e0 accompagner le d\u00e9veloppement de leurs projets.<\/p>\n<p>Il\/elle devra<\/p>\n<p>Elaborer une offre de formations pour le d\u00e9veloppement des comp\u00e9tences musicales et p\u00e9dagogiques des encadrants de pratique collective (chefs d\u2019orchestre et de ch\u0153ur, enseignants artistiques, musiciens intervenants\u2026)<br \/>\nCo-construire des projets artistiques f\u00e9d\u00e9rateurs \u00e0 destination de musiciens amateurs du territoire, en impulsant de nouvelles dynamiques artistiques<br \/>\nFormaliser et animer un r\u00e9seau des ensembles amateurs en proposant des temps forts propices \u00e0 la rencontre, \u00e0 l\u2019\u00e9change artistique et au partage d\u2019id\u00e9es<br \/>\nConcevoir de la ressource et des contenus informatifs pour contribuer \u00e0 la valorisation des m\u00e9tiers de l\u2019encadrement des pratiques collectives<br \/>\nApporter de l\u2019expertise artistique et de l\u2019aide dans la r\u00e9alisation de projets musicaux, notamment par la mise en relation des ensembles amateurs avec des ressources artistiques et culturelles du territoire<br \/>\nConcevoir et coordonner des actions visant \u00e0 d\u00e9velopper et \u00e0 accompagner les pratiques chorales et orchestrales en milieu scolaire<\/p>\n<p>Il\/elle devra<\/p>\n<p>Co-concevoir et mettre en \u0153uvre des projets musicaux territoriaux en milieu scolaire et des formations pour les enseignants (artistiques et de l\u2019Education nationale)<br \/>\nInitier et coordonner des actions visant \u00e0 favoriser la rencontre et l\u2019interconnaissance entre les orchestres \u00e0 l\u2019\u00e9cole du territoire r\u00e9gional<br \/>\nD\u00e9velopper et cultiver des partenariats op\u00e9rationnels avec l\u2019Education nationale, l\u2019association nationale Orchestre \u00e0 l\u2019\u00e9cole, des \u00e9coles de musique et conservatoires, structures culturelles, collectivit\u00e9s territoriales, etc\u2026<br \/>\nRep\u00e9rer et recenser les acteurs des pratiques orchestrales et chorales en milieu scolaire, soutenir et valoriser leurs initiatives<\/p>\n<h2>Profil recherch\u00e9<\/h2>\n<p>Formation sup\u00e9rieure dans le domaine musical et\/ou culturel (Master 2, DUMI, DE\u2026)<br \/>\nExp\u00e9rience significative dans la conduite de projets artistiques et culturels<br \/>\nSolide formation musicale et bonne culture artistique<br \/>\nConnaissance du secteur musical, des enjeux et r\u00e9alit\u00e9s des pratiques en amateur, de l\u2019enseignement artistique et de l\u2019\u00e9ducation artistique et culturelle<br \/>\nSavoir-faire de \u00ab chef\u00b7fe de projets \u00bb, capacit\u00e9 \u00e0 coordonner plusieurs projets avec autonomie<br \/>\nAisance relationnelle et culture partenariale, capacit\u00e9 \u00e0 dialoguer et \u00e0 travailler avec des partenaires de diff\u00e9rents horizons<br \/>\nCuriosit\u00e9, capacit\u00e9 \u00e0 faire preuve d\u2019inventivit\u00e9 et de cr\u00e9ativit\u00e9 dans l\u2019\u00e9laboration des projets artistiques<br \/>\nCapacit\u00e9 \u00e0 adopter une posture d\u2019\u00e9coute et de conseil<br \/>\nSens du travail collaboratif, esprit d\u2019\u00e9quipe<br \/>\nTr\u00e8s bonne expression orale et \u00e9crite<br \/>\nPermis B indispensable<\/p>\n<p>Date de prise de fonction : A partir du 27 mai 2022<br \/>\nDate limite de candidature : 1er mai 2022<br \/>\nR\u00e9mun\u00e9ration : Statut cadre \u2013 Groupe G de la Convention Collective Eclat<br \/>\nCDI \u00e0 temps complet<br \/>\nTravail certains soirs et week-ends<br \/>\nD\u00e9placements fr\u00e9quents en r\u00e9gion et ponctuellement hors r\u00e9gion<\/p>\n<p>Cadence<br \/>\n2 rue Baldung Grien<br \/>\n67 000 Strasbourg<\/p>\n<p><a href=\"https:\/\/cadence-musique.fr\/\">www.cadence-musique.fr<\/a><\/p>\n<p>Entretien des candidat\u00b7e\u00b7s s\u00e9l\u00e9ctionn\u00e9\u00b7e\u00b7s : 6 mai 2022 dans les bureaux de Cadence.<br \/>\nPassation avec le salari\u00e9 qui quitte ses fonctions : 25, 27, 30 et 31 mai 2022.<\/p>\n<p>L\u2019article <a href=\"https:\/\/popburo.fr\/cadence-strasbourg-recrute-un-charge-de-projets-artistiques-referent-pratiques-collective-education-artistique-et-culturelle-f-h\/\">CADENCE [Strasbourg] recrute un charg\u00e9 de projets artistiques, r\u00e9f\u00e9rent \u201cPratiques collective &amp; Education artistique et culturelle\u201d [F\/H]<\/a> est apparu en premier sur <a href=\"https:\/\/popburo.fr\/\">POP B\u00dcRO<\/a>.<\/p>\n","protected":false},"excerpt":{"rendered":"<p>Cadence est une association qui \u0153uvre pour le d\u00e9veloppement et la structuration des pratiques collectives de la musique en amateur par le soutien et l\u2019initiative de projets, la formation, l\u2019accompagnement, l\u2019observation et la mise en r\u00e9seau des acteurs du territoire r\u00e9gional. Le p\u00f4le musical intervient aupr\u00e8s d\u2019un large public, en de nombreux endroits o\u00f9 la musique peut se pratiquer collectivement. Son domaine d\u2019intervention se situe \u00e0 la crois\u00e9e des pratiques artistiques, de l\u2019\u00e9ducation artistique et culturelle et de l\u2019enseignement artistique. [&hellip;]<\/p>\n","protected":false},"author":0,"featured_media":0,"comment_status":"closed","ping_status":"open","sticky":false,"template":"","format":"standard","meta":{"footnotes":""},"categories":[1],"tags":[],"class_list":["post-2153","post","type-post","status-publish","format-standard","hentry","category-non-classe"],"yoast_head":"<!-- This site is optimized with the Yoast SEO plugin v27.4 - https:\/\/yoast.com\/product\/yoast-seo-wordpress\/ -->\n<title>CADENCE [Strasbourg] recrute un charg\u00e9 de projets artistiques, r\u00e9f\u00e9rent \u201cPratiques collective &amp; Education artistique et culturelle\u201d [F\/H] - HIERO STRASBOURG<\/title>\n<meta name=\"robots\" content=\"index, follow, max-snippet:-1, max-image-preview:large, max-video-preview:-1\" \/>\n<link rel=\"canonical\" href=\"https:\/\/hierostrasbourg.com\/index.php\/2022\/03\/30\/cadence-strasbourg-recrute-un-charge-de-projets-artistiques-referent-pratiques-collective-education-artistique-et-culturelle-f-h\/\" \/>\n<meta property=\"og:locale\" content=\"fr_FR\" \/>\n<meta property=\"og:type\" content=\"article\" \/>\n<meta property=\"og:title\" content=\"CADENCE [Strasbourg] recrute un charg\u00e9 de projets artistiques, r\u00e9f\u00e9rent \u201cPratiques collective &amp; Education artistique et culturelle\u201d [F\/H] - HIERO STRASBOURG\" \/>\n<meta property=\"og:description\" content=\"Cadence est une association qui \u0153uvre pour le d\u00e9veloppement et la structuration des pratiques collectives de la musique en amateur par le soutien et l\u2019initiative de projets, la formation, l\u2019accompagnement, l\u2019observation et la mise en r\u00e9seau des acteurs du territoire r\u00e9gional. Le p\u00f4le musical intervient aupr\u00e8s d\u2019un large public, en de nombreux endroits o\u00f9 la musique peut se pratiquer collectivement. Son domaine d\u2019intervention se situe \u00e0 la crois\u00e9e des pratiques artistiques, de l\u2019\u00e9ducation artistique et culturelle et de l\u2019enseignement artistique. [&hellip;]\" \/>\n<meta property=\"og:url\" content=\"https:\/\/hierostrasbourg.com\/index.php\/2022\/03\/30\/cadence-strasbourg-recrute-un-charge-de-projets-artistiques-referent-pratiques-collective-education-artistique-et-culturelle-f-h\/\" \/>\n<meta property=\"og:site_name\" content=\"HIERO STRASBOURG\" \/>\n<meta property=\"article:publisher\" content=\"https:\/\/www.facebook.com\/fedehierostrasbourg\" \/>\n<meta property=\"article:published_time\" content=\"2022-03-30T19:32:07+00:00\" \/>\n<meta name=\"twitter:card\" content=\"summary_large_image\" \/>\n<meta name=\"twitter:creator\" content=\"@hierostrasbourg\" \/>\n<meta name=\"twitter:site\" content=\"@hierostrasbourg\" \/>\n<meta name=\"twitter:label1\" content=\"Dur\u00e9e de lecture estim\u00e9e\" \/>\n\t<meta name=\"twitter:data1\" content=\"4 minutes\" \/>\n<script type=\"application\/ld+json\" class=\"yoast-schema-graph\">{\"@context\":\"https:\\\/\\\/schema.org\",\"@graph\":[{\"@type\":\"Article\",\"@id\":\"https:\\\/\\\/hierostrasbourg.com\\\/index.php\\\/2022\\\/03\\\/30\\\/cadence-strasbourg-recrute-un-charge-de-projets-artistiques-referent-pratiques-collective-education-artistique-et-culturelle-f-h\\\/#article\",\"isPartOf\":{\"@id\":\"https:\\\/\\\/hierostrasbourg.com\\\/index.php\\\/2022\\\/03\\\/30\\\/cadence-strasbourg-recrute-un-charge-de-projets-artistiques-referent-pratiques-collective-education-artistique-et-culturelle-f-h\\\/\"},\"author\":{\"name\":\"\",\"@id\":\"\"},\"headline\":\"CADENCE [Strasbourg] recrute un charg\u00e9 de projets artistiques, r\u00e9f\u00e9rent \u201cPratiques collective &amp; Education artistique et culturelle\u201d [F\\\/H]\",\"datePublished\":\"2022-03-30T19:32:07+00:00\",\"mainEntityOfPage\":{\"@id\":\"https:\\\/\\\/hierostrasbourg.com\\\/index.php\\\/2022\\\/03\\\/30\\\/cadence-strasbourg-recrute-un-charge-de-projets-artistiques-referent-pratiques-collective-education-artistique-et-culturelle-f-h\\\/\"},\"wordCount\":839,\"publisher\":{\"@id\":\"https:\\\/\\\/hierostrasbourg.com\\\/#organization\"},\"inLanguage\":\"fr-FR\"},{\"@type\":\"WebPage\",\"@id\":\"https:\\\/\\\/hierostrasbourg.com\\\/index.php\\\/2022\\\/03\\\/30\\\/cadence-strasbourg-recrute-un-charge-de-projets-artistiques-referent-pratiques-collective-education-artistique-et-culturelle-f-h\\\/\",\"url\":\"https:\\\/\\\/hierostrasbourg.com\\\/index.php\\\/2022\\\/03\\\/30\\\/cadence-strasbourg-recrute-un-charge-de-projets-artistiques-referent-pratiques-collective-education-artistique-et-culturelle-f-h\\\/\",\"name\":\"CADENCE [Strasbourg] recrute un charg\u00e9 de projets artistiques, r\u00e9f\u00e9rent \u201cPratiques collective &amp; Education artistique et culturelle\u201d [F\\\/H] - HIERO STRASBOURG\",\"isPartOf\":{\"@id\":\"https:\\\/\\\/hierostrasbourg.com\\\/#website\"},\"datePublished\":\"2022-03-30T19:32:07+00:00\",\"breadcrumb\":{\"@id\":\"https:\\\/\\\/hierostrasbourg.com\\\/index.php\\\/2022\\\/03\\\/30\\\/cadence-strasbourg-recrute-un-charge-de-projets-artistiques-referent-pratiques-collective-education-artistique-et-culturelle-f-h\\\/#breadcrumb\"},\"inLanguage\":\"fr-FR\",\"potentialAction\":[{\"@type\":\"ReadAction\",\"target\":[\"https:\\\/\\\/hierostrasbourg.com\\\/index.php\\\/2022\\\/03\\\/30\\\/cadence-strasbourg-recrute-un-charge-de-projets-artistiques-referent-pratiques-collective-education-artistique-et-culturelle-f-h\\\/\"]}]},{\"@type\":\"BreadcrumbList\",\"@id\":\"https:\\\/\\\/hierostrasbourg.com\\\/index.php\\\/2022\\\/03\\\/30\\\/cadence-strasbourg-recrute-un-charge-de-projets-artistiques-referent-pratiques-collective-education-artistique-et-culturelle-f-h\\\/#breadcrumb\",\"itemListElement\":[{\"@type\":\"ListItem\",\"position\":1,\"name\":\"Accueil\",\"item\":\"https:\\\/\\\/hierostrasbourg.com\\\/\"},{\"@type\":\"ListItem\",\"position\":2,\"name\":\"CADENCE [Strasbourg] recrute un charg\u00e9 de projets artistiques, r\u00e9f\u00e9rent \u201cPratiques collective &amp; Education artistique et culturelle\u201d [F\\\/H]\"}]},{\"@type\":\"WebSite\",\"@id\":\"https:\\\/\\\/hierostrasbourg.com\\\/#website\",\"url\":\"https:\\\/\\\/hierostrasbourg.com\\\/\",\"name\":\"HIERO STRASBOURG\",\"description\":\"Centre de Ressources Musiques Actuelles\",\"publisher\":{\"@id\":\"https:\\\/\\\/hierostrasbourg.com\\\/#organization\"},\"potentialAction\":[{\"@type\":\"SearchAction\",\"target\":{\"@type\":\"EntryPoint\",\"urlTemplate\":\"https:\\\/\\\/hierostrasbourg.com\\\/?s={search_term_string}\"},\"query-input\":{\"@type\":\"PropertyValueSpecification\",\"valueRequired\":true,\"valueName\":\"search_term_string\"}}],\"inLanguage\":\"fr-FR\"},{\"@type\":\"Organization\",\"@id\":\"https:\\\/\\\/hierostrasbourg.com\\\/#organization\",\"name\":\"F\u00e9d\u00e9ration Hi\u00e9ro Strasbourg\",\"url\":\"https:\\\/\\\/hierostrasbourg.com\\\/\",\"logo\":{\"@type\":\"ImageObject\",\"inLanguage\":\"fr-FR\",\"@id\":\"https:\\\/\\\/hierostrasbourg.com\\\/#\\\/schema\\\/logo\\\/image\\\/\",\"url\":\"https:\\\/\\\/hierostrasbourg.com\\\/wp-content\\\/uploads\\\/2026\\\/04\\\/logo-hiero-strasbourg.jpg\",\"contentUrl\":\"https:\\\/\\\/hierostrasbourg.com\\\/wp-content\\\/uploads\\\/2026\\\/04\\\/logo-hiero-strasbourg.jpg\",\"width\":204,\"height\":192,\"caption\":\"F\u00e9d\u00e9ration Hi\u00e9ro Strasbourg\"},\"image\":{\"@id\":\"https:\\\/\\\/hierostrasbourg.com\\\/#\\\/schema\\\/logo\\\/image\\\/\"},\"sameAs\":[\"https:\\\/\\\/www.facebook.com\\\/fedehierostrasbourg\",\"https:\\\/\\\/x.com\\\/hierostrasbourg\"]}]}<\/script>\n<!-- \/ Yoast SEO plugin. -->","yoast_head_json":{"title":"CADENCE [Strasbourg] recrute un charg\u00e9 de projets artistiques, r\u00e9f\u00e9rent \u201cPratiques collective &amp; Education artistique et culturelle\u201d [F\/H] - HIERO STRASBOURG","robots":{"index":"index","follow":"follow","max-snippet":"max-snippet:-1","max-image-preview":"max-image-preview:large","max-video-preview":"max-video-preview:-1"},"canonical":"https:\/\/hierostrasbourg.com\/index.php\/2022\/03\/30\/cadence-strasbourg-recrute-un-charge-de-projets-artistiques-referent-pratiques-collective-education-artistique-et-culturelle-f-h\/","og_locale":"fr_FR","og_type":"article","og_title":"CADENCE [Strasbourg] recrute un charg\u00e9 de projets artistiques, r\u00e9f\u00e9rent \u201cPratiques collective &amp; Education artistique et culturelle\u201d [F\/H] - HIERO STRASBOURG","og_description":"Cadence est une association qui \u0153uvre pour le d\u00e9veloppement et la structuration des pratiques collectives de la musique en amateur par le soutien et l\u2019initiative de projets, la formation, l\u2019accompagnement, l\u2019observation et la mise en r\u00e9seau des acteurs du territoire r\u00e9gional. Le p\u00f4le musical intervient aupr\u00e8s d\u2019un large public, en de nombreux endroits o\u00f9 la musique peut se pratiquer collectivement. Son domaine d\u2019intervention se situe \u00e0 la crois\u00e9e des pratiques artistiques, de l\u2019\u00e9ducation artistique et culturelle et de l\u2019enseignement artistique. [&hellip;]","og_url":"https:\/\/hierostrasbourg.com\/index.php\/2022\/03\/30\/cadence-strasbourg-recrute-un-charge-de-projets-artistiques-referent-pratiques-collective-education-artistique-et-culturelle-f-h\/","og_site_name":"HIERO STRASBOURG","article_publisher":"https:\/\/www.facebook.com\/fedehierostrasbourg","article_published_time":"2022-03-30T19:32:07+00:00","twitter_card":"summary_large_image","twitter_creator":"@hierostrasbourg","twitter_site":"@hierostrasbourg","twitter_misc":{"Dur\u00e9e de lecture estim\u00e9e":"4 minutes"},"schema":{"@context":"https:\/\/schema.org","@graph":[{"@type":"Article","@id":"https:\/\/hierostrasbourg.com\/index.php\/2022\/03\/30\/cadence-strasbourg-recrute-un-charge-de-projets-artistiques-referent-pratiques-collective-education-artistique-et-culturelle-f-h\/#article","isPartOf":{"@id":"https:\/\/hierostrasbourg.com\/index.php\/2022\/03\/30\/cadence-strasbourg-recrute-un-charge-de-projets-artistiques-referent-pratiques-collective-education-artistique-et-culturelle-f-h\/"},"author":{"name":"","@id":""},"headline":"CADENCE [Strasbourg] recrute un charg\u00e9 de projets artistiques, r\u00e9f\u00e9rent \u201cPratiques collective &amp; Education artistique et culturelle\u201d [F\/H]","datePublished":"2022-03-30T19:32:07+00:00","mainEntityOfPage":{"@id":"https:\/\/hierostrasbourg.com\/index.php\/2022\/03\/30\/cadence-strasbourg-recrute-un-charge-de-projets-artistiques-referent-pratiques-collective-education-artistique-et-culturelle-f-h\/"},"wordCount":839,"publisher":{"@id":"https:\/\/hierostrasbourg.com\/#organization"},"inLanguage":"fr-FR"},{"@type":"WebPage","@id":"https:\/\/hierostrasbourg.com\/index.php\/2022\/03\/30\/cadence-strasbourg-recrute-un-charge-de-projets-artistiques-referent-pratiques-collective-education-artistique-et-culturelle-f-h\/","url":"https:\/\/hierostrasbourg.com\/index.php\/2022\/03\/30\/cadence-strasbourg-recrute-un-charge-de-projets-artistiques-referent-pratiques-collective-education-artistique-et-culturelle-f-h\/","name":"CADENCE [Strasbourg] recrute un charg\u00e9 de projets artistiques, r\u00e9f\u00e9rent \u201cPratiques collective &amp; Education artistique et culturelle\u201d [F\/H] - HIERO STRASBOURG","isPartOf":{"@id":"https:\/\/hierostrasbourg.com\/#website"},"datePublished":"2022-03-30T19:32:07+00:00","breadcrumb":{"@id":"https:\/\/hierostrasbourg.com\/index.php\/2022\/03\/30\/cadence-strasbourg-recrute-un-charge-de-projets-artistiques-referent-pratiques-collective-education-artistique-et-culturelle-f-h\/#breadcrumb"},"inLanguage":"fr-FR","potentialAction":[{"@type":"ReadAction","target":["https:\/\/hierostrasbourg.com\/index.php\/2022\/03\/30\/cadence-strasbourg-recrute-un-charge-de-projets-artistiques-referent-pratiques-collective-education-artistique-et-culturelle-f-h\/"]}]},{"@type":"BreadcrumbList","@id":"https:\/\/hierostrasbourg.com\/index.php\/2022\/03\/30\/cadence-strasbourg-recrute-un-charge-de-projets-artistiques-referent-pratiques-collective-education-artistique-et-culturelle-f-h\/#breadcrumb","itemListElement":[{"@type":"ListItem","position":1,"name":"Accueil","item":"https:\/\/hierostrasbourg.com\/"},{"@type":"ListItem","position":2,"name":"CADENCE [Strasbourg] recrute un charg\u00e9 de projets artistiques, r\u00e9f\u00e9rent \u201cPratiques collective &amp; Education artistique et culturelle\u201d [F\/H]"}]},{"@type":"WebSite","@id":"https:\/\/hierostrasbourg.com\/#website","url":"https:\/\/hierostrasbourg.com\/","name":"HIERO STRASBOURG","description":"Centre de Ressources Musiques Actuelles","publisher":{"@id":"https:\/\/hierostrasbourg.com\/#organization"},"potentialAction":[{"@type":"SearchAction","target":{"@type":"EntryPoint","urlTemplate":"https:\/\/hierostrasbourg.com\/?s={search_term_string}"},"query-input":{"@type":"PropertyValueSpecification","valueRequired":true,"valueName":"search_term_string"}}],"inLanguage":"fr-FR"},{"@type":"Organization","@id":"https:\/\/hierostrasbourg.com\/#organization","name":"F\u00e9d\u00e9ration Hi\u00e9ro Strasbourg","url":"https:\/\/hierostrasbourg.com\/","logo":{"@type":"ImageObject","inLanguage":"fr-FR","@id":"https:\/\/hierostrasbourg.com\/#\/schema\/logo\/image\/","url":"https:\/\/hierostrasbourg.com\/wp-content\/uploads\/2026\/04\/logo-hiero-strasbourg.jpg","contentUrl":"https:\/\/hierostrasbourg.com\/wp-content\/uploads\/2026\/04\/logo-hiero-strasbourg.jpg","width":204,"height":192,"caption":"F\u00e9d\u00e9ration Hi\u00e9ro Strasbourg"},"image":{"@id":"https:\/\/hierostrasbourg.com\/#\/schema\/logo\/image\/"},"sameAs":["https:\/\/www.facebook.com\/fedehierostrasbourg","https:\/\/x.com\/hierostrasbourg"]}]}},"_links":{"self":[{"href":"https:\/\/hierostrasbourg.com\/index.php\/wp-json\/wp\/v2\/posts\/2153","targetHints":{"allow":["GET"]}}],"collection":[{"href":"https:\/\/hierostrasbourg.com\/index.php\/wp-json\/wp\/v2\/posts"}],"about":[{"href":"https:\/\/hierostrasbourg.com\/index.php\/wp-json\/wp\/v2\/types\/post"}],"replies":[{"embeddable":true,"href":"https:\/\/hierostrasbourg.com\/index.php\/wp-json\/wp\/v2\/comments?post=2153"}],"version-history":[{"count":0,"href":"https:\/\/hierostrasbourg.com\/index.php\/wp-json\/wp\/v2\/posts\/2153\/revisions"}],"wp:attachment":[{"href":"https:\/\/hierostrasbourg.com\/index.php\/wp-json\/wp\/v2\/media?parent=2153"}],"wp:term":[{"taxonomy":"category","embeddable":true,"href":"https:\/\/hierostrasbourg.com\/index.php\/wp-json\/wp\/v2\/categories?post=2153"},{"taxonomy":"post_tag","embeddable":true,"href":"https:\/\/hierostrasbourg.com\/index.php\/wp-json\/wp\/v2\/tags?post=2153"}],"curies":[{"name":"wp","href":"https:\/\/api.w.org\/{rel}","templated":true}]}}