{"id":2136,"date":"2022-03-26T09:31:28","date_gmt":"2022-03-26T08:31:28","guid":{"rendered":"https:\/\/hierostrasbourg.com\/index.php\/2022\/03\/26\/le-festival-scenes-de-rue-mulhouse-propose-un-stage-assistant-a-la-coordination-f-h-2\/"},"modified":"2022-03-26T09:31:28","modified_gmt":"2022-03-26T08:31:28","slug":"le-festival-scenes-de-rue-mulhouse-propose-un-stage-assistant-a-la-coordination-f-h-2","status":"publish","type":"post","link":"https:\/\/hierostrasbourg.com\/index.php\/2022\/03\/26\/le-festival-scenes-de-rue-mulhouse-propose-un-stage-assistant-a-la-coordination-f-h-2\/","title":{"rendered":"le festival SC\u00c8NES DE RUE [Mulhouse]  propose un stage \u201cassistant \u00e0 la coordination\u201d [F\/H]"},"content":{"rendered":"<p>Le service D\u00e9veloppement culturel de la Ville de Mulhouse met en \u0153uvre la politique culturelle de la collectivit\u00e9. Il a pour mission de soutenir les acteurs culturels, d\u2019instruire les demandes de subventions culturelles aux associations ainsi que les aides aux projets culturels. Fort de son expertise, il accompagne les porteurs de projets dans leur mise en \u0153uvre administrative et logistique Il coordonne, imagine et met en \u0153uvre, particuli\u00e8rement pendant la p\u00e9riode estivale, un ensemble de projets culturels relevant de diff\u00e9rentes [\u2026]<\/p>\n<p>L\u2019article <a href=\"https:\/\/musiquesactuelles.alsace\/le-festival-scenes-de-rue-mulhouse-propose-un-stage-assistant-a-la-coordination-f-h\/\">le festival SC\u00c8NES DE RUE [Mulhouse]  propose un stage \u201cassistant \u00e0 la coordination\u201d [F\/H]<\/a> est apparu en premier sur <a href=\"https:\/\/musiquesactuelles.alsace\/\">Musiques Actuelles en Alsace<\/a>.<\/p>\n<p>L\u2019article <a href=\"https:\/\/popburo.fr\/le-festival-scenes-de-rue-mulhouse-propose-un-stage-assistant-a-la-coordination-f-h-2\/\">le festival SC\u00c8NES DE RUE [Mulhouse]  propose un stage \u201cassistant \u00e0 la coordination\u201d [F\/H]<\/a> est apparu en premier sur <a href=\"https:\/\/popburo.fr\/\">POP B\u00dcRO<\/a>.<\/p>\n","protected":false},"excerpt":{"rendered":"<p>Le service D\u00e9veloppement culturel de la Ville de Mulhouse met en \u0153uvre la politique culturelle de la collectivit\u00e9. Il a pour mission de soutenir les acteurs culturels, d\u2019instruire les demandes de subventions culturelles aux associations ainsi que les aides aux projets culturels. Fort de son expertise, il accompagne les porteurs de projets dans leur mise en \u0153uvre administrative et logistique Il coordonne, imagine et met en \u0153uvre, particuli\u00e8rement pendant la p\u00e9riode estivale, un ensemble de projets culturels relevant de diff\u00e9rentes [&hellip;]<\/p>\n","protected":false},"author":0,"featured_media":0,"comment_status":"closed","ping_status":"open","sticky":false,"template":"","format":"standard","meta":{"footnotes":""},"categories":[1],"tags":[],"class_list":["post-2136","post","type-post","status-publish","format-standard","hentry","category-non-classe"],"yoast_head":"<!-- This site is optimized with the Yoast SEO plugin v27.4 - https:\/\/yoast.com\/product\/yoast-seo-wordpress\/ -->\n<title>le festival SC\u00c8NES DE RUE [Mulhouse] propose un stage \u201cassistant \u00e0 la coordination\u201d [F\/H] - HIERO STRASBOURG<\/title>\n<meta name=\"robots\" content=\"index, follow, max-snippet:-1, max-image-preview:large, max-video-preview:-1\" \/>\n<link rel=\"canonical\" href=\"https:\/\/hierostrasbourg.com\/index.php\/2022\/03\/26\/le-festival-scenes-de-rue-mulhouse-propose-un-stage-assistant-a-la-coordination-f-h-2\/\" \/>\n<meta property=\"og:locale\" content=\"fr_FR\" \/>\n<meta property=\"og:type\" content=\"article\" \/>\n<meta property=\"og:title\" content=\"le festival SC\u00c8NES DE RUE [Mulhouse] propose un stage \u201cassistant \u00e0 la coordination\u201d [F\/H] - HIERO STRASBOURG\" \/>\n<meta property=\"og:description\" content=\"Le service D\u00e9veloppement culturel de la Ville de Mulhouse met en \u0153uvre la politique culturelle de la collectivit\u00e9. Il a pour mission de soutenir les acteurs culturels, d\u2019instruire les demandes de subventions culturelles aux associations ainsi que les aides aux projets culturels. Fort de son expertise, il accompagne les porteurs de projets dans leur mise en \u0153uvre administrative et logistique Il coordonne, imagine et met en \u0153uvre, particuli\u00e8rement pendant la p\u00e9riode estivale, un ensemble de projets culturels relevant de diff\u00e9rentes [&hellip;]\" \/>\n<meta property=\"og:url\" content=\"https:\/\/hierostrasbourg.com\/index.php\/2022\/03\/26\/le-festival-scenes-de-rue-mulhouse-propose-un-stage-assistant-a-la-coordination-f-h-2\/\" \/>\n<meta property=\"og:site_name\" content=\"HIERO STRASBOURG\" \/>\n<meta property=\"article:publisher\" content=\"https:\/\/www.facebook.com\/fedehierostrasbourg\" \/>\n<meta property=\"article:published_time\" content=\"2022-03-26T08:31:28+00:00\" \/>\n<meta name=\"twitter:card\" content=\"summary_large_image\" \/>\n<meta name=\"twitter:creator\" content=\"@hierostrasbourg\" \/>\n<meta name=\"twitter:site\" content=\"@hierostrasbourg\" \/>\n<meta name=\"twitter:label1\" content=\"Dur\u00e9e de lecture estim\u00e9e\" \/>\n\t<meta name=\"twitter:data1\" content=\"1 minute\" \/>\n<script type=\"application\/ld+json\" class=\"yoast-schema-graph\">{\"@context\":\"https:\\\/\\\/schema.org\",\"@graph\":[{\"@type\":\"Article\",\"@id\":\"https:\\\/\\\/hierostrasbourg.com\\\/index.php\\\/2022\\\/03\\\/26\\\/le-festival-scenes-de-rue-mulhouse-propose-un-stage-assistant-a-la-coordination-f-h-2\\\/#article\",\"isPartOf\":{\"@id\":\"https:\\\/\\\/hierostrasbourg.com\\\/index.php\\\/2022\\\/03\\\/26\\\/le-festival-scenes-de-rue-mulhouse-propose-un-stage-assistant-a-la-coordination-f-h-2\\\/\"},\"author\":{\"name\":\"\",\"@id\":\"\"},\"headline\":\"le festival SC\u00c8NES DE RUE [Mulhouse] propose un stage \u201cassistant \u00e0 la coordination\u201d [F\\\/H]\",\"datePublished\":\"2022-03-26T08:31:28+00:00\",\"mainEntityOfPage\":{\"@id\":\"https:\\\/\\\/hierostrasbourg.com\\\/index.php\\\/2022\\\/03\\\/26\\\/le-festival-scenes-de-rue-mulhouse-propose-un-stage-assistant-a-la-coordination-f-h-2\\\/\"},\"wordCount\":151,\"publisher\":{\"@id\":\"https:\\\/\\\/hierostrasbourg.com\\\/#organization\"},\"inLanguage\":\"fr-FR\"},{\"@type\":\"WebPage\",\"@id\":\"https:\\\/\\\/hierostrasbourg.com\\\/index.php\\\/2022\\\/03\\\/26\\\/le-festival-scenes-de-rue-mulhouse-propose-un-stage-assistant-a-la-coordination-f-h-2\\\/\",\"url\":\"https:\\\/\\\/hierostrasbourg.com\\\/index.php\\\/2022\\\/03\\\/26\\\/le-festival-scenes-de-rue-mulhouse-propose-un-stage-assistant-a-la-coordination-f-h-2\\\/\",\"name\":\"le festival SC\u00c8NES DE RUE [Mulhouse] propose un stage \u201cassistant \u00e0 la coordination\u201d [F\\\/H] - HIERO STRASBOURG\",\"isPartOf\":{\"@id\":\"https:\\\/\\\/hierostrasbourg.com\\\/#website\"},\"datePublished\":\"2022-03-26T08:31:28+00:00\",\"breadcrumb\":{\"@id\":\"https:\\\/\\\/hierostrasbourg.com\\\/index.php\\\/2022\\\/03\\\/26\\\/le-festival-scenes-de-rue-mulhouse-propose-un-stage-assistant-a-la-coordination-f-h-2\\\/#breadcrumb\"},\"inLanguage\":\"fr-FR\",\"potentialAction\":[{\"@type\":\"ReadAction\",\"target\":[\"https:\\\/\\\/hierostrasbourg.com\\\/index.php\\\/2022\\\/03\\\/26\\\/le-festival-scenes-de-rue-mulhouse-propose-un-stage-assistant-a-la-coordination-f-h-2\\\/\"]}]},{\"@type\":\"BreadcrumbList\",\"@id\":\"https:\\\/\\\/hierostrasbourg.com\\\/index.php\\\/2022\\\/03\\\/26\\\/le-festival-scenes-de-rue-mulhouse-propose-un-stage-assistant-a-la-coordination-f-h-2\\\/#breadcrumb\",\"itemListElement\":[{\"@type\":\"ListItem\",\"position\":1,\"name\":\"Accueil\",\"item\":\"https:\\\/\\\/hierostrasbourg.com\\\/\"},{\"@type\":\"ListItem\",\"position\":2,\"name\":\"le festival SC\u00c8NES DE RUE [Mulhouse] propose un stage \u201cassistant \u00e0 la coordination\u201d [F\\\/H]\"}]},{\"@type\":\"WebSite\",\"@id\":\"https:\\\/\\\/hierostrasbourg.com\\\/#website\",\"url\":\"https:\\\/\\\/hierostrasbourg.com\\\/\",\"name\":\"HIERO STRASBOURG\",\"description\":\"Centre de Ressources Musiques Actuelles\",\"publisher\":{\"@id\":\"https:\\\/\\\/hierostrasbourg.com\\\/#organization\"},\"potentialAction\":[{\"@type\":\"SearchAction\",\"target\":{\"@type\":\"EntryPoint\",\"urlTemplate\":\"https:\\\/\\\/hierostrasbourg.com\\\/?s={search_term_string}\"},\"query-input\":{\"@type\":\"PropertyValueSpecification\",\"valueRequired\":true,\"valueName\":\"search_term_string\"}}],\"inLanguage\":\"fr-FR\"},{\"@type\":\"Organization\",\"@id\":\"https:\\\/\\\/hierostrasbourg.com\\\/#organization\",\"name\":\"F\u00e9d\u00e9ration Hi\u00e9ro Strasbourg\",\"url\":\"https:\\\/\\\/hierostrasbourg.com\\\/\",\"logo\":{\"@type\":\"ImageObject\",\"inLanguage\":\"fr-FR\",\"@id\":\"https:\\\/\\\/hierostrasbourg.com\\\/#\\\/schema\\\/logo\\\/image\\\/\",\"url\":\"https:\\\/\\\/hierostrasbourg.com\\\/wp-content\\\/uploads\\\/2026\\\/04\\\/logo-hiero-strasbourg.jpg\",\"contentUrl\":\"https:\\\/\\\/hierostrasbourg.com\\\/wp-content\\\/uploads\\\/2026\\\/04\\\/logo-hiero-strasbourg.jpg\",\"width\":204,\"height\":192,\"caption\":\"F\u00e9d\u00e9ration Hi\u00e9ro Strasbourg\"},\"image\":{\"@id\":\"https:\\\/\\\/hierostrasbourg.com\\\/#\\\/schema\\\/logo\\\/image\\\/\"},\"sameAs\":[\"https:\\\/\\\/www.facebook.com\\\/fedehierostrasbourg\",\"https:\\\/\\\/x.com\\\/hierostrasbourg\"]}]}<\/script>\n<!-- \/ Yoast SEO plugin. -->","yoast_head_json":{"title":"le festival SC\u00c8NES DE RUE [Mulhouse] propose un stage \u201cassistant \u00e0 la coordination\u201d [F\/H] - HIERO STRASBOURG","robots":{"index":"index","follow":"follow","max-snippet":"max-snippet:-1","max-image-preview":"max-image-preview:large","max-video-preview":"max-video-preview:-1"},"canonical":"https:\/\/hierostrasbourg.com\/index.php\/2022\/03\/26\/le-festival-scenes-de-rue-mulhouse-propose-un-stage-assistant-a-la-coordination-f-h-2\/","og_locale":"fr_FR","og_type":"article","og_title":"le festival SC\u00c8NES DE RUE [Mulhouse] propose un stage \u201cassistant \u00e0 la coordination\u201d [F\/H] - HIERO STRASBOURG","og_description":"Le service D\u00e9veloppement culturel de la Ville de Mulhouse met en \u0153uvre la politique culturelle de la collectivit\u00e9. Il a pour mission de soutenir les acteurs culturels, d\u2019instruire les demandes de subventions culturelles aux associations ainsi que les aides aux projets culturels. Fort de son expertise, il accompagne les porteurs de projets dans leur mise en \u0153uvre administrative et logistique Il coordonne, imagine et met en \u0153uvre, particuli\u00e8rement pendant la p\u00e9riode estivale, un ensemble de projets culturels relevant de diff\u00e9rentes [&hellip;]","og_url":"https:\/\/hierostrasbourg.com\/index.php\/2022\/03\/26\/le-festival-scenes-de-rue-mulhouse-propose-un-stage-assistant-a-la-coordination-f-h-2\/","og_site_name":"HIERO STRASBOURG","article_publisher":"https:\/\/www.facebook.com\/fedehierostrasbourg","article_published_time":"2022-03-26T08:31:28+00:00","twitter_card":"summary_large_image","twitter_creator":"@hierostrasbourg","twitter_site":"@hierostrasbourg","twitter_misc":{"Dur\u00e9e de lecture estim\u00e9e":"1 minute"},"schema":{"@context":"https:\/\/schema.org","@graph":[{"@type":"Article","@id":"https:\/\/hierostrasbourg.com\/index.php\/2022\/03\/26\/le-festival-scenes-de-rue-mulhouse-propose-un-stage-assistant-a-la-coordination-f-h-2\/#article","isPartOf":{"@id":"https:\/\/hierostrasbourg.com\/index.php\/2022\/03\/26\/le-festival-scenes-de-rue-mulhouse-propose-un-stage-assistant-a-la-coordination-f-h-2\/"},"author":{"name":"","@id":""},"headline":"le festival SC\u00c8NES DE RUE [Mulhouse] propose un stage \u201cassistant \u00e0 la coordination\u201d [F\/H]","datePublished":"2022-03-26T08:31:28+00:00","mainEntityOfPage":{"@id":"https:\/\/hierostrasbourg.com\/index.php\/2022\/03\/26\/le-festival-scenes-de-rue-mulhouse-propose-un-stage-assistant-a-la-coordination-f-h-2\/"},"wordCount":151,"publisher":{"@id":"https:\/\/hierostrasbourg.com\/#organization"},"inLanguage":"fr-FR"},{"@type":"WebPage","@id":"https:\/\/hierostrasbourg.com\/index.php\/2022\/03\/26\/le-festival-scenes-de-rue-mulhouse-propose-un-stage-assistant-a-la-coordination-f-h-2\/","url":"https:\/\/hierostrasbourg.com\/index.php\/2022\/03\/26\/le-festival-scenes-de-rue-mulhouse-propose-un-stage-assistant-a-la-coordination-f-h-2\/","name":"le festival SC\u00c8NES DE RUE [Mulhouse] propose un stage \u201cassistant \u00e0 la coordination\u201d [F\/H] - HIERO STRASBOURG","isPartOf":{"@id":"https:\/\/hierostrasbourg.com\/#website"},"datePublished":"2022-03-26T08:31:28+00:00","breadcrumb":{"@id":"https:\/\/hierostrasbourg.com\/index.php\/2022\/03\/26\/le-festival-scenes-de-rue-mulhouse-propose-un-stage-assistant-a-la-coordination-f-h-2\/#breadcrumb"},"inLanguage":"fr-FR","potentialAction":[{"@type":"ReadAction","target":["https:\/\/hierostrasbourg.com\/index.php\/2022\/03\/26\/le-festival-scenes-de-rue-mulhouse-propose-un-stage-assistant-a-la-coordination-f-h-2\/"]}]},{"@type":"BreadcrumbList","@id":"https:\/\/hierostrasbourg.com\/index.php\/2022\/03\/26\/le-festival-scenes-de-rue-mulhouse-propose-un-stage-assistant-a-la-coordination-f-h-2\/#breadcrumb","itemListElement":[{"@type":"ListItem","position":1,"name":"Accueil","item":"https:\/\/hierostrasbourg.com\/"},{"@type":"ListItem","position":2,"name":"le festival SC\u00c8NES DE RUE [Mulhouse] propose un stage \u201cassistant \u00e0 la coordination\u201d [F\/H]"}]},{"@type":"WebSite","@id":"https:\/\/hierostrasbourg.com\/#website","url":"https:\/\/hierostrasbourg.com\/","name":"HIERO STRASBOURG","description":"Centre de Ressources Musiques Actuelles","publisher":{"@id":"https:\/\/hierostrasbourg.com\/#organization"},"potentialAction":[{"@type":"SearchAction","target":{"@type":"EntryPoint","urlTemplate":"https:\/\/hierostrasbourg.com\/?s={search_term_string}"},"query-input":{"@type":"PropertyValueSpecification","valueRequired":true,"valueName":"search_term_string"}}],"inLanguage":"fr-FR"},{"@type":"Organization","@id":"https:\/\/hierostrasbourg.com\/#organization","name":"F\u00e9d\u00e9ration Hi\u00e9ro Strasbourg","url":"https:\/\/hierostrasbourg.com\/","logo":{"@type":"ImageObject","inLanguage":"fr-FR","@id":"https:\/\/hierostrasbourg.com\/#\/schema\/logo\/image\/","url":"https:\/\/hierostrasbourg.com\/wp-content\/uploads\/2026\/04\/logo-hiero-strasbourg.jpg","contentUrl":"https:\/\/hierostrasbourg.com\/wp-content\/uploads\/2026\/04\/logo-hiero-strasbourg.jpg","width":204,"height":192,"caption":"F\u00e9d\u00e9ration Hi\u00e9ro Strasbourg"},"image":{"@id":"https:\/\/hierostrasbourg.com\/#\/schema\/logo\/image\/"},"sameAs":["https:\/\/www.facebook.com\/fedehierostrasbourg","https:\/\/x.com\/hierostrasbourg"]}]}},"_links":{"self":[{"href":"https:\/\/hierostrasbourg.com\/index.php\/wp-json\/wp\/v2\/posts\/2136","targetHints":{"allow":["GET"]}}],"collection":[{"href":"https:\/\/hierostrasbourg.com\/index.php\/wp-json\/wp\/v2\/posts"}],"about":[{"href":"https:\/\/hierostrasbourg.com\/index.php\/wp-json\/wp\/v2\/types\/post"}],"replies":[{"embeddable":true,"href":"https:\/\/hierostrasbourg.com\/index.php\/wp-json\/wp\/v2\/comments?post=2136"}],"version-history":[{"count":0,"href":"https:\/\/hierostrasbourg.com\/index.php\/wp-json\/wp\/v2\/posts\/2136\/revisions"}],"wp:attachment":[{"href":"https:\/\/hierostrasbourg.com\/index.php\/wp-json\/wp\/v2\/media?parent=2136"}],"wp:term":[{"taxonomy":"category","embeddable":true,"href":"https:\/\/hierostrasbourg.com\/index.php\/wp-json\/wp\/v2\/categories?post=2136"},{"taxonomy":"post_tag","embeddable":true,"href":"https:\/\/hierostrasbourg.com\/index.php\/wp-json\/wp\/v2\/tags?post=2136"}],"curies":[{"name":"wp","href":"https:\/\/api.w.org\/{rel}","templated":true}]}}