{"id":2128,"date":"2022-03-25T16:34:59","date_gmt":"2022-03-25T15:34:59","guid":{"rendered":"https:\/\/hierostrasbourg.com\/index.php\/2022\/03\/25\/appel-a-manifestation-dinteret-residences-des-jeunes-estivants-artistes-2\/"},"modified":"2022-03-25T16:34:59","modified_gmt":"2022-03-25T15:34:59","slug":"appel-a-manifestation-dinteret-residences-des-jeunes-estivants-artistes-2","status":"publish","type":"post","link":"https:\/\/hierostrasbourg.com\/index.php\/2022\/03\/25\/appel-a-manifestation-dinteret-residences-des-jeunes-estivants-artistes-2\/","title":{"rendered":"Appel \u00e0 manifestation d\u2019int\u00e9r\u00eat \u201cR\u00e9sidences des Jeunes ESTivants\u201d \u2013 Artistes"},"content":{"rendered":"<p>Dans le cadre de l\u2019Et\u00e9 culturel 2022 du minist\u00e8re de la Culture, la DRAC Grand Est renouvelle\u00a0son soutien \u00e0 la jeune cr\u00e9ation artistique et reconduit le dispositif \u00ab Jeunes ESTivants \u00bb. Coordonn\u00e9 par l\u2019association Sc\u00e8nes et Territoires, cet Appel \u00e0 manifestation d\u2019int\u00e9r\u00eat (AMI) soutient la mise en place et le\u00a0d\u00e9veloppement de r\u00e9sidences individuelles ou collectives de jeunes artistes sur le territoire\u00a0r\u00e9gional. Objectifs Soutenir l\u2019\u00e9mergence et la jeune cr\u00e9ation artistique ; Favoriser la rencontre entre jeunes artistes et habitants des territoires [\u2026]<\/p>\n<p>L\u2019article <a href=\"https:\/\/musiquesactuelles.alsace\/appel-a-manifestation-dinteret-residences-des-jeunes-estivants-artistes\/\">Appel \u00e0 manifestation d\u2019int\u00e9r\u00eat \u201cR\u00e9sidences des Jeunes ESTivants\u201d \u2013 Artistes<\/a> est apparu en premier sur <a href=\"https:\/\/musiquesactuelles.alsace\/\">Musiques Actuelles en Alsace<\/a>.<\/p>\n<p>L\u2019article <a href=\"https:\/\/popburo.fr\/appel-a-manifestation-dinteret-residences-des-jeunes-estivants-artistes-2\/\">Appel \u00e0 manifestation d\u2019int\u00e9r\u00eat \u201cR\u00e9sidences des Jeunes ESTivants\u201d \u2013 Artistes<\/a> est apparu en premier sur <a href=\"https:\/\/popburo.fr\/\">POP B\u00dcRO<\/a>.<\/p>\n","protected":false},"excerpt":{"rendered":"<p>Dans le cadre de l\u2019Et\u00e9 culturel 2022 du minist\u00e8re de la Culture, la DRAC Grand Est renouvelle\u00a0son soutien \u00e0 la jeune cr\u00e9ation artistique et reconduit le dispositif \u00ab Jeunes ESTivants \u00bb. Coordonn\u00e9 par l\u2019association Sc\u00e8nes et Territoires, cet Appel \u00e0 manifestation d\u2019int\u00e9r\u00eat (AMI) soutient la mise en place et le\u00a0d\u00e9veloppement de r\u00e9sidences individuelles ou collectives de jeunes artistes sur le territoire\u00a0r\u00e9gional. Objectifs Soutenir l\u2019\u00e9mergence et la jeune cr\u00e9ation artistique ; Favoriser la rencontre entre jeunes artistes et habitants des territoires [&hellip;]<\/p>\n","protected":false},"author":0,"featured_media":0,"comment_status":"closed","ping_status":"open","sticky":false,"template":"","format":"standard","meta":{"footnotes":""},"categories":[1],"tags":[],"class_list":["post-2128","post","type-post","status-publish","format-standard","hentry","category-non-classe"],"yoast_head":"<!-- This site is optimized with the Yoast SEO plugin v27.4 - https:\/\/yoast.com\/product\/yoast-seo-wordpress\/ -->\n<title>Appel \u00e0 manifestation d\u2019int\u00e9r\u00eat \u201cR\u00e9sidences des Jeunes ESTivants\u201d \u2013 Artistes - HIERO STRASBOURG<\/title>\n<meta name=\"robots\" content=\"index, follow, max-snippet:-1, max-image-preview:large, max-video-preview:-1\" \/>\n<link rel=\"canonical\" href=\"https:\/\/hierostrasbourg.com\/index.php\/2022\/03\/25\/appel-a-manifestation-dinteret-residences-des-jeunes-estivants-artistes-2\/\" \/>\n<meta property=\"og:locale\" content=\"fr_FR\" \/>\n<meta property=\"og:type\" content=\"article\" \/>\n<meta property=\"og:title\" content=\"Appel \u00e0 manifestation d\u2019int\u00e9r\u00eat \u201cR\u00e9sidences des Jeunes ESTivants\u201d \u2013 Artistes - HIERO STRASBOURG\" \/>\n<meta property=\"og:description\" content=\"Dans le cadre de l\u2019Et\u00e9 culturel 2022 du minist\u00e8re de la Culture, la DRAC Grand Est renouvelle\u00a0son soutien \u00e0 la jeune cr\u00e9ation artistique et reconduit le dispositif \u00ab Jeunes ESTivants \u00bb. Coordonn\u00e9 par l\u2019association Sc\u00e8nes et Territoires, cet Appel \u00e0 manifestation d\u2019int\u00e9r\u00eat (AMI) soutient la mise en place et le\u00a0d\u00e9veloppement de r\u00e9sidences individuelles ou collectives de jeunes artistes sur le territoire\u00a0r\u00e9gional. Objectifs Soutenir l\u2019\u00e9mergence et la jeune cr\u00e9ation artistique ; Favoriser la rencontre entre jeunes artistes et habitants des territoires [&hellip;]\" \/>\n<meta property=\"og:url\" content=\"https:\/\/hierostrasbourg.com\/index.php\/2022\/03\/25\/appel-a-manifestation-dinteret-residences-des-jeunes-estivants-artistes-2\/\" \/>\n<meta property=\"og:site_name\" content=\"HIERO STRASBOURG\" \/>\n<meta property=\"article:publisher\" content=\"https:\/\/www.facebook.com\/fedehierostrasbourg\" \/>\n<meta property=\"article:published_time\" content=\"2022-03-25T15:34:59+00:00\" \/>\n<meta name=\"twitter:card\" content=\"summary_large_image\" \/>\n<meta name=\"twitter:creator\" content=\"@hierostrasbourg\" \/>\n<meta name=\"twitter:site\" content=\"@hierostrasbourg\" \/>\n<meta name=\"twitter:label1\" content=\"Dur\u00e9e de lecture estim\u00e9e\" \/>\n\t<meta name=\"twitter:data1\" content=\"1 minute\" \/>\n<script type=\"application\/ld+json\" class=\"yoast-schema-graph\">{\"@context\":\"https:\\\/\\\/schema.org\",\"@graph\":[{\"@type\":\"Article\",\"@id\":\"https:\\\/\\\/hierostrasbourg.com\\\/index.php\\\/2022\\\/03\\\/25\\\/appel-a-manifestation-dinteret-residences-des-jeunes-estivants-artistes-2\\\/#article\",\"isPartOf\":{\"@id\":\"https:\\\/\\\/hierostrasbourg.com\\\/index.php\\\/2022\\\/03\\\/25\\\/appel-a-manifestation-dinteret-residences-des-jeunes-estivants-artistes-2\\\/\"},\"author\":{\"name\":\"\",\"@id\":\"\"},\"headline\":\"Appel \u00e0 manifestation d\u2019int\u00e9r\u00eat \u201cR\u00e9sidences des Jeunes ESTivants\u201d \u2013 Artistes\",\"datePublished\":\"2022-03-25T15:34:59+00:00\",\"mainEntityOfPage\":{\"@id\":\"https:\\\/\\\/hierostrasbourg.com\\\/index.php\\\/2022\\\/03\\\/25\\\/appel-a-manifestation-dinteret-residences-des-jeunes-estivants-artistes-2\\\/\"},\"wordCount\":147,\"publisher\":{\"@id\":\"https:\\\/\\\/hierostrasbourg.com\\\/#organization\"},\"inLanguage\":\"fr-FR\"},{\"@type\":\"WebPage\",\"@id\":\"https:\\\/\\\/hierostrasbourg.com\\\/index.php\\\/2022\\\/03\\\/25\\\/appel-a-manifestation-dinteret-residences-des-jeunes-estivants-artistes-2\\\/\",\"url\":\"https:\\\/\\\/hierostrasbourg.com\\\/index.php\\\/2022\\\/03\\\/25\\\/appel-a-manifestation-dinteret-residences-des-jeunes-estivants-artistes-2\\\/\",\"name\":\"Appel \u00e0 manifestation d\u2019int\u00e9r\u00eat \u201cR\u00e9sidences des Jeunes ESTivants\u201d \u2013 Artistes - HIERO STRASBOURG\",\"isPartOf\":{\"@id\":\"https:\\\/\\\/hierostrasbourg.com\\\/#website\"},\"datePublished\":\"2022-03-25T15:34:59+00:00\",\"breadcrumb\":{\"@id\":\"https:\\\/\\\/hierostrasbourg.com\\\/index.php\\\/2022\\\/03\\\/25\\\/appel-a-manifestation-dinteret-residences-des-jeunes-estivants-artistes-2\\\/#breadcrumb\"},\"inLanguage\":\"fr-FR\",\"potentialAction\":[{\"@type\":\"ReadAction\",\"target\":[\"https:\\\/\\\/hierostrasbourg.com\\\/index.php\\\/2022\\\/03\\\/25\\\/appel-a-manifestation-dinteret-residences-des-jeunes-estivants-artistes-2\\\/\"]}]},{\"@type\":\"BreadcrumbList\",\"@id\":\"https:\\\/\\\/hierostrasbourg.com\\\/index.php\\\/2022\\\/03\\\/25\\\/appel-a-manifestation-dinteret-residences-des-jeunes-estivants-artistes-2\\\/#breadcrumb\",\"itemListElement\":[{\"@type\":\"ListItem\",\"position\":1,\"name\":\"Accueil\",\"item\":\"https:\\\/\\\/hierostrasbourg.com\\\/\"},{\"@type\":\"ListItem\",\"position\":2,\"name\":\"Appel \u00e0 manifestation d\u2019int\u00e9r\u00eat \u201cR\u00e9sidences des Jeunes ESTivants\u201d \u2013 Artistes\"}]},{\"@type\":\"WebSite\",\"@id\":\"https:\\\/\\\/hierostrasbourg.com\\\/#website\",\"url\":\"https:\\\/\\\/hierostrasbourg.com\\\/\",\"name\":\"HIERO STRASBOURG\",\"description\":\"Centre de Ressources Musiques Actuelles\",\"publisher\":{\"@id\":\"https:\\\/\\\/hierostrasbourg.com\\\/#organization\"},\"potentialAction\":[{\"@type\":\"SearchAction\",\"target\":{\"@type\":\"EntryPoint\",\"urlTemplate\":\"https:\\\/\\\/hierostrasbourg.com\\\/?s={search_term_string}\"},\"query-input\":{\"@type\":\"PropertyValueSpecification\",\"valueRequired\":true,\"valueName\":\"search_term_string\"}}],\"inLanguage\":\"fr-FR\"},{\"@type\":\"Organization\",\"@id\":\"https:\\\/\\\/hierostrasbourg.com\\\/#organization\",\"name\":\"F\u00e9d\u00e9ration Hi\u00e9ro Strasbourg\",\"url\":\"https:\\\/\\\/hierostrasbourg.com\\\/\",\"logo\":{\"@type\":\"ImageObject\",\"inLanguage\":\"fr-FR\",\"@id\":\"https:\\\/\\\/hierostrasbourg.com\\\/#\\\/schema\\\/logo\\\/image\\\/\",\"url\":\"https:\\\/\\\/hierostrasbourg.com\\\/wp-content\\\/uploads\\\/2026\\\/04\\\/logo-hiero-strasbourg.jpg\",\"contentUrl\":\"https:\\\/\\\/hierostrasbourg.com\\\/wp-content\\\/uploads\\\/2026\\\/04\\\/logo-hiero-strasbourg.jpg\",\"width\":204,\"height\":192,\"caption\":\"F\u00e9d\u00e9ration Hi\u00e9ro Strasbourg\"},\"image\":{\"@id\":\"https:\\\/\\\/hierostrasbourg.com\\\/#\\\/schema\\\/logo\\\/image\\\/\"},\"sameAs\":[\"https:\\\/\\\/www.facebook.com\\\/fedehierostrasbourg\",\"https:\\\/\\\/x.com\\\/hierostrasbourg\"]}]}<\/script>\n<!-- \/ Yoast SEO plugin. -->","yoast_head_json":{"title":"Appel \u00e0 manifestation d\u2019int\u00e9r\u00eat \u201cR\u00e9sidences des Jeunes ESTivants\u201d \u2013 Artistes - HIERO STRASBOURG","robots":{"index":"index","follow":"follow","max-snippet":"max-snippet:-1","max-image-preview":"max-image-preview:large","max-video-preview":"max-video-preview:-1"},"canonical":"https:\/\/hierostrasbourg.com\/index.php\/2022\/03\/25\/appel-a-manifestation-dinteret-residences-des-jeunes-estivants-artistes-2\/","og_locale":"fr_FR","og_type":"article","og_title":"Appel \u00e0 manifestation d\u2019int\u00e9r\u00eat \u201cR\u00e9sidences des Jeunes ESTivants\u201d \u2013 Artistes - HIERO STRASBOURG","og_description":"Dans le cadre de l\u2019Et\u00e9 culturel 2022 du minist\u00e8re de la Culture, la DRAC Grand Est renouvelle\u00a0son soutien \u00e0 la jeune cr\u00e9ation artistique et reconduit le dispositif \u00ab Jeunes ESTivants \u00bb. Coordonn\u00e9 par l\u2019association Sc\u00e8nes et Territoires, cet Appel \u00e0 manifestation d\u2019int\u00e9r\u00eat (AMI) soutient la mise en place et le\u00a0d\u00e9veloppement de r\u00e9sidences individuelles ou collectives de jeunes artistes sur le territoire\u00a0r\u00e9gional. Objectifs Soutenir l\u2019\u00e9mergence et la jeune cr\u00e9ation artistique ; Favoriser la rencontre entre jeunes artistes et habitants des territoires [&hellip;]","og_url":"https:\/\/hierostrasbourg.com\/index.php\/2022\/03\/25\/appel-a-manifestation-dinteret-residences-des-jeunes-estivants-artistes-2\/","og_site_name":"HIERO STRASBOURG","article_publisher":"https:\/\/www.facebook.com\/fedehierostrasbourg","article_published_time":"2022-03-25T15:34:59+00:00","twitter_card":"summary_large_image","twitter_creator":"@hierostrasbourg","twitter_site":"@hierostrasbourg","twitter_misc":{"Dur\u00e9e de lecture estim\u00e9e":"1 minute"},"schema":{"@context":"https:\/\/schema.org","@graph":[{"@type":"Article","@id":"https:\/\/hierostrasbourg.com\/index.php\/2022\/03\/25\/appel-a-manifestation-dinteret-residences-des-jeunes-estivants-artistes-2\/#article","isPartOf":{"@id":"https:\/\/hierostrasbourg.com\/index.php\/2022\/03\/25\/appel-a-manifestation-dinteret-residences-des-jeunes-estivants-artistes-2\/"},"author":{"name":"","@id":""},"headline":"Appel \u00e0 manifestation d\u2019int\u00e9r\u00eat \u201cR\u00e9sidences des Jeunes ESTivants\u201d \u2013 Artistes","datePublished":"2022-03-25T15:34:59+00:00","mainEntityOfPage":{"@id":"https:\/\/hierostrasbourg.com\/index.php\/2022\/03\/25\/appel-a-manifestation-dinteret-residences-des-jeunes-estivants-artistes-2\/"},"wordCount":147,"publisher":{"@id":"https:\/\/hierostrasbourg.com\/#organization"},"inLanguage":"fr-FR"},{"@type":"WebPage","@id":"https:\/\/hierostrasbourg.com\/index.php\/2022\/03\/25\/appel-a-manifestation-dinteret-residences-des-jeunes-estivants-artistes-2\/","url":"https:\/\/hierostrasbourg.com\/index.php\/2022\/03\/25\/appel-a-manifestation-dinteret-residences-des-jeunes-estivants-artistes-2\/","name":"Appel \u00e0 manifestation d\u2019int\u00e9r\u00eat \u201cR\u00e9sidences des Jeunes ESTivants\u201d \u2013 Artistes - HIERO STRASBOURG","isPartOf":{"@id":"https:\/\/hierostrasbourg.com\/#website"},"datePublished":"2022-03-25T15:34:59+00:00","breadcrumb":{"@id":"https:\/\/hierostrasbourg.com\/index.php\/2022\/03\/25\/appel-a-manifestation-dinteret-residences-des-jeunes-estivants-artistes-2\/#breadcrumb"},"inLanguage":"fr-FR","potentialAction":[{"@type":"ReadAction","target":["https:\/\/hierostrasbourg.com\/index.php\/2022\/03\/25\/appel-a-manifestation-dinteret-residences-des-jeunes-estivants-artistes-2\/"]}]},{"@type":"BreadcrumbList","@id":"https:\/\/hierostrasbourg.com\/index.php\/2022\/03\/25\/appel-a-manifestation-dinteret-residences-des-jeunes-estivants-artistes-2\/#breadcrumb","itemListElement":[{"@type":"ListItem","position":1,"name":"Accueil","item":"https:\/\/hierostrasbourg.com\/"},{"@type":"ListItem","position":2,"name":"Appel \u00e0 manifestation d\u2019int\u00e9r\u00eat \u201cR\u00e9sidences des Jeunes ESTivants\u201d \u2013 Artistes"}]},{"@type":"WebSite","@id":"https:\/\/hierostrasbourg.com\/#website","url":"https:\/\/hierostrasbourg.com\/","name":"HIERO STRASBOURG","description":"Centre de Ressources Musiques Actuelles","publisher":{"@id":"https:\/\/hierostrasbourg.com\/#organization"},"potentialAction":[{"@type":"SearchAction","target":{"@type":"EntryPoint","urlTemplate":"https:\/\/hierostrasbourg.com\/?s={search_term_string}"},"query-input":{"@type":"PropertyValueSpecification","valueRequired":true,"valueName":"search_term_string"}}],"inLanguage":"fr-FR"},{"@type":"Organization","@id":"https:\/\/hierostrasbourg.com\/#organization","name":"F\u00e9d\u00e9ration Hi\u00e9ro Strasbourg","url":"https:\/\/hierostrasbourg.com\/","logo":{"@type":"ImageObject","inLanguage":"fr-FR","@id":"https:\/\/hierostrasbourg.com\/#\/schema\/logo\/image\/","url":"https:\/\/hierostrasbourg.com\/wp-content\/uploads\/2026\/04\/logo-hiero-strasbourg.jpg","contentUrl":"https:\/\/hierostrasbourg.com\/wp-content\/uploads\/2026\/04\/logo-hiero-strasbourg.jpg","width":204,"height":192,"caption":"F\u00e9d\u00e9ration Hi\u00e9ro Strasbourg"},"image":{"@id":"https:\/\/hierostrasbourg.com\/#\/schema\/logo\/image\/"},"sameAs":["https:\/\/www.facebook.com\/fedehierostrasbourg","https:\/\/x.com\/hierostrasbourg"]}]}},"_links":{"self":[{"href":"https:\/\/hierostrasbourg.com\/index.php\/wp-json\/wp\/v2\/posts\/2128","targetHints":{"allow":["GET"]}}],"collection":[{"href":"https:\/\/hierostrasbourg.com\/index.php\/wp-json\/wp\/v2\/posts"}],"about":[{"href":"https:\/\/hierostrasbourg.com\/index.php\/wp-json\/wp\/v2\/types\/post"}],"replies":[{"embeddable":true,"href":"https:\/\/hierostrasbourg.com\/index.php\/wp-json\/wp\/v2\/comments?post=2128"}],"version-history":[{"count":0,"href":"https:\/\/hierostrasbourg.com\/index.php\/wp-json\/wp\/v2\/posts\/2128\/revisions"}],"wp:attachment":[{"href":"https:\/\/hierostrasbourg.com\/index.php\/wp-json\/wp\/v2\/media?parent=2128"}],"wp:term":[{"taxonomy":"category","embeddable":true,"href":"https:\/\/hierostrasbourg.com\/index.php\/wp-json\/wp\/v2\/categories?post=2128"},{"taxonomy":"post_tag","embeddable":true,"href":"https:\/\/hierostrasbourg.com\/index.php\/wp-json\/wp\/v2\/tags?post=2128"}],"curies":[{"name":"wp","href":"https:\/\/api.w.org\/{rel}","templated":true}]}}