{"id":2127,"date":"2022-03-25T15:31:16","date_gmt":"2022-03-25T14:31:16","guid":{"rendered":"https:\/\/hierostrasbourg.com\/index.php\/2022\/03\/25\/appel-a-manifestation-dinteret-residences-des-jeunes-estivants-artistes\/"},"modified":"2022-03-25T15:31:16","modified_gmt":"2022-03-25T14:31:16","slug":"appel-a-manifestation-dinteret-residences-des-jeunes-estivants-artistes","status":"publish","type":"post","link":"https:\/\/hierostrasbourg.com\/index.php\/2022\/03\/25\/appel-a-manifestation-dinteret-residences-des-jeunes-estivants-artistes\/","title":{"rendered":"Appel \u00e0 manifestation d\u2019int\u00e9r\u00eat \u201cR\u00e9sidences des Jeunes ESTivants\u201d \u2013 Artistes"},"content":{"rendered":"<p>Dans le cadre de l\u2019Et\u00e9 culturel 2022 du minist\u00e8re de la Culture, la DRAC Grand Est renouvelle\u00a0son soutien \u00e0 la jeune cr\u00e9ation artistique et reconduit le dispositif \u00ab Jeunes ESTivants \u00bb.<br \/>\nCoordonn\u00e9 par l\u2019association Sc\u00e8nes et Territoires, cet Appel \u00e0 manifestation d\u2019int\u00e9r\u00eat (AMI) soutient la mise en place et le\u00a0d\u00e9veloppement de r\u00e9sidences individuelles ou collectives de jeunes artistes sur le territoire\u00a0r\u00e9gional.<\/p>\n<h2>Objectifs<\/h2>\n<p>Soutenir l\u2019\u00e9mergence et la jeune cr\u00e9ation artistique ;<br \/>\nFavoriser la rencontre entre jeunes artistes et habitants des territoires ;<br \/>\nPermettre la pr\u00e9sence d\u2019artistes sur les territoires ;<br \/>\nContribuer \u00e0 la dynamique culturelle des territoires prioritaires du Grand Est.<\/p>\n<h2>Eligibilit\u00e9<\/h2>\n<p>Ce dispositif s\u2019adresse aux artistes et \u00e9quipes artistiques dipl\u00f4m\u00e9s de l\u2019enseignement sup\u00e9rieur culture depuis 5 ans maximum ou engag\u00e9s dans une carri\u00e8re artistique professionnelle av\u00e9r\u00e9e depuis moins de 5 ans.<br \/>\nLe dispositif est ouvert \u00e0 toutes les disciplines artistiques : com\u00e9diens, metteurs en sc\u00e8ne, musiciens, danseurs, chor\u00e9graphes, circassiens, conteurs, marionnettistes, artistes des arts du num\u00e9rique, photographes, designers, auteurs, architectes, vid\u00e9astes, r\u00e9alisateurs, \u00e9crivains, po\u00e8tes, auteur de BD, etc. Les journalistes dipl\u00f4m\u00e9s depuis 5 ans et moins peuvent candidater dans les m\u00eames conditions.<\/p>\n<p>Seuls les artistes, \u00e9quipes artistiques ou journalistes justifiant d\u2019une structuration juridique et\/ou ayant recours \u00e0 une personne morale pour soutenir leur activit\u00e9 pourront candidater.<\/p>\n<h2>Lieux d\u2019accueil<\/h2>\n<p>Les organismes pouvant accueillir un projet de r\u00e9sidence peuvent \u00eatre des<\/p>\n<p>Collectivit\u00e9s territoriales<br \/>\nTiers-lieux<br \/>\nAteliers de Fabrique Artistique (AFA)<br \/>\nMicro-Folies<br \/>\nLieux patrimoniaux<br \/>\nAssociations d\u2019\u00e9ducation populaire<br \/>\nLieux du tourisme social et solidaire<br \/>\nLieux relevant du secteur sanitaire et social<br \/>\nStructures culturelles non conventionn\u00e9es<\/p>\n<p>Les artistes peuvent candidater en lien avec un lieu d\u2019accueil ou sans structure pressentie.<\/p>\n<p>L\u2019organisme d\u2019accueil s\u2019engage \u00e0<\/p>\n<p>d\u00e9signer, au sein de l\u2019\u00e9quipe d\u2019accueil, une personne r\u00e9f\u00e9rente pour le ou les artistes en r\u00e9sidence ;<br \/>\nmettre gracieusement \u00e0 disposition un espace de travail ad\u00e9quat \u00e0 la r\u00e9alisation du projet ;<br \/>\norganiser les temps de rencontres entre l\u2019\u00e9quipe artistique et les habitants du territoire concern\u00e9.<\/p>\n<h2>Dur\u00e9e des r\u00e9sidences<\/h2>\n<p>Les r\u00e9sidences se d\u00e9rouleront sur une dur\u00e9e de 3 \u00e0 6 semaines, entre le 20 juin et le 02 octobre 2022.<\/p>\n<h2>Nature et montant de l\u2019aide<\/h2>\n<p>Les projets artistiques retenus b\u00e9n\u00e9ficieront :<\/p>\n<p>d\u2019une bourse vers\u00e9e sous la forme d\u2019un apport en production modul\u00e9 en fonction de la dur\u00e9e de la r\u00e9sidence et du nombre d\u2019artistes mobilis\u00e9s. Le montant total maximal de cette bourse est de 6000 \u20ac pour un artiste seul et de 10 000 \u20ac pour un collectif d\u2019artistes ;<br \/>\nle cas \u00e9ch\u00e9ant, d\u2019un accompagnement dans la mise en relation avec une structure d\u2019accueil et de conseils dans la mise en \u0153uvre du projet.<\/p>\n<p>L\u2019attribution d\u2019une bourse Jeunes Estivants, n\u2019exclut pas la possibilit\u00e9, pour le porteur de projet, de faire appel \u00e0 d\u2019autres sources de cofinancement.<\/p>\n<h2>Crit\u00e8res de s\u00e9lection<\/h2>\n<p>Les r\u00e9sidences seront s\u00e9lectionn\u00e9es sur la pertinence de leur inscription dans leur territoire d\u2019accueil (cr\u00e9ation partag\u00e9e avec les habitants, propositions de m\u00e9diation culturelle, temps de rencontre avec le public, etc.).<\/p>\n<p>Le comit\u00e9 de s\u00e9lection portera une attention particuli\u00e8re aux projets de r\u00e9sidences<\/p>\n<p>associant les habitants dans la d\u00e9marche de cr\u00e9ation artistique ;<br \/>\nse d\u00e9roulant dans les territoires et lieux d\u2019accueil cibl\u00e9s comme prioritaires : zones rurales isol\u00e9es, quartiers prioritaires de la politique de la ville ;<br \/>\naccueillis par des collectivit\u00e9s ou structures culturelles non-conventionn\u00e9es avec la DRAC ;<br \/>\nvalorisant des lieux patrimoniaux ;<br \/>\nfavorisant le rapprochement entre sport et culture, dans le cadre des Olympiades Culturelles \u2013 Paris 2024.<\/p>\n<p>Le comit\u00e9 de s\u00e9lection veillera \u00e0 un \u00e9quilibre territorial des r\u00e9sidences \u00e0 l\u2019\u00e9chelle de la r\u00e9gion Grand Est.<\/p>\n<p>Modalit\u00e9s de candidature : au plus tard le mercredi 20 avril 2022<br \/>\nCandidature par voie \u00e9lectronique, jusqu\u2019au 20 avril 2022, dernier d\u00e9lai,\u00a0en remplissant le formulaire suivant :<\/p>\n<p><a class=\"maxbutton-1 maxbutton\" href=\"https:\/\/form.heeds.eu\/registration\/12439\/0146ba0320e67ab689b331883c98f565\"><span class=\"mb-text\">CANDIDATER <\/span><\/a><\/p>\n<p>\u00a0<\/p>\n<p>En cas de candidature associ\u00e9e \u00e0 un lieu d\u00e9j\u00e0 identifi\u00e9,<br \/>\nmerci de compl\u00e9ter \u00e9galement le formulaire lieu d\u2019accueil suivant<\/p>\n<p><a class=\"maxbutton-1 maxbutton\" href=\"https:\/\/form.heeds.eu\/registration\/12443\/07a85d38e5e614e85de77f35588918c0\"><span class=\"mb-text\">FORMULAIRE<\/span><\/a><\/p>\n<p>L\u2019article <a href=\"https:\/\/popburo.fr\/appel-a-manifestation-dinteret-residences-des-jeunes-estivants-artistes\/\">Appel \u00e0 manifestation d\u2019int\u00e9r\u00eat \u201cR\u00e9sidences des Jeunes ESTivants\u201d \u2013 Artistes<\/a> est apparu en premier sur <a href=\"https:\/\/popburo.fr\/\">POP B\u00dcRO<\/a>.<\/p>\n","protected":false},"excerpt":{"rendered":"<p>Dans le cadre de l\u2019Et\u00e9 culturel 2022 du minist\u00e8re de la Culture, la DRAC Grand Est renouvelle\u00a0son soutien \u00e0 la jeune cr\u00e9ation artistique et reconduit le dispositif \u00ab Jeunes ESTivants \u00bb. Coordonn\u00e9 par l\u2019association Sc\u00e8nes et Territoires, cet Appel \u00e0 manifestation d\u2019int\u00e9r\u00eat (AMI) soutient la mise en place et le\u00a0d\u00e9veloppement de r\u00e9sidences individuelles ou collectives de jeunes artistes sur le territoire\u00a0r\u00e9gional. Objectifs Soutenir l\u2019\u00e9mergence et la jeune cr\u00e9ation artistique ; Favoriser la rencontre entre jeunes artistes et habitants des territoires [&hellip;]<\/p>\n","protected":false},"author":0,"featured_media":0,"comment_status":"closed","ping_status":"open","sticky":false,"template":"","format":"standard","meta":{"footnotes":""},"categories":[1],"tags":[],"class_list":["post-2127","post","type-post","status-publish","format-standard","hentry","category-non-classe"],"yoast_head":"<!-- This site is optimized with the Yoast SEO plugin v27.4 - https:\/\/yoast.com\/product\/yoast-seo-wordpress\/ -->\n<title>Appel \u00e0 manifestation d\u2019int\u00e9r\u00eat \u201cR\u00e9sidences des Jeunes ESTivants\u201d \u2013 Artistes - HIERO STRASBOURG<\/title>\n<meta name=\"robots\" content=\"index, follow, max-snippet:-1, max-image-preview:large, max-video-preview:-1\" \/>\n<link rel=\"canonical\" href=\"https:\/\/hierostrasbourg.com\/index.php\/2022\/03\/25\/appel-a-manifestation-dinteret-residences-des-jeunes-estivants-artistes\/\" \/>\n<meta property=\"og:locale\" content=\"fr_FR\" \/>\n<meta property=\"og:type\" content=\"article\" \/>\n<meta property=\"og:title\" content=\"Appel \u00e0 manifestation d\u2019int\u00e9r\u00eat \u201cR\u00e9sidences des Jeunes ESTivants\u201d \u2013 Artistes - HIERO STRASBOURG\" \/>\n<meta property=\"og:description\" content=\"Dans le cadre de l\u2019Et\u00e9 culturel 2022 du minist\u00e8re de la Culture, la DRAC Grand Est renouvelle\u00a0son soutien \u00e0 la jeune cr\u00e9ation artistique et reconduit le dispositif \u00ab Jeunes ESTivants \u00bb. Coordonn\u00e9 par l\u2019association Sc\u00e8nes et Territoires, cet Appel \u00e0 manifestation d\u2019int\u00e9r\u00eat (AMI) soutient la mise en place et le\u00a0d\u00e9veloppement de r\u00e9sidences individuelles ou collectives de jeunes artistes sur le territoire\u00a0r\u00e9gional. Objectifs Soutenir l\u2019\u00e9mergence et la jeune cr\u00e9ation artistique ; Favoriser la rencontre entre jeunes artistes et habitants des territoires [&hellip;]\" \/>\n<meta property=\"og:url\" content=\"https:\/\/hierostrasbourg.com\/index.php\/2022\/03\/25\/appel-a-manifestation-dinteret-residences-des-jeunes-estivants-artistes\/\" \/>\n<meta property=\"og:site_name\" content=\"HIERO STRASBOURG\" \/>\n<meta property=\"article:publisher\" content=\"https:\/\/www.facebook.com\/fedehierostrasbourg\" \/>\n<meta property=\"article:published_time\" content=\"2022-03-25T14:31:16+00:00\" \/>\n<meta name=\"twitter:card\" content=\"summary_large_image\" \/>\n<meta name=\"twitter:creator\" content=\"@hierostrasbourg\" \/>\n<meta name=\"twitter:site\" content=\"@hierostrasbourg\" \/>\n<meta name=\"twitter:label1\" content=\"Dur\u00e9e de lecture estim\u00e9e\" \/>\n\t<meta name=\"twitter:data1\" content=\"4 minutes\" \/>\n<script type=\"application\/ld+json\" class=\"yoast-schema-graph\">{\"@context\":\"https:\\\/\\\/schema.org\",\"@graph\":[{\"@type\":\"Article\",\"@id\":\"https:\\\/\\\/hierostrasbourg.com\\\/index.php\\\/2022\\\/03\\\/25\\\/appel-a-manifestation-dinteret-residences-des-jeunes-estivants-artistes\\\/#article\",\"isPartOf\":{\"@id\":\"https:\\\/\\\/hierostrasbourg.com\\\/index.php\\\/2022\\\/03\\\/25\\\/appel-a-manifestation-dinteret-residences-des-jeunes-estivants-artistes\\\/\"},\"author\":{\"name\":\"\",\"@id\":\"\"},\"headline\":\"Appel \u00e0 manifestation d\u2019int\u00e9r\u00eat \u201cR\u00e9sidences des Jeunes ESTivants\u201d \u2013 Artistes\",\"datePublished\":\"2022-03-25T14:31:16+00:00\",\"mainEntityOfPage\":{\"@id\":\"https:\\\/\\\/hierostrasbourg.com\\\/index.php\\\/2022\\\/03\\\/25\\\/appel-a-manifestation-dinteret-residences-des-jeunes-estivants-artistes\\\/\"},\"wordCount\":718,\"publisher\":{\"@id\":\"https:\\\/\\\/hierostrasbourg.com\\\/#organization\"},\"inLanguage\":\"fr-FR\"},{\"@type\":\"WebPage\",\"@id\":\"https:\\\/\\\/hierostrasbourg.com\\\/index.php\\\/2022\\\/03\\\/25\\\/appel-a-manifestation-dinteret-residences-des-jeunes-estivants-artistes\\\/\",\"url\":\"https:\\\/\\\/hierostrasbourg.com\\\/index.php\\\/2022\\\/03\\\/25\\\/appel-a-manifestation-dinteret-residences-des-jeunes-estivants-artistes\\\/\",\"name\":\"Appel \u00e0 manifestation d\u2019int\u00e9r\u00eat \u201cR\u00e9sidences des Jeunes ESTivants\u201d \u2013 Artistes - HIERO STRASBOURG\",\"isPartOf\":{\"@id\":\"https:\\\/\\\/hierostrasbourg.com\\\/#website\"},\"datePublished\":\"2022-03-25T14:31:16+00:00\",\"breadcrumb\":{\"@id\":\"https:\\\/\\\/hierostrasbourg.com\\\/index.php\\\/2022\\\/03\\\/25\\\/appel-a-manifestation-dinteret-residences-des-jeunes-estivants-artistes\\\/#breadcrumb\"},\"inLanguage\":\"fr-FR\",\"potentialAction\":[{\"@type\":\"ReadAction\",\"target\":[\"https:\\\/\\\/hierostrasbourg.com\\\/index.php\\\/2022\\\/03\\\/25\\\/appel-a-manifestation-dinteret-residences-des-jeunes-estivants-artistes\\\/\"]}]},{\"@type\":\"BreadcrumbList\",\"@id\":\"https:\\\/\\\/hierostrasbourg.com\\\/index.php\\\/2022\\\/03\\\/25\\\/appel-a-manifestation-dinteret-residences-des-jeunes-estivants-artistes\\\/#breadcrumb\",\"itemListElement\":[{\"@type\":\"ListItem\",\"position\":1,\"name\":\"Accueil\",\"item\":\"https:\\\/\\\/hierostrasbourg.com\\\/\"},{\"@type\":\"ListItem\",\"position\":2,\"name\":\"Appel \u00e0 manifestation d\u2019int\u00e9r\u00eat \u201cR\u00e9sidences des Jeunes ESTivants\u201d \u2013 Artistes\"}]},{\"@type\":\"WebSite\",\"@id\":\"https:\\\/\\\/hierostrasbourg.com\\\/#website\",\"url\":\"https:\\\/\\\/hierostrasbourg.com\\\/\",\"name\":\"HIERO STRASBOURG\",\"description\":\"Centre de Ressources Musiques Actuelles\",\"publisher\":{\"@id\":\"https:\\\/\\\/hierostrasbourg.com\\\/#organization\"},\"potentialAction\":[{\"@type\":\"SearchAction\",\"target\":{\"@type\":\"EntryPoint\",\"urlTemplate\":\"https:\\\/\\\/hierostrasbourg.com\\\/?s={search_term_string}\"},\"query-input\":{\"@type\":\"PropertyValueSpecification\",\"valueRequired\":true,\"valueName\":\"search_term_string\"}}],\"inLanguage\":\"fr-FR\"},{\"@type\":\"Organization\",\"@id\":\"https:\\\/\\\/hierostrasbourg.com\\\/#organization\",\"name\":\"F\u00e9d\u00e9ration Hi\u00e9ro Strasbourg\",\"url\":\"https:\\\/\\\/hierostrasbourg.com\\\/\",\"logo\":{\"@type\":\"ImageObject\",\"inLanguage\":\"fr-FR\",\"@id\":\"https:\\\/\\\/hierostrasbourg.com\\\/#\\\/schema\\\/logo\\\/image\\\/\",\"url\":\"https:\\\/\\\/hierostrasbourg.com\\\/wp-content\\\/uploads\\\/2026\\\/04\\\/logo-hiero-strasbourg.jpg\",\"contentUrl\":\"https:\\\/\\\/hierostrasbourg.com\\\/wp-content\\\/uploads\\\/2026\\\/04\\\/logo-hiero-strasbourg.jpg\",\"width\":204,\"height\":192,\"caption\":\"F\u00e9d\u00e9ration Hi\u00e9ro Strasbourg\"},\"image\":{\"@id\":\"https:\\\/\\\/hierostrasbourg.com\\\/#\\\/schema\\\/logo\\\/image\\\/\"},\"sameAs\":[\"https:\\\/\\\/www.facebook.com\\\/fedehierostrasbourg\",\"https:\\\/\\\/x.com\\\/hierostrasbourg\"]}]}<\/script>\n<!-- \/ Yoast SEO plugin. -->","yoast_head_json":{"title":"Appel \u00e0 manifestation d\u2019int\u00e9r\u00eat \u201cR\u00e9sidences des Jeunes ESTivants\u201d \u2013 Artistes - HIERO STRASBOURG","robots":{"index":"index","follow":"follow","max-snippet":"max-snippet:-1","max-image-preview":"max-image-preview:large","max-video-preview":"max-video-preview:-1"},"canonical":"https:\/\/hierostrasbourg.com\/index.php\/2022\/03\/25\/appel-a-manifestation-dinteret-residences-des-jeunes-estivants-artistes\/","og_locale":"fr_FR","og_type":"article","og_title":"Appel \u00e0 manifestation d\u2019int\u00e9r\u00eat \u201cR\u00e9sidences des Jeunes ESTivants\u201d \u2013 Artistes - HIERO STRASBOURG","og_description":"Dans le cadre de l\u2019Et\u00e9 culturel 2022 du minist\u00e8re de la Culture, la DRAC Grand Est renouvelle\u00a0son soutien \u00e0 la jeune cr\u00e9ation artistique et reconduit le dispositif \u00ab Jeunes ESTivants \u00bb. Coordonn\u00e9 par l\u2019association Sc\u00e8nes et Territoires, cet Appel \u00e0 manifestation d\u2019int\u00e9r\u00eat (AMI) soutient la mise en place et le\u00a0d\u00e9veloppement de r\u00e9sidences individuelles ou collectives de jeunes artistes sur le territoire\u00a0r\u00e9gional. Objectifs Soutenir l\u2019\u00e9mergence et la jeune cr\u00e9ation artistique ; Favoriser la rencontre entre jeunes artistes et habitants des territoires [&hellip;]","og_url":"https:\/\/hierostrasbourg.com\/index.php\/2022\/03\/25\/appel-a-manifestation-dinteret-residences-des-jeunes-estivants-artistes\/","og_site_name":"HIERO STRASBOURG","article_publisher":"https:\/\/www.facebook.com\/fedehierostrasbourg","article_published_time":"2022-03-25T14:31:16+00:00","twitter_card":"summary_large_image","twitter_creator":"@hierostrasbourg","twitter_site":"@hierostrasbourg","twitter_misc":{"Dur\u00e9e de lecture estim\u00e9e":"4 minutes"},"schema":{"@context":"https:\/\/schema.org","@graph":[{"@type":"Article","@id":"https:\/\/hierostrasbourg.com\/index.php\/2022\/03\/25\/appel-a-manifestation-dinteret-residences-des-jeunes-estivants-artistes\/#article","isPartOf":{"@id":"https:\/\/hierostrasbourg.com\/index.php\/2022\/03\/25\/appel-a-manifestation-dinteret-residences-des-jeunes-estivants-artistes\/"},"author":{"name":"","@id":""},"headline":"Appel \u00e0 manifestation d\u2019int\u00e9r\u00eat \u201cR\u00e9sidences des Jeunes ESTivants\u201d \u2013 Artistes","datePublished":"2022-03-25T14:31:16+00:00","mainEntityOfPage":{"@id":"https:\/\/hierostrasbourg.com\/index.php\/2022\/03\/25\/appel-a-manifestation-dinteret-residences-des-jeunes-estivants-artistes\/"},"wordCount":718,"publisher":{"@id":"https:\/\/hierostrasbourg.com\/#organization"},"inLanguage":"fr-FR"},{"@type":"WebPage","@id":"https:\/\/hierostrasbourg.com\/index.php\/2022\/03\/25\/appel-a-manifestation-dinteret-residences-des-jeunes-estivants-artistes\/","url":"https:\/\/hierostrasbourg.com\/index.php\/2022\/03\/25\/appel-a-manifestation-dinteret-residences-des-jeunes-estivants-artistes\/","name":"Appel \u00e0 manifestation d\u2019int\u00e9r\u00eat \u201cR\u00e9sidences des Jeunes ESTivants\u201d \u2013 Artistes - HIERO STRASBOURG","isPartOf":{"@id":"https:\/\/hierostrasbourg.com\/#website"},"datePublished":"2022-03-25T14:31:16+00:00","breadcrumb":{"@id":"https:\/\/hierostrasbourg.com\/index.php\/2022\/03\/25\/appel-a-manifestation-dinteret-residences-des-jeunes-estivants-artistes\/#breadcrumb"},"inLanguage":"fr-FR","potentialAction":[{"@type":"ReadAction","target":["https:\/\/hierostrasbourg.com\/index.php\/2022\/03\/25\/appel-a-manifestation-dinteret-residences-des-jeunes-estivants-artistes\/"]}]},{"@type":"BreadcrumbList","@id":"https:\/\/hierostrasbourg.com\/index.php\/2022\/03\/25\/appel-a-manifestation-dinteret-residences-des-jeunes-estivants-artistes\/#breadcrumb","itemListElement":[{"@type":"ListItem","position":1,"name":"Accueil","item":"https:\/\/hierostrasbourg.com\/"},{"@type":"ListItem","position":2,"name":"Appel \u00e0 manifestation d\u2019int\u00e9r\u00eat \u201cR\u00e9sidences des Jeunes ESTivants\u201d \u2013 Artistes"}]},{"@type":"WebSite","@id":"https:\/\/hierostrasbourg.com\/#website","url":"https:\/\/hierostrasbourg.com\/","name":"HIERO STRASBOURG","description":"Centre de Ressources Musiques Actuelles","publisher":{"@id":"https:\/\/hierostrasbourg.com\/#organization"},"potentialAction":[{"@type":"SearchAction","target":{"@type":"EntryPoint","urlTemplate":"https:\/\/hierostrasbourg.com\/?s={search_term_string}"},"query-input":{"@type":"PropertyValueSpecification","valueRequired":true,"valueName":"search_term_string"}}],"inLanguage":"fr-FR"},{"@type":"Organization","@id":"https:\/\/hierostrasbourg.com\/#organization","name":"F\u00e9d\u00e9ration Hi\u00e9ro Strasbourg","url":"https:\/\/hierostrasbourg.com\/","logo":{"@type":"ImageObject","inLanguage":"fr-FR","@id":"https:\/\/hierostrasbourg.com\/#\/schema\/logo\/image\/","url":"https:\/\/hierostrasbourg.com\/wp-content\/uploads\/2026\/04\/logo-hiero-strasbourg.jpg","contentUrl":"https:\/\/hierostrasbourg.com\/wp-content\/uploads\/2026\/04\/logo-hiero-strasbourg.jpg","width":204,"height":192,"caption":"F\u00e9d\u00e9ration Hi\u00e9ro Strasbourg"},"image":{"@id":"https:\/\/hierostrasbourg.com\/#\/schema\/logo\/image\/"},"sameAs":["https:\/\/www.facebook.com\/fedehierostrasbourg","https:\/\/x.com\/hierostrasbourg"]}]}},"_links":{"self":[{"href":"https:\/\/hierostrasbourg.com\/index.php\/wp-json\/wp\/v2\/posts\/2127","targetHints":{"allow":["GET"]}}],"collection":[{"href":"https:\/\/hierostrasbourg.com\/index.php\/wp-json\/wp\/v2\/posts"}],"about":[{"href":"https:\/\/hierostrasbourg.com\/index.php\/wp-json\/wp\/v2\/types\/post"}],"replies":[{"embeddable":true,"href":"https:\/\/hierostrasbourg.com\/index.php\/wp-json\/wp\/v2\/comments?post=2127"}],"version-history":[{"count":0,"href":"https:\/\/hierostrasbourg.com\/index.php\/wp-json\/wp\/v2\/posts\/2127\/revisions"}],"wp:attachment":[{"href":"https:\/\/hierostrasbourg.com\/index.php\/wp-json\/wp\/v2\/media?parent=2127"}],"wp:term":[{"taxonomy":"category","embeddable":true,"href":"https:\/\/hierostrasbourg.com\/index.php\/wp-json\/wp\/v2\/categories?post=2127"},{"taxonomy":"post_tag","embeddable":true,"href":"https:\/\/hierostrasbourg.com\/index.php\/wp-json\/wp\/v2\/tags?post=2127"}],"curies":[{"name":"wp","href":"https:\/\/api.w.org\/{rel}","templated":true}]}}