{"id":2116,"date":"2022-03-24T13:31:55","date_gmt":"2022-03-24T12:31:55","guid":{"rendered":"https:\/\/hierostrasbourg.com\/index.php\/2022\/03\/24\/agi-son-sort-un-livre-blanc-sur-le-decret-son\/"},"modified":"2022-03-24T13:31:55","modified_gmt":"2022-03-24T12:31:55","slug":"agi-son-sort-un-livre-blanc-sur-le-decret-son","status":"publish","type":"post","link":"https:\/\/hierostrasbourg.com\/index.php\/2022\/03\/24\/agi-son-sort-un-livre-blanc-sur-le-decret-son\/","title":{"rendered":"AGI-SON sort un livre blanc sur le D\u00e9cret \u201cSon\u201d"},"content":{"rendered":"<p>communiqu\u00e9<\/p>\n<p><em><span>Apr\u00e8s avoir sensibilis\u00e9 les professionnels et les \u00e9lus locaux, \u00e0 travers un tour de France 2021 <\/span><span>organis\u00e9 en partenariat avec le Centre national de la musique (CNM),<\/span> <span>AGI-SON publie, ce <\/span><span>jeudi 24 mars, son livre blanc<\/span> <span>expliquant la n\u00e9cessit\u00e9 de r\u00e9viser le D\u00e9cret \u00ab Son \u00bb, d\u00e9crivant <\/span><span>son impact sur les politiques publiques et formant des propositions constructives pour le faire <\/span><span>\u00e9voluer afin de<\/span> <span>concilier au mieux attentes des professionnels et enjeux de sant\u00e9 publique.<\/span><\/em><br \/><em><span>Depuis bient\u00f4t cinq ans, l\u2019association AGI-SON se mobilise pour faire \u00e9voluer les dispositions pr\u00e9vues par le <\/span><span>d\u00e9cret \u00ab Son \u00bb du 7 ao\u00fbt 2017.<\/span> <span>En l\u2019\u00e9tat, ce texte, qui ne prend pas en compte les sp\u00e9cificit\u00e9s du spectacle vivant <\/span><span>musical, est inapplicable et<\/span> <span>menace directement la tenue de nombreux concerts et festivals partout en France.<\/span><\/em><\/p>\n<div class=\"ead-preview\">\n<div class=\"ead-document\">\n<div class=\"ead-iframe-wrapper\"><\/div>\n<div class=\"ead-document-loading\">\n<div class=\"ead-loading-wrap\">\n<div class=\"ead-loading-main\">\n<div class=\"ead-loading\">\n\t\t\t\t\t\t\t<span>En cours de chargement\u2026<\/span>\n\t\t\t\t\t\t<\/div>\n<\/p><\/div>\n<div class=\"ead-loading-foot\">\n<div class=\"ead-loading-foot-title\">\n\t\t\t\t\t\t\t<span>Cela prend trop de temps\u00a0?<\/span>\n\t\t\t\t\t\t<\/div>\n<\/p>\n<div class=\"ead-document-btn ead-reload-btn\">\n\t\t\t\t\t\t\t\t Recharger le document\t\t\t\t\t\t\t<\/div>\n<p>\t\t\t\t\t\t\t<span>|<\/span><br \/>\n\t\t\t\t\t\t\t<a href=\"https:\/\/musiquesactuelles.net\/wp-content\/uploads\/2021\/03\/synthese-du-livre-blanc-decret-son.pdf\" class=\"ead-document-btn\" target=\"_blank\" rel=\"noopener\"><br \/>\n\t\t\t\t\t\t\t\t Ouvrir dans un nouvel onglet\t\t\t\t\t\t\t<\/a>\n\t\t\t\t\t<\/div>\n<\/p><\/div>\n<\/p><\/div>\n<\/p><\/div>\n<p class=\"embed_download\"><a href=\"https:\/\/musiquesactuelles.net\/wp-content\/uploads\/2021\/03\/synthese-du-livre-blanc-decret-son.pdf\">\ufeffT\u00e9l\u00e9charger [876.82 KB] <\/a><\/p>\n<\/div>\n<div class=\"ead-preview\">\n<div class=\"ead-document\">\n<div class=\"ead-iframe-wrapper\"><\/div>\n<div class=\"ead-document-loading\">\n<div class=\"ead-loading-wrap\">\n<div class=\"ead-loading-main\">\n<div class=\"ead-loading\">\n\t\t\t\t\t\t\t<span>En cours de chargement\u2026<\/span>\n\t\t\t\t\t\t<\/div>\n<\/p><\/div>\n<div class=\"ead-loading-foot\">\n<div class=\"ead-loading-foot-title\">\n\t\t\t\t\t\t\t<span>Cela prend trop de temps\u00a0?<\/span>\n\t\t\t\t\t\t<\/div>\n<\/p>\n<div class=\"ead-document-btn ead-reload-btn\">\n\t\t\t\t\t\t\t\t Recharger le document\t\t\t\t\t\t\t<\/div>\n<p>\t\t\t\t\t\t\t<span>|<\/span><br \/>\n\t\t\t\t\t\t\t<a href=\"https:\/\/musiquesactuelles.net\/wp-content\/uploads\/2021\/03\/agison-livre-blanc-2022-final.pdf\" class=\"ead-document-btn\" target=\"_blank\" rel=\"noopener\"><br \/>\n\t\t\t\t\t\t\t\t Ouvrir dans un nouvel onglet\t\t\t\t\t\t\t<\/a>\n\t\t\t\t\t<\/div>\n<\/p><\/div>\n<\/p><\/div>\n<\/p><\/div>\n<p class=\"embed_download\"><a href=\"https:\/\/musiquesactuelles.net\/wp-content\/uploads\/2021\/03\/agison-livre-blanc-2022-final.pdf\">\ufeffT\u00e9l\u00e9charger [7.33 MB] <\/a><\/p>\n<\/div>\n<p>L\u2019article <a href=\"https:\/\/popburo.fr\/agi-son-sort-un-livre-blanc-sur-le-decret-son\/\">AGI-SON sort un livre blanc sur le D\u00e9cret \u201cSon\u201d<\/a> est apparu en premier sur <a href=\"https:\/\/popburo.fr\/\">POP B\u00dcRO<\/a>.<\/p>\n","protected":false},"excerpt":{"rendered":"<p>communiqu\u00e9 Apr\u00e8s avoir sensibilis\u00e9 les professionnels et les \u00e9lus locaux, \u00e0 travers un tour de France 2021 organis\u00e9 en partenariat avec le Centre national de la musique (CNM), AGI-SON publie, ce jeudi 24 mars, son livre blanc expliquant la n\u00e9cessit\u00e9 de r\u00e9viser le D\u00e9cret \u00ab Son \u00bb, d\u00e9crivant son impact sur les politiques publiques et formant des propositions constructives pour le faire \u00e9voluer afin de concilier au mieux attentes des professionnels et enjeux de sant\u00e9 publique.Depuis bient\u00f4t cinq ans, l\u2019association [&hellip;]<\/p>\n","protected":false},"author":0,"featured_media":0,"comment_status":"closed","ping_status":"open","sticky":false,"template":"","format":"standard","meta":{"footnotes":""},"categories":[1],"tags":[],"class_list":["post-2116","post","type-post","status-publish","format-standard","hentry","category-non-classe"],"yoast_head":"<!-- This site is optimized with the Yoast SEO plugin v27.4 - https:\/\/yoast.com\/product\/yoast-seo-wordpress\/ -->\n<title>AGI-SON sort un livre blanc sur le D\u00e9cret \u201cSon\u201d - HIERO STRASBOURG<\/title>\n<meta name=\"robots\" content=\"index, follow, max-snippet:-1, max-image-preview:large, max-video-preview:-1\" \/>\n<link rel=\"canonical\" href=\"https:\/\/hierostrasbourg.com\/index.php\/2022\/03\/24\/agi-son-sort-un-livre-blanc-sur-le-decret-son\/\" \/>\n<meta property=\"og:locale\" content=\"fr_FR\" \/>\n<meta property=\"og:type\" content=\"article\" \/>\n<meta property=\"og:title\" content=\"AGI-SON sort un livre blanc sur le D\u00e9cret \u201cSon\u201d - HIERO STRASBOURG\" \/>\n<meta property=\"og:description\" content=\"communiqu\u00e9 Apr\u00e8s avoir sensibilis\u00e9 les professionnels et les \u00e9lus locaux, \u00e0 travers un tour de France 2021 organis\u00e9 en partenariat avec le Centre national de la musique (CNM), AGI-SON publie, ce jeudi 24 mars, son livre blanc expliquant la n\u00e9cessit\u00e9 de r\u00e9viser le D\u00e9cret \u00ab Son \u00bb, d\u00e9crivant son impact sur les politiques publiques et formant des propositions constructives pour le faire \u00e9voluer afin de concilier au mieux attentes des professionnels et enjeux de sant\u00e9 publique.Depuis bient\u00f4t cinq ans, l\u2019association [&hellip;]\" \/>\n<meta property=\"og:url\" content=\"https:\/\/hierostrasbourg.com\/index.php\/2022\/03\/24\/agi-son-sort-un-livre-blanc-sur-le-decret-son\/\" \/>\n<meta property=\"og:site_name\" content=\"HIERO STRASBOURG\" \/>\n<meta property=\"article:publisher\" content=\"https:\/\/www.facebook.com\/fedehierostrasbourg\" \/>\n<meta property=\"article:published_time\" content=\"2022-03-24T12:31:55+00:00\" \/>\n<meta name=\"twitter:card\" content=\"summary_large_image\" \/>\n<meta name=\"twitter:creator\" content=\"@hierostrasbourg\" \/>\n<meta name=\"twitter:site\" content=\"@hierostrasbourg\" \/>\n<meta name=\"twitter:label1\" content=\"Dur\u00e9e de lecture estim\u00e9e\" \/>\n\t<meta name=\"twitter:data1\" content=\"1 minute\" \/>\n<script type=\"application\/ld+json\" class=\"yoast-schema-graph\">{\"@context\":\"https:\\\/\\\/schema.org\",\"@graph\":[{\"@type\":\"Article\",\"@id\":\"https:\\\/\\\/hierostrasbourg.com\\\/index.php\\\/2022\\\/03\\\/24\\\/agi-son-sort-un-livre-blanc-sur-le-decret-son\\\/#article\",\"isPartOf\":{\"@id\":\"https:\\\/\\\/hierostrasbourg.com\\\/index.php\\\/2022\\\/03\\\/24\\\/agi-son-sort-un-livre-blanc-sur-le-decret-son\\\/\"},\"author\":{\"name\":\"\",\"@id\":\"\"},\"headline\":\"AGI-SON sort un livre blanc sur le D\u00e9cret \u201cSon\u201d\",\"datePublished\":\"2022-03-24T12:31:55+00:00\",\"mainEntityOfPage\":{\"@id\":\"https:\\\/\\\/hierostrasbourg.com\\\/index.php\\\/2022\\\/03\\\/24\\\/agi-son-sort-un-livre-blanc-sur-le-decret-son\\\/\"},\"wordCount\":207,\"publisher\":{\"@id\":\"https:\\\/\\\/hierostrasbourg.com\\\/#organization\"},\"inLanguage\":\"fr-FR\"},{\"@type\":\"WebPage\",\"@id\":\"https:\\\/\\\/hierostrasbourg.com\\\/index.php\\\/2022\\\/03\\\/24\\\/agi-son-sort-un-livre-blanc-sur-le-decret-son\\\/\",\"url\":\"https:\\\/\\\/hierostrasbourg.com\\\/index.php\\\/2022\\\/03\\\/24\\\/agi-son-sort-un-livre-blanc-sur-le-decret-son\\\/\",\"name\":\"AGI-SON sort un livre blanc sur le D\u00e9cret \u201cSon\u201d - HIERO STRASBOURG\",\"isPartOf\":{\"@id\":\"https:\\\/\\\/hierostrasbourg.com\\\/#website\"},\"datePublished\":\"2022-03-24T12:31:55+00:00\",\"breadcrumb\":{\"@id\":\"https:\\\/\\\/hierostrasbourg.com\\\/index.php\\\/2022\\\/03\\\/24\\\/agi-son-sort-un-livre-blanc-sur-le-decret-son\\\/#breadcrumb\"},\"inLanguage\":\"fr-FR\",\"potentialAction\":[{\"@type\":\"ReadAction\",\"target\":[\"https:\\\/\\\/hierostrasbourg.com\\\/index.php\\\/2022\\\/03\\\/24\\\/agi-son-sort-un-livre-blanc-sur-le-decret-son\\\/\"]}]},{\"@type\":\"BreadcrumbList\",\"@id\":\"https:\\\/\\\/hierostrasbourg.com\\\/index.php\\\/2022\\\/03\\\/24\\\/agi-son-sort-un-livre-blanc-sur-le-decret-son\\\/#breadcrumb\",\"itemListElement\":[{\"@type\":\"ListItem\",\"position\":1,\"name\":\"Accueil\",\"item\":\"https:\\\/\\\/hierostrasbourg.com\\\/\"},{\"@type\":\"ListItem\",\"position\":2,\"name\":\"AGI-SON sort un livre blanc sur le D\u00e9cret \u201cSon\u201d\"}]},{\"@type\":\"WebSite\",\"@id\":\"https:\\\/\\\/hierostrasbourg.com\\\/#website\",\"url\":\"https:\\\/\\\/hierostrasbourg.com\\\/\",\"name\":\"HIERO STRASBOURG\",\"description\":\"Centre de Ressources Musiques Actuelles\",\"publisher\":{\"@id\":\"https:\\\/\\\/hierostrasbourg.com\\\/#organization\"},\"potentialAction\":[{\"@type\":\"SearchAction\",\"target\":{\"@type\":\"EntryPoint\",\"urlTemplate\":\"https:\\\/\\\/hierostrasbourg.com\\\/?s={search_term_string}\"},\"query-input\":{\"@type\":\"PropertyValueSpecification\",\"valueRequired\":true,\"valueName\":\"search_term_string\"}}],\"inLanguage\":\"fr-FR\"},{\"@type\":\"Organization\",\"@id\":\"https:\\\/\\\/hierostrasbourg.com\\\/#organization\",\"name\":\"F\u00e9d\u00e9ration Hi\u00e9ro Strasbourg\",\"url\":\"https:\\\/\\\/hierostrasbourg.com\\\/\",\"logo\":{\"@type\":\"ImageObject\",\"inLanguage\":\"fr-FR\",\"@id\":\"https:\\\/\\\/hierostrasbourg.com\\\/#\\\/schema\\\/logo\\\/image\\\/\",\"url\":\"https:\\\/\\\/hierostrasbourg.com\\\/wp-content\\\/uploads\\\/2026\\\/04\\\/logo-hiero-strasbourg.jpg\",\"contentUrl\":\"https:\\\/\\\/hierostrasbourg.com\\\/wp-content\\\/uploads\\\/2026\\\/04\\\/logo-hiero-strasbourg.jpg\",\"width\":204,\"height\":192,\"caption\":\"F\u00e9d\u00e9ration Hi\u00e9ro Strasbourg\"},\"image\":{\"@id\":\"https:\\\/\\\/hierostrasbourg.com\\\/#\\\/schema\\\/logo\\\/image\\\/\"},\"sameAs\":[\"https:\\\/\\\/www.facebook.com\\\/fedehierostrasbourg\",\"https:\\\/\\\/x.com\\\/hierostrasbourg\"]}]}<\/script>\n<!-- \/ Yoast SEO plugin. -->","yoast_head_json":{"title":"AGI-SON sort un livre blanc sur le D\u00e9cret \u201cSon\u201d - HIERO STRASBOURG","robots":{"index":"index","follow":"follow","max-snippet":"max-snippet:-1","max-image-preview":"max-image-preview:large","max-video-preview":"max-video-preview:-1"},"canonical":"https:\/\/hierostrasbourg.com\/index.php\/2022\/03\/24\/agi-son-sort-un-livre-blanc-sur-le-decret-son\/","og_locale":"fr_FR","og_type":"article","og_title":"AGI-SON sort un livre blanc sur le D\u00e9cret \u201cSon\u201d - HIERO STRASBOURG","og_description":"communiqu\u00e9 Apr\u00e8s avoir sensibilis\u00e9 les professionnels et les \u00e9lus locaux, \u00e0 travers un tour de France 2021 organis\u00e9 en partenariat avec le Centre national de la musique (CNM), AGI-SON publie, ce jeudi 24 mars, son livre blanc expliquant la n\u00e9cessit\u00e9 de r\u00e9viser le D\u00e9cret \u00ab Son \u00bb, d\u00e9crivant son impact sur les politiques publiques et formant des propositions constructives pour le faire \u00e9voluer afin de concilier au mieux attentes des professionnels et enjeux de sant\u00e9 publique.Depuis bient\u00f4t cinq ans, l\u2019association [&hellip;]","og_url":"https:\/\/hierostrasbourg.com\/index.php\/2022\/03\/24\/agi-son-sort-un-livre-blanc-sur-le-decret-son\/","og_site_name":"HIERO STRASBOURG","article_publisher":"https:\/\/www.facebook.com\/fedehierostrasbourg","article_published_time":"2022-03-24T12:31:55+00:00","twitter_card":"summary_large_image","twitter_creator":"@hierostrasbourg","twitter_site":"@hierostrasbourg","twitter_misc":{"Dur\u00e9e de lecture estim\u00e9e":"1 minute"},"schema":{"@context":"https:\/\/schema.org","@graph":[{"@type":"Article","@id":"https:\/\/hierostrasbourg.com\/index.php\/2022\/03\/24\/agi-son-sort-un-livre-blanc-sur-le-decret-son\/#article","isPartOf":{"@id":"https:\/\/hierostrasbourg.com\/index.php\/2022\/03\/24\/agi-son-sort-un-livre-blanc-sur-le-decret-son\/"},"author":{"name":"","@id":""},"headline":"AGI-SON sort un livre blanc sur le D\u00e9cret \u201cSon\u201d","datePublished":"2022-03-24T12:31:55+00:00","mainEntityOfPage":{"@id":"https:\/\/hierostrasbourg.com\/index.php\/2022\/03\/24\/agi-son-sort-un-livre-blanc-sur-le-decret-son\/"},"wordCount":207,"publisher":{"@id":"https:\/\/hierostrasbourg.com\/#organization"},"inLanguage":"fr-FR"},{"@type":"WebPage","@id":"https:\/\/hierostrasbourg.com\/index.php\/2022\/03\/24\/agi-son-sort-un-livre-blanc-sur-le-decret-son\/","url":"https:\/\/hierostrasbourg.com\/index.php\/2022\/03\/24\/agi-son-sort-un-livre-blanc-sur-le-decret-son\/","name":"AGI-SON sort un livre blanc sur le D\u00e9cret \u201cSon\u201d - HIERO STRASBOURG","isPartOf":{"@id":"https:\/\/hierostrasbourg.com\/#website"},"datePublished":"2022-03-24T12:31:55+00:00","breadcrumb":{"@id":"https:\/\/hierostrasbourg.com\/index.php\/2022\/03\/24\/agi-son-sort-un-livre-blanc-sur-le-decret-son\/#breadcrumb"},"inLanguage":"fr-FR","potentialAction":[{"@type":"ReadAction","target":["https:\/\/hierostrasbourg.com\/index.php\/2022\/03\/24\/agi-son-sort-un-livre-blanc-sur-le-decret-son\/"]}]},{"@type":"BreadcrumbList","@id":"https:\/\/hierostrasbourg.com\/index.php\/2022\/03\/24\/agi-son-sort-un-livre-blanc-sur-le-decret-son\/#breadcrumb","itemListElement":[{"@type":"ListItem","position":1,"name":"Accueil","item":"https:\/\/hierostrasbourg.com\/"},{"@type":"ListItem","position":2,"name":"AGI-SON sort un livre blanc sur le D\u00e9cret \u201cSon\u201d"}]},{"@type":"WebSite","@id":"https:\/\/hierostrasbourg.com\/#website","url":"https:\/\/hierostrasbourg.com\/","name":"HIERO STRASBOURG","description":"Centre de Ressources Musiques Actuelles","publisher":{"@id":"https:\/\/hierostrasbourg.com\/#organization"},"potentialAction":[{"@type":"SearchAction","target":{"@type":"EntryPoint","urlTemplate":"https:\/\/hierostrasbourg.com\/?s={search_term_string}"},"query-input":{"@type":"PropertyValueSpecification","valueRequired":true,"valueName":"search_term_string"}}],"inLanguage":"fr-FR"},{"@type":"Organization","@id":"https:\/\/hierostrasbourg.com\/#organization","name":"F\u00e9d\u00e9ration Hi\u00e9ro Strasbourg","url":"https:\/\/hierostrasbourg.com\/","logo":{"@type":"ImageObject","inLanguage":"fr-FR","@id":"https:\/\/hierostrasbourg.com\/#\/schema\/logo\/image\/","url":"https:\/\/hierostrasbourg.com\/wp-content\/uploads\/2026\/04\/logo-hiero-strasbourg.jpg","contentUrl":"https:\/\/hierostrasbourg.com\/wp-content\/uploads\/2026\/04\/logo-hiero-strasbourg.jpg","width":204,"height":192,"caption":"F\u00e9d\u00e9ration Hi\u00e9ro Strasbourg"},"image":{"@id":"https:\/\/hierostrasbourg.com\/#\/schema\/logo\/image\/"},"sameAs":["https:\/\/www.facebook.com\/fedehierostrasbourg","https:\/\/x.com\/hierostrasbourg"]}]}},"_links":{"self":[{"href":"https:\/\/hierostrasbourg.com\/index.php\/wp-json\/wp\/v2\/posts\/2116","targetHints":{"allow":["GET"]}}],"collection":[{"href":"https:\/\/hierostrasbourg.com\/index.php\/wp-json\/wp\/v2\/posts"}],"about":[{"href":"https:\/\/hierostrasbourg.com\/index.php\/wp-json\/wp\/v2\/types\/post"}],"replies":[{"embeddable":true,"href":"https:\/\/hierostrasbourg.com\/index.php\/wp-json\/wp\/v2\/comments?post=2116"}],"version-history":[{"count":0,"href":"https:\/\/hierostrasbourg.com\/index.php\/wp-json\/wp\/v2\/posts\/2116\/revisions"}],"wp:attachment":[{"href":"https:\/\/hierostrasbourg.com\/index.php\/wp-json\/wp\/v2\/media?parent=2116"}],"wp:term":[{"taxonomy":"category","embeddable":true,"href":"https:\/\/hierostrasbourg.com\/index.php\/wp-json\/wp\/v2\/categories?post=2116"},{"taxonomy":"post_tag","embeddable":true,"href":"https:\/\/hierostrasbourg.com\/index.php\/wp-json\/wp\/v2\/tags?post=2116"}],"curies":[{"name":"wp","href":"https:\/\/api.w.org\/{rel}","templated":true}]}}