{"id":2103,"date":"2022-03-22T23:30:45","date_gmt":"2022-03-22T22:30:45","guid":{"rendered":"https:\/\/hierostrasbourg.com\/index.php\/2022\/03\/22\/prise-en-charge-des-couts-fixes-des-entreprises-sous-forme-associative\/"},"modified":"2022-03-22T23:30:45","modified_gmt":"2022-03-22T22:30:45","slug":"prise-en-charge-des-couts-fixes-des-entreprises-sous-forme-associative","status":"publish","type":"post","link":"https:\/\/hierostrasbourg.com\/index.php\/2022\/03\/22\/prise-en-charge-des-couts-fixes-des-entreprises-sous-forme-associative\/","title":{"rendered":"Prise en charge des co\u00fbts fixes des entreprises sous forme associative"},"content":{"rendered":"<p><em>Deux aides exceptionnelles pour la prise en charge des co\u00fbts fixes des entreprises sous forme associative, ayant subi des pertes d\u2019exploitation importantes, seront ouvertes le 14 avril 2022, pour une dur\u00e9e de deux semaines.<\/em><br \/><em>Si votre association a connu des difficult\u00e9s li\u00e9es \u00e0 la situation sanitaire durant les mois de janvier \u00e0 octobre 2021 et\/ou durant les mois de d\u00e9cembre 2021 et janvier 2022, ces aides sont faites pour vous<\/em><\/p>\n<div class=\"ead-preview\">\n<div class=\"ead-document\">\n<div class=\"ead-iframe-wrapper\"><\/div>\n<div class=\"ead-document-loading\">\n<div class=\"ead-loading-wrap\">\n<div class=\"ead-loading-main\">\n<div class=\"ead-loading\">\n\t\t\t\t\t\t\t<span>En cours de chargement\u2026<\/span>\n\t\t\t\t\t\t<\/div>\n<\/p><\/div>\n<div class=\"ead-loading-foot\">\n<div class=\"ead-loading-foot-title\">\n\t\t\t\t\t\t\t<span>Cela prend trop de temps\u00a0?<\/span>\n\t\t\t\t\t\t<\/div>\n<\/p>\n<div class=\"ead-document-btn ead-reload-btn\">\n\t\t\t\t\t\t\t\t Recharger le document\t\t\t\t\t\t\t<\/div>\n<p>\t\t\t\t\t\t\t<span>|<\/span><br \/>\n\t\t\t\t\t\t\t<a href=\"https:\/\/musiquesactuelles.net\/wp-content\/uploads\/2021\/03\/aides-cou%CC%82ts-fixes-associations-vdef.pdf\" class=\"ead-document-btn\" target=\"_blank\" rel=\"noopener\"><br \/>\n\t\t\t\t\t\t\t\t Ouvrir dans un nouvel onglet\t\t\t\t\t\t\t<\/a>\n\t\t\t\t\t<\/div>\n<\/p><\/div>\n<\/p><\/div>\n<\/p><\/div>\n<p class=\"embed_download\"><a href=\"https:\/\/musiquesactuelles.net\/wp-content\/uploads\/2021\/03\/aides-cou%CC%82ts-fixes-associations-vdef.pdf\">\ufeffT\u00e9l\u00e9charger <\/a><\/p>\n<\/div>\n<p>L\u2019article <a href=\"https:\/\/popburo.fr\/prise-en-charge-des-couts-fixes-des-entreprises-sous-forme-associative\/\">Prise en charge des co\u00fbts fixes des entreprises sous forme associative<\/a> est apparu en premier sur <a href=\"https:\/\/popburo.fr\/\">POP B\u00dcRO<\/a>.<\/p>\n","protected":false},"excerpt":{"rendered":"<p>Deux aides exceptionnelles pour la prise en charge des co\u00fbts fixes des entreprises sous forme associative, ayant subi des pertes d\u2019exploitation importantes, seront ouvertes le 14 avril 2022, pour une dur\u00e9e de deux semaines.Si votre association a connu des difficult\u00e9s li\u00e9es \u00e0 la situation sanitaire durant les mois de janvier \u00e0 octobre 2021 et\/ou durant les mois de d\u00e9cembre 2021 et janvier 2022, ces aides sont faites pour vous En cours de chargement\u2026 Cela prend trop de temps\u00a0? Recharger le [&hellip;]<\/p>\n","protected":false},"author":0,"featured_media":0,"comment_status":"closed","ping_status":"open","sticky":false,"template":"","format":"standard","meta":{"footnotes":""},"categories":[1],"tags":[],"class_list":["post-2103","post","type-post","status-publish","format-standard","hentry","category-non-classe"],"yoast_head":"<!-- This site is optimized with the Yoast SEO plugin v27.4 - https:\/\/yoast.com\/product\/yoast-seo-wordpress\/ -->\n<title>Prise en charge des co\u00fbts fixes des entreprises sous forme associative - HIERO STRASBOURG<\/title>\n<meta name=\"robots\" content=\"index, follow, max-snippet:-1, max-image-preview:large, max-video-preview:-1\" \/>\n<link rel=\"canonical\" href=\"https:\/\/hierostrasbourg.com\/index.php\/2022\/03\/22\/prise-en-charge-des-couts-fixes-des-entreprises-sous-forme-associative\/\" \/>\n<meta property=\"og:locale\" content=\"fr_FR\" \/>\n<meta property=\"og:type\" content=\"article\" \/>\n<meta property=\"og:title\" content=\"Prise en charge des co\u00fbts fixes des entreprises sous forme associative - HIERO STRASBOURG\" \/>\n<meta property=\"og:description\" content=\"Deux aides exceptionnelles pour la prise en charge des co\u00fbts fixes des entreprises sous forme associative, ayant subi des pertes d\u2019exploitation importantes, seront ouvertes le 14 avril 2022, pour une dur\u00e9e de deux semaines.Si votre association a connu des difficult\u00e9s li\u00e9es \u00e0 la situation sanitaire durant les mois de janvier \u00e0 octobre 2021 et\/ou durant les mois de d\u00e9cembre 2021 et janvier 2022, ces aides sont faites pour vous En cours de chargement\u2026 Cela prend trop de temps\u00a0? Recharger le [&hellip;]\" \/>\n<meta property=\"og:url\" content=\"https:\/\/hierostrasbourg.com\/index.php\/2022\/03\/22\/prise-en-charge-des-couts-fixes-des-entreprises-sous-forme-associative\/\" \/>\n<meta property=\"og:site_name\" content=\"HIERO STRASBOURG\" \/>\n<meta property=\"article:publisher\" content=\"https:\/\/www.facebook.com\/fedehierostrasbourg\" \/>\n<meta property=\"article:published_time\" content=\"2022-03-22T22:30:45+00:00\" \/>\n<meta name=\"twitter:card\" content=\"summary_large_image\" \/>\n<meta name=\"twitter:creator\" content=\"@hierostrasbourg\" \/>\n<meta name=\"twitter:site\" content=\"@hierostrasbourg\" \/>\n<meta name=\"twitter:label1\" content=\"Dur\u00e9e de lecture estim\u00e9e\" \/>\n\t<meta name=\"twitter:data1\" content=\"1 minute\" \/>\n<script type=\"application\/ld+json\" class=\"yoast-schema-graph\">{\"@context\":\"https:\\\/\\\/schema.org\",\"@graph\":[{\"@type\":\"Article\",\"@id\":\"https:\\\/\\\/hierostrasbourg.com\\\/index.php\\\/2022\\\/03\\\/22\\\/prise-en-charge-des-couts-fixes-des-entreprises-sous-forme-associative\\\/#article\",\"isPartOf\":{\"@id\":\"https:\\\/\\\/hierostrasbourg.com\\\/index.php\\\/2022\\\/03\\\/22\\\/prise-en-charge-des-couts-fixes-des-entreprises-sous-forme-associative\\\/\"},\"author\":{\"name\":\"\",\"@id\":\"\"},\"headline\":\"Prise en charge des co\u00fbts fixes des entreprises sous forme associative\",\"datePublished\":\"2022-03-22T22:30:45+00:00\",\"mainEntityOfPage\":{\"@id\":\"https:\\\/\\\/hierostrasbourg.com\\\/index.php\\\/2022\\\/03\\\/22\\\/prise-en-charge-des-couts-fixes-des-entreprises-sous-forme-associative\\\/\"},\"wordCount\":124,\"publisher\":{\"@id\":\"https:\\\/\\\/hierostrasbourg.com\\\/#organization\"},\"inLanguage\":\"fr-FR\"},{\"@type\":\"WebPage\",\"@id\":\"https:\\\/\\\/hierostrasbourg.com\\\/index.php\\\/2022\\\/03\\\/22\\\/prise-en-charge-des-couts-fixes-des-entreprises-sous-forme-associative\\\/\",\"url\":\"https:\\\/\\\/hierostrasbourg.com\\\/index.php\\\/2022\\\/03\\\/22\\\/prise-en-charge-des-couts-fixes-des-entreprises-sous-forme-associative\\\/\",\"name\":\"Prise en charge des co\u00fbts fixes des entreprises sous forme associative - HIERO STRASBOURG\",\"isPartOf\":{\"@id\":\"https:\\\/\\\/hierostrasbourg.com\\\/#website\"},\"datePublished\":\"2022-03-22T22:30:45+00:00\",\"breadcrumb\":{\"@id\":\"https:\\\/\\\/hierostrasbourg.com\\\/index.php\\\/2022\\\/03\\\/22\\\/prise-en-charge-des-couts-fixes-des-entreprises-sous-forme-associative\\\/#breadcrumb\"},\"inLanguage\":\"fr-FR\",\"potentialAction\":[{\"@type\":\"ReadAction\",\"target\":[\"https:\\\/\\\/hierostrasbourg.com\\\/index.php\\\/2022\\\/03\\\/22\\\/prise-en-charge-des-couts-fixes-des-entreprises-sous-forme-associative\\\/\"]}]},{\"@type\":\"BreadcrumbList\",\"@id\":\"https:\\\/\\\/hierostrasbourg.com\\\/index.php\\\/2022\\\/03\\\/22\\\/prise-en-charge-des-couts-fixes-des-entreprises-sous-forme-associative\\\/#breadcrumb\",\"itemListElement\":[{\"@type\":\"ListItem\",\"position\":1,\"name\":\"Accueil\",\"item\":\"https:\\\/\\\/hierostrasbourg.com\\\/\"},{\"@type\":\"ListItem\",\"position\":2,\"name\":\"Prise en charge des co\u00fbts fixes des entreprises sous forme associative\"}]},{\"@type\":\"WebSite\",\"@id\":\"https:\\\/\\\/hierostrasbourg.com\\\/#website\",\"url\":\"https:\\\/\\\/hierostrasbourg.com\\\/\",\"name\":\"HIERO STRASBOURG\",\"description\":\"Centre de Ressources Musiques Actuelles\",\"publisher\":{\"@id\":\"https:\\\/\\\/hierostrasbourg.com\\\/#organization\"},\"potentialAction\":[{\"@type\":\"SearchAction\",\"target\":{\"@type\":\"EntryPoint\",\"urlTemplate\":\"https:\\\/\\\/hierostrasbourg.com\\\/?s={search_term_string}\"},\"query-input\":{\"@type\":\"PropertyValueSpecification\",\"valueRequired\":true,\"valueName\":\"search_term_string\"}}],\"inLanguage\":\"fr-FR\"},{\"@type\":\"Organization\",\"@id\":\"https:\\\/\\\/hierostrasbourg.com\\\/#organization\",\"name\":\"F\u00e9d\u00e9ration Hi\u00e9ro Strasbourg\",\"url\":\"https:\\\/\\\/hierostrasbourg.com\\\/\",\"logo\":{\"@type\":\"ImageObject\",\"inLanguage\":\"fr-FR\",\"@id\":\"https:\\\/\\\/hierostrasbourg.com\\\/#\\\/schema\\\/logo\\\/image\\\/\",\"url\":\"https:\\\/\\\/hierostrasbourg.com\\\/wp-content\\\/uploads\\\/2026\\\/04\\\/logo-hiero-strasbourg.jpg\",\"contentUrl\":\"https:\\\/\\\/hierostrasbourg.com\\\/wp-content\\\/uploads\\\/2026\\\/04\\\/logo-hiero-strasbourg.jpg\",\"width\":204,\"height\":192,\"caption\":\"F\u00e9d\u00e9ration Hi\u00e9ro Strasbourg\"},\"image\":{\"@id\":\"https:\\\/\\\/hierostrasbourg.com\\\/#\\\/schema\\\/logo\\\/image\\\/\"},\"sameAs\":[\"https:\\\/\\\/www.facebook.com\\\/fedehierostrasbourg\",\"https:\\\/\\\/x.com\\\/hierostrasbourg\"]}]}<\/script>\n<!-- \/ Yoast SEO plugin. -->","yoast_head_json":{"title":"Prise en charge des co\u00fbts fixes des entreprises sous forme associative - HIERO STRASBOURG","robots":{"index":"index","follow":"follow","max-snippet":"max-snippet:-1","max-image-preview":"max-image-preview:large","max-video-preview":"max-video-preview:-1"},"canonical":"https:\/\/hierostrasbourg.com\/index.php\/2022\/03\/22\/prise-en-charge-des-couts-fixes-des-entreprises-sous-forme-associative\/","og_locale":"fr_FR","og_type":"article","og_title":"Prise en charge des co\u00fbts fixes des entreprises sous forme associative - HIERO STRASBOURG","og_description":"Deux aides exceptionnelles pour la prise en charge des co\u00fbts fixes des entreprises sous forme associative, ayant subi des pertes d\u2019exploitation importantes, seront ouvertes le 14 avril 2022, pour une dur\u00e9e de deux semaines.Si votre association a connu des difficult\u00e9s li\u00e9es \u00e0 la situation sanitaire durant les mois de janvier \u00e0 octobre 2021 et\/ou durant les mois de d\u00e9cembre 2021 et janvier 2022, ces aides sont faites pour vous En cours de chargement\u2026 Cela prend trop de temps\u00a0? Recharger le [&hellip;]","og_url":"https:\/\/hierostrasbourg.com\/index.php\/2022\/03\/22\/prise-en-charge-des-couts-fixes-des-entreprises-sous-forme-associative\/","og_site_name":"HIERO STRASBOURG","article_publisher":"https:\/\/www.facebook.com\/fedehierostrasbourg","article_published_time":"2022-03-22T22:30:45+00:00","twitter_card":"summary_large_image","twitter_creator":"@hierostrasbourg","twitter_site":"@hierostrasbourg","twitter_misc":{"Dur\u00e9e de lecture estim\u00e9e":"1 minute"},"schema":{"@context":"https:\/\/schema.org","@graph":[{"@type":"Article","@id":"https:\/\/hierostrasbourg.com\/index.php\/2022\/03\/22\/prise-en-charge-des-couts-fixes-des-entreprises-sous-forme-associative\/#article","isPartOf":{"@id":"https:\/\/hierostrasbourg.com\/index.php\/2022\/03\/22\/prise-en-charge-des-couts-fixes-des-entreprises-sous-forme-associative\/"},"author":{"name":"","@id":""},"headline":"Prise en charge des co\u00fbts fixes des entreprises sous forme associative","datePublished":"2022-03-22T22:30:45+00:00","mainEntityOfPage":{"@id":"https:\/\/hierostrasbourg.com\/index.php\/2022\/03\/22\/prise-en-charge-des-couts-fixes-des-entreprises-sous-forme-associative\/"},"wordCount":124,"publisher":{"@id":"https:\/\/hierostrasbourg.com\/#organization"},"inLanguage":"fr-FR"},{"@type":"WebPage","@id":"https:\/\/hierostrasbourg.com\/index.php\/2022\/03\/22\/prise-en-charge-des-couts-fixes-des-entreprises-sous-forme-associative\/","url":"https:\/\/hierostrasbourg.com\/index.php\/2022\/03\/22\/prise-en-charge-des-couts-fixes-des-entreprises-sous-forme-associative\/","name":"Prise en charge des co\u00fbts fixes des entreprises sous forme associative - HIERO STRASBOURG","isPartOf":{"@id":"https:\/\/hierostrasbourg.com\/#website"},"datePublished":"2022-03-22T22:30:45+00:00","breadcrumb":{"@id":"https:\/\/hierostrasbourg.com\/index.php\/2022\/03\/22\/prise-en-charge-des-couts-fixes-des-entreprises-sous-forme-associative\/#breadcrumb"},"inLanguage":"fr-FR","potentialAction":[{"@type":"ReadAction","target":["https:\/\/hierostrasbourg.com\/index.php\/2022\/03\/22\/prise-en-charge-des-couts-fixes-des-entreprises-sous-forme-associative\/"]}]},{"@type":"BreadcrumbList","@id":"https:\/\/hierostrasbourg.com\/index.php\/2022\/03\/22\/prise-en-charge-des-couts-fixes-des-entreprises-sous-forme-associative\/#breadcrumb","itemListElement":[{"@type":"ListItem","position":1,"name":"Accueil","item":"https:\/\/hierostrasbourg.com\/"},{"@type":"ListItem","position":2,"name":"Prise en charge des co\u00fbts fixes des entreprises sous forme associative"}]},{"@type":"WebSite","@id":"https:\/\/hierostrasbourg.com\/#website","url":"https:\/\/hierostrasbourg.com\/","name":"HIERO STRASBOURG","description":"Centre de Ressources Musiques Actuelles","publisher":{"@id":"https:\/\/hierostrasbourg.com\/#organization"},"potentialAction":[{"@type":"SearchAction","target":{"@type":"EntryPoint","urlTemplate":"https:\/\/hierostrasbourg.com\/?s={search_term_string}"},"query-input":{"@type":"PropertyValueSpecification","valueRequired":true,"valueName":"search_term_string"}}],"inLanguage":"fr-FR"},{"@type":"Organization","@id":"https:\/\/hierostrasbourg.com\/#organization","name":"F\u00e9d\u00e9ration Hi\u00e9ro Strasbourg","url":"https:\/\/hierostrasbourg.com\/","logo":{"@type":"ImageObject","inLanguage":"fr-FR","@id":"https:\/\/hierostrasbourg.com\/#\/schema\/logo\/image\/","url":"https:\/\/hierostrasbourg.com\/wp-content\/uploads\/2026\/04\/logo-hiero-strasbourg.jpg","contentUrl":"https:\/\/hierostrasbourg.com\/wp-content\/uploads\/2026\/04\/logo-hiero-strasbourg.jpg","width":204,"height":192,"caption":"F\u00e9d\u00e9ration Hi\u00e9ro Strasbourg"},"image":{"@id":"https:\/\/hierostrasbourg.com\/#\/schema\/logo\/image\/"},"sameAs":["https:\/\/www.facebook.com\/fedehierostrasbourg","https:\/\/x.com\/hierostrasbourg"]}]}},"_links":{"self":[{"href":"https:\/\/hierostrasbourg.com\/index.php\/wp-json\/wp\/v2\/posts\/2103","targetHints":{"allow":["GET"]}}],"collection":[{"href":"https:\/\/hierostrasbourg.com\/index.php\/wp-json\/wp\/v2\/posts"}],"about":[{"href":"https:\/\/hierostrasbourg.com\/index.php\/wp-json\/wp\/v2\/types\/post"}],"replies":[{"embeddable":true,"href":"https:\/\/hierostrasbourg.com\/index.php\/wp-json\/wp\/v2\/comments?post=2103"}],"version-history":[{"count":0,"href":"https:\/\/hierostrasbourg.com\/index.php\/wp-json\/wp\/v2\/posts\/2103\/revisions"}],"wp:attachment":[{"href":"https:\/\/hierostrasbourg.com\/index.php\/wp-json\/wp\/v2\/media?parent=2103"}],"wp:term":[{"taxonomy":"category","embeddable":true,"href":"https:\/\/hierostrasbourg.com\/index.php\/wp-json\/wp\/v2\/categories?post=2103"},{"taxonomy":"post_tag","embeddable":true,"href":"https:\/\/hierostrasbourg.com\/index.php\/wp-json\/wp\/v2\/tags?post=2103"}],"curies":[{"name":"wp","href":"https:\/\/api.w.org\/{rel}","templated":true}]}}