{"id":2097,"date":"2022-03-19T16:34:32","date_gmt":"2022-03-19T15:34:32","guid":{"rendered":"https:\/\/hierostrasbourg.com\/index.php\/2022\/03\/19\/san-teodoro-un-ete-tout-lhiver-nouvel-ep-de-claire-faravarjoo-chanson-pop-strasbourg-2\/"},"modified":"2022-03-19T16:34:32","modified_gmt":"2022-03-19T15:34:32","slug":"san-teodoro-un-ete-tout-lhiver-nouvel-ep-de-claire-faravarjoo-chanson-pop-strasbourg-2","status":"publish","type":"post","link":"https:\/\/hierostrasbourg.com\/index.php\/2022\/03\/19\/san-teodoro-un-ete-tout-lhiver-nouvel-ep-de-claire-faravarjoo-chanson-pop-strasbourg-2\/","title":{"rendered":"\u201d San Teodoro \/ Un \u00e9t\u00e9 tout l\u2019hiver\u201d, nouvel EP de CLAIRE FARAVARJOO  [chanson pop \/ Strasbourg]"},"content":{"rendered":"<p>communiqu\u00e9 Deux ans apr\u00e8s la sortie de son album Nightclub et apr\u00e8s avoir assur\u00e9 avec brio les premi\u00e8res parties de Julien Dor\u00e9, Brigitte, ou encore Suzane, Claire Faravarjoo nous livre 2 titres in\u00e9dits. Dans San Teodoro, elle nous emm\u00e8ne danser pieds nus dans le sable des plages de Sardaigne. On fr\u00f4le une French touch m\u00eal\u00e9e \u00e0 des mots suaves et solaires, les synth\u00e9s prennent l\u2019odeur du mono\u00ef. On se surprendrait presque \u00e0 oublier la grisaille d\u00e8s la premi\u00e8re \u00e9coute. Dans [\u2026]<\/p>\n<p>L\u2019article <a href=\"https:\/\/musiquesactuelles.alsace\/san-teodoro-un-ete-tout-lhiver-nouvel-ep-de-claire-faravarjoo-chanson-pop-strasbourg\/\">\u201d San Teodoro \/ Un \u00e9t\u00e9 tout l\u2019hiver\u201d, nouvel EP de CLAIRE FARAVARJOO  [chanson pop \/ Strasbourg]<\/a> est apparu en premier sur <a href=\"https:\/\/musiquesactuelles.alsace\/\">Musiques Actuelles en Alsace<\/a>.<\/p>\n<p>L\u2019article <a href=\"https:\/\/popburo.fr\/san-teodoro-un-ete-tout-lhiver-nouvel-ep-de-claire-faravarjoo-chanson-pop-strasbourg-3\/\">\u201d San Teodoro \/ Un \u00e9t\u00e9 tout l\u2019hiver\u201d, nouvel EP de CLAIRE FARAVARJOO  [chanson pop \/ Strasbourg]<\/a> est apparu en premier sur <a href=\"https:\/\/popburo.fr\/\">POP B\u00dcRO<\/a>.<\/p>\n","protected":false},"excerpt":{"rendered":"<p>communiqu\u00e9 Deux ans apr\u00e8s la sortie de son album Nightclub et apr\u00e8s avoir assur\u00e9 avec brio les premi\u00e8res parties de Julien Dor\u00e9, Brigitte, ou encore Suzane, Claire Faravarjoo nous livre 2 titres in\u00e9dits. Dans San Teodoro, elle nous emm\u00e8ne danser pieds nus dans le sable des plages de Sardaigne. On fr\u00f4le une French touch m\u00eal\u00e9e \u00e0 des mots suaves et solaires, les synth\u00e9s prennent l\u2019odeur du mono\u00ef. On se surprendrait presque \u00e0 oublier la grisaille d\u00e8s la premi\u00e8re \u00e9coute. Dans [&hellip;]<\/p>\n","protected":false},"author":0,"featured_media":0,"comment_status":"closed","ping_status":"open","sticky":false,"template":"","format":"standard","meta":{"footnotes":""},"categories":[1],"tags":[],"class_list":["post-2097","post","type-post","status-publish","format-standard","hentry","category-non-classe"],"yoast_head":"<!-- This site is optimized with the Yoast SEO plugin v27.4 - https:\/\/yoast.com\/product\/yoast-seo-wordpress\/ -->\n<title>\u201d San Teodoro \/ Un \u00e9t\u00e9 tout l\u2019hiver\u201d, nouvel EP de CLAIRE FARAVARJOO [chanson pop \/ Strasbourg] - HIERO STRASBOURG<\/title>\n<meta name=\"robots\" content=\"index, follow, max-snippet:-1, max-image-preview:large, max-video-preview:-1\" \/>\n<link rel=\"canonical\" href=\"https:\/\/hierostrasbourg.com\/index.php\/2022\/03\/19\/san-teodoro-un-ete-tout-lhiver-nouvel-ep-de-claire-faravarjoo-chanson-pop-strasbourg-2\/\" \/>\n<meta property=\"og:locale\" content=\"fr_FR\" \/>\n<meta property=\"og:type\" content=\"article\" \/>\n<meta property=\"og:title\" content=\"\u201d San Teodoro \/ Un \u00e9t\u00e9 tout l\u2019hiver\u201d, nouvel EP de CLAIRE FARAVARJOO [chanson pop \/ Strasbourg] - HIERO STRASBOURG\" \/>\n<meta property=\"og:description\" content=\"communiqu\u00e9 Deux ans apr\u00e8s la sortie de son album Nightclub et apr\u00e8s avoir assur\u00e9 avec brio les premi\u00e8res parties de Julien Dor\u00e9, Brigitte, ou encore Suzane, Claire Faravarjoo nous livre 2 titres in\u00e9dits. Dans San Teodoro, elle nous emm\u00e8ne danser pieds nus dans le sable des plages de Sardaigne. On fr\u00f4le une French touch m\u00eal\u00e9e \u00e0 des mots suaves et solaires, les synth\u00e9s prennent l\u2019odeur du mono\u00ef. On se surprendrait presque \u00e0 oublier la grisaille d\u00e8s la premi\u00e8re \u00e9coute. Dans [&hellip;]\" \/>\n<meta property=\"og:url\" content=\"https:\/\/hierostrasbourg.com\/index.php\/2022\/03\/19\/san-teodoro-un-ete-tout-lhiver-nouvel-ep-de-claire-faravarjoo-chanson-pop-strasbourg-2\/\" \/>\n<meta property=\"og:site_name\" content=\"HIERO STRASBOURG\" \/>\n<meta property=\"article:publisher\" content=\"https:\/\/www.facebook.com\/fedehierostrasbourg\" \/>\n<meta property=\"article:published_time\" content=\"2022-03-19T15:34:32+00:00\" \/>\n<meta name=\"twitter:card\" content=\"summary_large_image\" \/>\n<meta name=\"twitter:creator\" content=\"@hierostrasbourg\" \/>\n<meta name=\"twitter:site\" content=\"@hierostrasbourg\" \/>\n<meta name=\"twitter:label1\" content=\"Dur\u00e9e de lecture estim\u00e9e\" \/>\n\t<meta name=\"twitter:data1\" content=\"1 minute\" \/>\n<script type=\"application\/ld+json\" class=\"yoast-schema-graph\">{\"@context\":\"https:\\\/\\\/schema.org\",\"@graph\":[{\"@type\":\"Article\",\"@id\":\"https:\\\/\\\/hierostrasbourg.com\\\/index.php\\\/2022\\\/03\\\/19\\\/san-teodoro-un-ete-tout-lhiver-nouvel-ep-de-claire-faravarjoo-chanson-pop-strasbourg-2\\\/#article\",\"isPartOf\":{\"@id\":\"https:\\\/\\\/hierostrasbourg.com\\\/index.php\\\/2022\\\/03\\\/19\\\/san-teodoro-un-ete-tout-lhiver-nouvel-ep-de-claire-faravarjoo-chanson-pop-strasbourg-2\\\/\"},\"author\":{\"name\":\"\",\"@id\":\"\"},\"headline\":\"\u201d San Teodoro \\\/ Un \u00e9t\u00e9 tout l\u2019hiver\u201d, nouvel EP de CLAIRE FARAVARJOO [chanson pop \\\/ Strasbourg]\",\"datePublished\":\"2022-03-19T15:34:32+00:00\",\"mainEntityOfPage\":{\"@id\":\"https:\\\/\\\/hierostrasbourg.com\\\/index.php\\\/2022\\\/03\\\/19\\\/san-teodoro-un-ete-tout-lhiver-nouvel-ep-de-claire-faravarjoo-chanson-pop-strasbourg-2\\\/\"},\"wordCount\":155,\"publisher\":{\"@id\":\"https:\\\/\\\/hierostrasbourg.com\\\/#organization\"},\"inLanguage\":\"fr-FR\"},{\"@type\":\"WebPage\",\"@id\":\"https:\\\/\\\/hierostrasbourg.com\\\/index.php\\\/2022\\\/03\\\/19\\\/san-teodoro-un-ete-tout-lhiver-nouvel-ep-de-claire-faravarjoo-chanson-pop-strasbourg-2\\\/\",\"url\":\"https:\\\/\\\/hierostrasbourg.com\\\/index.php\\\/2022\\\/03\\\/19\\\/san-teodoro-un-ete-tout-lhiver-nouvel-ep-de-claire-faravarjoo-chanson-pop-strasbourg-2\\\/\",\"name\":\"\u201d San Teodoro \\\/ Un \u00e9t\u00e9 tout l\u2019hiver\u201d, nouvel EP de CLAIRE FARAVARJOO [chanson pop \\\/ Strasbourg] - HIERO STRASBOURG\",\"isPartOf\":{\"@id\":\"https:\\\/\\\/hierostrasbourg.com\\\/#website\"},\"datePublished\":\"2022-03-19T15:34:32+00:00\",\"breadcrumb\":{\"@id\":\"https:\\\/\\\/hierostrasbourg.com\\\/index.php\\\/2022\\\/03\\\/19\\\/san-teodoro-un-ete-tout-lhiver-nouvel-ep-de-claire-faravarjoo-chanson-pop-strasbourg-2\\\/#breadcrumb\"},\"inLanguage\":\"fr-FR\",\"potentialAction\":[{\"@type\":\"ReadAction\",\"target\":[\"https:\\\/\\\/hierostrasbourg.com\\\/index.php\\\/2022\\\/03\\\/19\\\/san-teodoro-un-ete-tout-lhiver-nouvel-ep-de-claire-faravarjoo-chanson-pop-strasbourg-2\\\/\"]}]},{\"@type\":\"BreadcrumbList\",\"@id\":\"https:\\\/\\\/hierostrasbourg.com\\\/index.php\\\/2022\\\/03\\\/19\\\/san-teodoro-un-ete-tout-lhiver-nouvel-ep-de-claire-faravarjoo-chanson-pop-strasbourg-2\\\/#breadcrumb\",\"itemListElement\":[{\"@type\":\"ListItem\",\"position\":1,\"name\":\"Accueil\",\"item\":\"https:\\\/\\\/hierostrasbourg.com\\\/\"},{\"@type\":\"ListItem\",\"position\":2,\"name\":\"\u201d San Teodoro \\\/ Un \u00e9t\u00e9 tout l\u2019hiver\u201d, nouvel EP de CLAIRE FARAVARJOO [chanson pop \\\/ Strasbourg]\"}]},{\"@type\":\"WebSite\",\"@id\":\"https:\\\/\\\/hierostrasbourg.com\\\/#website\",\"url\":\"https:\\\/\\\/hierostrasbourg.com\\\/\",\"name\":\"HIERO STRASBOURG\",\"description\":\"Centre de Ressources Musiques Actuelles\",\"publisher\":{\"@id\":\"https:\\\/\\\/hierostrasbourg.com\\\/#organization\"},\"potentialAction\":[{\"@type\":\"SearchAction\",\"target\":{\"@type\":\"EntryPoint\",\"urlTemplate\":\"https:\\\/\\\/hierostrasbourg.com\\\/?s={search_term_string}\"},\"query-input\":{\"@type\":\"PropertyValueSpecification\",\"valueRequired\":true,\"valueName\":\"search_term_string\"}}],\"inLanguage\":\"fr-FR\"},{\"@type\":\"Organization\",\"@id\":\"https:\\\/\\\/hierostrasbourg.com\\\/#organization\",\"name\":\"F\u00e9d\u00e9ration Hi\u00e9ro Strasbourg\",\"url\":\"https:\\\/\\\/hierostrasbourg.com\\\/\",\"logo\":{\"@type\":\"ImageObject\",\"inLanguage\":\"fr-FR\",\"@id\":\"https:\\\/\\\/hierostrasbourg.com\\\/#\\\/schema\\\/logo\\\/image\\\/\",\"url\":\"https:\\\/\\\/hierostrasbourg.com\\\/wp-content\\\/uploads\\\/2026\\\/04\\\/logo-hiero-strasbourg.jpg\",\"contentUrl\":\"https:\\\/\\\/hierostrasbourg.com\\\/wp-content\\\/uploads\\\/2026\\\/04\\\/logo-hiero-strasbourg.jpg\",\"width\":204,\"height\":192,\"caption\":\"F\u00e9d\u00e9ration Hi\u00e9ro Strasbourg\"},\"image\":{\"@id\":\"https:\\\/\\\/hierostrasbourg.com\\\/#\\\/schema\\\/logo\\\/image\\\/\"},\"sameAs\":[\"https:\\\/\\\/www.facebook.com\\\/fedehierostrasbourg\",\"https:\\\/\\\/x.com\\\/hierostrasbourg\"]}]}<\/script>\n<!-- \/ Yoast SEO plugin. -->","yoast_head_json":{"title":"\u201d San Teodoro \/ Un \u00e9t\u00e9 tout l\u2019hiver\u201d, nouvel EP de CLAIRE FARAVARJOO [chanson pop \/ Strasbourg] - HIERO STRASBOURG","robots":{"index":"index","follow":"follow","max-snippet":"max-snippet:-1","max-image-preview":"max-image-preview:large","max-video-preview":"max-video-preview:-1"},"canonical":"https:\/\/hierostrasbourg.com\/index.php\/2022\/03\/19\/san-teodoro-un-ete-tout-lhiver-nouvel-ep-de-claire-faravarjoo-chanson-pop-strasbourg-2\/","og_locale":"fr_FR","og_type":"article","og_title":"\u201d San Teodoro \/ Un \u00e9t\u00e9 tout l\u2019hiver\u201d, nouvel EP de CLAIRE FARAVARJOO [chanson pop \/ Strasbourg] - HIERO STRASBOURG","og_description":"communiqu\u00e9 Deux ans apr\u00e8s la sortie de son album Nightclub et apr\u00e8s avoir assur\u00e9 avec brio les premi\u00e8res parties de Julien Dor\u00e9, Brigitte, ou encore Suzane, Claire Faravarjoo nous livre 2 titres in\u00e9dits. Dans San Teodoro, elle nous emm\u00e8ne danser pieds nus dans le sable des plages de Sardaigne. On fr\u00f4le une French touch m\u00eal\u00e9e \u00e0 des mots suaves et solaires, les synth\u00e9s prennent l\u2019odeur du mono\u00ef. On se surprendrait presque \u00e0 oublier la grisaille d\u00e8s la premi\u00e8re \u00e9coute. Dans [&hellip;]","og_url":"https:\/\/hierostrasbourg.com\/index.php\/2022\/03\/19\/san-teodoro-un-ete-tout-lhiver-nouvel-ep-de-claire-faravarjoo-chanson-pop-strasbourg-2\/","og_site_name":"HIERO STRASBOURG","article_publisher":"https:\/\/www.facebook.com\/fedehierostrasbourg","article_published_time":"2022-03-19T15:34:32+00:00","twitter_card":"summary_large_image","twitter_creator":"@hierostrasbourg","twitter_site":"@hierostrasbourg","twitter_misc":{"Dur\u00e9e de lecture estim\u00e9e":"1 minute"},"schema":{"@context":"https:\/\/schema.org","@graph":[{"@type":"Article","@id":"https:\/\/hierostrasbourg.com\/index.php\/2022\/03\/19\/san-teodoro-un-ete-tout-lhiver-nouvel-ep-de-claire-faravarjoo-chanson-pop-strasbourg-2\/#article","isPartOf":{"@id":"https:\/\/hierostrasbourg.com\/index.php\/2022\/03\/19\/san-teodoro-un-ete-tout-lhiver-nouvel-ep-de-claire-faravarjoo-chanson-pop-strasbourg-2\/"},"author":{"name":"","@id":""},"headline":"\u201d San Teodoro \/ Un \u00e9t\u00e9 tout l\u2019hiver\u201d, nouvel EP de CLAIRE FARAVARJOO [chanson pop \/ Strasbourg]","datePublished":"2022-03-19T15:34:32+00:00","mainEntityOfPage":{"@id":"https:\/\/hierostrasbourg.com\/index.php\/2022\/03\/19\/san-teodoro-un-ete-tout-lhiver-nouvel-ep-de-claire-faravarjoo-chanson-pop-strasbourg-2\/"},"wordCount":155,"publisher":{"@id":"https:\/\/hierostrasbourg.com\/#organization"},"inLanguage":"fr-FR"},{"@type":"WebPage","@id":"https:\/\/hierostrasbourg.com\/index.php\/2022\/03\/19\/san-teodoro-un-ete-tout-lhiver-nouvel-ep-de-claire-faravarjoo-chanson-pop-strasbourg-2\/","url":"https:\/\/hierostrasbourg.com\/index.php\/2022\/03\/19\/san-teodoro-un-ete-tout-lhiver-nouvel-ep-de-claire-faravarjoo-chanson-pop-strasbourg-2\/","name":"\u201d San Teodoro \/ Un \u00e9t\u00e9 tout l\u2019hiver\u201d, nouvel EP de CLAIRE FARAVARJOO [chanson pop \/ Strasbourg] - HIERO STRASBOURG","isPartOf":{"@id":"https:\/\/hierostrasbourg.com\/#website"},"datePublished":"2022-03-19T15:34:32+00:00","breadcrumb":{"@id":"https:\/\/hierostrasbourg.com\/index.php\/2022\/03\/19\/san-teodoro-un-ete-tout-lhiver-nouvel-ep-de-claire-faravarjoo-chanson-pop-strasbourg-2\/#breadcrumb"},"inLanguage":"fr-FR","potentialAction":[{"@type":"ReadAction","target":["https:\/\/hierostrasbourg.com\/index.php\/2022\/03\/19\/san-teodoro-un-ete-tout-lhiver-nouvel-ep-de-claire-faravarjoo-chanson-pop-strasbourg-2\/"]}]},{"@type":"BreadcrumbList","@id":"https:\/\/hierostrasbourg.com\/index.php\/2022\/03\/19\/san-teodoro-un-ete-tout-lhiver-nouvel-ep-de-claire-faravarjoo-chanson-pop-strasbourg-2\/#breadcrumb","itemListElement":[{"@type":"ListItem","position":1,"name":"Accueil","item":"https:\/\/hierostrasbourg.com\/"},{"@type":"ListItem","position":2,"name":"\u201d San Teodoro \/ Un \u00e9t\u00e9 tout l\u2019hiver\u201d, nouvel EP de CLAIRE FARAVARJOO [chanson pop \/ Strasbourg]"}]},{"@type":"WebSite","@id":"https:\/\/hierostrasbourg.com\/#website","url":"https:\/\/hierostrasbourg.com\/","name":"HIERO STRASBOURG","description":"Centre de Ressources Musiques Actuelles","publisher":{"@id":"https:\/\/hierostrasbourg.com\/#organization"},"potentialAction":[{"@type":"SearchAction","target":{"@type":"EntryPoint","urlTemplate":"https:\/\/hierostrasbourg.com\/?s={search_term_string}"},"query-input":{"@type":"PropertyValueSpecification","valueRequired":true,"valueName":"search_term_string"}}],"inLanguage":"fr-FR"},{"@type":"Organization","@id":"https:\/\/hierostrasbourg.com\/#organization","name":"F\u00e9d\u00e9ration Hi\u00e9ro Strasbourg","url":"https:\/\/hierostrasbourg.com\/","logo":{"@type":"ImageObject","inLanguage":"fr-FR","@id":"https:\/\/hierostrasbourg.com\/#\/schema\/logo\/image\/","url":"https:\/\/hierostrasbourg.com\/wp-content\/uploads\/2026\/04\/logo-hiero-strasbourg.jpg","contentUrl":"https:\/\/hierostrasbourg.com\/wp-content\/uploads\/2026\/04\/logo-hiero-strasbourg.jpg","width":204,"height":192,"caption":"F\u00e9d\u00e9ration Hi\u00e9ro Strasbourg"},"image":{"@id":"https:\/\/hierostrasbourg.com\/#\/schema\/logo\/image\/"},"sameAs":["https:\/\/www.facebook.com\/fedehierostrasbourg","https:\/\/x.com\/hierostrasbourg"]}]}},"_links":{"self":[{"href":"https:\/\/hierostrasbourg.com\/index.php\/wp-json\/wp\/v2\/posts\/2097","targetHints":{"allow":["GET"]}}],"collection":[{"href":"https:\/\/hierostrasbourg.com\/index.php\/wp-json\/wp\/v2\/posts"}],"about":[{"href":"https:\/\/hierostrasbourg.com\/index.php\/wp-json\/wp\/v2\/types\/post"}],"replies":[{"embeddable":true,"href":"https:\/\/hierostrasbourg.com\/index.php\/wp-json\/wp\/v2\/comments?post=2097"}],"version-history":[{"count":0,"href":"https:\/\/hierostrasbourg.com\/index.php\/wp-json\/wp\/v2\/posts\/2097\/revisions"}],"wp:attachment":[{"href":"https:\/\/hierostrasbourg.com\/index.php\/wp-json\/wp\/v2\/media?parent=2097"}],"wp:term":[{"taxonomy":"category","embeddable":true,"href":"https:\/\/hierostrasbourg.com\/index.php\/wp-json\/wp\/v2\/categories?post=2097"},{"taxonomy":"post_tag","embeddable":true,"href":"https:\/\/hierostrasbourg.com\/index.php\/wp-json\/wp\/v2\/tags?post=2097"}],"curies":[{"name":"wp","href":"https:\/\/api.w.org\/{rel}","templated":true}]}}