{"id":2090,"date":"2022-03-19T15:31:23","date_gmt":"2022-03-19T14:31:23","guid":{"rendered":"https:\/\/hierostrasbourg.com\/index.php\/2022\/03\/19\/san-teodoro-un-ete-tout-lhiver-nouvel-ep-de-claire-faravarjoo-chanson-pop-strasbourg\/"},"modified":"2022-03-19T15:31:23","modified_gmt":"2022-03-19T14:31:23","slug":"san-teodoro-un-ete-tout-lhiver-nouvel-ep-de-claire-faravarjoo-chanson-pop-strasbourg","status":"publish","type":"post","link":"https:\/\/hierostrasbourg.com\/index.php\/2022\/03\/19\/san-teodoro-un-ete-tout-lhiver-nouvel-ep-de-claire-faravarjoo-chanson-pop-strasbourg\/","title":{"rendered":"\u201d San Teodoro \/ Un \u00e9t\u00e9 tout l\u2019hiver\u201d, nouvel EP de CLAIRE FARAVARJOO  [chanson pop \/ Strasbourg]"},"content":{"rendered":"<p><span>communiqu\u00e9<\/span><br \/><em>Deux ans apr\u00e8s la sortie de son album Nightclub et apr\u00e8s avoir assur\u00e9 avec brio les premi\u00e8res parties de Julien Dor\u00e9, Brigitte, ou encore Suzane, Claire Faravarjoo nous livre 2 titres in\u00e9dits.<\/em><br \/><em>Dans San Teodoro, elle nous emm\u00e8ne danser pieds nus dans le sable des plages de Sardaigne. On fr\u00f4le une French touch m\u00eal\u00e9e \u00e0 des mots suaves et solaires, les synth\u00e9s prennent l\u2019odeur du mono\u00ef. On se surprendrait presque \u00e0 oublier la grisaille d\u00e8s la premi\u00e8re \u00e9coute.<\/em><br \/><em>Dans Un \u00e9t\u00e9 tout l\u2019hiver, Claire Faravarjoo livre un morceau \u00e9lectrique et intense en posant des mots sur les joues rouges et la timidit\u00e9 nocturne. Celle qui hante les cuisines des soir\u00e9es et les \u00e9changes de regards silencieux sur les canap\u00e9s enfum\u00e9s. Elle nous raconte ce qu\u2019elle n\u2019a jamais eu le courage de dire \u00e0 ses crush cr\u00e9pusculaires sur une rythmique inlassable qui rappelle bien trop les nuits \u00e0 regrets, celles o\u00f9 on les a laiss\u00e9 filer sans m\u00eame oser leur proposer de rester.<\/em><\/p>\n<p><a href=\"https:\/\/facebook.com\/clairefrj\">facebook<\/a><\/p>\n<p><a href=\"https:\/\/diese14records.bandcamp.com\/album\/san-teodoro-un-t-tout-lhiver\">San Teodoro \/ Un \u00e9t\u00e9 tout l\u2019hiver by Claire Faravarjoo<\/a><\/p>\n<p>L\u2019article <a href=\"https:\/\/popburo.fr\/san-teodoro-un-ete-tout-lhiver-nouvel-ep-de-claire-faravarjoo-chanson-pop-strasbourg\/\">\u201d San Teodoro \/ Un \u00e9t\u00e9 tout l\u2019hiver\u201d, nouvel EP de CLAIRE FARAVARJOO  [chanson pop \/ Strasbourg]<\/a> est apparu en premier sur <a href=\"https:\/\/popburo.fr\/\">POP B\u00dcRO<\/a>.<\/p>\n","protected":false},"excerpt":{"rendered":"<p>communiqu\u00e9Deux ans apr\u00e8s la sortie de son album Nightclub et apr\u00e8s avoir assur\u00e9 avec brio les premi\u00e8res parties de Julien Dor\u00e9, Brigitte, ou encore Suzane, Claire Faravarjoo nous livre 2 titres in\u00e9dits.Dans San Teodoro, elle nous emm\u00e8ne danser pieds nus dans le sable des plages de Sardaigne. On fr\u00f4le une French touch m\u00eal\u00e9e \u00e0 des mots suaves et solaires, les synth\u00e9s prennent l\u2019odeur du mono\u00ef. On se surprendrait presque \u00e0 oublier la grisaille d\u00e8s la premi\u00e8re \u00e9coute.Dans Un \u00e9t\u00e9 tout [&hellip;]<\/p>\n","protected":false},"author":0,"featured_media":0,"comment_status":"closed","ping_status":"open","sticky":false,"template":"","format":"standard","meta":{"footnotes":""},"categories":[1],"tags":[],"class_list":["post-2090","post","type-post","status-publish","format-standard","hentry","category-non-classe"],"yoast_head":"<!-- This site is optimized with the Yoast SEO plugin v27.4 - https:\/\/yoast.com\/product\/yoast-seo-wordpress\/ -->\n<title>\u201d San Teodoro \/ Un \u00e9t\u00e9 tout l\u2019hiver\u201d, nouvel EP de CLAIRE FARAVARJOO [chanson pop \/ Strasbourg] - HIERO STRASBOURG<\/title>\n<meta name=\"robots\" content=\"index, follow, max-snippet:-1, max-image-preview:large, max-video-preview:-1\" \/>\n<link rel=\"canonical\" href=\"https:\/\/hierostrasbourg.com\/index.php\/2022\/03\/19\/san-teodoro-un-ete-tout-lhiver-nouvel-ep-de-claire-faravarjoo-chanson-pop-strasbourg\/\" \/>\n<meta property=\"og:locale\" content=\"fr_FR\" \/>\n<meta property=\"og:type\" content=\"article\" \/>\n<meta property=\"og:title\" content=\"\u201d San Teodoro \/ Un \u00e9t\u00e9 tout l\u2019hiver\u201d, nouvel EP de CLAIRE FARAVARJOO [chanson pop \/ Strasbourg] - HIERO STRASBOURG\" \/>\n<meta property=\"og:description\" content=\"communiqu\u00e9Deux ans apr\u00e8s la sortie de son album Nightclub et apr\u00e8s avoir assur\u00e9 avec brio les premi\u00e8res parties de Julien Dor\u00e9, Brigitte, ou encore Suzane, Claire Faravarjoo nous livre 2 titres in\u00e9dits.Dans San Teodoro, elle nous emm\u00e8ne danser pieds nus dans le sable des plages de Sardaigne. On fr\u00f4le une French touch m\u00eal\u00e9e \u00e0 des mots suaves et solaires, les synth\u00e9s prennent l\u2019odeur du mono\u00ef. On se surprendrait presque \u00e0 oublier la grisaille d\u00e8s la premi\u00e8re \u00e9coute.Dans Un \u00e9t\u00e9 tout [&hellip;]\" \/>\n<meta property=\"og:url\" content=\"https:\/\/hierostrasbourg.com\/index.php\/2022\/03\/19\/san-teodoro-un-ete-tout-lhiver-nouvel-ep-de-claire-faravarjoo-chanson-pop-strasbourg\/\" \/>\n<meta property=\"og:site_name\" content=\"HIERO STRASBOURG\" \/>\n<meta property=\"article:publisher\" content=\"https:\/\/www.facebook.com\/fedehierostrasbourg\" \/>\n<meta property=\"article:published_time\" content=\"2022-03-19T14:31:23+00:00\" \/>\n<meta name=\"twitter:card\" content=\"summary_large_image\" \/>\n<meta name=\"twitter:creator\" content=\"@hierostrasbourg\" \/>\n<meta name=\"twitter:site\" content=\"@hierostrasbourg\" \/>\n<meta name=\"twitter:label1\" content=\"Dur\u00e9e de lecture estim\u00e9e\" \/>\n\t<meta name=\"twitter:data1\" content=\"1 minute\" \/>\n<script type=\"application\/ld+json\" class=\"yoast-schema-graph\">{\"@context\":\"https:\\\/\\\/schema.org\",\"@graph\":[{\"@type\":\"Article\",\"@id\":\"https:\\\/\\\/hierostrasbourg.com\\\/index.php\\\/2022\\\/03\\\/19\\\/san-teodoro-un-ete-tout-lhiver-nouvel-ep-de-claire-faravarjoo-chanson-pop-strasbourg\\\/#article\",\"isPartOf\":{\"@id\":\"https:\\\/\\\/hierostrasbourg.com\\\/index.php\\\/2022\\\/03\\\/19\\\/san-teodoro-un-ete-tout-lhiver-nouvel-ep-de-claire-faravarjoo-chanson-pop-strasbourg\\\/\"},\"author\":{\"name\":\"\",\"@id\":\"\"},\"headline\":\"\u201d San Teodoro \\\/ Un \u00e9t\u00e9 tout l\u2019hiver\u201d, nouvel EP de CLAIRE FARAVARJOO [chanson pop \\\/ Strasbourg]\",\"datePublished\":\"2022-03-19T14:31:23+00:00\",\"mainEntityOfPage\":{\"@id\":\"https:\\\/\\\/hierostrasbourg.com\\\/index.php\\\/2022\\\/03\\\/19\\\/san-teodoro-un-ete-tout-lhiver-nouvel-ep-de-claire-faravarjoo-chanson-pop-strasbourg\\\/\"},\"wordCount\":229,\"publisher\":{\"@id\":\"https:\\\/\\\/hierostrasbourg.com\\\/#organization\"},\"inLanguage\":\"fr-FR\"},{\"@type\":\"WebPage\",\"@id\":\"https:\\\/\\\/hierostrasbourg.com\\\/index.php\\\/2022\\\/03\\\/19\\\/san-teodoro-un-ete-tout-lhiver-nouvel-ep-de-claire-faravarjoo-chanson-pop-strasbourg\\\/\",\"url\":\"https:\\\/\\\/hierostrasbourg.com\\\/index.php\\\/2022\\\/03\\\/19\\\/san-teodoro-un-ete-tout-lhiver-nouvel-ep-de-claire-faravarjoo-chanson-pop-strasbourg\\\/\",\"name\":\"\u201d San Teodoro \\\/ Un \u00e9t\u00e9 tout l\u2019hiver\u201d, nouvel EP de CLAIRE FARAVARJOO [chanson pop \\\/ Strasbourg] - HIERO STRASBOURG\",\"isPartOf\":{\"@id\":\"https:\\\/\\\/hierostrasbourg.com\\\/#website\"},\"datePublished\":\"2022-03-19T14:31:23+00:00\",\"breadcrumb\":{\"@id\":\"https:\\\/\\\/hierostrasbourg.com\\\/index.php\\\/2022\\\/03\\\/19\\\/san-teodoro-un-ete-tout-lhiver-nouvel-ep-de-claire-faravarjoo-chanson-pop-strasbourg\\\/#breadcrumb\"},\"inLanguage\":\"fr-FR\",\"potentialAction\":[{\"@type\":\"ReadAction\",\"target\":[\"https:\\\/\\\/hierostrasbourg.com\\\/index.php\\\/2022\\\/03\\\/19\\\/san-teodoro-un-ete-tout-lhiver-nouvel-ep-de-claire-faravarjoo-chanson-pop-strasbourg\\\/\"]}]},{\"@type\":\"BreadcrumbList\",\"@id\":\"https:\\\/\\\/hierostrasbourg.com\\\/index.php\\\/2022\\\/03\\\/19\\\/san-teodoro-un-ete-tout-lhiver-nouvel-ep-de-claire-faravarjoo-chanson-pop-strasbourg\\\/#breadcrumb\",\"itemListElement\":[{\"@type\":\"ListItem\",\"position\":1,\"name\":\"Accueil\",\"item\":\"https:\\\/\\\/hierostrasbourg.com\\\/\"},{\"@type\":\"ListItem\",\"position\":2,\"name\":\"\u201d San Teodoro \\\/ Un \u00e9t\u00e9 tout l\u2019hiver\u201d, nouvel EP de CLAIRE FARAVARJOO [chanson pop \\\/ Strasbourg]\"}]},{\"@type\":\"WebSite\",\"@id\":\"https:\\\/\\\/hierostrasbourg.com\\\/#website\",\"url\":\"https:\\\/\\\/hierostrasbourg.com\\\/\",\"name\":\"HIERO STRASBOURG\",\"description\":\"Centre de Ressources Musiques Actuelles\",\"publisher\":{\"@id\":\"https:\\\/\\\/hierostrasbourg.com\\\/#organization\"},\"potentialAction\":[{\"@type\":\"SearchAction\",\"target\":{\"@type\":\"EntryPoint\",\"urlTemplate\":\"https:\\\/\\\/hierostrasbourg.com\\\/?s={search_term_string}\"},\"query-input\":{\"@type\":\"PropertyValueSpecification\",\"valueRequired\":true,\"valueName\":\"search_term_string\"}}],\"inLanguage\":\"fr-FR\"},{\"@type\":\"Organization\",\"@id\":\"https:\\\/\\\/hierostrasbourg.com\\\/#organization\",\"name\":\"F\u00e9d\u00e9ration Hi\u00e9ro Strasbourg\",\"url\":\"https:\\\/\\\/hierostrasbourg.com\\\/\",\"logo\":{\"@type\":\"ImageObject\",\"inLanguage\":\"fr-FR\",\"@id\":\"https:\\\/\\\/hierostrasbourg.com\\\/#\\\/schema\\\/logo\\\/image\\\/\",\"url\":\"https:\\\/\\\/hierostrasbourg.com\\\/wp-content\\\/uploads\\\/2026\\\/04\\\/logo-hiero-strasbourg.jpg\",\"contentUrl\":\"https:\\\/\\\/hierostrasbourg.com\\\/wp-content\\\/uploads\\\/2026\\\/04\\\/logo-hiero-strasbourg.jpg\",\"width\":204,\"height\":192,\"caption\":\"F\u00e9d\u00e9ration Hi\u00e9ro Strasbourg\"},\"image\":{\"@id\":\"https:\\\/\\\/hierostrasbourg.com\\\/#\\\/schema\\\/logo\\\/image\\\/\"},\"sameAs\":[\"https:\\\/\\\/www.facebook.com\\\/fedehierostrasbourg\",\"https:\\\/\\\/x.com\\\/hierostrasbourg\"]}]}<\/script>\n<!-- \/ Yoast SEO plugin. -->","yoast_head_json":{"title":"\u201d San Teodoro \/ Un \u00e9t\u00e9 tout l\u2019hiver\u201d, nouvel EP de CLAIRE FARAVARJOO [chanson pop \/ Strasbourg] - HIERO STRASBOURG","robots":{"index":"index","follow":"follow","max-snippet":"max-snippet:-1","max-image-preview":"max-image-preview:large","max-video-preview":"max-video-preview:-1"},"canonical":"https:\/\/hierostrasbourg.com\/index.php\/2022\/03\/19\/san-teodoro-un-ete-tout-lhiver-nouvel-ep-de-claire-faravarjoo-chanson-pop-strasbourg\/","og_locale":"fr_FR","og_type":"article","og_title":"\u201d San Teodoro \/ Un \u00e9t\u00e9 tout l\u2019hiver\u201d, nouvel EP de CLAIRE FARAVARJOO [chanson pop \/ Strasbourg] - HIERO STRASBOURG","og_description":"communiqu\u00e9Deux ans apr\u00e8s la sortie de son album Nightclub et apr\u00e8s avoir assur\u00e9 avec brio les premi\u00e8res parties de Julien Dor\u00e9, Brigitte, ou encore Suzane, Claire Faravarjoo nous livre 2 titres in\u00e9dits.Dans San Teodoro, elle nous emm\u00e8ne danser pieds nus dans le sable des plages de Sardaigne. On fr\u00f4le une French touch m\u00eal\u00e9e \u00e0 des mots suaves et solaires, les synth\u00e9s prennent l\u2019odeur du mono\u00ef. On se surprendrait presque \u00e0 oublier la grisaille d\u00e8s la premi\u00e8re \u00e9coute.Dans Un \u00e9t\u00e9 tout [&hellip;]","og_url":"https:\/\/hierostrasbourg.com\/index.php\/2022\/03\/19\/san-teodoro-un-ete-tout-lhiver-nouvel-ep-de-claire-faravarjoo-chanson-pop-strasbourg\/","og_site_name":"HIERO STRASBOURG","article_publisher":"https:\/\/www.facebook.com\/fedehierostrasbourg","article_published_time":"2022-03-19T14:31:23+00:00","twitter_card":"summary_large_image","twitter_creator":"@hierostrasbourg","twitter_site":"@hierostrasbourg","twitter_misc":{"Dur\u00e9e de lecture estim\u00e9e":"1 minute"},"schema":{"@context":"https:\/\/schema.org","@graph":[{"@type":"Article","@id":"https:\/\/hierostrasbourg.com\/index.php\/2022\/03\/19\/san-teodoro-un-ete-tout-lhiver-nouvel-ep-de-claire-faravarjoo-chanson-pop-strasbourg\/#article","isPartOf":{"@id":"https:\/\/hierostrasbourg.com\/index.php\/2022\/03\/19\/san-teodoro-un-ete-tout-lhiver-nouvel-ep-de-claire-faravarjoo-chanson-pop-strasbourg\/"},"author":{"name":"","@id":""},"headline":"\u201d San Teodoro \/ Un \u00e9t\u00e9 tout l\u2019hiver\u201d, nouvel EP de CLAIRE FARAVARJOO [chanson pop \/ Strasbourg]","datePublished":"2022-03-19T14:31:23+00:00","mainEntityOfPage":{"@id":"https:\/\/hierostrasbourg.com\/index.php\/2022\/03\/19\/san-teodoro-un-ete-tout-lhiver-nouvel-ep-de-claire-faravarjoo-chanson-pop-strasbourg\/"},"wordCount":229,"publisher":{"@id":"https:\/\/hierostrasbourg.com\/#organization"},"inLanguage":"fr-FR"},{"@type":"WebPage","@id":"https:\/\/hierostrasbourg.com\/index.php\/2022\/03\/19\/san-teodoro-un-ete-tout-lhiver-nouvel-ep-de-claire-faravarjoo-chanson-pop-strasbourg\/","url":"https:\/\/hierostrasbourg.com\/index.php\/2022\/03\/19\/san-teodoro-un-ete-tout-lhiver-nouvel-ep-de-claire-faravarjoo-chanson-pop-strasbourg\/","name":"\u201d San Teodoro \/ Un \u00e9t\u00e9 tout l\u2019hiver\u201d, nouvel EP de CLAIRE FARAVARJOO [chanson pop \/ Strasbourg] - HIERO STRASBOURG","isPartOf":{"@id":"https:\/\/hierostrasbourg.com\/#website"},"datePublished":"2022-03-19T14:31:23+00:00","breadcrumb":{"@id":"https:\/\/hierostrasbourg.com\/index.php\/2022\/03\/19\/san-teodoro-un-ete-tout-lhiver-nouvel-ep-de-claire-faravarjoo-chanson-pop-strasbourg\/#breadcrumb"},"inLanguage":"fr-FR","potentialAction":[{"@type":"ReadAction","target":["https:\/\/hierostrasbourg.com\/index.php\/2022\/03\/19\/san-teodoro-un-ete-tout-lhiver-nouvel-ep-de-claire-faravarjoo-chanson-pop-strasbourg\/"]}]},{"@type":"BreadcrumbList","@id":"https:\/\/hierostrasbourg.com\/index.php\/2022\/03\/19\/san-teodoro-un-ete-tout-lhiver-nouvel-ep-de-claire-faravarjoo-chanson-pop-strasbourg\/#breadcrumb","itemListElement":[{"@type":"ListItem","position":1,"name":"Accueil","item":"https:\/\/hierostrasbourg.com\/"},{"@type":"ListItem","position":2,"name":"\u201d San Teodoro \/ Un \u00e9t\u00e9 tout l\u2019hiver\u201d, nouvel EP de CLAIRE FARAVARJOO [chanson pop \/ Strasbourg]"}]},{"@type":"WebSite","@id":"https:\/\/hierostrasbourg.com\/#website","url":"https:\/\/hierostrasbourg.com\/","name":"HIERO STRASBOURG","description":"Centre de Ressources Musiques Actuelles","publisher":{"@id":"https:\/\/hierostrasbourg.com\/#organization"},"potentialAction":[{"@type":"SearchAction","target":{"@type":"EntryPoint","urlTemplate":"https:\/\/hierostrasbourg.com\/?s={search_term_string}"},"query-input":{"@type":"PropertyValueSpecification","valueRequired":true,"valueName":"search_term_string"}}],"inLanguage":"fr-FR"},{"@type":"Organization","@id":"https:\/\/hierostrasbourg.com\/#organization","name":"F\u00e9d\u00e9ration Hi\u00e9ro Strasbourg","url":"https:\/\/hierostrasbourg.com\/","logo":{"@type":"ImageObject","inLanguage":"fr-FR","@id":"https:\/\/hierostrasbourg.com\/#\/schema\/logo\/image\/","url":"https:\/\/hierostrasbourg.com\/wp-content\/uploads\/2026\/04\/logo-hiero-strasbourg.jpg","contentUrl":"https:\/\/hierostrasbourg.com\/wp-content\/uploads\/2026\/04\/logo-hiero-strasbourg.jpg","width":204,"height":192,"caption":"F\u00e9d\u00e9ration Hi\u00e9ro Strasbourg"},"image":{"@id":"https:\/\/hierostrasbourg.com\/#\/schema\/logo\/image\/"},"sameAs":["https:\/\/www.facebook.com\/fedehierostrasbourg","https:\/\/x.com\/hierostrasbourg"]}]}},"_links":{"self":[{"href":"https:\/\/hierostrasbourg.com\/index.php\/wp-json\/wp\/v2\/posts\/2090","targetHints":{"allow":["GET"]}}],"collection":[{"href":"https:\/\/hierostrasbourg.com\/index.php\/wp-json\/wp\/v2\/posts"}],"about":[{"href":"https:\/\/hierostrasbourg.com\/index.php\/wp-json\/wp\/v2\/types\/post"}],"replies":[{"embeddable":true,"href":"https:\/\/hierostrasbourg.com\/index.php\/wp-json\/wp\/v2\/comments?post=2090"}],"version-history":[{"count":0,"href":"https:\/\/hierostrasbourg.com\/index.php\/wp-json\/wp\/v2\/posts\/2090\/revisions"}],"wp:attachment":[{"href":"https:\/\/hierostrasbourg.com\/index.php\/wp-json\/wp\/v2\/media?parent=2090"}],"wp:term":[{"taxonomy":"category","embeddable":true,"href":"https:\/\/hierostrasbourg.com\/index.php\/wp-json\/wp\/v2\/categories?post=2090"},{"taxonomy":"post_tag","embeddable":true,"href":"https:\/\/hierostrasbourg.com\/index.php\/wp-json\/wp\/v2\/tags?post=2090"}],"curies":[{"name":"wp","href":"https:\/\/api.w.org\/{rel}","templated":true}]}}