{"id":1870,"date":"2022-02-24T18:27:51","date_gmt":"2022-02-24T17:27:51","guid":{"rendered":"https:\/\/hierostrasbourg.com\/index.php\/2022\/02\/24\/la-ville-de-strasbourg-recrute-un-chef-de-projets-culturels-a-la-direction-de-la-culture-f-h-2\/"},"modified":"2022-02-24T18:27:51","modified_gmt":"2022-02-24T17:27:51","slug":"la-ville-de-strasbourg-recrute-un-chef-de-projets-culturels-a-la-direction-de-la-culture-f-h-2","status":"publish","type":"post","link":"https:\/\/hierostrasbourg.com\/index.php\/2022\/02\/24\/la-ville-de-strasbourg-recrute-un-chef-de-projets-culturels-a-la-direction-de-la-culture-f-h-2\/","title":{"rendered":"LA VILLE DE STRASBOURG recrute un chef de projets culturels \u00e0 la Direction de la culture [F\/H]"},"content":{"rendered":"<p>La Direction de la Culture porte la mise en \u0153uvre d\u2019une politique de d\u00e9veloppement culturel ambitieuse et durable, en capacit\u00e9 de rayonner et d\u2019asseoir la posture europ\u00e9enne du territoire, tout autant que de favoriser l\u2019inclusion, la solidarit\u00e9, la participation citoyenne et l\u2019\u00e9co-responsabilit\u00e9 dans le secteur culturel.<br \/>\nA ce titre, elle f\u00e9d\u00e8re un certain nombre d\u2019institutions culturelles pilot\u00e9es en r\u00e9gie directe (Conservatoire, M\u00e9diath\u00e8ques, Mus\u00e9es, Archives, TAPS, Fondation de l\u2019\u0152uvre Notre-Dame\u2026) et de grands \u00e9quipements partenaires, subventionn\u00e9s ou d\u00e9l\u00e9gataires de services publics (Z\u00e9nith, Haute Ecole des Arts du Rhin, Th\u00e9\u00e2tre du Maillon, TJP, P\u00f4le Sud\u2026).<br \/>\nElle dispose d\u2019un budget annuel de fonctionnement de 45 M\u20ac (hors charges techniques et masse salariale) et d\u2019investissement de 2,3 M\u20ac, et s\u2019appuie, en outre, sur pr\u00e8s de 900 agents-es permanents-es.<\/p>\n<h2>Missions<\/h2>\n<p>Sous l\u2019autorit\u00e9 directe de la Directrice de la Culture, vous avez pour mission d\u2019une part, de piloter le projet d\u2019\u00e9volution de l\u2019Op\u00e9ra national du Rhin cons\u00e9cutif \u00e0 la \u201d Mission d\u2019information et d\u2019\u00e9valuation \u201d et d\u2019autre part, de contribuer \u00e0 la d\u00e9finition et \u00e0 la mise en \u0153uvre de la politique culturelle m\u00e9tropolitaine.<\/p>\n<h4>Au titre du projet d\u2019\u00e9volution de l\u2019Op\u00e9ra national du Rhin :<\/h4>\n<p>Mettre en \u0153uvre le plan d\u2019action et les pr\u00e9conisations du rapport de la Mission d\u2019information et d\u2019\u00e9valuation de l\u2019Op\u00e9ra national du Rhin, dans l\u2019ensemble des dimensions d\u00e9finies (r\u00e9union des comit\u00e9s de pilotage, organisation des voyages d\u2019\u00e9tude, consultation citoyenne, recherche de fonds et lobbying\u2026).<br \/>\nEn lien avec la Direction de la participation citoyenne :<br \/>\norganiser la consultation des citoyen-nes,<br \/>\nanimer le groupe des ambassadeurs-rices du projet,<br \/>\nconstituer un comit\u00e9 d\u2019usagers-\u00e8res en phase d\u2019\u00e9tude de faisabilit\u00e9 (conjointement avec l\u2019Op\u00e9ra national du Rhin).<\/p>\n<p>Travailler sur le mod\u00e8le \u00e9conomique du projet et les nouveaux financements \u00e0 lever dans ce cadre, organiser le lobbying aupr\u00e8s des institutions europ\u00e9ennes et des financeurs potentiels.<br \/>\nEn lien avec la Direction de l\u2019architecture et du patrimoine : participer \u00e0 la r\u00e9daction de l\u2019assistance \u00e0 ma\u00eetrise d\u2019ouvrage et suivre la d\u00e9marche.<br \/>\nEn lien avec la Direction Urbanisme et territoires : contribuer \u00e0 la recherche de sites le cas \u00e9ch\u00e9ant.<br \/>\nOrganiser les rencontres d\u2019un groupe d\u2019experts de diff\u00e9rents champs (artistes, urbanistes, architectes, prospectiviste\u2026) afin d\u2019inscrire le projet dans une dimension r\u00e9flexive et prospective.<br \/>\nEn lien avec le service de l\u2019Administration g\u00e9n\u00e9rale et ressources de la Direction de la Culture et l\u2019Op\u00e9ra national du Rhin : travailler \u00e0 la refonte de la convention de mise \u00e0 disposition liant la Ville et le syndicat mixte et suivre les r\u00e9flexions quant \u00e0 l\u2019\u00e9volution statutaire du syndicat mixte.<br \/>\nEn lien avec les \u00e9quipes de la communication externe et la cellule communication de la Direction de la Culture : assurer la communication et documenter les diff\u00e9rents temps de la d\u00e9marche.<\/p>\n<h4>Au titre de la politique culturelle de l\u2019Eurom\u00e9tropole (EMS) :<\/h4>\n<p>En lien avec la directrice de la Culture : accompagner la Vice-Pr\u00e9sidente en charge de l\u2019Action culturelle dans la mise en \u0153uvre de la politique culturelle m\u00e9tropolitaine et la r\u00e9ponse aux diverses sollicitations.<br \/>\n\u00c9tudier la faisabilit\u00e9 des dispositifs et soutiens de la d\u00e9lib\u00e9ration-cadre au plan administratif et juridique et \u00eatre force de proposition quant \u00e0 leurs mises en \u0153uvre.<br \/>\nEn lien avec le responsable administratif et financer du service de l\u2019Action culturelle : pr\u00e9parer les d\u00e9lib\u00e9rations relatives \u00e0 la politique culturelle de l\u2019Eurom\u00e9tropole (pr\u00e9vision, r\u00e9daction ou relecture) et suivre les budgets aff\u00e9rents.<br \/>\nTravailler \u00e0 des actions de mise en r\u00e9seau et de concertation des partenaires culturels du territoire de l\u2019EMS, recueillir leurs attentes et adapter les dispositifs de l\u2019Eurom\u00e9tropole au regard des besoins exprim\u00e9s et de la feuille de route politique.<br \/>\nD\u00e9velopper un r\u00e9seau d\u2019interlocuteurs-trices sur le territoire de l\u2019EMS (DGS\/services culture des communes, op\u00e9rateurs culturels, m\u00e9diateurs\u2026) et am\u00e9liorer la connaissance de la Direction de la Culture des politiques culturelles port\u00e9es par les communes de l\u2019EMS.<br \/>\nFaire le lien entre la politique culturelle m\u00e9tropolitaine et les diff\u00e9rents services de la Direction de la Culture afin de promouvoir une culture commune et d\u2019identifier les d\u00e9veloppements possibles sur le territoire (\u00e9ducation artistique et culturelle, manifestations culturelles d\u00e9centralis\u00e9es\u2026).<br \/>\nAccompagner les services disposant d\u2019une comp\u00e9tence m\u00e9tropolitaine sur leurs \u00e9volutions (m\u00e9diath\u00e8ques, archives\u2026).<\/p>\n<h2>Conditions de ervices<\/h2>\n<p>Localisation : Direction de la Culture \u2013 6 Rue du Jeu des Enfants, 67000 Strasbourg<\/p>\n<h2>Profils recherch\u00e9s<\/h2>\n<p>Bac +3\/5 en politique culturelle ou \u00e9quivalent.<br \/>\nExp\u00e9rience confirm\u00e9e en conduite de projets strat\u00e9giques et op\u00e9rationnels, \u00e0 dimension culturelle et\/ou au sein d\u2019une collectivit\u00e9 territoriale exig\u00e9e.<br \/>\nExpertise des enjeux des politiques publiques culturelles.<br \/>\nMa\u00eetrise des acteurs locaux et nationaux du domaine musical (champ des musiques anciennes et contemporaines).<br \/>\nMa\u00eetrise du fonctionnement des instances et processus de d\u00e9cision au sein d\u2019une collectivit\u00e9 territoriale.<br \/>\nComp\u00e9tences juridiques et connaissances en mati\u00e8re de finances publiques exig\u00e9es.<br \/>\nConnaissance des enjeux et sensibilit\u00e9 aux dispositifs de participation citoyenne.<br \/>\nExcellente culture g\u00e9n\u00e9rale.<br \/>\nPratique de l\u2019anglais et\/ou de l\u2019allemand appr\u00e9ci\u00e9e.<br \/>\nCapacit\u00e9 \u00e0 relayer une vision strat\u00e9gique, \u00e0 synth\u00e9tiser des informations complexes et \u00e0 formaliser des propositions op\u00e9rationnelles.<br \/>\nCapacit\u00e9 \u00e0 d\u00e9velopper des dynamiques collaboratives et \u00e0 animer des r\u00e9seaux, des r\u00e9unions et des groupes de travail avec des interlocuteurs-trices d\u2019horizons divers.<br \/>\nCapacit\u00e9 \u00e0 travailler seul-e et en \u00e9quipe, de mani\u00e8re transversale et en lien avec les \u00e9lus-es.<br \/>\nCapacit\u00e9s r\u00e9dactionnelles, d\u2019analyse et de synth\u00e8se.<br \/>\nAisance et qualit\u00e9s relationnelles, sens de la diplomatie et de la n\u00e9gociation.<br \/>\nEsprit f\u00e9d\u00e9rateur, dynamisme et force de proposition.<br \/>\nAutonomie, polyvalence et adaptabilit\u00e9 aux diff\u00e9rentes probl\u00e9matiques rencontr\u00e9es.<br \/>\nRigueur, sens de l\u2019organisation et efficacit\u00e9.<br \/>\nSens du service public et de l\u2019int\u00e9r\u00eat g\u00e9n\u00e9ral.<br \/>\nPermis B.<\/p>\n<p>Temps de travail : Complet, 35h00 hebdomadaire<br \/>\nPoste \u00e0 pourvoir le : 01\/05\/2022<br \/>\nDate limite de candidature : 27\/03\/2022<br \/>\nOuvert aux contractuels<\/p>\n<p>Merci de postuler \u00e0 cette offre (avec lettre de motivation et CV) directement sur notre site \u00e0 l\u2019<a href=\"https:\/\/emploi.strasbourg.eu\/\">adresse suivante\u00a0<\/a><\/p>\n<p>L\u2019article <a href=\"https:\/\/popburo.fr\/la-ville-de-strasbourg-recrute-un-chef-de-projets-culturels-a-la-direction-de-la-culture-f-h\/\">LA VILLE DE STRASBOURG recrute un chef de projets culturels \u00e0 la Direction de la culture [F\/H]<\/a> est apparu en premier sur <a href=\"https:\/\/popburo.fr\/\">POP B\u00dcRO<\/a>.<\/p>\n","protected":false},"excerpt":{"rendered":"<p>La Direction de la Culture porte la mise en \u0153uvre d\u2019une politique de d\u00e9veloppement culturel ambitieuse et durable, en capacit\u00e9 de rayonner et d\u2019asseoir la posture europ\u00e9enne du territoire, tout autant que de favoriser l\u2019inclusion, la solidarit\u00e9, la participation citoyenne et l\u2019\u00e9co-responsabilit\u00e9 dans le secteur culturel. A ce titre, elle f\u00e9d\u00e8re un certain nombre d\u2019institutions culturelles pilot\u00e9es en r\u00e9gie directe (Conservatoire, M\u00e9diath\u00e8ques, Mus\u00e9es, Archives, TAPS, Fondation de l\u2019\u0152uvre Notre-Dame\u2026) et de grands \u00e9quipements partenaires, subventionn\u00e9s ou d\u00e9l\u00e9gataires de services publics [&hellip;]<\/p>\n","protected":false},"author":0,"featured_media":0,"comment_status":"closed","ping_status":"open","sticky":false,"template":"","format":"standard","meta":{"footnotes":""},"categories":[1],"tags":[],"class_list":["post-1870","post","type-post","status-publish","format-standard","hentry","category-non-classe"],"yoast_head":"<!-- This site is optimized with the Yoast SEO plugin v27.4 - https:\/\/yoast.com\/product\/yoast-seo-wordpress\/ -->\n<title>LA VILLE DE STRASBOURG recrute un chef de projets culturels \u00e0 la Direction de la culture [F\/H] - HIERO STRASBOURG<\/title>\n<meta name=\"robots\" content=\"index, follow, max-snippet:-1, max-image-preview:large, max-video-preview:-1\" \/>\n<link rel=\"canonical\" href=\"https:\/\/hierostrasbourg.com\/index.php\/2022\/02\/24\/la-ville-de-strasbourg-recrute-un-chef-de-projets-culturels-a-la-direction-de-la-culture-f-h-2\/\" \/>\n<meta property=\"og:locale\" content=\"fr_FR\" \/>\n<meta property=\"og:type\" content=\"article\" \/>\n<meta property=\"og:title\" content=\"LA VILLE DE STRASBOURG recrute un chef de projets culturels \u00e0 la Direction de la culture [F\/H] - HIERO STRASBOURG\" \/>\n<meta property=\"og:description\" content=\"La Direction de la Culture porte la mise en \u0153uvre d\u2019une politique de d\u00e9veloppement culturel ambitieuse et durable, en capacit\u00e9 de rayonner et d\u2019asseoir la posture europ\u00e9enne du territoire, tout autant que de favoriser l\u2019inclusion, la solidarit\u00e9, la participation citoyenne et l\u2019\u00e9co-responsabilit\u00e9 dans le secteur culturel. A ce titre, elle f\u00e9d\u00e8re un certain nombre d\u2019institutions culturelles pilot\u00e9es en r\u00e9gie directe (Conservatoire, M\u00e9diath\u00e8ques, Mus\u00e9es, Archives, TAPS, Fondation de l\u2019\u0152uvre Notre-Dame\u2026) et de grands \u00e9quipements partenaires, subventionn\u00e9s ou d\u00e9l\u00e9gataires de services publics [&hellip;]\" \/>\n<meta property=\"og:url\" content=\"https:\/\/hierostrasbourg.com\/index.php\/2022\/02\/24\/la-ville-de-strasbourg-recrute-un-chef-de-projets-culturels-a-la-direction-de-la-culture-f-h-2\/\" \/>\n<meta property=\"og:site_name\" content=\"HIERO STRASBOURG\" \/>\n<meta property=\"article:publisher\" content=\"https:\/\/www.facebook.com\/fedehierostrasbourg\" \/>\n<meta property=\"article:published_time\" content=\"2022-02-24T17:27:51+00:00\" \/>\n<meta name=\"twitter:card\" content=\"summary_large_image\" \/>\n<meta name=\"twitter:creator\" content=\"@hierostrasbourg\" \/>\n<meta name=\"twitter:site\" content=\"@hierostrasbourg\" \/>\n<meta name=\"twitter:label1\" content=\"Dur\u00e9e de lecture estim\u00e9e\" \/>\n\t<meta name=\"twitter:data1\" content=\"5 minutes\" \/>\n<script type=\"application\/ld+json\" class=\"yoast-schema-graph\">{\"@context\":\"https:\\\/\\\/schema.org\",\"@graph\":[{\"@type\":\"Article\",\"@id\":\"https:\\\/\\\/hierostrasbourg.com\\\/index.php\\\/2022\\\/02\\\/24\\\/la-ville-de-strasbourg-recrute-un-chef-de-projets-culturels-a-la-direction-de-la-culture-f-h-2\\\/#article\",\"isPartOf\":{\"@id\":\"https:\\\/\\\/hierostrasbourg.com\\\/index.php\\\/2022\\\/02\\\/24\\\/la-ville-de-strasbourg-recrute-un-chef-de-projets-culturels-a-la-direction-de-la-culture-f-h-2\\\/\"},\"author\":{\"name\":\"\",\"@id\":\"\"},\"headline\":\"LA VILLE DE STRASBOURG recrute un chef de projets culturels \u00e0 la Direction de la culture [F\\\/H]\",\"datePublished\":\"2022-02-24T17:27:51+00:00\",\"mainEntityOfPage\":{\"@id\":\"https:\\\/\\\/hierostrasbourg.com\\\/index.php\\\/2022\\\/02\\\/24\\\/la-ville-de-strasbourg-recrute-un-chef-de-projets-culturels-a-la-direction-de-la-culture-f-h-2\\\/\"},\"wordCount\":1095,\"publisher\":{\"@id\":\"https:\\\/\\\/hierostrasbourg.com\\\/#organization\"},\"inLanguage\":\"fr-FR\"},{\"@type\":\"WebPage\",\"@id\":\"https:\\\/\\\/hierostrasbourg.com\\\/index.php\\\/2022\\\/02\\\/24\\\/la-ville-de-strasbourg-recrute-un-chef-de-projets-culturels-a-la-direction-de-la-culture-f-h-2\\\/\",\"url\":\"https:\\\/\\\/hierostrasbourg.com\\\/index.php\\\/2022\\\/02\\\/24\\\/la-ville-de-strasbourg-recrute-un-chef-de-projets-culturels-a-la-direction-de-la-culture-f-h-2\\\/\",\"name\":\"LA VILLE DE STRASBOURG recrute un chef de projets culturels \u00e0 la Direction de la culture [F\\\/H] - HIERO STRASBOURG\",\"isPartOf\":{\"@id\":\"https:\\\/\\\/hierostrasbourg.com\\\/#website\"},\"datePublished\":\"2022-02-24T17:27:51+00:00\",\"breadcrumb\":{\"@id\":\"https:\\\/\\\/hierostrasbourg.com\\\/index.php\\\/2022\\\/02\\\/24\\\/la-ville-de-strasbourg-recrute-un-chef-de-projets-culturels-a-la-direction-de-la-culture-f-h-2\\\/#breadcrumb\"},\"inLanguage\":\"fr-FR\",\"potentialAction\":[{\"@type\":\"ReadAction\",\"target\":[\"https:\\\/\\\/hierostrasbourg.com\\\/index.php\\\/2022\\\/02\\\/24\\\/la-ville-de-strasbourg-recrute-un-chef-de-projets-culturels-a-la-direction-de-la-culture-f-h-2\\\/\"]}]},{\"@type\":\"BreadcrumbList\",\"@id\":\"https:\\\/\\\/hierostrasbourg.com\\\/index.php\\\/2022\\\/02\\\/24\\\/la-ville-de-strasbourg-recrute-un-chef-de-projets-culturels-a-la-direction-de-la-culture-f-h-2\\\/#breadcrumb\",\"itemListElement\":[{\"@type\":\"ListItem\",\"position\":1,\"name\":\"Accueil\",\"item\":\"https:\\\/\\\/hierostrasbourg.com\\\/\"},{\"@type\":\"ListItem\",\"position\":2,\"name\":\"LA VILLE DE STRASBOURG recrute un chef de projets culturels \u00e0 la Direction de la culture [F\\\/H]\"}]},{\"@type\":\"WebSite\",\"@id\":\"https:\\\/\\\/hierostrasbourg.com\\\/#website\",\"url\":\"https:\\\/\\\/hierostrasbourg.com\\\/\",\"name\":\"HIERO STRASBOURG\",\"description\":\"Centre de Ressources Musiques Actuelles\",\"publisher\":{\"@id\":\"https:\\\/\\\/hierostrasbourg.com\\\/#organization\"},\"potentialAction\":[{\"@type\":\"SearchAction\",\"target\":{\"@type\":\"EntryPoint\",\"urlTemplate\":\"https:\\\/\\\/hierostrasbourg.com\\\/?s={search_term_string}\"},\"query-input\":{\"@type\":\"PropertyValueSpecification\",\"valueRequired\":true,\"valueName\":\"search_term_string\"}}],\"inLanguage\":\"fr-FR\"},{\"@type\":\"Organization\",\"@id\":\"https:\\\/\\\/hierostrasbourg.com\\\/#organization\",\"name\":\"F\u00e9d\u00e9ration Hi\u00e9ro Strasbourg\",\"url\":\"https:\\\/\\\/hierostrasbourg.com\\\/\",\"logo\":{\"@type\":\"ImageObject\",\"inLanguage\":\"fr-FR\",\"@id\":\"https:\\\/\\\/hierostrasbourg.com\\\/#\\\/schema\\\/logo\\\/image\\\/\",\"url\":\"https:\\\/\\\/hierostrasbourg.com\\\/wp-content\\\/uploads\\\/2026\\\/04\\\/logo-hiero-strasbourg.jpg\",\"contentUrl\":\"https:\\\/\\\/hierostrasbourg.com\\\/wp-content\\\/uploads\\\/2026\\\/04\\\/logo-hiero-strasbourg.jpg\",\"width\":204,\"height\":192,\"caption\":\"F\u00e9d\u00e9ration Hi\u00e9ro Strasbourg\"},\"image\":{\"@id\":\"https:\\\/\\\/hierostrasbourg.com\\\/#\\\/schema\\\/logo\\\/image\\\/\"},\"sameAs\":[\"https:\\\/\\\/www.facebook.com\\\/fedehierostrasbourg\",\"https:\\\/\\\/x.com\\\/hierostrasbourg\"]}]}<\/script>\n<!-- \/ Yoast SEO plugin. -->","yoast_head_json":{"title":"LA VILLE DE STRASBOURG recrute un chef de projets culturels \u00e0 la Direction de la culture [F\/H] - HIERO STRASBOURG","robots":{"index":"index","follow":"follow","max-snippet":"max-snippet:-1","max-image-preview":"max-image-preview:large","max-video-preview":"max-video-preview:-1"},"canonical":"https:\/\/hierostrasbourg.com\/index.php\/2022\/02\/24\/la-ville-de-strasbourg-recrute-un-chef-de-projets-culturels-a-la-direction-de-la-culture-f-h-2\/","og_locale":"fr_FR","og_type":"article","og_title":"LA VILLE DE STRASBOURG recrute un chef de projets culturels \u00e0 la Direction de la culture [F\/H] - HIERO STRASBOURG","og_description":"La Direction de la Culture porte la mise en \u0153uvre d\u2019une politique de d\u00e9veloppement culturel ambitieuse et durable, en capacit\u00e9 de rayonner et d\u2019asseoir la posture europ\u00e9enne du territoire, tout autant que de favoriser l\u2019inclusion, la solidarit\u00e9, la participation citoyenne et l\u2019\u00e9co-responsabilit\u00e9 dans le secteur culturel. A ce titre, elle f\u00e9d\u00e8re un certain nombre d\u2019institutions culturelles pilot\u00e9es en r\u00e9gie directe (Conservatoire, M\u00e9diath\u00e8ques, Mus\u00e9es, Archives, TAPS, Fondation de l\u2019\u0152uvre Notre-Dame\u2026) et de grands \u00e9quipements partenaires, subventionn\u00e9s ou d\u00e9l\u00e9gataires de services publics [&hellip;]","og_url":"https:\/\/hierostrasbourg.com\/index.php\/2022\/02\/24\/la-ville-de-strasbourg-recrute-un-chef-de-projets-culturels-a-la-direction-de-la-culture-f-h-2\/","og_site_name":"HIERO STRASBOURG","article_publisher":"https:\/\/www.facebook.com\/fedehierostrasbourg","article_published_time":"2022-02-24T17:27:51+00:00","twitter_card":"summary_large_image","twitter_creator":"@hierostrasbourg","twitter_site":"@hierostrasbourg","twitter_misc":{"Dur\u00e9e de lecture estim\u00e9e":"5 minutes"},"schema":{"@context":"https:\/\/schema.org","@graph":[{"@type":"Article","@id":"https:\/\/hierostrasbourg.com\/index.php\/2022\/02\/24\/la-ville-de-strasbourg-recrute-un-chef-de-projets-culturels-a-la-direction-de-la-culture-f-h-2\/#article","isPartOf":{"@id":"https:\/\/hierostrasbourg.com\/index.php\/2022\/02\/24\/la-ville-de-strasbourg-recrute-un-chef-de-projets-culturels-a-la-direction-de-la-culture-f-h-2\/"},"author":{"name":"","@id":""},"headline":"LA VILLE DE STRASBOURG recrute un chef de projets culturels \u00e0 la Direction de la culture [F\/H]","datePublished":"2022-02-24T17:27:51+00:00","mainEntityOfPage":{"@id":"https:\/\/hierostrasbourg.com\/index.php\/2022\/02\/24\/la-ville-de-strasbourg-recrute-un-chef-de-projets-culturels-a-la-direction-de-la-culture-f-h-2\/"},"wordCount":1095,"publisher":{"@id":"https:\/\/hierostrasbourg.com\/#organization"},"inLanguage":"fr-FR"},{"@type":"WebPage","@id":"https:\/\/hierostrasbourg.com\/index.php\/2022\/02\/24\/la-ville-de-strasbourg-recrute-un-chef-de-projets-culturels-a-la-direction-de-la-culture-f-h-2\/","url":"https:\/\/hierostrasbourg.com\/index.php\/2022\/02\/24\/la-ville-de-strasbourg-recrute-un-chef-de-projets-culturels-a-la-direction-de-la-culture-f-h-2\/","name":"LA VILLE DE STRASBOURG recrute un chef de projets culturels \u00e0 la Direction de la culture [F\/H] - HIERO STRASBOURG","isPartOf":{"@id":"https:\/\/hierostrasbourg.com\/#website"},"datePublished":"2022-02-24T17:27:51+00:00","breadcrumb":{"@id":"https:\/\/hierostrasbourg.com\/index.php\/2022\/02\/24\/la-ville-de-strasbourg-recrute-un-chef-de-projets-culturels-a-la-direction-de-la-culture-f-h-2\/#breadcrumb"},"inLanguage":"fr-FR","potentialAction":[{"@type":"ReadAction","target":["https:\/\/hierostrasbourg.com\/index.php\/2022\/02\/24\/la-ville-de-strasbourg-recrute-un-chef-de-projets-culturels-a-la-direction-de-la-culture-f-h-2\/"]}]},{"@type":"BreadcrumbList","@id":"https:\/\/hierostrasbourg.com\/index.php\/2022\/02\/24\/la-ville-de-strasbourg-recrute-un-chef-de-projets-culturels-a-la-direction-de-la-culture-f-h-2\/#breadcrumb","itemListElement":[{"@type":"ListItem","position":1,"name":"Accueil","item":"https:\/\/hierostrasbourg.com\/"},{"@type":"ListItem","position":2,"name":"LA VILLE DE STRASBOURG recrute un chef de projets culturels \u00e0 la Direction de la culture [F\/H]"}]},{"@type":"WebSite","@id":"https:\/\/hierostrasbourg.com\/#website","url":"https:\/\/hierostrasbourg.com\/","name":"HIERO STRASBOURG","description":"Centre de Ressources Musiques Actuelles","publisher":{"@id":"https:\/\/hierostrasbourg.com\/#organization"},"potentialAction":[{"@type":"SearchAction","target":{"@type":"EntryPoint","urlTemplate":"https:\/\/hierostrasbourg.com\/?s={search_term_string}"},"query-input":{"@type":"PropertyValueSpecification","valueRequired":true,"valueName":"search_term_string"}}],"inLanguage":"fr-FR"},{"@type":"Organization","@id":"https:\/\/hierostrasbourg.com\/#organization","name":"F\u00e9d\u00e9ration Hi\u00e9ro Strasbourg","url":"https:\/\/hierostrasbourg.com\/","logo":{"@type":"ImageObject","inLanguage":"fr-FR","@id":"https:\/\/hierostrasbourg.com\/#\/schema\/logo\/image\/","url":"https:\/\/hierostrasbourg.com\/wp-content\/uploads\/2026\/04\/logo-hiero-strasbourg.jpg","contentUrl":"https:\/\/hierostrasbourg.com\/wp-content\/uploads\/2026\/04\/logo-hiero-strasbourg.jpg","width":204,"height":192,"caption":"F\u00e9d\u00e9ration Hi\u00e9ro Strasbourg"},"image":{"@id":"https:\/\/hierostrasbourg.com\/#\/schema\/logo\/image\/"},"sameAs":["https:\/\/www.facebook.com\/fedehierostrasbourg","https:\/\/x.com\/hierostrasbourg"]}]}},"_links":{"self":[{"href":"https:\/\/hierostrasbourg.com\/index.php\/wp-json\/wp\/v2\/posts\/1870","targetHints":{"allow":["GET"]}}],"collection":[{"href":"https:\/\/hierostrasbourg.com\/index.php\/wp-json\/wp\/v2\/posts"}],"about":[{"href":"https:\/\/hierostrasbourg.com\/index.php\/wp-json\/wp\/v2\/types\/post"}],"replies":[{"embeddable":true,"href":"https:\/\/hierostrasbourg.com\/index.php\/wp-json\/wp\/v2\/comments?post=1870"}],"version-history":[{"count":0,"href":"https:\/\/hierostrasbourg.com\/index.php\/wp-json\/wp\/v2\/posts\/1870\/revisions"}],"wp:attachment":[{"href":"https:\/\/hierostrasbourg.com\/index.php\/wp-json\/wp\/v2\/media?parent=1870"}],"wp:term":[{"taxonomy":"category","embeddable":true,"href":"https:\/\/hierostrasbourg.com\/index.php\/wp-json\/wp\/v2\/categories?post=1870"},{"taxonomy":"post_tag","embeddable":true,"href":"https:\/\/hierostrasbourg.com\/index.php\/wp-json\/wp\/v2\/tags?post=1870"}],"curies":[{"name":"wp","href":"https:\/\/api.w.org\/{rel}","templated":true}]}}