{"id":1855,"date":"2022-02-23T21:28:06","date_gmt":"2022-02-23T20:28:06","guid":{"rendered":"https:\/\/hierostrasbourg.com\/index.php\/2022\/02\/23\/womex-porto-portugal-appel-a-candidatures-pour-ledition-2022-2\/"},"modified":"2022-02-23T21:28:06","modified_gmt":"2022-02-23T20:28:06","slug":"womex-porto-portugal-appel-a-candidatures-pour-ledition-2022-2","status":"publish","type":"post","link":"https:\/\/hierostrasbourg.com\/index.php\/2022\/02\/23\/womex-porto-portugal-appel-a-candidatures-pour-ledition-2022-2\/","title":{"rendered":"WOMEX  [Porto \/ Portugal] : appel \u00e0 candidatures pour l\u2019\u00e9dition 2022"},"content":{"rendered":"<h2>WOMEX IN Lisbon<\/h2>\n<p>Pouss\u00e9 par la communaut\u00e9 musicale mondiale, le programme annuel WOMEX est sans pr\u00e9c\u00e9dent sur la sc\u00e8ne musicale mondiale ; couvrant tous les continents, de l\u2019innovation \u00e0 la tradition, de l\u2019acoustique \u00e0 l\u2019\u00e9lectronique, multiculturel, diversifi\u00e9 et inclusif de tous les secteurs et expertises.<\/p>\n<h2>Appel \u00e0 propositions<\/h2>\n<p>Nous reconnaissons qu\u2019il existe des d\u00e9fis permanents et nous faisons de notre mieux pour soutenir la communaut\u00e9 musicale mondiale. WOMEX se d\u00e9roulera sous la forme d\u2019un \u00e9v\u00e9nement en personne organis\u00e9 une fois de plus avec AMG Music du Portugal, en tant que principal partenaire local.<\/p>\n<h2>Showcase<\/h2>\n<p>Jouez lors du premier \u00e9v\u00e9nement mondial de vitrine musicale, devant des bookers internationaux de concerts et de festivals, des organisateurs de tourn\u00e9es et des lieux, des labels, des distributeurs, des journalistes et des professionnels de l\u2019industrie. Nous accueillons les soumissions de tous les coins du monde, y compris le blues, le jazz et d\u2019autres genres.<\/p>\n<p><a class=\"maxbutton-1 maxbutton maxbutton-inscription\" href=\"https:\/\/www.womex-apply.com\/apply_live_intro.php\"><span class=\"mb-text\">POSTULEZ<\/span><\/a><\/p>\n<h2>Club<\/h2>\n<p>WOMEX pr\u00e9sente un Club Summit sp\u00e9cialis\u00e9, mettant en vedette des DJ et des producteurs de tous les horizons musicaux et des sc\u00e8nes de musique \u00e9lectronique mondiales. Nous encourageons les DJ\/producteurs de tous genres, supports et horizons \u00e0 postuler et \u00e0 apporter leurs sons au monde\u00a0!<\/p>\n<p><a class=\"maxbutton-1 maxbutton maxbutton-inscription\" href=\"https:\/\/www.womex-apply.com\/apply_dj_intro.php\"><span class=\"mb-text\">POSTULEZ<\/span><\/a><\/p>\n<h2>Film<\/h2>\n<p>WOMEX Film fournit une plate-forme pour connecter les communaut\u00e9s musicales et cin\u00e9matographiques internationales en pr\u00e9sentant des documentaires qui d\u00e9peignent la musique, les mouvements et les histoires du monde entier. Postulez pour que votre long m\u00e9trage, moyen m\u00e9trage ou court m\u00e9trage soit projet\u00e9 au WOMEX.<\/p>\n<p><a class=\"maxbutton-1 maxbutton maxbutton-inscription\" href=\"https:\/\/www.womex-apply.com\/apply_film_intro.php\"><span class=\"mb-text\">POSTULEZ<\/span><\/a><\/p>\n<h2>Conf\u00e9rence &amp; Mentorat<\/h2>\n<p>WOMEX recherche des propositions de repr\u00e9sentants de tous les secteurs, pour faire avancer l\u2019industrie en pr\u00e9sentant leurs visions, en cartographiant des id\u00e9es ou en partageant une expertise pratique. Venez discuter de votre point de vue et bien s\u00fbr, r\u00e9seautez avec vos pairs.<\/p>\n<p><a class=\"maxbutton-1 maxbutton maxbutton-inscription\" href=\"https:\/\/www.womex-apply.com\/apply_conference_intro.php\"><span class=\"mb-text\">POSTULEZ<\/span><\/a><\/p>\n<p>L\u2019article <a href=\"https:\/\/popburo.fr\/womex-porto-portugal-appel-a-candidatures-pour-ledition-2022\/\">WOMEX  [Porto \/ Portugal] : appel \u00e0 candidatures pour l\u2019\u00e9dition 2022<\/a> est apparu en premier sur <a href=\"https:\/\/popburo.fr\/\">POP B\u00dcRO<\/a>.<\/p>\n","protected":false},"excerpt":{"rendered":"<p>WOMEX IN Lisbon Pouss\u00e9 par la communaut\u00e9 musicale mondiale, le programme annuel WOMEX est sans pr\u00e9c\u00e9dent sur la sc\u00e8ne musicale mondiale ; couvrant tous les continents, de l\u2019innovation \u00e0 la tradition, de l\u2019acoustique \u00e0 l\u2019\u00e9lectronique, multiculturel, diversifi\u00e9 et inclusif de tous les secteurs et expertises. Appel \u00e0 propositions Nous reconnaissons qu\u2019il existe des d\u00e9fis permanents et nous faisons de notre mieux pour soutenir la communaut\u00e9 musicale mondiale. WOMEX se d\u00e9roulera sous la forme d\u2019un \u00e9v\u00e9nement en personne organis\u00e9 une fois [&hellip;]<\/p>\n","protected":false},"author":0,"featured_media":0,"comment_status":"closed","ping_status":"open","sticky":false,"template":"","format":"standard","meta":{"footnotes":""},"categories":[1],"tags":[],"class_list":["post-1855","post","type-post","status-publish","format-standard","hentry","category-non-classe"],"yoast_head":"<!-- This site is optimized with the Yoast SEO plugin v27.4 - https:\/\/yoast.com\/product\/yoast-seo-wordpress\/ -->\n<title>WOMEX [Porto \/ Portugal] : appel \u00e0 candidatures pour l\u2019\u00e9dition 2022 - HIERO STRASBOURG<\/title>\n<meta name=\"robots\" content=\"index, follow, max-snippet:-1, max-image-preview:large, max-video-preview:-1\" \/>\n<link rel=\"canonical\" href=\"https:\/\/hierostrasbourg.com\/index.php\/2022\/02\/23\/womex-porto-portugal-appel-a-candidatures-pour-ledition-2022-2\/\" \/>\n<meta property=\"og:locale\" content=\"fr_FR\" \/>\n<meta property=\"og:type\" content=\"article\" \/>\n<meta property=\"og:title\" content=\"WOMEX [Porto \/ Portugal] : appel \u00e0 candidatures pour l\u2019\u00e9dition 2022 - HIERO STRASBOURG\" \/>\n<meta property=\"og:description\" content=\"WOMEX IN Lisbon Pouss\u00e9 par la communaut\u00e9 musicale mondiale, le programme annuel WOMEX est sans pr\u00e9c\u00e9dent sur la sc\u00e8ne musicale mondiale ; couvrant tous les continents, de l\u2019innovation \u00e0 la tradition, de l\u2019acoustique \u00e0 l\u2019\u00e9lectronique, multiculturel, diversifi\u00e9 et inclusif de tous les secteurs et expertises. Appel \u00e0 propositions Nous reconnaissons qu\u2019il existe des d\u00e9fis permanents et nous faisons de notre mieux pour soutenir la communaut\u00e9 musicale mondiale. WOMEX se d\u00e9roulera sous la forme d\u2019un \u00e9v\u00e9nement en personne organis\u00e9 une fois [&hellip;]\" \/>\n<meta property=\"og:url\" content=\"https:\/\/hierostrasbourg.com\/index.php\/2022\/02\/23\/womex-porto-portugal-appel-a-candidatures-pour-ledition-2022-2\/\" \/>\n<meta property=\"og:site_name\" content=\"HIERO STRASBOURG\" \/>\n<meta property=\"article:publisher\" content=\"https:\/\/www.facebook.com\/fedehierostrasbourg\" \/>\n<meta property=\"article:published_time\" content=\"2022-02-23T20:28:06+00:00\" \/>\n<meta name=\"twitter:card\" content=\"summary_large_image\" \/>\n<meta name=\"twitter:creator\" content=\"@hierostrasbourg\" \/>\n<meta name=\"twitter:site\" content=\"@hierostrasbourg\" \/>\n<meta name=\"twitter:label1\" content=\"Dur\u00e9e de lecture estim\u00e9e\" \/>\n\t<meta name=\"twitter:data1\" content=\"2 minutes\" \/>\n<script type=\"application\/ld+json\" class=\"yoast-schema-graph\">{\"@context\":\"https:\\\/\\\/schema.org\",\"@graph\":[{\"@type\":\"Article\",\"@id\":\"https:\\\/\\\/hierostrasbourg.com\\\/index.php\\\/2022\\\/02\\\/23\\\/womex-porto-portugal-appel-a-candidatures-pour-ledition-2022-2\\\/#article\",\"isPartOf\":{\"@id\":\"https:\\\/\\\/hierostrasbourg.com\\\/index.php\\\/2022\\\/02\\\/23\\\/womex-porto-portugal-appel-a-candidatures-pour-ledition-2022-2\\\/\"},\"author\":{\"name\":\"\",\"@id\":\"\"},\"headline\":\"WOMEX [Porto \\\/ Portugal] : appel \u00e0 candidatures pour l\u2019\u00e9dition 2022\",\"datePublished\":\"2022-02-23T20:28:06+00:00\",\"mainEntityOfPage\":{\"@id\":\"https:\\\/\\\/hierostrasbourg.com\\\/index.php\\\/2022\\\/02\\\/23\\\/womex-porto-portugal-appel-a-candidatures-pour-ledition-2022-2\\\/\"},\"wordCount\":342,\"publisher\":{\"@id\":\"https:\\\/\\\/hierostrasbourg.com\\\/#organization\"},\"inLanguage\":\"fr-FR\"},{\"@type\":\"WebPage\",\"@id\":\"https:\\\/\\\/hierostrasbourg.com\\\/index.php\\\/2022\\\/02\\\/23\\\/womex-porto-portugal-appel-a-candidatures-pour-ledition-2022-2\\\/\",\"url\":\"https:\\\/\\\/hierostrasbourg.com\\\/index.php\\\/2022\\\/02\\\/23\\\/womex-porto-portugal-appel-a-candidatures-pour-ledition-2022-2\\\/\",\"name\":\"WOMEX [Porto \\\/ Portugal] : appel \u00e0 candidatures pour l\u2019\u00e9dition 2022 - HIERO STRASBOURG\",\"isPartOf\":{\"@id\":\"https:\\\/\\\/hierostrasbourg.com\\\/#website\"},\"datePublished\":\"2022-02-23T20:28:06+00:00\",\"breadcrumb\":{\"@id\":\"https:\\\/\\\/hierostrasbourg.com\\\/index.php\\\/2022\\\/02\\\/23\\\/womex-porto-portugal-appel-a-candidatures-pour-ledition-2022-2\\\/#breadcrumb\"},\"inLanguage\":\"fr-FR\",\"potentialAction\":[{\"@type\":\"ReadAction\",\"target\":[\"https:\\\/\\\/hierostrasbourg.com\\\/index.php\\\/2022\\\/02\\\/23\\\/womex-porto-portugal-appel-a-candidatures-pour-ledition-2022-2\\\/\"]}]},{\"@type\":\"BreadcrumbList\",\"@id\":\"https:\\\/\\\/hierostrasbourg.com\\\/index.php\\\/2022\\\/02\\\/23\\\/womex-porto-portugal-appel-a-candidatures-pour-ledition-2022-2\\\/#breadcrumb\",\"itemListElement\":[{\"@type\":\"ListItem\",\"position\":1,\"name\":\"Accueil\",\"item\":\"https:\\\/\\\/hierostrasbourg.com\\\/\"},{\"@type\":\"ListItem\",\"position\":2,\"name\":\"WOMEX [Porto \\\/ Portugal] : appel \u00e0 candidatures pour l\u2019\u00e9dition 2022\"}]},{\"@type\":\"WebSite\",\"@id\":\"https:\\\/\\\/hierostrasbourg.com\\\/#website\",\"url\":\"https:\\\/\\\/hierostrasbourg.com\\\/\",\"name\":\"HIERO STRASBOURG\",\"description\":\"Centre de Ressources Musiques Actuelles\",\"publisher\":{\"@id\":\"https:\\\/\\\/hierostrasbourg.com\\\/#organization\"},\"potentialAction\":[{\"@type\":\"SearchAction\",\"target\":{\"@type\":\"EntryPoint\",\"urlTemplate\":\"https:\\\/\\\/hierostrasbourg.com\\\/?s={search_term_string}\"},\"query-input\":{\"@type\":\"PropertyValueSpecification\",\"valueRequired\":true,\"valueName\":\"search_term_string\"}}],\"inLanguage\":\"fr-FR\"},{\"@type\":\"Organization\",\"@id\":\"https:\\\/\\\/hierostrasbourg.com\\\/#organization\",\"name\":\"F\u00e9d\u00e9ration Hi\u00e9ro Strasbourg\",\"url\":\"https:\\\/\\\/hierostrasbourg.com\\\/\",\"logo\":{\"@type\":\"ImageObject\",\"inLanguage\":\"fr-FR\",\"@id\":\"https:\\\/\\\/hierostrasbourg.com\\\/#\\\/schema\\\/logo\\\/image\\\/\",\"url\":\"https:\\\/\\\/hierostrasbourg.com\\\/wp-content\\\/uploads\\\/2026\\\/04\\\/logo-hiero-strasbourg.jpg\",\"contentUrl\":\"https:\\\/\\\/hierostrasbourg.com\\\/wp-content\\\/uploads\\\/2026\\\/04\\\/logo-hiero-strasbourg.jpg\",\"width\":204,\"height\":192,\"caption\":\"F\u00e9d\u00e9ration Hi\u00e9ro Strasbourg\"},\"image\":{\"@id\":\"https:\\\/\\\/hierostrasbourg.com\\\/#\\\/schema\\\/logo\\\/image\\\/\"},\"sameAs\":[\"https:\\\/\\\/www.facebook.com\\\/fedehierostrasbourg\",\"https:\\\/\\\/x.com\\\/hierostrasbourg\"]}]}<\/script>\n<!-- \/ Yoast SEO plugin. -->","yoast_head_json":{"title":"WOMEX [Porto \/ Portugal] : appel \u00e0 candidatures pour l\u2019\u00e9dition 2022 - HIERO STRASBOURG","robots":{"index":"index","follow":"follow","max-snippet":"max-snippet:-1","max-image-preview":"max-image-preview:large","max-video-preview":"max-video-preview:-1"},"canonical":"https:\/\/hierostrasbourg.com\/index.php\/2022\/02\/23\/womex-porto-portugal-appel-a-candidatures-pour-ledition-2022-2\/","og_locale":"fr_FR","og_type":"article","og_title":"WOMEX [Porto \/ Portugal] : appel \u00e0 candidatures pour l\u2019\u00e9dition 2022 - HIERO STRASBOURG","og_description":"WOMEX IN Lisbon Pouss\u00e9 par la communaut\u00e9 musicale mondiale, le programme annuel WOMEX est sans pr\u00e9c\u00e9dent sur la sc\u00e8ne musicale mondiale ; couvrant tous les continents, de l\u2019innovation \u00e0 la tradition, de l\u2019acoustique \u00e0 l\u2019\u00e9lectronique, multiculturel, diversifi\u00e9 et inclusif de tous les secteurs et expertises. Appel \u00e0 propositions Nous reconnaissons qu\u2019il existe des d\u00e9fis permanents et nous faisons de notre mieux pour soutenir la communaut\u00e9 musicale mondiale. WOMEX se d\u00e9roulera sous la forme d\u2019un \u00e9v\u00e9nement en personne organis\u00e9 une fois [&hellip;]","og_url":"https:\/\/hierostrasbourg.com\/index.php\/2022\/02\/23\/womex-porto-portugal-appel-a-candidatures-pour-ledition-2022-2\/","og_site_name":"HIERO STRASBOURG","article_publisher":"https:\/\/www.facebook.com\/fedehierostrasbourg","article_published_time":"2022-02-23T20:28:06+00:00","twitter_card":"summary_large_image","twitter_creator":"@hierostrasbourg","twitter_site":"@hierostrasbourg","twitter_misc":{"Dur\u00e9e de lecture estim\u00e9e":"2 minutes"},"schema":{"@context":"https:\/\/schema.org","@graph":[{"@type":"Article","@id":"https:\/\/hierostrasbourg.com\/index.php\/2022\/02\/23\/womex-porto-portugal-appel-a-candidatures-pour-ledition-2022-2\/#article","isPartOf":{"@id":"https:\/\/hierostrasbourg.com\/index.php\/2022\/02\/23\/womex-porto-portugal-appel-a-candidatures-pour-ledition-2022-2\/"},"author":{"name":"","@id":""},"headline":"WOMEX [Porto \/ Portugal] : appel \u00e0 candidatures pour l\u2019\u00e9dition 2022","datePublished":"2022-02-23T20:28:06+00:00","mainEntityOfPage":{"@id":"https:\/\/hierostrasbourg.com\/index.php\/2022\/02\/23\/womex-porto-portugal-appel-a-candidatures-pour-ledition-2022-2\/"},"wordCount":342,"publisher":{"@id":"https:\/\/hierostrasbourg.com\/#organization"},"inLanguage":"fr-FR"},{"@type":"WebPage","@id":"https:\/\/hierostrasbourg.com\/index.php\/2022\/02\/23\/womex-porto-portugal-appel-a-candidatures-pour-ledition-2022-2\/","url":"https:\/\/hierostrasbourg.com\/index.php\/2022\/02\/23\/womex-porto-portugal-appel-a-candidatures-pour-ledition-2022-2\/","name":"WOMEX [Porto \/ Portugal] : appel \u00e0 candidatures pour l\u2019\u00e9dition 2022 - HIERO STRASBOURG","isPartOf":{"@id":"https:\/\/hierostrasbourg.com\/#website"},"datePublished":"2022-02-23T20:28:06+00:00","breadcrumb":{"@id":"https:\/\/hierostrasbourg.com\/index.php\/2022\/02\/23\/womex-porto-portugal-appel-a-candidatures-pour-ledition-2022-2\/#breadcrumb"},"inLanguage":"fr-FR","potentialAction":[{"@type":"ReadAction","target":["https:\/\/hierostrasbourg.com\/index.php\/2022\/02\/23\/womex-porto-portugal-appel-a-candidatures-pour-ledition-2022-2\/"]}]},{"@type":"BreadcrumbList","@id":"https:\/\/hierostrasbourg.com\/index.php\/2022\/02\/23\/womex-porto-portugal-appel-a-candidatures-pour-ledition-2022-2\/#breadcrumb","itemListElement":[{"@type":"ListItem","position":1,"name":"Accueil","item":"https:\/\/hierostrasbourg.com\/"},{"@type":"ListItem","position":2,"name":"WOMEX [Porto \/ Portugal] : appel \u00e0 candidatures pour l\u2019\u00e9dition 2022"}]},{"@type":"WebSite","@id":"https:\/\/hierostrasbourg.com\/#website","url":"https:\/\/hierostrasbourg.com\/","name":"HIERO STRASBOURG","description":"Centre de Ressources Musiques Actuelles","publisher":{"@id":"https:\/\/hierostrasbourg.com\/#organization"},"potentialAction":[{"@type":"SearchAction","target":{"@type":"EntryPoint","urlTemplate":"https:\/\/hierostrasbourg.com\/?s={search_term_string}"},"query-input":{"@type":"PropertyValueSpecification","valueRequired":true,"valueName":"search_term_string"}}],"inLanguage":"fr-FR"},{"@type":"Organization","@id":"https:\/\/hierostrasbourg.com\/#organization","name":"F\u00e9d\u00e9ration Hi\u00e9ro Strasbourg","url":"https:\/\/hierostrasbourg.com\/","logo":{"@type":"ImageObject","inLanguage":"fr-FR","@id":"https:\/\/hierostrasbourg.com\/#\/schema\/logo\/image\/","url":"https:\/\/hierostrasbourg.com\/wp-content\/uploads\/2026\/04\/logo-hiero-strasbourg.jpg","contentUrl":"https:\/\/hierostrasbourg.com\/wp-content\/uploads\/2026\/04\/logo-hiero-strasbourg.jpg","width":204,"height":192,"caption":"F\u00e9d\u00e9ration Hi\u00e9ro Strasbourg"},"image":{"@id":"https:\/\/hierostrasbourg.com\/#\/schema\/logo\/image\/"},"sameAs":["https:\/\/www.facebook.com\/fedehierostrasbourg","https:\/\/x.com\/hierostrasbourg"]}]}},"_links":{"self":[{"href":"https:\/\/hierostrasbourg.com\/index.php\/wp-json\/wp\/v2\/posts\/1855","targetHints":{"allow":["GET"]}}],"collection":[{"href":"https:\/\/hierostrasbourg.com\/index.php\/wp-json\/wp\/v2\/posts"}],"about":[{"href":"https:\/\/hierostrasbourg.com\/index.php\/wp-json\/wp\/v2\/types\/post"}],"replies":[{"embeddable":true,"href":"https:\/\/hierostrasbourg.com\/index.php\/wp-json\/wp\/v2\/comments?post=1855"}],"version-history":[{"count":0,"href":"https:\/\/hierostrasbourg.com\/index.php\/wp-json\/wp\/v2\/posts\/1855\/revisions"}],"wp:attachment":[{"href":"https:\/\/hierostrasbourg.com\/index.php\/wp-json\/wp\/v2\/media?parent=1855"}],"wp:term":[{"taxonomy":"category","embeddable":true,"href":"https:\/\/hierostrasbourg.com\/index.php\/wp-json\/wp\/v2\/categories?post=1855"},{"taxonomy":"post_tag","embeddable":true,"href":"https:\/\/hierostrasbourg.com\/index.php\/wp-json\/wp\/v2\/tags?post=1855"}],"curies":[{"name":"wp","href":"https:\/\/api.w.org\/{rel}","templated":true}]}}