{"id":1844,"date":"2022-02-23T16:27:16","date_gmt":"2022-02-23T15:27:16","guid":{"rendered":"https:\/\/hierostrasbourg.com\/index.php\/2022\/02\/23\/13e-sens-obernai-recrute-un-hote-daccueil-billetterie-f-h\/"},"modified":"2022-02-23T16:27:16","modified_gmt":"2022-02-23T15:27:16","slug":"13e-sens-obernai-recrute-un-hote-daccueil-billetterie-f-h","status":"publish","type":"post","link":"https:\/\/hierostrasbourg.com\/index.php\/2022\/02\/23\/13e-sens-obernai-recrute-un-hote-daccueil-billetterie-f-h\/","title":{"rendered":"13e SENS [Obernai] recrute un h\u00f4te d\u2019accueil-billetterie [F\/H]"},"content":{"rendered":"<p><a href=\"https:\/\/musiquesactuelles.alsace\/13e-sens-obernai-recrute-un-hote-daccueil-billetterie-f-h\/\" title=\"13e SENS [Obernai] recrute un h\u00f4te d\u2019accueil-billetterie [F\/H]\"><\/a><\/p>\n<p>L\u2019association 13e sens porte un cin\u00e9ma art et essai, une saison culturelle pluridisciplinaire et un festival des arts du cirque. + d\u2019infos sur www.13esens.com Du 22 avril au 1er mai aura lieu la 25\u00e8me \u00e9dition du festival des arts du cirque Pisteurs d\u2019\u00c9toiles (avec un temps de r\u00e9sidence en amont). Chaque ann\u00e9e plus de 8000 spectateurs viennent participer au festival. + d\u2019infos sur www.pisteursdetoiles.com Missions Sous l\u2019autorit\u00e9 de la directrice et par d\u00e9l\u00e9gation de la personne en charge de l\u2019administration, [\u2026]<\/p>\n<p>L\u2019article <a href=\"https:\/\/musiquesactuelles.alsace\/13e-sens-obernai-recrute-un-hote-daccueil-billetterie-f-h\/\">13e SENS [Obernai] recrute un h\u00f4te d\u2019accueil-billetterie [F\/H]<\/a> est apparu en premier sur <a href=\"https:\/\/musiquesactuelles.alsace\/\">Musiques Actuelles en Alsace<\/a>.<\/p>\n<p>L\u2019article <a href=\"https:\/\/popburo.fr\/13e-sens-obernai-recrute-un-hote-daccueil-billetterie-f-h-2\/\">13e SENS [Obernai] recrute un h\u00f4te d\u2019accueil-billetterie [F\/H]<\/a> est apparu en premier sur <a href=\"https:\/\/popburo.fr\/\">POP B\u00dcRO<\/a>.<\/p>\n","protected":false},"excerpt":{"rendered":"<p>L\u2019association 13e sens porte un cin\u00e9ma art et essai, une saison culturelle pluridisciplinaire et un festival des arts du cirque. + d\u2019infos sur www.13esens.com Du 22 avril au 1er mai aura lieu la 25\u00e8me \u00e9dition du festival des arts du cirque Pisteurs d\u2019\u00c9toiles (avec un temps de r\u00e9sidence en amont). Chaque ann\u00e9e plus de 8000 spectateurs viennent participer au festival. + d\u2019infos sur www.pisteursdetoiles.com Missions Sous l\u2019autorit\u00e9 de la directrice et par d\u00e9l\u00e9gation de la personne en charge de l\u2019administration, [&hellip;]<\/p>\n","protected":false},"author":0,"featured_media":0,"comment_status":"closed","ping_status":"open","sticky":false,"template":"","format":"standard","meta":{"footnotes":""},"categories":[1],"tags":[],"class_list":["post-1844","post","type-post","status-publish","format-standard","hentry","category-non-classe"],"yoast_head":"<!-- This site is optimized with the Yoast SEO plugin v27.4 - https:\/\/yoast.com\/product\/yoast-seo-wordpress\/ -->\n<title>13e SENS [Obernai] recrute un h\u00f4te d\u2019accueil-billetterie [F\/H] - HIERO STRASBOURG<\/title>\n<meta name=\"robots\" content=\"index, follow, max-snippet:-1, max-image-preview:large, max-video-preview:-1\" \/>\n<link rel=\"canonical\" href=\"https:\/\/hierostrasbourg.com\/index.php\/2022\/02\/23\/13e-sens-obernai-recrute-un-hote-daccueil-billetterie-f-h\/\" \/>\n<meta property=\"og:locale\" content=\"fr_FR\" \/>\n<meta property=\"og:type\" content=\"article\" \/>\n<meta property=\"og:title\" content=\"13e SENS [Obernai] recrute un h\u00f4te d\u2019accueil-billetterie [F\/H] - HIERO STRASBOURG\" \/>\n<meta property=\"og:description\" content=\"L\u2019association 13e sens porte un cin\u00e9ma art et essai, une saison culturelle pluridisciplinaire et un festival des arts du cirque. + d\u2019infos sur www.13esens.com Du 22 avril au 1er mai aura lieu la 25\u00e8me \u00e9dition du festival des arts du cirque Pisteurs d\u2019\u00c9toiles (avec un temps de r\u00e9sidence en amont). Chaque ann\u00e9e plus de 8000 spectateurs viennent participer au festival. + d\u2019infos sur www.pisteursdetoiles.com Missions Sous l\u2019autorit\u00e9 de la directrice et par d\u00e9l\u00e9gation de la personne en charge de l\u2019administration, [&hellip;]\" \/>\n<meta property=\"og:url\" content=\"https:\/\/hierostrasbourg.com\/index.php\/2022\/02\/23\/13e-sens-obernai-recrute-un-hote-daccueil-billetterie-f-h\/\" \/>\n<meta property=\"og:site_name\" content=\"HIERO STRASBOURG\" \/>\n<meta property=\"article:publisher\" content=\"https:\/\/www.facebook.com\/fedehierostrasbourg\" \/>\n<meta property=\"article:published_time\" content=\"2022-02-23T15:27:16+00:00\" \/>\n<meta name=\"twitter:card\" content=\"summary_large_image\" \/>\n<meta name=\"twitter:creator\" content=\"@hierostrasbourg\" \/>\n<meta name=\"twitter:site\" content=\"@hierostrasbourg\" \/>\n<meta name=\"twitter:label1\" content=\"Dur\u00e9e de lecture estim\u00e9e\" \/>\n\t<meta name=\"twitter:data1\" content=\"1 minute\" \/>\n<script type=\"application\/ld+json\" class=\"yoast-schema-graph\">{\"@context\":\"https:\\\/\\\/schema.org\",\"@graph\":[{\"@type\":\"Article\",\"@id\":\"https:\\\/\\\/hierostrasbourg.com\\\/index.php\\\/2022\\\/02\\\/23\\\/13e-sens-obernai-recrute-un-hote-daccueil-billetterie-f-h\\\/#article\",\"isPartOf\":{\"@id\":\"https:\\\/\\\/hierostrasbourg.com\\\/index.php\\\/2022\\\/02\\\/23\\\/13e-sens-obernai-recrute-un-hote-daccueil-billetterie-f-h\\\/\"},\"author\":{\"name\":\"\",\"@id\":\"\"},\"headline\":\"13e SENS [Obernai] recrute un h\u00f4te d\u2019accueil-billetterie [F\\\/H]\",\"datePublished\":\"2022-02-23T15:27:16+00:00\",\"mainEntityOfPage\":{\"@id\":\"https:\\\/\\\/hierostrasbourg.com\\\/index.php\\\/2022\\\/02\\\/23\\\/13e-sens-obernai-recrute-un-hote-daccueil-billetterie-f-h\\\/\"},\"wordCount\":145,\"publisher\":{\"@id\":\"https:\\\/\\\/hierostrasbourg.com\\\/#organization\"},\"inLanguage\":\"fr-FR\"},{\"@type\":\"WebPage\",\"@id\":\"https:\\\/\\\/hierostrasbourg.com\\\/index.php\\\/2022\\\/02\\\/23\\\/13e-sens-obernai-recrute-un-hote-daccueil-billetterie-f-h\\\/\",\"url\":\"https:\\\/\\\/hierostrasbourg.com\\\/index.php\\\/2022\\\/02\\\/23\\\/13e-sens-obernai-recrute-un-hote-daccueil-billetterie-f-h\\\/\",\"name\":\"13e SENS [Obernai] recrute un h\u00f4te d\u2019accueil-billetterie [F\\\/H] - HIERO STRASBOURG\",\"isPartOf\":{\"@id\":\"https:\\\/\\\/hierostrasbourg.com\\\/#website\"},\"datePublished\":\"2022-02-23T15:27:16+00:00\",\"breadcrumb\":{\"@id\":\"https:\\\/\\\/hierostrasbourg.com\\\/index.php\\\/2022\\\/02\\\/23\\\/13e-sens-obernai-recrute-un-hote-daccueil-billetterie-f-h\\\/#breadcrumb\"},\"inLanguage\":\"fr-FR\",\"potentialAction\":[{\"@type\":\"ReadAction\",\"target\":[\"https:\\\/\\\/hierostrasbourg.com\\\/index.php\\\/2022\\\/02\\\/23\\\/13e-sens-obernai-recrute-un-hote-daccueil-billetterie-f-h\\\/\"]}]},{\"@type\":\"BreadcrumbList\",\"@id\":\"https:\\\/\\\/hierostrasbourg.com\\\/index.php\\\/2022\\\/02\\\/23\\\/13e-sens-obernai-recrute-un-hote-daccueil-billetterie-f-h\\\/#breadcrumb\",\"itemListElement\":[{\"@type\":\"ListItem\",\"position\":1,\"name\":\"Accueil\",\"item\":\"https:\\\/\\\/hierostrasbourg.com\\\/\"},{\"@type\":\"ListItem\",\"position\":2,\"name\":\"13e SENS [Obernai] recrute un h\u00f4te d\u2019accueil-billetterie [F\\\/H]\"}]},{\"@type\":\"WebSite\",\"@id\":\"https:\\\/\\\/hierostrasbourg.com\\\/#website\",\"url\":\"https:\\\/\\\/hierostrasbourg.com\\\/\",\"name\":\"HIERO STRASBOURG\",\"description\":\"Centre de Ressources Musiques Actuelles\",\"publisher\":{\"@id\":\"https:\\\/\\\/hierostrasbourg.com\\\/#organization\"},\"potentialAction\":[{\"@type\":\"SearchAction\",\"target\":{\"@type\":\"EntryPoint\",\"urlTemplate\":\"https:\\\/\\\/hierostrasbourg.com\\\/?s={search_term_string}\"},\"query-input\":{\"@type\":\"PropertyValueSpecification\",\"valueRequired\":true,\"valueName\":\"search_term_string\"}}],\"inLanguage\":\"fr-FR\"},{\"@type\":\"Organization\",\"@id\":\"https:\\\/\\\/hierostrasbourg.com\\\/#organization\",\"name\":\"F\u00e9d\u00e9ration Hi\u00e9ro Strasbourg\",\"url\":\"https:\\\/\\\/hierostrasbourg.com\\\/\",\"logo\":{\"@type\":\"ImageObject\",\"inLanguage\":\"fr-FR\",\"@id\":\"https:\\\/\\\/hierostrasbourg.com\\\/#\\\/schema\\\/logo\\\/image\\\/\",\"url\":\"https:\\\/\\\/hierostrasbourg.com\\\/wp-content\\\/uploads\\\/2026\\\/04\\\/logo-hiero-strasbourg.jpg\",\"contentUrl\":\"https:\\\/\\\/hierostrasbourg.com\\\/wp-content\\\/uploads\\\/2026\\\/04\\\/logo-hiero-strasbourg.jpg\",\"width\":204,\"height\":192,\"caption\":\"F\u00e9d\u00e9ration Hi\u00e9ro Strasbourg\"},\"image\":{\"@id\":\"https:\\\/\\\/hierostrasbourg.com\\\/#\\\/schema\\\/logo\\\/image\\\/\"},\"sameAs\":[\"https:\\\/\\\/www.facebook.com\\\/fedehierostrasbourg\",\"https:\\\/\\\/x.com\\\/hierostrasbourg\"]}]}<\/script>\n<!-- \/ Yoast SEO plugin. -->","yoast_head_json":{"title":"13e SENS [Obernai] recrute un h\u00f4te d\u2019accueil-billetterie [F\/H] - HIERO STRASBOURG","robots":{"index":"index","follow":"follow","max-snippet":"max-snippet:-1","max-image-preview":"max-image-preview:large","max-video-preview":"max-video-preview:-1"},"canonical":"https:\/\/hierostrasbourg.com\/index.php\/2022\/02\/23\/13e-sens-obernai-recrute-un-hote-daccueil-billetterie-f-h\/","og_locale":"fr_FR","og_type":"article","og_title":"13e SENS [Obernai] recrute un h\u00f4te d\u2019accueil-billetterie [F\/H] - HIERO STRASBOURG","og_description":"L\u2019association 13e sens porte un cin\u00e9ma art et essai, une saison culturelle pluridisciplinaire et un festival des arts du cirque. + d\u2019infos sur www.13esens.com Du 22 avril au 1er mai aura lieu la 25\u00e8me \u00e9dition du festival des arts du cirque Pisteurs d\u2019\u00c9toiles (avec un temps de r\u00e9sidence en amont). Chaque ann\u00e9e plus de 8000 spectateurs viennent participer au festival. + d\u2019infos sur www.pisteursdetoiles.com Missions Sous l\u2019autorit\u00e9 de la directrice et par d\u00e9l\u00e9gation de la personne en charge de l\u2019administration, [&hellip;]","og_url":"https:\/\/hierostrasbourg.com\/index.php\/2022\/02\/23\/13e-sens-obernai-recrute-un-hote-daccueil-billetterie-f-h\/","og_site_name":"HIERO STRASBOURG","article_publisher":"https:\/\/www.facebook.com\/fedehierostrasbourg","article_published_time":"2022-02-23T15:27:16+00:00","twitter_card":"summary_large_image","twitter_creator":"@hierostrasbourg","twitter_site":"@hierostrasbourg","twitter_misc":{"Dur\u00e9e de lecture estim\u00e9e":"1 minute"},"schema":{"@context":"https:\/\/schema.org","@graph":[{"@type":"Article","@id":"https:\/\/hierostrasbourg.com\/index.php\/2022\/02\/23\/13e-sens-obernai-recrute-un-hote-daccueil-billetterie-f-h\/#article","isPartOf":{"@id":"https:\/\/hierostrasbourg.com\/index.php\/2022\/02\/23\/13e-sens-obernai-recrute-un-hote-daccueil-billetterie-f-h\/"},"author":{"name":"","@id":""},"headline":"13e SENS [Obernai] recrute un h\u00f4te d\u2019accueil-billetterie [F\/H]","datePublished":"2022-02-23T15:27:16+00:00","mainEntityOfPage":{"@id":"https:\/\/hierostrasbourg.com\/index.php\/2022\/02\/23\/13e-sens-obernai-recrute-un-hote-daccueil-billetterie-f-h\/"},"wordCount":145,"publisher":{"@id":"https:\/\/hierostrasbourg.com\/#organization"},"inLanguage":"fr-FR"},{"@type":"WebPage","@id":"https:\/\/hierostrasbourg.com\/index.php\/2022\/02\/23\/13e-sens-obernai-recrute-un-hote-daccueil-billetterie-f-h\/","url":"https:\/\/hierostrasbourg.com\/index.php\/2022\/02\/23\/13e-sens-obernai-recrute-un-hote-daccueil-billetterie-f-h\/","name":"13e SENS [Obernai] recrute un h\u00f4te d\u2019accueil-billetterie [F\/H] - HIERO STRASBOURG","isPartOf":{"@id":"https:\/\/hierostrasbourg.com\/#website"},"datePublished":"2022-02-23T15:27:16+00:00","breadcrumb":{"@id":"https:\/\/hierostrasbourg.com\/index.php\/2022\/02\/23\/13e-sens-obernai-recrute-un-hote-daccueil-billetterie-f-h\/#breadcrumb"},"inLanguage":"fr-FR","potentialAction":[{"@type":"ReadAction","target":["https:\/\/hierostrasbourg.com\/index.php\/2022\/02\/23\/13e-sens-obernai-recrute-un-hote-daccueil-billetterie-f-h\/"]}]},{"@type":"BreadcrumbList","@id":"https:\/\/hierostrasbourg.com\/index.php\/2022\/02\/23\/13e-sens-obernai-recrute-un-hote-daccueil-billetterie-f-h\/#breadcrumb","itemListElement":[{"@type":"ListItem","position":1,"name":"Accueil","item":"https:\/\/hierostrasbourg.com\/"},{"@type":"ListItem","position":2,"name":"13e SENS [Obernai] recrute un h\u00f4te d\u2019accueil-billetterie [F\/H]"}]},{"@type":"WebSite","@id":"https:\/\/hierostrasbourg.com\/#website","url":"https:\/\/hierostrasbourg.com\/","name":"HIERO STRASBOURG","description":"Centre de Ressources Musiques Actuelles","publisher":{"@id":"https:\/\/hierostrasbourg.com\/#organization"},"potentialAction":[{"@type":"SearchAction","target":{"@type":"EntryPoint","urlTemplate":"https:\/\/hierostrasbourg.com\/?s={search_term_string}"},"query-input":{"@type":"PropertyValueSpecification","valueRequired":true,"valueName":"search_term_string"}}],"inLanguage":"fr-FR"},{"@type":"Organization","@id":"https:\/\/hierostrasbourg.com\/#organization","name":"F\u00e9d\u00e9ration Hi\u00e9ro Strasbourg","url":"https:\/\/hierostrasbourg.com\/","logo":{"@type":"ImageObject","inLanguage":"fr-FR","@id":"https:\/\/hierostrasbourg.com\/#\/schema\/logo\/image\/","url":"https:\/\/hierostrasbourg.com\/wp-content\/uploads\/2026\/04\/logo-hiero-strasbourg.jpg","contentUrl":"https:\/\/hierostrasbourg.com\/wp-content\/uploads\/2026\/04\/logo-hiero-strasbourg.jpg","width":204,"height":192,"caption":"F\u00e9d\u00e9ration Hi\u00e9ro Strasbourg"},"image":{"@id":"https:\/\/hierostrasbourg.com\/#\/schema\/logo\/image\/"},"sameAs":["https:\/\/www.facebook.com\/fedehierostrasbourg","https:\/\/x.com\/hierostrasbourg"]}]}},"_links":{"self":[{"href":"https:\/\/hierostrasbourg.com\/index.php\/wp-json\/wp\/v2\/posts\/1844","targetHints":{"allow":["GET"]}}],"collection":[{"href":"https:\/\/hierostrasbourg.com\/index.php\/wp-json\/wp\/v2\/posts"}],"about":[{"href":"https:\/\/hierostrasbourg.com\/index.php\/wp-json\/wp\/v2\/types\/post"}],"replies":[{"embeddable":true,"href":"https:\/\/hierostrasbourg.com\/index.php\/wp-json\/wp\/v2\/comments?post=1844"}],"version-history":[{"count":0,"href":"https:\/\/hierostrasbourg.com\/index.php\/wp-json\/wp\/v2\/posts\/1844\/revisions"}],"wp:attachment":[{"href":"https:\/\/hierostrasbourg.com\/index.php\/wp-json\/wp\/v2\/media?parent=1844"}],"wp:term":[{"taxonomy":"category","embeddable":true,"href":"https:\/\/hierostrasbourg.com\/index.php\/wp-json\/wp\/v2\/categories?post=1844"},{"taxonomy":"post_tag","embeddable":true,"href":"https:\/\/hierostrasbourg.com\/index.php\/wp-json\/wp\/v2\/tags?post=1844"}],"curies":[{"name":"wp","href":"https:\/\/api.w.org\/{rel}","templated":true}]}}