{"id":1821,"date":"2022-02-20T17:21:05","date_gmt":"2022-02-20T16:21:05","guid":{"rendered":"https:\/\/hierostrasbourg.com\/index.php\/2022\/02\/20\/les-boites-de-nuit-ont-rouvert-mais-le-sens-de-la-fete-semble-abime\/"},"modified":"2022-02-20T17:21:05","modified_gmt":"2022-02-20T16:21:05","slug":"les-boites-de-nuit-ont-rouvert-mais-le-sens-de-la-fete-semble-abime","status":"publish","type":"post","link":"https:\/\/hierostrasbourg.com\/index.php\/2022\/02\/20\/les-boites-de-nuit-ont-rouvert-mais-le-sens-de-la-fete-semble-abime\/","title":{"rendered":"Les bo\u00eetes de nuit ont rouvert, mais le sens de la f\u00eate semble ab\u00eem\u00e9"},"content":{"rendered":"<p><em>Apr\u00e8s des semaines de fermeture, on peut \u00e0 nouveau danser en France. Sur le dancefloor de Chez Lulu, nouveau cocon festif parisien, la flamboyance tant attendue \u00e9tait timide.<\/em><\/p>\n<p>Source \/ Lire la suite : <a href=\"https:\/\/www.lemonde.fr\/planete\/article\/2022\/02\/19\/les-boites-de-nuit-ont-rouvert-mais-le-sens-de-la-fete-semble-abime_6114443_3244.html\">Les bo\u00eetes de nuit ont rouvert, mais le sens de la f\u00eate semble ab\u00eem\u00e9<\/a><\/p>\n<p>L\u2019article <a href=\"https:\/\/popburo.fr\/les-boites-de-nuit-ont-rouvert-mais-le-sens-de-la-fete-semble-abime\/\">Les bo\u00eetes de nuit ont rouvert, mais le sens de la f\u00eate semble ab\u00eem\u00e9<\/a> est apparu en premier sur <a href=\"https:\/\/popburo.fr\/\">POP B\u00dcRO<\/a>.<\/p>\n","protected":false},"excerpt":{"rendered":"<p>Apr\u00e8s des semaines de fermeture, on peut \u00e0 nouveau danser en France. Sur le dancefloor de Chez Lulu, nouveau cocon festif parisien, la flamboyance tant attendue \u00e9tait timide. Source \/ Lire la suite : Les bo\u00eetes de nuit ont rouvert, mais le sens de la f\u00eate semble ab\u00eem\u00e9 L\u2019article Les bo\u00eetes de nuit ont rouvert, mais le sens de la f\u00eate semble ab\u00eem\u00e9 est apparu en premier sur POP B\u00dcRO.<\/p>\n","protected":false},"author":0,"featured_media":0,"comment_status":"closed","ping_status":"open","sticky":false,"template":"","format":"standard","meta":{"footnotes":""},"categories":[1],"tags":[],"class_list":["post-1821","post","type-post","status-publish","format-standard","hentry","category-non-classe"],"yoast_head":"<!-- This site is optimized with the Yoast SEO plugin v27.4 - https:\/\/yoast.com\/product\/yoast-seo-wordpress\/ -->\n<title>Les bo\u00eetes de nuit ont rouvert, mais le sens de la f\u00eate semble ab\u00eem\u00e9 - HIERO STRASBOURG<\/title>\n<meta name=\"robots\" content=\"index, follow, max-snippet:-1, max-image-preview:large, max-video-preview:-1\" \/>\n<link rel=\"canonical\" href=\"https:\/\/hierostrasbourg.com\/index.php\/2022\/02\/20\/les-boites-de-nuit-ont-rouvert-mais-le-sens-de-la-fete-semble-abime\/\" \/>\n<meta property=\"og:locale\" content=\"fr_FR\" \/>\n<meta property=\"og:type\" content=\"article\" \/>\n<meta property=\"og:title\" content=\"Les bo\u00eetes de nuit ont rouvert, mais le sens de la f\u00eate semble ab\u00eem\u00e9 - HIERO STRASBOURG\" \/>\n<meta property=\"og:description\" content=\"Apr\u00e8s des semaines de fermeture, on peut \u00e0 nouveau danser en France. Sur le dancefloor de Chez Lulu, nouveau cocon festif parisien, la flamboyance tant attendue \u00e9tait timide. Source \/ Lire la suite : Les bo\u00eetes de nuit ont rouvert, mais le sens de la f\u00eate semble ab\u00eem\u00e9 L\u2019article Les bo\u00eetes de nuit ont rouvert, mais le sens de la f\u00eate semble ab\u00eem\u00e9 est apparu en premier sur POP B\u00dcRO.\" \/>\n<meta property=\"og:url\" content=\"https:\/\/hierostrasbourg.com\/index.php\/2022\/02\/20\/les-boites-de-nuit-ont-rouvert-mais-le-sens-de-la-fete-semble-abime\/\" \/>\n<meta property=\"og:site_name\" content=\"HIERO STRASBOURG\" \/>\n<meta property=\"article:publisher\" content=\"https:\/\/www.facebook.com\/fedehierostrasbourg\" \/>\n<meta property=\"article:published_time\" content=\"2022-02-20T16:21:05+00:00\" \/>\n<meta name=\"twitter:card\" content=\"summary_large_image\" \/>\n<meta name=\"twitter:creator\" content=\"@hierostrasbourg\" \/>\n<meta name=\"twitter:site\" content=\"@hierostrasbourg\" \/>\n<script type=\"application\/ld+json\" class=\"yoast-schema-graph\">{\"@context\":\"https:\\\/\\\/schema.org\",\"@graph\":[{\"@type\":\"Article\",\"@id\":\"https:\\\/\\\/hierostrasbourg.com\\\/index.php\\\/2022\\\/02\\\/20\\\/les-boites-de-nuit-ont-rouvert-mais-le-sens-de-la-fete-semble-abime\\\/#article\",\"isPartOf\":{\"@id\":\"https:\\\/\\\/hierostrasbourg.com\\\/index.php\\\/2022\\\/02\\\/20\\\/les-boites-de-nuit-ont-rouvert-mais-le-sens-de-la-fete-semble-abime\\\/\"},\"author\":{\"name\":\"\",\"@id\":\"\"},\"headline\":\"Les bo\u00eetes de nuit ont rouvert, mais le sens de la f\u00eate semble ab\u00eem\u00e9\",\"datePublished\":\"2022-02-20T16:21:05+00:00\",\"mainEntityOfPage\":{\"@id\":\"https:\\\/\\\/hierostrasbourg.com\\\/index.php\\\/2022\\\/02\\\/20\\\/les-boites-de-nuit-ont-rouvert-mais-le-sens-de-la-fete-semble-abime\\\/\"},\"wordCount\":93,\"publisher\":{\"@id\":\"https:\\\/\\\/hierostrasbourg.com\\\/#organization\"},\"inLanguage\":\"fr-FR\"},{\"@type\":\"WebPage\",\"@id\":\"https:\\\/\\\/hierostrasbourg.com\\\/index.php\\\/2022\\\/02\\\/20\\\/les-boites-de-nuit-ont-rouvert-mais-le-sens-de-la-fete-semble-abime\\\/\",\"url\":\"https:\\\/\\\/hierostrasbourg.com\\\/index.php\\\/2022\\\/02\\\/20\\\/les-boites-de-nuit-ont-rouvert-mais-le-sens-de-la-fete-semble-abime\\\/\",\"name\":\"Les bo\u00eetes de nuit ont rouvert, mais le sens de la f\u00eate semble ab\u00eem\u00e9 - HIERO STRASBOURG\",\"isPartOf\":{\"@id\":\"https:\\\/\\\/hierostrasbourg.com\\\/#website\"},\"datePublished\":\"2022-02-20T16:21:05+00:00\",\"breadcrumb\":{\"@id\":\"https:\\\/\\\/hierostrasbourg.com\\\/index.php\\\/2022\\\/02\\\/20\\\/les-boites-de-nuit-ont-rouvert-mais-le-sens-de-la-fete-semble-abime\\\/#breadcrumb\"},\"inLanguage\":\"fr-FR\",\"potentialAction\":[{\"@type\":\"ReadAction\",\"target\":[\"https:\\\/\\\/hierostrasbourg.com\\\/index.php\\\/2022\\\/02\\\/20\\\/les-boites-de-nuit-ont-rouvert-mais-le-sens-de-la-fete-semble-abime\\\/\"]}]},{\"@type\":\"BreadcrumbList\",\"@id\":\"https:\\\/\\\/hierostrasbourg.com\\\/index.php\\\/2022\\\/02\\\/20\\\/les-boites-de-nuit-ont-rouvert-mais-le-sens-de-la-fete-semble-abime\\\/#breadcrumb\",\"itemListElement\":[{\"@type\":\"ListItem\",\"position\":1,\"name\":\"Accueil\",\"item\":\"https:\\\/\\\/hierostrasbourg.com\\\/\"},{\"@type\":\"ListItem\",\"position\":2,\"name\":\"Les bo\u00eetes de nuit ont rouvert, mais le sens de la f\u00eate semble ab\u00eem\u00e9\"}]},{\"@type\":\"WebSite\",\"@id\":\"https:\\\/\\\/hierostrasbourg.com\\\/#website\",\"url\":\"https:\\\/\\\/hierostrasbourg.com\\\/\",\"name\":\"HIERO STRASBOURG\",\"description\":\"Centre de Ressources Musiques Actuelles\",\"publisher\":{\"@id\":\"https:\\\/\\\/hierostrasbourg.com\\\/#organization\"},\"potentialAction\":[{\"@type\":\"SearchAction\",\"target\":{\"@type\":\"EntryPoint\",\"urlTemplate\":\"https:\\\/\\\/hierostrasbourg.com\\\/?s={search_term_string}\"},\"query-input\":{\"@type\":\"PropertyValueSpecification\",\"valueRequired\":true,\"valueName\":\"search_term_string\"}}],\"inLanguage\":\"fr-FR\"},{\"@type\":\"Organization\",\"@id\":\"https:\\\/\\\/hierostrasbourg.com\\\/#organization\",\"name\":\"F\u00e9d\u00e9ration Hi\u00e9ro Strasbourg\",\"url\":\"https:\\\/\\\/hierostrasbourg.com\\\/\",\"logo\":{\"@type\":\"ImageObject\",\"inLanguage\":\"fr-FR\",\"@id\":\"https:\\\/\\\/hierostrasbourg.com\\\/#\\\/schema\\\/logo\\\/image\\\/\",\"url\":\"https:\\\/\\\/hierostrasbourg.com\\\/wp-content\\\/uploads\\\/2026\\\/04\\\/logo-hiero-strasbourg.jpg\",\"contentUrl\":\"https:\\\/\\\/hierostrasbourg.com\\\/wp-content\\\/uploads\\\/2026\\\/04\\\/logo-hiero-strasbourg.jpg\",\"width\":204,\"height\":192,\"caption\":\"F\u00e9d\u00e9ration Hi\u00e9ro Strasbourg\"},\"image\":{\"@id\":\"https:\\\/\\\/hierostrasbourg.com\\\/#\\\/schema\\\/logo\\\/image\\\/\"},\"sameAs\":[\"https:\\\/\\\/www.facebook.com\\\/fedehierostrasbourg\",\"https:\\\/\\\/x.com\\\/hierostrasbourg\"]}]}<\/script>\n<!-- \/ Yoast SEO plugin. -->","yoast_head_json":{"title":"Les bo\u00eetes de nuit ont rouvert, mais le sens de la f\u00eate semble ab\u00eem\u00e9 - HIERO STRASBOURG","robots":{"index":"index","follow":"follow","max-snippet":"max-snippet:-1","max-image-preview":"max-image-preview:large","max-video-preview":"max-video-preview:-1"},"canonical":"https:\/\/hierostrasbourg.com\/index.php\/2022\/02\/20\/les-boites-de-nuit-ont-rouvert-mais-le-sens-de-la-fete-semble-abime\/","og_locale":"fr_FR","og_type":"article","og_title":"Les bo\u00eetes de nuit ont rouvert, mais le sens de la f\u00eate semble ab\u00eem\u00e9 - HIERO STRASBOURG","og_description":"Apr\u00e8s des semaines de fermeture, on peut \u00e0 nouveau danser en France. Sur le dancefloor de Chez Lulu, nouveau cocon festif parisien, la flamboyance tant attendue \u00e9tait timide. Source \/ Lire la suite : Les bo\u00eetes de nuit ont rouvert, mais le sens de la f\u00eate semble ab\u00eem\u00e9 L\u2019article Les bo\u00eetes de nuit ont rouvert, mais le sens de la f\u00eate semble ab\u00eem\u00e9 est apparu en premier sur POP B\u00dcRO.","og_url":"https:\/\/hierostrasbourg.com\/index.php\/2022\/02\/20\/les-boites-de-nuit-ont-rouvert-mais-le-sens-de-la-fete-semble-abime\/","og_site_name":"HIERO STRASBOURG","article_publisher":"https:\/\/www.facebook.com\/fedehierostrasbourg","article_published_time":"2022-02-20T16:21:05+00:00","twitter_card":"summary_large_image","twitter_creator":"@hierostrasbourg","twitter_site":"@hierostrasbourg","schema":{"@context":"https:\/\/schema.org","@graph":[{"@type":"Article","@id":"https:\/\/hierostrasbourg.com\/index.php\/2022\/02\/20\/les-boites-de-nuit-ont-rouvert-mais-le-sens-de-la-fete-semble-abime\/#article","isPartOf":{"@id":"https:\/\/hierostrasbourg.com\/index.php\/2022\/02\/20\/les-boites-de-nuit-ont-rouvert-mais-le-sens-de-la-fete-semble-abime\/"},"author":{"name":"","@id":""},"headline":"Les bo\u00eetes de nuit ont rouvert, mais le sens de la f\u00eate semble ab\u00eem\u00e9","datePublished":"2022-02-20T16:21:05+00:00","mainEntityOfPage":{"@id":"https:\/\/hierostrasbourg.com\/index.php\/2022\/02\/20\/les-boites-de-nuit-ont-rouvert-mais-le-sens-de-la-fete-semble-abime\/"},"wordCount":93,"publisher":{"@id":"https:\/\/hierostrasbourg.com\/#organization"},"inLanguage":"fr-FR"},{"@type":"WebPage","@id":"https:\/\/hierostrasbourg.com\/index.php\/2022\/02\/20\/les-boites-de-nuit-ont-rouvert-mais-le-sens-de-la-fete-semble-abime\/","url":"https:\/\/hierostrasbourg.com\/index.php\/2022\/02\/20\/les-boites-de-nuit-ont-rouvert-mais-le-sens-de-la-fete-semble-abime\/","name":"Les bo\u00eetes de nuit ont rouvert, mais le sens de la f\u00eate semble ab\u00eem\u00e9 - HIERO STRASBOURG","isPartOf":{"@id":"https:\/\/hierostrasbourg.com\/#website"},"datePublished":"2022-02-20T16:21:05+00:00","breadcrumb":{"@id":"https:\/\/hierostrasbourg.com\/index.php\/2022\/02\/20\/les-boites-de-nuit-ont-rouvert-mais-le-sens-de-la-fete-semble-abime\/#breadcrumb"},"inLanguage":"fr-FR","potentialAction":[{"@type":"ReadAction","target":["https:\/\/hierostrasbourg.com\/index.php\/2022\/02\/20\/les-boites-de-nuit-ont-rouvert-mais-le-sens-de-la-fete-semble-abime\/"]}]},{"@type":"BreadcrumbList","@id":"https:\/\/hierostrasbourg.com\/index.php\/2022\/02\/20\/les-boites-de-nuit-ont-rouvert-mais-le-sens-de-la-fete-semble-abime\/#breadcrumb","itemListElement":[{"@type":"ListItem","position":1,"name":"Accueil","item":"https:\/\/hierostrasbourg.com\/"},{"@type":"ListItem","position":2,"name":"Les bo\u00eetes de nuit ont rouvert, mais le sens de la f\u00eate semble ab\u00eem\u00e9"}]},{"@type":"WebSite","@id":"https:\/\/hierostrasbourg.com\/#website","url":"https:\/\/hierostrasbourg.com\/","name":"HIERO STRASBOURG","description":"Centre de Ressources Musiques Actuelles","publisher":{"@id":"https:\/\/hierostrasbourg.com\/#organization"},"potentialAction":[{"@type":"SearchAction","target":{"@type":"EntryPoint","urlTemplate":"https:\/\/hierostrasbourg.com\/?s={search_term_string}"},"query-input":{"@type":"PropertyValueSpecification","valueRequired":true,"valueName":"search_term_string"}}],"inLanguage":"fr-FR"},{"@type":"Organization","@id":"https:\/\/hierostrasbourg.com\/#organization","name":"F\u00e9d\u00e9ration Hi\u00e9ro Strasbourg","url":"https:\/\/hierostrasbourg.com\/","logo":{"@type":"ImageObject","inLanguage":"fr-FR","@id":"https:\/\/hierostrasbourg.com\/#\/schema\/logo\/image\/","url":"https:\/\/hierostrasbourg.com\/wp-content\/uploads\/2026\/04\/logo-hiero-strasbourg.jpg","contentUrl":"https:\/\/hierostrasbourg.com\/wp-content\/uploads\/2026\/04\/logo-hiero-strasbourg.jpg","width":204,"height":192,"caption":"F\u00e9d\u00e9ration Hi\u00e9ro Strasbourg"},"image":{"@id":"https:\/\/hierostrasbourg.com\/#\/schema\/logo\/image\/"},"sameAs":["https:\/\/www.facebook.com\/fedehierostrasbourg","https:\/\/x.com\/hierostrasbourg"]}]}},"_links":{"self":[{"href":"https:\/\/hierostrasbourg.com\/index.php\/wp-json\/wp\/v2\/posts\/1821","targetHints":{"allow":["GET"]}}],"collection":[{"href":"https:\/\/hierostrasbourg.com\/index.php\/wp-json\/wp\/v2\/posts"}],"about":[{"href":"https:\/\/hierostrasbourg.com\/index.php\/wp-json\/wp\/v2\/types\/post"}],"replies":[{"embeddable":true,"href":"https:\/\/hierostrasbourg.com\/index.php\/wp-json\/wp\/v2\/comments?post=1821"}],"version-history":[{"count":0,"href":"https:\/\/hierostrasbourg.com\/index.php\/wp-json\/wp\/v2\/posts\/1821\/revisions"}],"wp:attachment":[{"href":"https:\/\/hierostrasbourg.com\/index.php\/wp-json\/wp\/v2\/media?parent=1821"}],"wp:term":[{"taxonomy":"category","embeddable":true,"href":"https:\/\/hierostrasbourg.com\/index.php\/wp-json\/wp\/v2\/categories?post=1821"},{"taxonomy":"post_tag","embeddable":true,"href":"https:\/\/hierostrasbourg.com\/index.php\/wp-json\/wp\/v2\/tags?post=1821"}],"curies":[{"name":"wp","href":"https:\/\/api.w.org\/{rel}","templated":true}]}}