{"id":1817,"date":"2022-02-18T20:21:48","date_gmt":"2022-02-18T19:21:48","guid":{"rendered":"https:\/\/hierostrasbourg.com\/index.php\/2022\/02\/18\/crise-sanitaire-dans-le-secteur-culturel-2\/"},"modified":"2022-02-18T20:21:48","modified_gmt":"2022-02-18T19:21:48","slug":"crise-sanitaire-dans-le-secteur-culturel-2","status":"publish","type":"post","link":"https:\/\/hierostrasbourg.com\/index.php\/2022\/02\/18\/crise-sanitaire-dans-le-secteur-culturel-2\/","title":{"rendered":"Crise sanitaire dans le secteur culturel"},"content":{"rendered":"<p><a href=\"https:\/\/musiquesactuelles.alsace\/crise-sanitaire-dans-le-secteur-culturel\/\" title=\"Crise sanitaire dans le secteur culturel\"><\/a><\/p>\n<p>En 2020, la pand\u00e9mie de Covid-19 et les mesures de restrictions sanitaires mises en place pour l\u2019endiguer ont consid\u00e9rablement ralenti l\u2019activit\u00e9 \u00e9conomique et affect\u00e9 la tr\u00e9sorerie des entreprises. Le secteur culturel, comptant un grand nombre d\u2019\u00e9tablissements accueillant du public s\u2019est ainsi retrouv\u00e9 particuli\u00e8rement affect\u00e9 par cette nouvelle conjoncture. Cette \u00e9tude s\u2019appuie sur des donn\u00e9es individuelles et pr\u00e9sente les r\u00e9sultats de mod\u00e8les de microsimulation permettant d\u2019une part d\u2019estimer les pertes d\u2019activit\u00e9 subies par les entreprises culturelles par rapport \u00e0 un sc\u00e9nario [\u2026]<\/p>\n<p>L\u2019article <a href=\"https:\/\/musiquesactuelles.alsace\/crise-sanitaire-dans-le-secteur-culturel\/\">Crise sanitaire dans le secteur culturel<\/a> est apparu en premier sur <a href=\"https:\/\/musiquesactuelles.alsace\/\">Musiques Actuelles en Alsace<\/a>.<\/p>\n<p>L\u2019article <a href=\"https:\/\/popburo.fr\/crise-sanitaire-dans-le-secteur-culturel-2\/\">Crise sanitaire dans le secteur culturel<\/a> est apparu en premier sur <a href=\"https:\/\/popburo.fr\/\">POP B\u00dcRO<\/a>.<\/p>\n","protected":false},"excerpt":{"rendered":"<p>En 2020, la pand\u00e9mie de Covid-19 et les mesures de restrictions sanitaires mises en place pour l\u2019endiguer ont consid\u00e9rablement ralenti l\u2019activit\u00e9 \u00e9conomique et affect\u00e9 la tr\u00e9sorerie des entreprises. Le secteur culturel, comptant un grand nombre d\u2019\u00e9tablissements accueillant du public s\u2019est ainsi retrouv\u00e9 particuli\u00e8rement affect\u00e9 par cette nouvelle conjoncture. Cette \u00e9tude s\u2019appuie sur des donn\u00e9es individuelles et pr\u00e9sente les r\u00e9sultats de mod\u00e8les de microsimulation permettant d\u2019une part d\u2019estimer les pertes d\u2019activit\u00e9 subies par les entreprises culturelles par rapport \u00e0 un sc\u00e9nario [&hellip;]<\/p>\n","protected":false},"author":0,"featured_media":0,"comment_status":"closed","ping_status":"open","sticky":false,"template":"","format":"standard","meta":{"footnotes":""},"categories":[1],"tags":[],"class_list":["post-1817","post","type-post","status-publish","format-standard","hentry","category-non-classe"],"yoast_head":"<!-- This site is optimized with the Yoast SEO plugin v27.4 - https:\/\/yoast.com\/product\/yoast-seo-wordpress\/ -->\n<title>Crise sanitaire dans le secteur culturel - HIERO STRASBOURG<\/title>\n<meta name=\"robots\" content=\"index, follow, max-snippet:-1, max-image-preview:large, max-video-preview:-1\" \/>\n<link rel=\"canonical\" href=\"https:\/\/hierostrasbourg.com\/index.php\/2022\/02\/18\/crise-sanitaire-dans-le-secteur-culturel-2\/\" \/>\n<meta property=\"og:locale\" content=\"fr_FR\" \/>\n<meta property=\"og:type\" content=\"article\" \/>\n<meta property=\"og:title\" content=\"Crise sanitaire dans le secteur culturel - HIERO STRASBOURG\" \/>\n<meta property=\"og:description\" content=\"En 2020, la pand\u00e9mie de Covid-19 et les mesures de restrictions sanitaires mises en place pour l\u2019endiguer ont consid\u00e9rablement ralenti l\u2019activit\u00e9 \u00e9conomique et affect\u00e9 la tr\u00e9sorerie des entreprises. Le secteur culturel, comptant un grand nombre d\u2019\u00e9tablissements accueillant du public s\u2019est ainsi retrouv\u00e9 particuli\u00e8rement affect\u00e9 par cette nouvelle conjoncture. Cette \u00e9tude s\u2019appuie sur des donn\u00e9es individuelles et pr\u00e9sente les r\u00e9sultats de mod\u00e8les de microsimulation permettant d\u2019une part d\u2019estimer les pertes d\u2019activit\u00e9 subies par les entreprises culturelles par rapport \u00e0 un sc\u00e9nario [&hellip;]\" \/>\n<meta property=\"og:url\" content=\"https:\/\/hierostrasbourg.com\/index.php\/2022\/02\/18\/crise-sanitaire-dans-le-secteur-culturel-2\/\" \/>\n<meta property=\"og:site_name\" content=\"HIERO STRASBOURG\" \/>\n<meta property=\"article:publisher\" content=\"https:\/\/www.facebook.com\/fedehierostrasbourg\" \/>\n<meta property=\"article:published_time\" content=\"2022-02-18T19:21:48+00:00\" \/>\n<meta name=\"twitter:card\" content=\"summary_large_image\" \/>\n<meta name=\"twitter:creator\" content=\"@hierostrasbourg\" \/>\n<meta name=\"twitter:site\" content=\"@hierostrasbourg\" \/>\n<meta name=\"twitter:label1\" content=\"Dur\u00e9e de lecture estim\u00e9e\" \/>\n\t<meta name=\"twitter:data1\" content=\"1 minute\" \/>\n<script type=\"application\/ld+json\" class=\"yoast-schema-graph\">{\"@context\":\"https:\\\/\\\/schema.org\",\"@graph\":[{\"@type\":\"Article\",\"@id\":\"https:\\\/\\\/hierostrasbourg.com\\\/index.php\\\/2022\\\/02\\\/18\\\/crise-sanitaire-dans-le-secteur-culturel-2\\\/#article\",\"isPartOf\":{\"@id\":\"https:\\\/\\\/hierostrasbourg.com\\\/index.php\\\/2022\\\/02\\\/18\\\/crise-sanitaire-dans-le-secteur-culturel-2\\\/\"},\"author\":{\"name\":\"\",\"@id\":\"\"},\"headline\":\"Crise sanitaire dans le secteur culturel\",\"datePublished\":\"2022-02-18T19:21:48+00:00\",\"mainEntityOfPage\":{\"@id\":\"https:\\\/\\\/hierostrasbourg.com\\\/index.php\\\/2022\\\/02\\\/18\\\/crise-sanitaire-dans-le-secteur-culturel-2\\\/\"},\"wordCount\":134,\"publisher\":{\"@id\":\"https:\\\/\\\/hierostrasbourg.com\\\/#organization\"},\"inLanguage\":\"fr-FR\"},{\"@type\":\"WebPage\",\"@id\":\"https:\\\/\\\/hierostrasbourg.com\\\/index.php\\\/2022\\\/02\\\/18\\\/crise-sanitaire-dans-le-secteur-culturel-2\\\/\",\"url\":\"https:\\\/\\\/hierostrasbourg.com\\\/index.php\\\/2022\\\/02\\\/18\\\/crise-sanitaire-dans-le-secteur-culturel-2\\\/\",\"name\":\"Crise sanitaire dans le secteur culturel - HIERO STRASBOURG\",\"isPartOf\":{\"@id\":\"https:\\\/\\\/hierostrasbourg.com\\\/#website\"},\"datePublished\":\"2022-02-18T19:21:48+00:00\",\"breadcrumb\":{\"@id\":\"https:\\\/\\\/hierostrasbourg.com\\\/index.php\\\/2022\\\/02\\\/18\\\/crise-sanitaire-dans-le-secteur-culturel-2\\\/#breadcrumb\"},\"inLanguage\":\"fr-FR\",\"potentialAction\":[{\"@type\":\"ReadAction\",\"target\":[\"https:\\\/\\\/hierostrasbourg.com\\\/index.php\\\/2022\\\/02\\\/18\\\/crise-sanitaire-dans-le-secteur-culturel-2\\\/\"]}]},{\"@type\":\"BreadcrumbList\",\"@id\":\"https:\\\/\\\/hierostrasbourg.com\\\/index.php\\\/2022\\\/02\\\/18\\\/crise-sanitaire-dans-le-secteur-culturel-2\\\/#breadcrumb\",\"itemListElement\":[{\"@type\":\"ListItem\",\"position\":1,\"name\":\"Accueil\",\"item\":\"https:\\\/\\\/hierostrasbourg.com\\\/\"},{\"@type\":\"ListItem\",\"position\":2,\"name\":\"Crise sanitaire dans le secteur culturel\"}]},{\"@type\":\"WebSite\",\"@id\":\"https:\\\/\\\/hierostrasbourg.com\\\/#website\",\"url\":\"https:\\\/\\\/hierostrasbourg.com\\\/\",\"name\":\"HIERO STRASBOURG\",\"description\":\"Centre de Ressources Musiques Actuelles\",\"publisher\":{\"@id\":\"https:\\\/\\\/hierostrasbourg.com\\\/#organization\"},\"potentialAction\":[{\"@type\":\"SearchAction\",\"target\":{\"@type\":\"EntryPoint\",\"urlTemplate\":\"https:\\\/\\\/hierostrasbourg.com\\\/?s={search_term_string}\"},\"query-input\":{\"@type\":\"PropertyValueSpecification\",\"valueRequired\":true,\"valueName\":\"search_term_string\"}}],\"inLanguage\":\"fr-FR\"},{\"@type\":\"Organization\",\"@id\":\"https:\\\/\\\/hierostrasbourg.com\\\/#organization\",\"name\":\"F\u00e9d\u00e9ration Hi\u00e9ro Strasbourg\",\"url\":\"https:\\\/\\\/hierostrasbourg.com\\\/\",\"logo\":{\"@type\":\"ImageObject\",\"inLanguage\":\"fr-FR\",\"@id\":\"https:\\\/\\\/hierostrasbourg.com\\\/#\\\/schema\\\/logo\\\/image\\\/\",\"url\":\"https:\\\/\\\/hierostrasbourg.com\\\/wp-content\\\/uploads\\\/2026\\\/04\\\/logo-hiero-strasbourg.jpg\",\"contentUrl\":\"https:\\\/\\\/hierostrasbourg.com\\\/wp-content\\\/uploads\\\/2026\\\/04\\\/logo-hiero-strasbourg.jpg\",\"width\":204,\"height\":192,\"caption\":\"F\u00e9d\u00e9ration Hi\u00e9ro Strasbourg\"},\"image\":{\"@id\":\"https:\\\/\\\/hierostrasbourg.com\\\/#\\\/schema\\\/logo\\\/image\\\/\"},\"sameAs\":[\"https:\\\/\\\/www.facebook.com\\\/fedehierostrasbourg\",\"https:\\\/\\\/x.com\\\/hierostrasbourg\"]}]}<\/script>\n<!-- \/ Yoast SEO plugin. -->","yoast_head_json":{"title":"Crise sanitaire dans le secteur culturel - HIERO STRASBOURG","robots":{"index":"index","follow":"follow","max-snippet":"max-snippet:-1","max-image-preview":"max-image-preview:large","max-video-preview":"max-video-preview:-1"},"canonical":"https:\/\/hierostrasbourg.com\/index.php\/2022\/02\/18\/crise-sanitaire-dans-le-secteur-culturel-2\/","og_locale":"fr_FR","og_type":"article","og_title":"Crise sanitaire dans le secteur culturel - HIERO STRASBOURG","og_description":"En 2020, la pand\u00e9mie de Covid-19 et les mesures de restrictions sanitaires mises en place pour l\u2019endiguer ont consid\u00e9rablement ralenti l\u2019activit\u00e9 \u00e9conomique et affect\u00e9 la tr\u00e9sorerie des entreprises. Le secteur culturel, comptant un grand nombre d\u2019\u00e9tablissements accueillant du public s\u2019est ainsi retrouv\u00e9 particuli\u00e8rement affect\u00e9 par cette nouvelle conjoncture. Cette \u00e9tude s\u2019appuie sur des donn\u00e9es individuelles et pr\u00e9sente les r\u00e9sultats de mod\u00e8les de microsimulation permettant d\u2019une part d\u2019estimer les pertes d\u2019activit\u00e9 subies par les entreprises culturelles par rapport \u00e0 un sc\u00e9nario [&hellip;]","og_url":"https:\/\/hierostrasbourg.com\/index.php\/2022\/02\/18\/crise-sanitaire-dans-le-secteur-culturel-2\/","og_site_name":"HIERO STRASBOURG","article_publisher":"https:\/\/www.facebook.com\/fedehierostrasbourg","article_published_time":"2022-02-18T19:21:48+00:00","twitter_card":"summary_large_image","twitter_creator":"@hierostrasbourg","twitter_site":"@hierostrasbourg","twitter_misc":{"Dur\u00e9e de lecture estim\u00e9e":"1 minute"},"schema":{"@context":"https:\/\/schema.org","@graph":[{"@type":"Article","@id":"https:\/\/hierostrasbourg.com\/index.php\/2022\/02\/18\/crise-sanitaire-dans-le-secteur-culturel-2\/#article","isPartOf":{"@id":"https:\/\/hierostrasbourg.com\/index.php\/2022\/02\/18\/crise-sanitaire-dans-le-secteur-culturel-2\/"},"author":{"name":"","@id":""},"headline":"Crise sanitaire dans le secteur culturel","datePublished":"2022-02-18T19:21:48+00:00","mainEntityOfPage":{"@id":"https:\/\/hierostrasbourg.com\/index.php\/2022\/02\/18\/crise-sanitaire-dans-le-secteur-culturel-2\/"},"wordCount":134,"publisher":{"@id":"https:\/\/hierostrasbourg.com\/#organization"},"inLanguage":"fr-FR"},{"@type":"WebPage","@id":"https:\/\/hierostrasbourg.com\/index.php\/2022\/02\/18\/crise-sanitaire-dans-le-secteur-culturel-2\/","url":"https:\/\/hierostrasbourg.com\/index.php\/2022\/02\/18\/crise-sanitaire-dans-le-secteur-culturel-2\/","name":"Crise sanitaire dans le secteur culturel - HIERO STRASBOURG","isPartOf":{"@id":"https:\/\/hierostrasbourg.com\/#website"},"datePublished":"2022-02-18T19:21:48+00:00","breadcrumb":{"@id":"https:\/\/hierostrasbourg.com\/index.php\/2022\/02\/18\/crise-sanitaire-dans-le-secteur-culturel-2\/#breadcrumb"},"inLanguage":"fr-FR","potentialAction":[{"@type":"ReadAction","target":["https:\/\/hierostrasbourg.com\/index.php\/2022\/02\/18\/crise-sanitaire-dans-le-secteur-culturel-2\/"]}]},{"@type":"BreadcrumbList","@id":"https:\/\/hierostrasbourg.com\/index.php\/2022\/02\/18\/crise-sanitaire-dans-le-secteur-culturel-2\/#breadcrumb","itemListElement":[{"@type":"ListItem","position":1,"name":"Accueil","item":"https:\/\/hierostrasbourg.com\/"},{"@type":"ListItem","position":2,"name":"Crise sanitaire dans le secteur culturel"}]},{"@type":"WebSite","@id":"https:\/\/hierostrasbourg.com\/#website","url":"https:\/\/hierostrasbourg.com\/","name":"HIERO STRASBOURG","description":"Centre de Ressources Musiques Actuelles","publisher":{"@id":"https:\/\/hierostrasbourg.com\/#organization"},"potentialAction":[{"@type":"SearchAction","target":{"@type":"EntryPoint","urlTemplate":"https:\/\/hierostrasbourg.com\/?s={search_term_string}"},"query-input":{"@type":"PropertyValueSpecification","valueRequired":true,"valueName":"search_term_string"}}],"inLanguage":"fr-FR"},{"@type":"Organization","@id":"https:\/\/hierostrasbourg.com\/#organization","name":"F\u00e9d\u00e9ration Hi\u00e9ro Strasbourg","url":"https:\/\/hierostrasbourg.com\/","logo":{"@type":"ImageObject","inLanguage":"fr-FR","@id":"https:\/\/hierostrasbourg.com\/#\/schema\/logo\/image\/","url":"https:\/\/hierostrasbourg.com\/wp-content\/uploads\/2026\/04\/logo-hiero-strasbourg.jpg","contentUrl":"https:\/\/hierostrasbourg.com\/wp-content\/uploads\/2026\/04\/logo-hiero-strasbourg.jpg","width":204,"height":192,"caption":"F\u00e9d\u00e9ration Hi\u00e9ro Strasbourg"},"image":{"@id":"https:\/\/hierostrasbourg.com\/#\/schema\/logo\/image\/"},"sameAs":["https:\/\/www.facebook.com\/fedehierostrasbourg","https:\/\/x.com\/hierostrasbourg"]}]}},"_links":{"self":[{"href":"https:\/\/hierostrasbourg.com\/index.php\/wp-json\/wp\/v2\/posts\/1817","targetHints":{"allow":["GET"]}}],"collection":[{"href":"https:\/\/hierostrasbourg.com\/index.php\/wp-json\/wp\/v2\/posts"}],"about":[{"href":"https:\/\/hierostrasbourg.com\/index.php\/wp-json\/wp\/v2\/types\/post"}],"replies":[{"embeddable":true,"href":"https:\/\/hierostrasbourg.com\/index.php\/wp-json\/wp\/v2\/comments?post=1817"}],"version-history":[{"count":0,"href":"https:\/\/hierostrasbourg.com\/index.php\/wp-json\/wp\/v2\/posts\/1817\/revisions"}],"wp:attachment":[{"href":"https:\/\/hierostrasbourg.com\/index.php\/wp-json\/wp\/v2\/media?parent=1817"}],"wp:term":[{"taxonomy":"category","embeddable":true,"href":"https:\/\/hierostrasbourg.com\/index.php\/wp-json\/wp\/v2\/categories?post=1817"},{"taxonomy":"post_tag","embeddable":true,"href":"https:\/\/hierostrasbourg.com\/index.php\/wp-json\/wp\/v2\/tags?post=1817"}],"curies":[{"name":"wp","href":"https:\/\/api.w.org\/{rel}","templated":true}]}}