{"id":1816,"date":"2022-02-18T19:20:41","date_gmt":"2022-02-18T18:20:41","guid":{"rendered":"https:\/\/hierostrasbourg.com\/index.php\/2022\/02\/18\/secteur-du-spectacle-vivant-et-du-cinema-poursuite-de-laccompagnement-economique-de-letat-2\/"},"modified":"2022-02-18T19:20:41","modified_gmt":"2022-02-18T18:20:41","slug":"secteur-du-spectacle-vivant-et-du-cinema-poursuite-de-laccompagnement-economique-de-letat-2","status":"publish","type":"post","link":"https:\/\/hierostrasbourg.com\/index.php\/2022\/02\/18\/secteur-du-spectacle-vivant-et-du-cinema-poursuite-de-laccompagnement-economique-de-letat-2\/","title":{"rendered":"Secteur du spectacle vivant et du cin\u00e9ma : poursuite de l\u2019accompagnement \u00e9conomique de l\u2019Etat"},"content":{"rendered":"<p><span>communiqu\u00e9 de presse<\/span><\/p>\n<p><em>Le Premier ministre Jean CASTEX et la ministre de la Culture Roselyne BACHELOT-NARQUIN ont re\u00e7u ce jour en entretien la FESAC, F\u00e9d\u00e9ration des entreprises du spectacle vivant, de la musique, de l\u2019audiovisuel et du cin\u00e9ma, dans le cadre de rencontres bilat\u00e9rales avec les partenaires sociaux initi\u00e9es par le Premier ministre.<\/em><\/p>\n<p><em>Comme c\u2019est le cas depuis le d\u00e9but de la crise sanitaire, l\u2019Etat poursuit son accompagnement \u00e0 ces secteurs affect\u00e9s par la 5\u00e8me\u00a0vague de l\u2019\u00e9pid\u00e9mie afin de soutenir l\u2019activit\u00e9 et l\u2019emploi artistique et culturel, ferment de la vitalit\u00e9 cr\u00e9ative de notre pays.\u00a0\u00a0<\/em><\/p>\n<p class=\"contexte\"><em>Pour tenir compte des mesures d\u2019interdiction de vente de boissons et de confiserie dans les lieux culturels, un dispositif sp\u00e9cifique de compensation permettra la prise en charge d\u2019une partie de la perte de chiffre d\u2019affaires sur l\u2019ensemble de la p\u00e9riode de restriction. Le Centre national du cin\u00e9ma (CNC), le Centre national de la musique (CNM) et l\u2019Association de soutien au th\u00e9\u00e2tre priv\u00e9 (ASTP), qui g\u00e8reront ce dispositif, b\u00e9n\u00e9ficieront d\u2019un soutien de 14 M\u20ac.\u00a0<\/em><\/p>\n<p class=\"contexte\"><em>Par ailleurs, les dispositifs de soutien sectoriels port\u00e9s par le CNM et l\u2019ASTP seront r\u00e9activ\u00e9s, pour tenir compte \u00e0 la fois des annulations de spectacles li\u00e9es \u00e0 ce nouvel \u00e9pisode de l\u2019\u00e9pid\u00e9mie et des mesures de restriction sanitaire (limitation de jauge jusqu\u2019au 2 f\u00e9vrier, interdiction des concerts en configuration debout jusqu\u2019au 16 f\u00e9vrier). Le CNM mobilisera \u00e0 ce titre le Fonds d\u2019urgence du spectacle vivant\u00a0; l\u2019ASTP r\u00e9activera \u00e9galement son Fonds d\u2019urgence ainsi que le Fonds de compensation annulation qui seront abond\u00e9s \u00e0 hauteur de 3 M\u20ac.<\/em><\/p>\n<p class=\"contexte\"><em>En outre, pour soutenir les auteurs, dont les droits d\u2019auteur ont \u00e9t\u00e9 r\u00e9duits d\u00e8s lors que leurs \u0153uvres n\u2019ont pu \u00eatre jou\u00e9es en raison de la situation sanitaire, les dispositifs g\u00e9r\u00e9s par le CNM, pour le champ musical, et par la SACD, pour les auteurs dramatiques, sont \u00e9galement r\u00e9activ\u00e9s. Le fonds SACD \u2013 DGCA sera r\u00e9abond\u00e9 \u00e0 hauteur de 3 M\u20ac.<\/em><\/p>\n<p class=\"contexte\"><em>Par ailleurs, afin de poursuivre le soutien \u00e0 l\u2019emploi artistique et culturel, les dispositifs suivants seront prolong\u00e9s jusqu\u2019au 31 juillet 2022 :<\/em><\/p>\n<p><em>L\u2019aide \u00e0 l\u2019emploi artistique dans les salles de petites jauges (APAJ) et l\u2019aide unique \u00e0 l\u2019embauche en CDI ou CDD dans le spectacle vivant (AESP) du Fonds national pour l\u2019emploi p\u00e9renne dans le spectacle (FONPEPS), ces mesures visant, notamment, \u00e0 conforter les plateaux artistiques et \u00e0 allonger la dur\u00e9e d\u2019emploi\u00a0;<\/em><br \/>\n<em>Le fonds sp\u00e9cifique temporaire de solidarit\u00e9 mis en place en partenariat avec le Guichet unique du spectacle occasionnel (Guso) qui permet de soutenir l\u2019emploi des artistes et techniciens du spectacle, recrut\u00e9s par des employeurs n\u2019ayant pas pour objet principal le spectacle, afin de favoriser la reprise d\u2019activit\u00e9. 60\u00a0000 structures sont potentiellement concern\u00e9es par cette prolongation.<\/em><\/p>\n<p class=\"contexte\"><em>Enfin, les DRAC poursuivront leur soutien en direction des institutions labellis\u00e9es et des \u00e9quipes artistiques les plus fragilis\u00e9es par les annulations de spectacle et les mesures de restriction sanitaires.<\/em><\/p>\n<p class=\"contexte\"><em>Depuis le d\u00e9but de la crise, l\u2019Etat a apport\u00e9 un soutien sans faille aux acteurs culturels, en alliant dispositifs de soutien transversaux et dispositifs sectoriels.<\/em><\/p>\n<p class=\"contexte\"><em>C\u2019est \u00e0 nouveau le cas avec l\u2019ensemble de ces mesures d\u2019accompagnement \u00e9conomique qui constituent un engagement fort du Gouvernement en faveur des secteurs artistiques et culturels impact\u00e9s.<\/em><\/p>\n<p>L\u2019article <a href=\"https:\/\/popburo.fr\/secteur-du-spectacle-vivant-et-du-cinema-poursuite-de-laccompagnement-economique-de-letat\/\">Secteur du spectacle vivant et du cin\u00e9ma : poursuite de l\u2019accompagnement \u00e9conomique de l\u2019Etat<\/a> est apparu en premier sur <a href=\"https:\/\/popburo.fr\/\">POP B\u00dcRO<\/a>.<\/p>\n","protected":false},"excerpt":{"rendered":"<p>communiqu\u00e9 de presse Le Premier ministre Jean CASTEX et la ministre de la Culture Roselyne BACHELOT-NARQUIN ont re\u00e7u ce jour en entretien la FESAC, F\u00e9d\u00e9ration des entreprises du spectacle vivant, de la musique, de l\u2019audiovisuel et du cin\u00e9ma, dans le cadre de rencontres bilat\u00e9rales avec les partenaires sociaux initi\u00e9es par le Premier ministre. Comme c\u2019est le cas depuis le d\u00e9but de la crise sanitaire, l\u2019Etat poursuit son accompagnement \u00e0 ces secteurs affect\u00e9s par la 5\u00e8me\u00a0vague de l\u2019\u00e9pid\u00e9mie afin de soutenir [&hellip;]<\/p>\n","protected":false},"author":0,"featured_media":0,"comment_status":"closed","ping_status":"open","sticky":false,"template":"","format":"standard","meta":{"footnotes":""},"categories":[1],"tags":[],"class_list":["post-1816","post","type-post","status-publish","format-standard","hentry","category-non-classe"],"yoast_head":"<!-- This site is optimized with the Yoast SEO plugin v27.4 - https:\/\/yoast.com\/product\/yoast-seo-wordpress\/ -->\n<title>Secteur du spectacle vivant et du cin\u00e9ma : poursuite de l\u2019accompagnement \u00e9conomique de l\u2019Etat - HIERO STRASBOURG<\/title>\n<meta name=\"robots\" content=\"index, follow, max-snippet:-1, max-image-preview:large, max-video-preview:-1\" \/>\n<link rel=\"canonical\" href=\"https:\/\/hierostrasbourg.com\/index.php\/2022\/02\/18\/secteur-du-spectacle-vivant-et-du-cinema-poursuite-de-laccompagnement-economique-de-letat-2\/\" \/>\n<meta property=\"og:locale\" content=\"fr_FR\" \/>\n<meta property=\"og:type\" content=\"article\" \/>\n<meta property=\"og:title\" content=\"Secteur du spectacle vivant et du cin\u00e9ma : poursuite de l\u2019accompagnement \u00e9conomique de l\u2019Etat - HIERO STRASBOURG\" \/>\n<meta property=\"og:description\" content=\"communiqu\u00e9 de presse Le Premier ministre Jean CASTEX et la ministre de la Culture Roselyne BACHELOT-NARQUIN ont re\u00e7u ce jour en entretien la FESAC, F\u00e9d\u00e9ration des entreprises du spectacle vivant, de la musique, de l\u2019audiovisuel et du cin\u00e9ma, dans le cadre de rencontres bilat\u00e9rales avec les partenaires sociaux initi\u00e9es par le Premier ministre. Comme c\u2019est le cas depuis le d\u00e9but de la crise sanitaire, l\u2019Etat poursuit son accompagnement \u00e0 ces secteurs affect\u00e9s par la 5\u00e8me\u00a0vague de l\u2019\u00e9pid\u00e9mie afin de soutenir [&hellip;]\" \/>\n<meta property=\"og:url\" content=\"https:\/\/hierostrasbourg.com\/index.php\/2022\/02\/18\/secteur-du-spectacle-vivant-et-du-cinema-poursuite-de-laccompagnement-economique-de-letat-2\/\" \/>\n<meta property=\"og:site_name\" content=\"HIERO STRASBOURG\" \/>\n<meta property=\"article:publisher\" content=\"https:\/\/www.facebook.com\/fedehierostrasbourg\" \/>\n<meta property=\"article:published_time\" content=\"2022-02-18T18:20:41+00:00\" \/>\n<meta name=\"twitter:card\" content=\"summary_large_image\" \/>\n<meta name=\"twitter:creator\" content=\"@hierostrasbourg\" \/>\n<meta name=\"twitter:site\" content=\"@hierostrasbourg\" \/>\n<meta name=\"twitter:label1\" content=\"Dur\u00e9e de lecture estim\u00e9e\" \/>\n\t<meta name=\"twitter:data1\" content=\"3 minutes\" \/>\n<script type=\"application\/ld+json\" class=\"yoast-schema-graph\">{\"@context\":\"https:\\\/\\\/schema.org\",\"@graph\":[{\"@type\":\"Article\",\"@id\":\"https:\\\/\\\/hierostrasbourg.com\\\/index.php\\\/2022\\\/02\\\/18\\\/secteur-du-spectacle-vivant-et-du-cinema-poursuite-de-laccompagnement-economique-de-letat-2\\\/#article\",\"isPartOf\":{\"@id\":\"https:\\\/\\\/hierostrasbourg.com\\\/index.php\\\/2022\\\/02\\\/18\\\/secteur-du-spectacle-vivant-et-du-cinema-poursuite-de-laccompagnement-economique-de-letat-2\\\/\"},\"author\":{\"name\":\"\",\"@id\":\"\"},\"headline\":\"Secteur du spectacle vivant et du cin\u00e9ma : poursuite de l\u2019accompagnement \u00e9conomique de l\u2019Etat\",\"datePublished\":\"2022-02-18T18:20:41+00:00\",\"mainEntityOfPage\":{\"@id\":\"https:\\\/\\\/hierostrasbourg.com\\\/index.php\\\/2022\\\/02\\\/18\\\/secteur-du-spectacle-vivant-et-du-cinema-poursuite-de-laccompagnement-economique-de-letat-2\\\/\"},\"wordCount\":623,\"publisher\":{\"@id\":\"https:\\\/\\\/hierostrasbourg.com\\\/#organization\"},\"inLanguage\":\"fr-FR\"},{\"@type\":\"WebPage\",\"@id\":\"https:\\\/\\\/hierostrasbourg.com\\\/index.php\\\/2022\\\/02\\\/18\\\/secteur-du-spectacle-vivant-et-du-cinema-poursuite-de-laccompagnement-economique-de-letat-2\\\/\",\"url\":\"https:\\\/\\\/hierostrasbourg.com\\\/index.php\\\/2022\\\/02\\\/18\\\/secteur-du-spectacle-vivant-et-du-cinema-poursuite-de-laccompagnement-economique-de-letat-2\\\/\",\"name\":\"Secteur du spectacle vivant et du cin\u00e9ma : poursuite de l\u2019accompagnement \u00e9conomique de l\u2019Etat - HIERO STRASBOURG\",\"isPartOf\":{\"@id\":\"https:\\\/\\\/hierostrasbourg.com\\\/#website\"},\"datePublished\":\"2022-02-18T18:20:41+00:00\",\"breadcrumb\":{\"@id\":\"https:\\\/\\\/hierostrasbourg.com\\\/index.php\\\/2022\\\/02\\\/18\\\/secteur-du-spectacle-vivant-et-du-cinema-poursuite-de-laccompagnement-economique-de-letat-2\\\/#breadcrumb\"},\"inLanguage\":\"fr-FR\",\"potentialAction\":[{\"@type\":\"ReadAction\",\"target\":[\"https:\\\/\\\/hierostrasbourg.com\\\/index.php\\\/2022\\\/02\\\/18\\\/secteur-du-spectacle-vivant-et-du-cinema-poursuite-de-laccompagnement-economique-de-letat-2\\\/\"]}]},{\"@type\":\"BreadcrumbList\",\"@id\":\"https:\\\/\\\/hierostrasbourg.com\\\/index.php\\\/2022\\\/02\\\/18\\\/secteur-du-spectacle-vivant-et-du-cinema-poursuite-de-laccompagnement-economique-de-letat-2\\\/#breadcrumb\",\"itemListElement\":[{\"@type\":\"ListItem\",\"position\":1,\"name\":\"Accueil\",\"item\":\"https:\\\/\\\/hierostrasbourg.com\\\/\"},{\"@type\":\"ListItem\",\"position\":2,\"name\":\"Secteur du spectacle vivant et du cin\u00e9ma : poursuite de l\u2019accompagnement \u00e9conomique de l\u2019Etat\"}]},{\"@type\":\"WebSite\",\"@id\":\"https:\\\/\\\/hierostrasbourg.com\\\/#website\",\"url\":\"https:\\\/\\\/hierostrasbourg.com\\\/\",\"name\":\"HIERO STRASBOURG\",\"description\":\"Centre de Ressources Musiques Actuelles\",\"publisher\":{\"@id\":\"https:\\\/\\\/hierostrasbourg.com\\\/#organization\"},\"potentialAction\":[{\"@type\":\"SearchAction\",\"target\":{\"@type\":\"EntryPoint\",\"urlTemplate\":\"https:\\\/\\\/hierostrasbourg.com\\\/?s={search_term_string}\"},\"query-input\":{\"@type\":\"PropertyValueSpecification\",\"valueRequired\":true,\"valueName\":\"search_term_string\"}}],\"inLanguage\":\"fr-FR\"},{\"@type\":\"Organization\",\"@id\":\"https:\\\/\\\/hierostrasbourg.com\\\/#organization\",\"name\":\"F\u00e9d\u00e9ration Hi\u00e9ro Strasbourg\",\"url\":\"https:\\\/\\\/hierostrasbourg.com\\\/\",\"logo\":{\"@type\":\"ImageObject\",\"inLanguage\":\"fr-FR\",\"@id\":\"https:\\\/\\\/hierostrasbourg.com\\\/#\\\/schema\\\/logo\\\/image\\\/\",\"url\":\"https:\\\/\\\/hierostrasbourg.com\\\/wp-content\\\/uploads\\\/2026\\\/04\\\/logo-hiero-strasbourg.jpg\",\"contentUrl\":\"https:\\\/\\\/hierostrasbourg.com\\\/wp-content\\\/uploads\\\/2026\\\/04\\\/logo-hiero-strasbourg.jpg\",\"width\":204,\"height\":192,\"caption\":\"F\u00e9d\u00e9ration Hi\u00e9ro Strasbourg\"},\"image\":{\"@id\":\"https:\\\/\\\/hierostrasbourg.com\\\/#\\\/schema\\\/logo\\\/image\\\/\"},\"sameAs\":[\"https:\\\/\\\/www.facebook.com\\\/fedehierostrasbourg\",\"https:\\\/\\\/x.com\\\/hierostrasbourg\"]}]}<\/script>\n<!-- \/ Yoast SEO plugin. -->","yoast_head_json":{"title":"Secteur du spectacle vivant et du cin\u00e9ma : poursuite de l\u2019accompagnement \u00e9conomique de l\u2019Etat - HIERO STRASBOURG","robots":{"index":"index","follow":"follow","max-snippet":"max-snippet:-1","max-image-preview":"max-image-preview:large","max-video-preview":"max-video-preview:-1"},"canonical":"https:\/\/hierostrasbourg.com\/index.php\/2022\/02\/18\/secteur-du-spectacle-vivant-et-du-cinema-poursuite-de-laccompagnement-economique-de-letat-2\/","og_locale":"fr_FR","og_type":"article","og_title":"Secteur du spectacle vivant et du cin\u00e9ma : poursuite de l\u2019accompagnement \u00e9conomique de l\u2019Etat - HIERO STRASBOURG","og_description":"communiqu\u00e9 de presse Le Premier ministre Jean CASTEX et la ministre de la Culture Roselyne BACHELOT-NARQUIN ont re\u00e7u ce jour en entretien la FESAC, F\u00e9d\u00e9ration des entreprises du spectacle vivant, de la musique, de l\u2019audiovisuel et du cin\u00e9ma, dans le cadre de rencontres bilat\u00e9rales avec les partenaires sociaux initi\u00e9es par le Premier ministre. Comme c\u2019est le cas depuis le d\u00e9but de la crise sanitaire, l\u2019Etat poursuit son accompagnement \u00e0 ces secteurs affect\u00e9s par la 5\u00e8me\u00a0vague de l\u2019\u00e9pid\u00e9mie afin de soutenir [&hellip;]","og_url":"https:\/\/hierostrasbourg.com\/index.php\/2022\/02\/18\/secteur-du-spectacle-vivant-et-du-cinema-poursuite-de-laccompagnement-economique-de-letat-2\/","og_site_name":"HIERO STRASBOURG","article_publisher":"https:\/\/www.facebook.com\/fedehierostrasbourg","article_published_time":"2022-02-18T18:20:41+00:00","twitter_card":"summary_large_image","twitter_creator":"@hierostrasbourg","twitter_site":"@hierostrasbourg","twitter_misc":{"Dur\u00e9e de lecture estim\u00e9e":"3 minutes"},"schema":{"@context":"https:\/\/schema.org","@graph":[{"@type":"Article","@id":"https:\/\/hierostrasbourg.com\/index.php\/2022\/02\/18\/secteur-du-spectacle-vivant-et-du-cinema-poursuite-de-laccompagnement-economique-de-letat-2\/#article","isPartOf":{"@id":"https:\/\/hierostrasbourg.com\/index.php\/2022\/02\/18\/secteur-du-spectacle-vivant-et-du-cinema-poursuite-de-laccompagnement-economique-de-letat-2\/"},"author":{"name":"","@id":""},"headline":"Secteur du spectacle vivant et du cin\u00e9ma : poursuite de l\u2019accompagnement \u00e9conomique de l\u2019Etat","datePublished":"2022-02-18T18:20:41+00:00","mainEntityOfPage":{"@id":"https:\/\/hierostrasbourg.com\/index.php\/2022\/02\/18\/secteur-du-spectacle-vivant-et-du-cinema-poursuite-de-laccompagnement-economique-de-letat-2\/"},"wordCount":623,"publisher":{"@id":"https:\/\/hierostrasbourg.com\/#organization"},"inLanguage":"fr-FR"},{"@type":"WebPage","@id":"https:\/\/hierostrasbourg.com\/index.php\/2022\/02\/18\/secteur-du-spectacle-vivant-et-du-cinema-poursuite-de-laccompagnement-economique-de-letat-2\/","url":"https:\/\/hierostrasbourg.com\/index.php\/2022\/02\/18\/secteur-du-spectacle-vivant-et-du-cinema-poursuite-de-laccompagnement-economique-de-letat-2\/","name":"Secteur du spectacle vivant et du cin\u00e9ma : poursuite de l\u2019accompagnement \u00e9conomique de l\u2019Etat - HIERO STRASBOURG","isPartOf":{"@id":"https:\/\/hierostrasbourg.com\/#website"},"datePublished":"2022-02-18T18:20:41+00:00","breadcrumb":{"@id":"https:\/\/hierostrasbourg.com\/index.php\/2022\/02\/18\/secteur-du-spectacle-vivant-et-du-cinema-poursuite-de-laccompagnement-economique-de-letat-2\/#breadcrumb"},"inLanguage":"fr-FR","potentialAction":[{"@type":"ReadAction","target":["https:\/\/hierostrasbourg.com\/index.php\/2022\/02\/18\/secteur-du-spectacle-vivant-et-du-cinema-poursuite-de-laccompagnement-economique-de-letat-2\/"]}]},{"@type":"BreadcrumbList","@id":"https:\/\/hierostrasbourg.com\/index.php\/2022\/02\/18\/secteur-du-spectacle-vivant-et-du-cinema-poursuite-de-laccompagnement-economique-de-letat-2\/#breadcrumb","itemListElement":[{"@type":"ListItem","position":1,"name":"Accueil","item":"https:\/\/hierostrasbourg.com\/"},{"@type":"ListItem","position":2,"name":"Secteur du spectacle vivant et du cin\u00e9ma : poursuite de l\u2019accompagnement \u00e9conomique de l\u2019Etat"}]},{"@type":"WebSite","@id":"https:\/\/hierostrasbourg.com\/#website","url":"https:\/\/hierostrasbourg.com\/","name":"HIERO STRASBOURG","description":"Centre de Ressources Musiques Actuelles","publisher":{"@id":"https:\/\/hierostrasbourg.com\/#organization"},"potentialAction":[{"@type":"SearchAction","target":{"@type":"EntryPoint","urlTemplate":"https:\/\/hierostrasbourg.com\/?s={search_term_string}"},"query-input":{"@type":"PropertyValueSpecification","valueRequired":true,"valueName":"search_term_string"}}],"inLanguage":"fr-FR"},{"@type":"Organization","@id":"https:\/\/hierostrasbourg.com\/#organization","name":"F\u00e9d\u00e9ration Hi\u00e9ro Strasbourg","url":"https:\/\/hierostrasbourg.com\/","logo":{"@type":"ImageObject","inLanguage":"fr-FR","@id":"https:\/\/hierostrasbourg.com\/#\/schema\/logo\/image\/","url":"https:\/\/hierostrasbourg.com\/wp-content\/uploads\/2026\/04\/logo-hiero-strasbourg.jpg","contentUrl":"https:\/\/hierostrasbourg.com\/wp-content\/uploads\/2026\/04\/logo-hiero-strasbourg.jpg","width":204,"height":192,"caption":"F\u00e9d\u00e9ration Hi\u00e9ro Strasbourg"},"image":{"@id":"https:\/\/hierostrasbourg.com\/#\/schema\/logo\/image\/"},"sameAs":["https:\/\/www.facebook.com\/fedehierostrasbourg","https:\/\/x.com\/hierostrasbourg"]}]}},"_links":{"self":[{"href":"https:\/\/hierostrasbourg.com\/index.php\/wp-json\/wp\/v2\/posts\/1816","targetHints":{"allow":["GET"]}}],"collection":[{"href":"https:\/\/hierostrasbourg.com\/index.php\/wp-json\/wp\/v2\/posts"}],"about":[{"href":"https:\/\/hierostrasbourg.com\/index.php\/wp-json\/wp\/v2\/types\/post"}],"replies":[{"embeddable":true,"href":"https:\/\/hierostrasbourg.com\/index.php\/wp-json\/wp\/v2\/comments?post=1816"}],"version-history":[{"count":0,"href":"https:\/\/hierostrasbourg.com\/index.php\/wp-json\/wp\/v2\/posts\/1816\/revisions"}],"wp:attachment":[{"href":"https:\/\/hierostrasbourg.com\/index.php\/wp-json\/wp\/v2\/media?parent=1816"}],"wp:term":[{"taxonomy":"category","embeddable":true,"href":"https:\/\/hierostrasbourg.com\/index.php\/wp-json\/wp\/v2\/categories?post=1816"},{"taxonomy":"post_tag","embeddable":true,"href":"https:\/\/hierostrasbourg.com\/index.php\/wp-json\/wp\/v2\/tags?post=1816"}],"curies":[{"name":"wp","href":"https:\/\/api.w.org\/{rel}","templated":true}]}}