{"id":1815,"date":"2022-02-18T19:20:41","date_gmt":"2022-02-18T18:20:41","guid":{"rendered":"https:\/\/hierostrasbourg.com\/index.php\/2022\/02\/18\/secteur-du-spectacle-vivant-et-du-cinema-poursuite-de-laccompagnement-economique-de-letat\/"},"modified":"2022-02-18T19:20:41","modified_gmt":"2022-02-18T18:20:41","slug":"secteur-du-spectacle-vivant-et-du-cinema-poursuite-de-laccompagnement-economique-de-letat","status":"publish","type":"post","link":"https:\/\/hierostrasbourg.com\/index.php\/2022\/02\/18\/secteur-du-spectacle-vivant-et-du-cinema-poursuite-de-laccompagnement-economique-de-letat\/","title":{"rendered":"Secteur du spectacle vivant et du cin\u00e9ma : poursuite de l\u2019accompagnement \u00e9conomique de l\u2019Etat"},"content":{"rendered":"<p><a href=\"https:\/\/musiquesactuelles.alsace\/secteur-du-spectacle-vivant-et-du-cinema-poursuite-de-laccompagnement-economique-de-letat\/\" title=\"Secteur du spectacle vivant et du cin\u00e9ma : poursuite de l\u2019accompagnement \u00e9conomique de l\u2019Etat\"><\/a><\/p>\n<p>communiqu\u00e9 de presse Le Premier ministre Jean CASTEX et la ministre de la Culture Roselyne BACHELOT-NARQUIN ont re\u00e7u ce jour en entretien la FESAC, F\u00e9d\u00e9ration des entreprises du spectacle vivant, de la musique, de l\u2019audiovisuel et du cin\u00e9ma, dans le cadre de rencontres bilat\u00e9rales avec les partenaires sociaux initi\u00e9es par le Premier ministre. Comme c\u2019est le cas depuis le d\u00e9but de la crise sanitaire, l\u2019Etat poursuit son accompagnement \u00e0 ces secteurs affect\u00e9s par la 5\u00e8me\u00a0vague de l\u2019\u00e9pid\u00e9mie afin de soutenir [\u2026]<\/p>\n<p>L\u2019article <a href=\"https:\/\/musiquesactuelles.alsace\/secteur-du-spectacle-vivant-et-du-cinema-poursuite-de-laccompagnement-economique-de-letat\/\">Secteur du spectacle vivant et du cin\u00e9ma : poursuite de l\u2019accompagnement \u00e9conomique de l\u2019Etat<\/a> est apparu en premier sur <a href=\"https:\/\/musiquesactuelles.alsace\/\">Musiques Actuelles en Alsace<\/a>.<\/p>\n<p>L\u2019article <a href=\"https:\/\/popburo.fr\/secteur-du-spectacle-vivant-et-du-cinema-poursuite-de-laccompagnement-economique-de-letat-2\/\">Secteur du spectacle vivant et du cin\u00e9ma : poursuite de l\u2019accompagnement \u00e9conomique de l\u2019Etat<\/a> est apparu en premier sur <a href=\"https:\/\/popburo.fr\/\">POP B\u00dcRO<\/a>.<\/p>\n","protected":false},"excerpt":{"rendered":"<p>communiqu\u00e9 de presse Le Premier ministre Jean CASTEX et la ministre de la Culture Roselyne BACHELOT-NARQUIN ont re\u00e7u ce jour en entretien la FESAC, F\u00e9d\u00e9ration des entreprises du spectacle vivant, de la musique, de l\u2019audiovisuel et du cin\u00e9ma, dans le cadre de rencontres bilat\u00e9rales avec les partenaires sociaux initi\u00e9es par le Premier ministre. Comme c\u2019est le cas depuis le d\u00e9but de la crise sanitaire, l\u2019Etat poursuit son accompagnement \u00e0 ces secteurs affect\u00e9s par la 5\u00e8me\u00a0vague de l\u2019\u00e9pid\u00e9mie afin de soutenir [&hellip;]<\/p>\n","protected":false},"author":0,"featured_media":0,"comment_status":"closed","ping_status":"open","sticky":false,"template":"","format":"standard","meta":{"footnotes":""},"categories":[1],"tags":[],"class_list":["post-1815","post","type-post","status-publish","format-standard","hentry","category-non-classe"],"yoast_head":"<!-- This site is optimized with the Yoast SEO plugin v27.4 - https:\/\/yoast.com\/product\/yoast-seo-wordpress\/ -->\n<title>Secteur du spectacle vivant et du cin\u00e9ma : poursuite de l\u2019accompagnement \u00e9conomique de l\u2019Etat - HIERO STRASBOURG<\/title>\n<meta name=\"robots\" content=\"index, follow, max-snippet:-1, max-image-preview:large, max-video-preview:-1\" \/>\n<link rel=\"canonical\" href=\"https:\/\/hierostrasbourg.com\/index.php\/2022\/02\/18\/secteur-du-spectacle-vivant-et-du-cinema-poursuite-de-laccompagnement-economique-de-letat\/\" \/>\n<meta property=\"og:locale\" content=\"fr_FR\" \/>\n<meta property=\"og:type\" content=\"article\" \/>\n<meta property=\"og:title\" content=\"Secteur du spectacle vivant et du cin\u00e9ma : poursuite de l\u2019accompagnement \u00e9conomique de l\u2019Etat - HIERO STRASBOURG\" \/>\n<meta property=\"og:description\" content=\"communiqu\u00e9 de presse Le Premier ministre Jean CASTEX et la ministre de la Culture Roselyne BACHELOT-NARQUIN ont re\u00e7u ce jour en entretien la FESAC, F\u00e9d\u00e9ration des entreprises du spectacle vivant, de la musique, de l\u2019audiovisuel et du cin\u00e9ma, dans le cadre de rencontres bilat\u00e9rales avec les partenaires sociaux initi\u00e9es par le Premier ministre. Comme c\u2019est le cas depuis le d\u00e9but de la crise sanitaire, l\u2019Etat poursuit son accompagnement \u00e0 ces secteurs affect\u00e9s par la 5\u00e8me\u00a0vague de l\u2019\u00e9pid\u00e9mie afin de soutenir [&hellip;]\" \/>\n<meta property=\"og:url\" content=\"https:\/\/hierostrasbourg.com\/index.php\/2022\/02\/18\/secteur-du-spectacle-vivant-et-du-cinema-poursuite-de-laccompagnement-economique-de-letat\/\" \/>\n<meta property=\"og:site_name\" content=\"HIERO STRASBOURG\" \/>\n<meta property=\"article:publisher\" content=\"https:\/\/www.facebook.com\/fedehierostrasbourg\" \/>\n<meta property=\"article:published_time\" content=\"2022-02-18T18:20:41+00:00\" \/>\n<meta name=\"twitter:card\" content=\"summary_large_image\" \/>\n<meta name=\"twitter:creator\" content=\"@hierostrasbourg\" \/>\n<meta name=\"twitter:site\" content=\"@hierostrasbourg\" \/>\n<meta name=\"twitter:label1\" content=\"Dur\u00e9e de lecture estim\u00e9e\" \/>\n\t<meta name=\"twitter:data1\" content=\"1 minute\" \/>\n<script type=\"application\/ld+json\" class=\"yoast-schema-graph\">{\"@context\":\"https:\\\/\\\/schema.org\",\"@graph\":[{\"@type\":\"Article\",\"@id\":\"https:\\\/\\\/hierostrasbourg.com\\\/index.php\\\/2022\\\/02\\\/18\\\/secteur-du-spectacle-vivant-et-du-cinema-poursuite-de-laccompagnement-economique-de-letat\\\/#article\",\"isPartOf\":{\"@id\":\"https:\\\/\\\/hierostrasbourg.com\\\/index.php\\\/2022\\\/02\\\/18\\\/secteur-du-spectacle-vivant-et-du-cinema-poursuite-de-laccompagnement-economique-de-letat\\\/\"},\"author\":{\"name\":\"\",\"@id\":\"\"},\"headline\":\"Secteur du spectacle vivant et du cin\u00e9ma : poursuite de l\u2019accompagnement \u00e9conomique de l\u2019Etat\",\"datePublished\":\"2022-02-18T18:20:41+00:00\",\"mainEntityOfPage\":{\"@id\":\"https:\\\/\\\/hierostrasbourg.com\\\/index.php\\\/2022\\\/02\\\/18\\\/secteur-du-spectacle-vivant-et-du-cinema-poursuite-de-laccompagnement-economique-de-letat\\\/\"},\"wordCount\":162,\"publisher\":{\"@id\":\"https:\\\/\\\/hierostrasbourg.com\\\/#organization\"},\"inLanguage\":\"fr-FR\"},{\"@type\":\"WebPage\",\"@id\":\"https:\\\/\\\/hierostrasbourg.com\\\/index.php\\\/2022\\\/02\\\/18\\\/secteur-du-spectacle-vivant-et-du-cinema-poursuite-de-laccompagnement-economique-de-letat\\\/\",\"url\":\"https:\\\/\\\/hierostrasbourg.com\\\/index.php\\\/2022\\\/02\\\/18\\\/secteur-du-spectacle-vivant-et-du-cinema-poursuite-de-laccompagnement-economique-de-letat\\\/\",\"name\":\"Secteur du spectacle vivant et du cin\u00e9ma : poursuite de l\u2019accompagnement \u00e9conomique de l\u2019Etat - HIERO STRASBOURG\",\"isPartOf\":{\"@id\":\"https:\\\/\\\/hierostrasbourg.com\\\/#website\"},\"datePublished\":\"2022-02-18T18:20:41+00:00\",\"breadcrumb\":{\"@id\":\"https:\\\/\\\/hierostrasbourg.com\\\/index.php\\\/2022\\\/02\\\/18\\\/secteur-du-spectacle-vivant-et-du-cinema-poursuite-de-laccompagnement-economique-de-letat\\\/#breadcrumb\"},\"inLanguage\":\"fr-FR\",\"potentialAction\":[{\"@type\":\"ReadAction\",\"target\":[\"https:\\\/\\\/hierostrasbourg.com\\\/index.php\\\/2022\\\/02\\\/18\\\/secteur-du-spectacle-vivant-et-du-cinema-poursuite-de-laccompagnement-economique-de-letat\\\/\"]}]},{\"@type\":\"BreadcrumbList\",\"@id\":\"https:\\\/\\\/hierostrasbourg.com\\\/index.php\\\/2022\\\/02\\\/18\\\/secteur-du-spectacle-vivant-et-du-cinema-poursuite-de-laccompagnement-economique-de-letat\\\/#breadcrumb\",\"itemListElement\":[{\"@type\":\"ListItem\",\"position\":1,\"name\":\"Accueil\",\"item\":\"https:\\\/\\\/hierostrasbourg.com\\\/\"},{\"@type\":\"ListItem\",\"position\":2,\"name\":\"Secteur du spectacle vivant et du cin\u00e9ma : poursuite de l\u2019accompagnement \u00e9conomique de l\u2019Etat\"}]},{\"@type\":\"WebSite\",\"@id\":\"https:\\\/\\\/hierostrasbourg.com\\\/#website\",\"url\":\"https:\\\/\\\/hierostrasbourg.com\\\/\",\"name\":\"HIERO STRASBOURG\",\"description\":\"Centre de Ressources Musiques Actuelles\",\"publisher\":{\"@id\":\"https:\\\/\\\/hierostrasbourg.com\\\/#organization\"},\"potentialAction\":[{\"@type\":\"SearchAction\",\"target\":{\"@type\":\"EntryPoint\",\"urlTemplate\":\"https:\\\/\\\/hierostrasbourg.com\\\/?s={search_term_string}\"},\"query-input\":{\"@type\":\"PropertyValueSpecification\",\"valueRequired\":true,\"valueName\":\"search_term_string\"}}],\"inLanguage\":\"fr-FR\"},{\"@type\":\"Organization\",\"@id\":\"https:\\\/\\\/hierostrasbourg.com\\\/#organization\",\"name\":\"F\u00e9d\u00e9ration Hi\u00e9ro Strasbourg\",\"url\":\"https:\\\/\\\/hierostrasbourg.com\\\/\",\"logo\":{\"@type\":\"ImageObject\",\"inLanguage\":\"fr-FR\",\"@id\":\"https:\\\/\\\/hierostrasbourg.com\\\/#\\\/schema\\\/logo\\\/image\\\/\",\"url\":\"https:\\\/\\\/hierostrasbourg.com\\\/wp-content\\\/uploads\\\/2026\\\/04\\\/logo-hiero-strasbourg.jpg\",\"contentUrl\":\"https:\\\/\\\/hierostrasbourg.com\\\/wp-content\\\/uploads\\\/2026\\\/04\\\/logo-hiero-strasbourg.jpg\",\"width\":204,\"height\":192,\"caption\":\"F\u00e9d\u00e9ration Hi\u00e9ro Strasbourg\"},\"image\":{\"@id\":\"https:\\\/\\\/hierostrasbourg.com\\\/#\\\/schema\\\/logo\\\/image\\\/\"},\"sameAs\":[\"https:\\\/\\\/www.facebook.com\\\/fedehierostrasbourg\",\"https:\\\/\\\/x.com\\\/hierostrasbourg\"]}]}<\/script>\n<!-- \/ Yoast SEO plugin. -->","yoast_head_json":{"title":"Secteur du spectacle vivant et du cin\u00e9ma : poursuite de l\u2019accompagnement \u00e9conomique de l\u2019Etat - HIERO STRASBOURG","robots":{"index":"index","follow":"follow","max-snippet":"max-snippet:-1","max-image-preview":"max-image-preview:large","max-video-preview":"max-video-preview:-1"},"canonical":"https:\/\/hierostrasbourg.com\/index.php\/2022\/02\/18\/secteur-du-spectacle-vivant-et-du-cinema-poursuite-de-laccompagnement-economique-de-letat\/","og_locale":"fr_FR","og_type":"article","og_title":"Secteur du spectacle vivant et du cin\u00e9ma : poursuite de l\u2019accompagnement \u00e9conomique de l\u2019Etat - HIERO STRASBOURG","og_description":"communiqu\u00e9 de presse Le Premier ministre Jean CASTEX et la ministre de la Culture Roselyne BACHELOT-NARQUIN ont re\u00e7u ce jour en entretien la FESAC, F\u00e9d\u00e9ration des entreprises du spectacle vivant, de la musique, de l\u2019audiovisuel et du cin\u00e9ma, dans le cadre de rencontres bilat\u00e9rales avec les partenaires sociaux initi\u00e9es par le Premier ministre. Comme c\u2019est le cas depuis le d\u00e9but de la crise sanitaire, l\u2019Etat poursuit son accompagnement \u00e0 ces secteurs affect\u00e9s par la 5\u00e8me\u00a0vague de l\u2019\u00e9pid\u00e9mie afin de soutenir [&hellip;]","og_url":"https:\/\/hierostrasbourg.com\/index.php\/2022\/02\/18\/secteur-du-spectacle-vivant-et-du-cinema-poursuite-de-laccompagnement-economique-de-letat\/","og_site_name":"HIERO STRASBOURG","article_publisher":"https:\/\/www.facebook.com\/fedehierostrasbourg","article_published_time":"2022-02-18T18:20:41+00:00","twitter_card":"summary_large_image","twitter_creator":"@hierostrasbourg","twitter_site":"@hierostrasbourg","twitter_misc":{"Dur\u00e9e de lecture estim\u00e9e":"1 minute"},"schema":{"@context":"https:\/\/schema.org","@graph":[{"@type":"Article","@id":"https:\/\/hierostrasbourg.com\/index.php\/2022\/02\/18\/secteur-du-spectacle-vivant-et-du-cinema-poursuite-de-laccompagnement-economique-de-letat\/#article","isPartOf":{"@id":"https:\/\/hierostrasbourg.com\/index.php\/2022\/02\/18\/secteur-du-spectacle-vivant-et-du-cinema-poursuite-de-laccompagnement-economique-de-letat\/"},"author":{"name":"","@id":""},"headline":"Secteur du spectacle vivant et du cin\u00e9ma : poursuite de l\u2019accompagnement \u00e9conomique de l\u2019Etat","datePublished":"2022-02-18T18:20:41+00:00","mainEntityOfPage":{"@id":"https:\/\/hierostrasbourg.com\/index.php\/2022\/02\/18\/secteur-du-spectacle-vivant-et-du-cinema-poursuite-de-laccompagnement-economique-de-letat\/"},"wordCount":162,"publisher":{"@id":"https:\/\/hierostrasbourg.com\/#organization"},"inLanguage":"fr-FR"},{"@type":"WebPage","@id":"https:\/\/hierostrasbourg.com\/index.php\/2022\/02\/18\/secteur-du-spectacle-vivant-et-du-cinema-poursuite-de-laccompagnement-economique-de-letat\/","url":"https:\/\/hierostrasbourg.com\/index.php\/2022\/02\/18\/secteur-du-spectacle-vivant-et-du-cinema-poursuite-de-laccompagnement-economique-de-letat\/","name":"Secteur du spectacle vivant et du cin\u00e9ma : poursuite de l\u2019accompagnement \u00e9conomique de l\u2019Etat - HIERO STRASBOURG","isPartOf":{"@id":"https:\/\/hierostrasbourg.com\/#website"},"datePublished":"2022-02-18T18:20:41+00:00","breadcrumb":{"@id":"https:\/\/hierostrasbourg.com\/index.php\/2022\/02\/18\/secteur-du-spectacle-vivant-et-du-cinema-poursuite-de-laccompagnement-economique-de-letat\/#breadcrumb"},"inLanguage":"fr-FR","potentialAction":[{"@type":"ReadAction","target":["https:\/\/hierostrasbourg.com\/index.php\/2022\/02\/18\/secteur-du-spectacle-vivant-et-du-cinema-poursuite-de-laccompagnement-economique-de-letat\/"]}]},{"@type":"BreadcrumbList","@id":"https:\/\/hierostrasbourg.com\/index.php\/2022\/02\/18\/secteur-du-spectacle-vivant-et-du-cinema-poursuite-de-laccompagnement-economique-de-letat\/#breadcrumb","itemListElement":[{"@type":"ListItem","position":1,"name":"Accueil","item":"https:\/\/hierostrasbourg.com\/"},{"@type":"ListItem","position":2,"name":"Secteur du spectacle vivant et du cin\u00e9ma : poursuite de l\u2019accompagnement \u00e9conomique de l\u2019Etat"}]},{"@type":"WebSite","@id":"https:\/\/hierostrasbourg.com\/#website","url":"https:\/\/hierostrasbourg.com\/","name":"HIERO STRASBOURG","description":"Centre de Ressources Musiques Actuelles","publisher":{"@id":"https:\/\/hierostrasbourg.com\/#organization"},"potentialAction":[{"@type":"SearchAction","target":{"@type":"EntryPoint","urlTemplate":"https:\/\/hierostrasbourg.com\/?s={search_term_string}"},"query-input":{"@type":"PropertyValueSpecification","valueRequired":true,"valueName":"search_term_string"}}],"inLanguage":"fr-FR"},{"@type":"Organization","@id":"https:\/\/hierostrasbourg.com\/#organization","name":"F\u00e9d\u00e9ration Hi\u00e9ro Strasbourg","url":"https:\/\/hierostrasbourg.com\/","logo":{"@type":"ImageObject","inLanguage":"fr-FR","@id":"https:\/\/hierostrasbourg.com\/#\/schema\/logo\/image\/","url":"https:\/\/hierostrasbourg.com\/wp-content\/uploads\/2026\/04\/logo-hiero-strasbourg.jpg","contentUrl":"https:\/\/hierostrasbourg.com\/wp-content\/uploads\/2026\/04\/logo-hiero-strasbourg.jpg","width":204,"height":192,"caption":"F\u00e9d\u00e9ration Hi\u00e9ro Strasbourg"},"image":{"@id":"https:\/\/hierostrasbourg.com\/#\/schema\/logo\/image\/"},"sameAs":["https:\/\/www.facebook.com\/fedehierostrasbourg","https:\/\/x.com\/hierostrasbourg"]}]}},"_links":{"self":[{"href":"https:\/\/hierostrasbourg.com\/index.php\/wp-json\/wp\/v2\/posts\/1815","targetHints":{"allow":["GET"]}}],"collection":[{"href":"https:\/\/hierostrasbourg.com\/index.php\/wp-json\/wp\/v2\/posts"}],"about":[{"href":"https:\/\/hierostrasbourg.com\/index.php\/wp-json\/wp\/v2\/types\/post"}],"replies":[{"embeddable":true,"href":"https:\/\/hierostrasbourg.com\/index.php\/wp-json\/wp\/v2\/comments?post=1815"}],"version-history":[{"count":0,"href":"https:\/\/hierostrasbourg.com\/index.php\/wp-json\/wp\/v2\/posts\/1815\/revisions"}],"wp:attachment":[{"href":"https:\/\/hierostrasbourg.com\/index.php\/wp-json\/wp\/v2\/media?parent=1815"}],"wp:term":[{"taxonomy":"category","embeddable":true,"href":"https:\/\/hierostrasbourg.com\/index.php\/wp-json\/wp\/v2\/categories?post=1815"},{"taxonomy":"post_tag","embeddable":true,"href":"https:\/\/hierostrasbourg.com\/index.php\/wp-json\/wp\/v2\/tags?post=1815"}],"curies":[{"name":"wp","href":"https:\/\/api.w.org\/{rel}","templated":true}]}}