{"id":1814,"date":"2022-02-18T19:20:41","date_gmt":"2022-02-18T18:20:41","guid":{"rendered":"https:\/\/hierostrasbourg.com\/index.php\/2022\/02\/18\/crise-sanitaire-dans-le-secteur-culturel\/"},"modified":"2022-02-18T19:20:41","modified_gmt":"2022-02-18T18:20:41","slug":"crise-sanitaire-dans-le-secteur-culturel","status":"publish","type":"post","link":"https:\/\/hierostrasbourg.com\/index.php\/2022\/02\/18\/crise-sanitaire-dans-le-secteur-culturel\/","title":{"rendered":"Crise sanitaire dans le secteur culturel"},"content":{"rendered":"<p><em>En 2020, la pand\u00e9mie de Covid-19 et les mesures de restrictions sanitaires mises en place pour l\u2019endiguer ont consid\u00e9rablement ralenti l\u2019activit\u00e9 \u00e9conomique et affect\u00e9 la tr\u00e9sorerie des entreprises. Le secteur culturel, comptant un grand nombre d\u2019\u00e9tablissements accueillant du<\/em><br \/><em>public s\u2019est ainsi retrouv\u00e9 particuli\u00e8rement affect\u00e9 par cette nouvelle conjoncture.<\/em><br \/><em>Cette \u00e9tude s\u2019appuie sur des donn\u00e9es individuelles et pr\u00e9sente les r\u00e9sultats de mod\u00e8les de microsimulation permettant d\u2019une part d\u2019estimer les pertes d\u2019activit\u00e9 subies par les entreprises culturelles par rapport \u00e0 un sc\u00e9nario o\u00f9 la crise n\u2019aurait pas eu lieu, d\u2019autre part d\u2019\u00e9valuer les<\/em><br \/><em>cons\u00e9quences d\u2019un an de crise sur la situation financi\u00e8re de ces entreprises.<\/em><br \/><em>L\u2019impact des mesures publiques de soutien sur l\u2019\u00e9volution de leur besoin d\u2019endettement est examin\u00e9.<\/em><br \/><em>Les pertes d\u2019activit\u00e9 attribuables \u00e0 la crise ont \u00e9t\u00e9 importantes et plus prononc\u00e9es dans le secteur culturel que dans le reste de l\u2019\u00e9conomie.<\/em><br \/><em>L\u2019h\u00e9t\u00e9rog\u00e9n\u00e9it\u00e9 des situations est toutefois prononc\u00e9e entre les domaines culturels, mais \u00e9galement entre les entreprises d\u2019un m\u00eame domaine. Cette diversit\u00e9 des situations illustre l\u2019in\u00e9gale capacit\u00e9 qu\u2019ont eue les entreprises \u00e0 r\u00e9organiser leur activit\u00e9 et diversifier leur offre de biens et services, en s\u2019appropriant notamment les outils num\u00e9riques. Malgr\u00e9 les mesures<\/em><br \/><em>publiques de soutien et l\u2019adaptation du comportement des entreprises, les pertes d\u2019activit\u00e9 se sont traduites par une tension financi\u00e8re prononc\u00e9e sur le secteur. \u00c0 la fin de l\u2019ann\u00e9e 2020, une entreprise culturelle sur quatre rencontre un besoin de financement d\u2019un montant sup\u00e9rieur au chiffre d\u2019affaires qu\u2019elle r\u00e9alise sur un mois d\u2019activit\u00e9.<\/em><\/p>\n<div class=\"ead-preview\">\n<div class=\"ead-document\">\n<div class=\"ead-iframe-wrapper\"><\/div>\n<div class=\"ead-document-loading\">\n<div class=\"ead-loading-wrap\">\n<div class=\"ead-loading-main\">\n<div class=\"ead-loading\">\n\t\t\t\t\t\t\t<span>En cours de chargement\u2026<\/span>\n\t\t\t\t\t\t<\/div>\n<\/p><\/div>\n<div class=\"ead-loading-foot\">\n<div class=\"ead-loading-foot-title\">\n\t\t\t\t\t\t\t<span>Cela prend trop de temps\u00a0?<\/span>\n\t\t\t\t\t\t<\/div>\n<\/p>\n<div class=\"ead-document-btn ead-reload-btn\">\n\t\t\t\t\t\t\t\t Recharger le document\t\t\t\t\t\t\t<\/div>\n<p>\t\t\t\t\t\t\t<span>|<\/span><br \/>\n\t\t\t\t\t\t\t<a href=\"https:\/\/musiquesactuelles.net\/wp-content\/uploads\/2021\/03\/ce-2022-1-crise-sanitaire-dans-le-secteur-culturel-corpus-web-1.pdf\" class=\"ead-document-btn\" target=\"_blank\" rel=\"noopener\"><br \/>\n\t\t\t\t\t\t\t\t Ouvrir dans un nouvel onglet\t\t\t\t\t\t\t<\/a>\n\t\t\t\t\t<\/div>\n<\/p><\/div>\n<\/p><\/div>\n<\/p><\/div>\n<p class=\"embed_download\"><a href=\"https:\/\/musiquesactuelles.net\/wp-content\/uploads\/2021\/03\/ce-2022-1-crise-sanitaire-dans-le-secteur-culturel-corpus-web-1.pdf\">\ufeffT\u00e9l\u00e9charger [643.09 KB] <\/a><\/p>\n<\/div>\n<p>L\u2019article <a href=\"https:\/\/popburo.fr\/crise-sanitaire-dans-le-secteur-culturel\/\">Crise sanitaire dans le secteur culturel<\/a> est apparu en premier sur <a href=\"https:\/\/popburo.fr\/\">POP B\u00dcRO<\/a>.<\/p>\n","protected":false},"excerpt":{"rendered":"<p>En 2020, la pand\u00e9mie de Covid-19 et les mesures de restrictions sanitaires mises en place pour l\u2019endiguer ont consid\u00e9rablement ralenti l\u2019activit\u00e9 \u00e9conomique et affect\u00e9 la tr\u00e9sorerie des entreprises. Le secteur culturel, comptant un grand nombre d\u2019\u00e9tablissements accueillant dupublic s\u2019est ainsi retrouv\u00e9 particuli\u00e8rement affect\u00e9 par cette nouvelle conjoncture.Cette \u00e9tude s\u2019appuie sur des donn\u00e9es individuelles et pr\u00e9sente les r\u00e9sultats de mod\u00e8les de microsimulation permettant d\u2019une part d\u2019estimer les pertes d\u2019activit\u00e9 subies par les entreprises culturelles par rapport \u00e0 un sc\u00e9nario o\u00f9 la [&hellip;]<\/p>\n","protected":false},"author":0,"featured_media":0,"comment_status":"closed","ping_status":"open","sticky":false,"template":"","format":"standard","meta":{"footnotes":""},"categories":[1],"tags":[],"class_list":["post-1814","post","type-post","status-publish","format-standard","hentry","category-non-classe"],"yoast_head":"<!-- This site is optimized with the Yoast SEO plugin v27.4 - https:\/\/yoast.com\/product\/yoast-seo-wordpress\/ -->\n<title>Crise sanitaire dans le secteur culturel - HIERO STRASBOURG<\/title>\n<meta name=\"robots\" content=\"index, follow, max-snippet:-1, max-image-preview:large, max-video-preview:-1\" \/>\n<link rel=\"canonical\" href=\"https:\/\/hierostrasbourg.com\/index.php\/2022\/02\/18\/crise-sanitaire-dans-le-secteur-culturel\/\" \/>\n<meta property=\"og:locale\" content=\"fr_FR\" \/>\n<meta property=\"og:type\" content=\"article\" \/>\n<meta property=\"og:title\" content=\"Crise sanitaire dans le secteur culturel - HIERO STRASBOURG\" \/>\n<meta property=\"og:description\" content=\"En 2020, la pand\u00e9mie de Covid-19 et les mesures de restrictions sanitaires mises en place pour l\u2019endiguer ont consid\u00e9rablement ralenti l\u2019activit\u00e9 \u00e9conomique et affect\u00e9 la tr\u00e9sorerie des entreprises. Le secteur culturel, comptant un grand nombre d\u2019\u00e9tablissements accueillant dupublic s\u2019est ainsi retrouv\u00e9 particuli\u00e8rement affect\u00e9 par cette nouvelle conjoncture.Cette \u00e9tude s\u2019appuie sur des donn\u00e9es individuelles et pr\u00e9sente les r\u00e9sultats de mod\u00e8les de microsimulation permettant d\u2019une part d\u2019estimer les pertes d\u2019activit\u00e9 subies par les entreprises culturelles par rapport \u00e0 un sc\u00e9nario o\u00f9 la [&hellip;]\" \/>\n<meta property=\"og:url\" content=\"https:\/\/hierostrasbourg.com\/index.php\/2022\/02\/18\/crise-sanitaire-dans-le-secteur-culturel\/\" \/>\n<meta property=\"og:site_name\" content=\"HIERO STRASBOURG\" \/>\n<meta property=\"article:publisher\" content=\"https:\/\/www.facebook.com\/fedehierostrasbourg\" \/>\n<meta property=\"article:published_time\" content=\"2022-02-18T18:20:41+00:00\" \/>\n<meta name=\"twitter:card\" content=\"summary_large_image\" \/>\n<meta name=\"twitter:creator\" content=\"@hierostrasbourg\" \/>\n<meta name=\"twitter:site\" content=\"@hierostrasbourg\" \/>\n<meta name=\"twitter:label1\" content=\"Dur\u00e9e de lecture estim\u00e9e\" \/>\n\t<meta name=\"twitter:data1\" content=\"2 minutes\" \/>\n<script type=\"application\/ld+json\" class=\"yoast-schema-graph\">{\"@context\":\"https:\\\/\\\/schema.org\",\"@graph\":[{\"@type\":\"Article\",\"@id\":\"https:\\\/\\\/hierostrasbourg.com\\\/index.php\\\/2022\\\/02\\\/18\\\/crise-sanitaire-dans-le-secteur-culturel\\\/#article\",\"isPartOf\":{\"@id\":\"https:\\\/\\\/hierostrasbourg.com\\\/index.php\\\/2022\\\/02\\\/18\\\/crise-sanitaire-dans-le-secteur-culturel\\\/\"},\"author\":{\"name\":\"\",\"@id\":\"\"},\"headline\":\"Crise sanitaire dans le secteur culturel\",\"datePublished\":\"2022-02-18T18:20:41+00:00\",\"mainEntityOfPage\":{\"@id\":\"https:\\\/\\\/hierostrasbourg.com\\\/index.php\\\/2022\\\/02\\\/18\\\/crise-sanitaire-dans-le-secteur-culturel\\\/\"},\"wordCount\":333,\"publisher\":{\"@id\":\"https:\\\/\\\/hierostrasbourg.com\\\/#organization\"},\"inLanguage\":\"fr-FR\"},{\"@type\":\"WebPage\",\"@id\":\"https:\\\/\\\/hierostrasbourg.com\\\/index.php\\\/2022\\\/02\\\/18\\\/crise-sanitaire-dans-le-secteur-culturel\\\/\",\"url\":\"https:\\\/\\\/hierostrasbourg.com\\\/index.php\\\/2022\\\/02\\\/18\\\/crise-sanitaire-dans-le-secteur-culturel\\\/\",\"name\":\"Crise sanitaire dans le secteur culturel - HIERO STRASBOURG\",\"isPartOf\":{\"@id\":\"https:\\\/\\\/hierostrasbourg.com\\\/#website\"},\"datePublished\":\"2022-02-18T18:20:41+00:00\",\"breadcrumb\":{\"@id\":\"https:\\\/\\\/hierostrasbourg.com\\\/index.php\\\/2022\\\/02\\\/18\\\/crise-sanitaire-dans-le-secteur-culturel\\\/#breadcrumb\"},\"inLanguage\":\"fr-FR\",\"potentialAction\":[{\"@type\":\"ReadAction\",\"target\":[\"https:\\\/\\\/hierostrasbourg.com\\\/index.php\\\/2022\\\/02\\\/18\\\/crise-sanitaire-dans-le-secteur-culturel\\\/\"]}]},{\"@type\":\"BreadcrumbList\",\"@id\":\"https:\\\/\\\/hierostrasbourg.com\\\/index.php\\\/2022\\\/02\\\/18\\\/crise-sanitaire-dans-le-secteur-culturel\\\/#breadcrumb\",\"itemListElement\":[{\"@type\":\"ListItem\",\"position\":1,\"name\":\"Accueil\",\"item\":\"https:\\\/\\\/hierostrasbourg.com\\\/\"},{\"@type\":\"ListItem\",\"position\":2,\"name\":\"Crise sanitaire dans le secteur culturel\"}]},{\"@type\":\"WebSite\",\"@id\":\"https:\\\/\\\/hierostrasbourg.com\\\/#website\",\"url\":\"https:\\\/\\\/hierostrasbourg.com\\\/\",\"name\":\"HIERO STRASBOURG\",\"description\":\"Centre de Ressources Musiques Actuelles\",\"publisher\":{\"@id\":\"https:\\\/\\\/hierostrasbourg.com\\\/#organization\"},\"potentialAction\":[{\"@type\":\"SearchAction\",\"target\":{\"@type\":\"EntryPoint\",\"urlTemplate\":\"https:\\\/\\\/hierostrasbourg.com\\\/?s={search_term_string}\"},\"query-input\":{\"@type\":\"PropertyValueSpecification\",\"valueRequired\":true,\"valueName\":\"search_term_string\"}}],\"inLanguage\":\"fr-FR\"},{\"@type\":\"Organization\",\"@id\":\"https:\\\/\\\/hierostrasbourg.com\\\/#organization\",\"name\":\"F\u00e9d\u00e9ration Hi\u00e9ro Strasbourg\",\"url\":\"https:\\\/\\\/hierostrasbourg.com\\\/\",\"logo\":{\"@type\":\"ImageObject\",\"inLanguage\":\"fr-FR\",\"@id\":\"https:\\\/\\\/hierostrasbourg.com\\\/#\\\/schema\\\/logo\\\/image\\\/\",\"url\":\"https:\\\/\\\/hierostrasbourg.com\\\/wp-content\\\/uploads\\\/2026\\\/04\\\/logo-hiero-strasbourg.jpg\",\"contentUrl\":\"https:\\\/\\\/hierostrasbourg.com\\\/wp-content\\\/uploads\\\/2026\\\/04\\\/logo-hiero-strasbourg.jpg\",\"width\":204,\"height\":192,\"caption\":\"F\u00e9d\u00e9ration Hi\u00e9ro Strasbourg\"},\"image\":{\"@id\":\"https:\\\/\\\/hierostrasbourg.com\\\/#\\\/schema\\\/logo\\\/image\\\/\"},\"sameAs\":[\"https:\\\/\\\/www.facebook.com\\\/fedehierostrasbourg\",\"https:\\\/\\\/x.com\\\/hierostrasbourg\"]}]}<\/script>\n<!-- \/ Yoast SEO plugin. -->","yoast_head_json":{"title":"Crise sanitaire dans le secteur culturel - HIERO STRASBOURG","robots":{"index":"index","follow":"follow","max-snippet":"max-snippet:-1","max-image-preview":"max-image-preview:large","max-video-preview":"max-video-preview:-1"},"canonical":"https:\/\/hierostrasbourg.com\/index.php\/2022\/02\/18\/crise-sanitaire-dans-le-secteur-culturel\/","og_locale":"fr_FR","og_type":"article","og_title":"Crise sanitaire dans le secteur culturel - HIERO STRASBOURG","og_description":"En 2020, la pand\u00e9mie de Covid-19 et les mesures de restrictions sanitaires mises en place pour l\u2019endiguer ont consid\u00e9rablement ralenti l\u2019activit\u00e9 \u00e9conomique et affect\u00e9 la tr\u00e9sorerie des entreprises. Le secteur culturel, comptant un grand nombre d\u2019\u00e9tablissements accueillant dupublic s\u2019est ainsi retrouv\u00e9 particuli\u00e8rement affect\u00e9 par cette nouvelle conjoncture.Cette \u00e9tude s\u2019appuie sur des donn\u00e9es individuelles et pr\u00e9sente les r\u00e9sultats de mod\u00e8les de microsimulation permettant d\u2019une part d\u2019estimer les pertes d\u2019activit\u00e9 subies par les entreprises culturelles par rapport \u00e0 un sc\u00e9nario o\u00f9 la [&hellip;]","og_url":"https:\/\/hierostrasbourg.com\/index.php\/2022\/02\/18\/crise-sanitaire-dans-le-secteur-culturel\/","og_site_name":"HIERO STRASBOURG","article_publisher":"https:\/\/www.facebook.com\/fedehierostrasbourg","article_published_time":"2022-02-18T18:20:41+00:00","twitter_card":"summary_large_image","twitter_creator":"@hierostrasbourg","twitter_site":"@hierostrasbourg","twitter_misc":{"Dur\u00e9e de lecture estim\u00e9e":"2 minutes"},"schema":{"@context":"https:\/\/schema.org","@graph":[{"@type":"Article","@id":"https:\/\/hierostrasbourg.com\/index.php\/2022\/02\/18\/crise-sanitaire-dans-le-secteur-culturel\/#article","isPartOf":{"@id":"https:\/\/hierostrasbourg.com\/index.php\/2022\/02\/18\/crise-sanitaire-dans-le-secteur-culturel\/"},"author":{"name":"","@id":""},"headline":"Crise sanitaire dans le secteur culturel","datePublished":"2022-02-18T18:20:41+00:00","mainEntityOfPage":{"@id":"https:\/\/hierostrasbourg.com\/index.php\/2022\/02\/18\/crise-sanitaire-dans-le-secteur-culturel\/"},"wordCount":333,"publisher":{"@id":"https:\/\/hierostrasbourg.com\/#organization"},"inLanguage":"fr-FR"},{"@type":"WebPage","@id":"https:\/\/hierostrasbourg.com\/index.php\/2022\/02\/18\/crise-sanitaire-dans-le-secteur-culturel\/","url":"https:\/\/hierostrasbourg.com\/index.php\/2022\/02\/18\/crise-sanitaire-dans-le-secteur-culturel\/","name":"Crise sanitaire dans le secteur culturel - HIERO STRASBOURG","isPartOf":{"@id":"https:\/\/hierostrasbourg.com\/#website"},"datePublished":"2022-02-18T18:20:41+00:00","breadcrumb":{"@id":"https:\/\/hierostrasbourg.com\/index.php\/2022\/02\/18\/crise-sanitaire-dans-le-secteur-culturel\/#breadcrumb"},"inLanguage":"fr-FR","potentialAction":[{"@type":"ReadAction","target":["https:\/\/hierostrasbourg.com\/index.php\/2022\/02\/18\/crise-sanitaire-dans-le-secteur-culturel\/"]}]},{"@type":"BreadcrumbList","@id":"https:\/\/hierostrasbourg.com\/index.php\/2022\/02\/18\/crise-sanitaire-dans-le-secteur-culturel\/#breadcrumb","itemListElement":[{"@type":"ListItem","position":1,"name":"Accueil","item":"https:\/\/hierostrasbourg.com\/"},{"@type":"ListItem","position":2,"name":"Crise sanitaire dans le secteur culturel"}]},{"@type":"WebSite","@id":"https:\/\/hierostrasbourg.com\/#website","url":"https:\/\/hierostrasbourg.com\/","name":"HIERO STRASBOURG","description":"Centre de Ressources Musiques Actuelles","publisher":{"@id":"https:\/\/hierostrasbourg.com\/#organization"},"potentialAction":[{"@type":"SearchAction","target":{"@type":"EntryPoint","urlTemplate":"https:\/\/hierostrasbourg.com\/?s={search_term_string}"},"query-input":{"@type":"PropertyValueSpecification","valueRequired":true,"valueName":"search_term_string"}}],"inLanguage":"fr-FR"},{"@type":"Organization","@id":"https:\/\/hierostrasbourg.com\/#organization","name":"F\u00e9d\u00e9ration Hi\u00e9ro Strasbourg","url":"https:\/\/hierostrasbourg.com\/","logo":{"@type":"ImageObject","inLanguage":"fr-FR","@id":"https:\/\/hierostrasbourg.com\/#\/schema\/logo\/image\/","url":"https:\/\/hierostrasbourg.com\/wp-content\/uploads\/2026\/04\/logo-hiero-strasbourg.jpg","contentUrl":"https:\/\/hierostrasbourg.com\/wp-content\/uploads\/2026\/04\/logo-hiero-strasbourg.jpg","width":204,"height":192,"caption":"F\u00e9d\u00e9ration Hi\u00e9ro Strasbourg"},"image":{"@id":"https:\/\/hierostrasbourg.com\/#\/schema\/logo\/image\/"},"sameAs":["https:\/\/www.facebook.com\/fedehierostrasbourg","https:\/\/x.com\/hierostrasbourg"]}]}},"_links":{"self":[{"href":"https:\/\/hierostrasbourg.com\/index.php\/wp-json\/wp\/v2\/posts\/1814","targetHints":{"allow":["GET"]}}],"collection":[{"href":"https:\/\/hierostrasbourg.com\/index.php\/wp-json\/wp\/v2\/posts"}],"about":[{"href":"https:\/\/hierostrasbourg.com\/index.php\/wp-json\/wp\/v2\/types\/post"}],"replies":[{"embeddable":true,"href":"https:\/\/hierostrasbourg.com\/index.php\/wp-json\/wp\/v2\/comments?post=1814"}],"version-history":[{"count":0,"href":"https:\/\/hierostrasbourg.com\/index.php\/wp-json\/wp\/v2\/posts\/1814\/revisions"}],"wp:attachment":[{"href":"https:\/\/hierostrasbourg.com\/index.php\/wp-json\/wp\/v2\/media?parent=1814"}],"wp:term":[{"taxonomy":"category","embeddable":true,"href":"https:\/\/hierostrasbourg.com\/index.php\/wp-json\/wp\/v2\/categories?post=1814"},{"taxonomy":"post_tag","embeddable":true,"href":"https:\/\/hierostrasbourg.com\/index.php\/wp-json\/wp\/v2\/tags?post=1814"}],"curies":[{"name":"wp","href":"https:\/\/api.w.org\/{rel}","templated":true}]}}