{"id":1803,"date":"2022-02-17T09:21:40","date_gmt":"2022-02-17T08:21:40","guid":{"rendered":"https:\/\/hierostrasbourg.com\/index.php\/2022\/02\/17\/comment-les-ouvreurs-ont-fait-face-a-la-pandemie\/"},"modified":"2022-02-17T09:21:40","modified_gmt":"2022-02-17T08:21:40","slug":"comment-les-ouvreurs-ont-fait-face-a-la-pandemie","status":"publish","type":"post","link":"https:\/\/hierostrasbourg.com\/index.php\/2022\/02\/17\/comment-les-ouvreurs-ont-fait-face-a-la-pandemie\/","title":{"rendered":"Comment les ouvreurs ont fait face \u00e0 la pand\u00e9mie"},"content":{"rendered":"<p><a href=\"https:\/\/musiquesactuelles.alsace\/comment-les-ouvreurs-ont-fait-face-a-la-pandemie\/\" title=\"Comment les ouvreurs ont fait face \u00e0 la pand\u00e9mie\"><\/a><\/p>\n<p>Ce sont les premiers que l\u2019on croise \u00e0 chaque concert ou spectacle : les ouvreurs et ouvreuses exercent un m\u00e9tier fragile, notamment en p\u00e9riode de crise sanitaire. Avec les fermetures des salles de concert et de spectacle, tous ou presque ont perdu leurs contrats, et donc tous leurs revenus. Source \/ Lire la suite : Comment les ouvreurs ont fait face \u00e0 la pand\u00e9mie<\/p>\n<p>L\u2019article <a href=\"https:\/\/musiquesactuelles.alsace\/comment-les-ouvreurs-ont-fait-face-a-la-pandemie\/\">Comment les ouvreurs ont fait face \u00e0 la pand\u00e9mie<\/a> est apparu en premier sur <a href=\"https:\/\/musiquesactuelles.alsace\/\">Musiques Actuelles en Alsace<\/a>.<\/p>\n<p>L\u2019article <a href=\"https:\/\/popburo.fr\/comment-les-ouvreurs-ont-fait-face-a-la-pandemie-2\/\">Comment les ouvreurs ont fait face \u00e0 la pand\u00e9mie<\/a> est apparu en premier sur <a href=\"https:\/\/popburo.fr\/\">POP B\u00dcRO<\/a>.<\/p>\n","protected":false},"excerpt":{"rendered":"<p>Ce sont les premiers que l\u2019on croise \u00e0 chaque concert ou spectacle : les ouvreurs et ouvreuses exercent un m\u00e9tier fragile, notamment en p\u00e9riode de crise sanitaire. Avec les fermetures des salles de concert et de spectacle, tous ou presque ont perdu leurs contrats, et donc tous leurs revenus. Source \/ Lire la suite : Comment les ouvreurs ont fait face \u00e0 la pand\u00e9mie L\u2019article Comment les ouvreurs ont fait face \u00e0 la pand\u00e9mie est apparu en premier sur Musiques [&hellip;]<\/p>\n","protected":false},"author":0,"featured_media":0,"comment_status":"closed","ping_status":"open","sticky":false,"template":"","format":"standard","meta":{"footnotes":""},"categories":[1],"tags":[],"class_list":["post-1803","post","type-post","status-publish","format-standard","hentry","category-non-classe"],"yoast_head":"<!-- This site is optimized with the Yoast SEO plugin v27.4 - https:\/\/yoast.com\/product\/yoast-seo-wordpress\/ -->\n<title>Comment les ouvreurs ont fait face \u00e0 la pand\u00e9mie - HIERO STRASBOURG<\/title>\n<meta name=\"robots\" content=\"index, follow, max-snippet:-1, max-image-preview:large, max-video-preview:-1\" \/>\n<link rel=\"canonical\" href=\"https:\/\/hierostrasbourg.com\/index.php\/2022\/02\/17\/comment-les-ouvreurs-ont-fait-face-a-la-pandemie\/\" \/>\n<meta property=\"og:locale\" content=\"fr_FR\" \/>\n<meta property=\"og:type\" content=\"article\" \/>\n<meta property=\"og:title\" content=\"Comment les ouvreurs ont fait face \u00e0 la pand\u00e9mie - HIERO STRASBOURG\" \/>\n<meta property=\"og:description\" content=\"Ce sont les premiers que l\u2019on croise \u00e0 chaque concert ou spectacle : les ouvreurs et ouvreuses exercent un m\u00e9tier fragile, notamment en p\u00e9riode de crise sanitaire. Avec les fermetures des salles de concert et de spectacle, tous ou presque ont perdu leurs contrats, et donc tous leurs revenus. Source \/ Lire la suite : Comment les ouvreurs ont fait face \u00e0 la pand\u00e9mie L\u2019article Comment les ouvreurs ont fait face \u00e0 la pand\u00e9mie est apparu en premier sur Musiques [&hellip;]\" \/>\n<meta property=\"og:url\" content=\"https:\/\/hierostrasbourg.com\/index.php\/2022\/02\/17\/comment-les-ouvreurs-ont-fait-face-a-la-pandemie\/\" \/>\n<meta property=\"og:site_name\" content=\"HIERO STRASBOURG\" \/>\n<meta property=\"article:publisher\" content=\"https:\/\/www.facebook.com\/fedehierostrasbourg\" \/>\n<meta property=\"article:published_time\" content=\"2022-02-17T08:21:40+00:00\" \/>\n<meta name=\"twitter:card\" content=\"summary_large_image\" \/>\n<meta name=\"twitter:creator\" content=\"@hierostrasbourg\" \/>\n<meta name=\"twitter:site\" content=\"@hierostrasbourg\" \/>\n<meta name=\"twitter:label1\" content=\"Dur\u00e9e de lecture estim\u00e9e\" \/>\n\t<meta name=\"twitter:data1\" content=\"1 minute\" \/>\n<script type=\"application\/ld+json\" class=\"yoast-schema-graph\">{\"@context\":\"https:\\\/\\\/schema.org\",\"@graph\":[{\"@type\":\"Article\",\"@id\":\"https:\\\/\\\/hierostrasbourg.com\\\/index.php\\\/2022\\\/02\\\/17\\\/comment-les-ouvreurs-ont-fait-face-a-la-pandemie\\\/#article\",\"isPartOf\":{\"@id\":\"https:\\\/\\\/hierostrasbourg.com\\\/index.php\\\/2022\\\/02\\\/17\\\/comment-les-ouvreurs-ont-fait-face-a-la-pandemie\\\/\"},\"author\":{\"name\":\"\",\"@id\":\"\"},\"headline\":\"Comment les ouvreurs ont fait face \u00e0 la pand\u00e9mie\",\"datePublished\":\"2022-02-17T08:21:40+00:00\",\"mainEntityOfPage\":{\"@id\":\"https:\\\/\\\/hierostrasbourg.com\\\/index.php\\\/2022\\\/02\\\/17\\\/comment-les-ouvreurs-ont-fait-face-a-la-pandemie\\\/\"},\"wordCount\":111,\"publisher\":{\"@id\":\"https:\\\/\\\/hierostrasbourg.com\\\/#organization\"},\"inLanguage\":\"fr-FR\"},{\"@type\":\"WebPage\",\"@id\":\"https:\\\/\\\/hierostrasbourg.com\\\/index.php\\\/2022\\\/02\\\/17\\\/comment-les-ouvreurs-ont-fait-face-a-la-pandemie\\\/\",\"url\":\"https:\\\/\\\/hierostrasbourg.com\\\/index.php\\\/2022\\\/02\\\/17\\\/comment-les-ouvreurs-ont-fait-face-a-la-pandemie\\\/\",\"name\":\"Comment les ouvreurs ont fait face \u00e0 la pand\u00e9mie - HIERO STRASBOURG\",\"isPartOf\":{\"@id\":\"https:\\\/\\\/hierostrasbourg.com\\\/#website\"},\"datePublished\":\"2022-02-17T08:21:40+00:00\",\"breadcrumb\":{\"@id\":\"https:\\\/\\\/hierostrasbourg.com\\\/index.php\\\/2022\\\/02\\\/17\\\/comment-les-ouvreurs-ont-fait-face-a-la-pandemie\\\/#breadcrumb\"},\"inLanguage\":\"fr-FR\",\"potentialAction\":[{\"@type\":\"ReadAction\",\"target\":[\"https:\\\/\\\/hierostrasbourg.com\\\/index.php\\\/2022\\\/02\\\/17\\\/comment-les-ouvreurs-ont-fait-face-a-la-pandemie\\\/\"]}]},{\"@type\":\"BreadcrumbList\",\"@id\":\"https:\\\/\\\/hierostrasbourg.com\\\/index.php\\\/2022\\\/02\\\/17\\\/comment-les-ouvreurs-ont-fait-face-a-la-pandemie\\\/#breadcrumb\",\"itemListElement\":[{\"@type\":\"ListItem\",\"position\":1,\"name\":\"Accueil\",\"item\":\"https:\\\/\\\/hierostrasbourg.com\\\/\"},{\"@type\":\"ListItem\",\"position\":2,\"name\":\"Comment les ouvreurs ont fait face \u00e0 la pand\u00e9mie\"}]},{\"@type\":\"WebSite\",\"@id\":\"https:\\\/\\\/hierostrasbourg.com\\\/#website\",\"url\":\"https:\\\/\\\/hierostrasbourg.com\\\/\",\"name\":\"HIERO STRASBOURG\",\"description\":\"Centre de Ressources Musiques Actuelles\",\"publisher\":{\"@id\":\"https:\\\/\\\/hierostrasbourg.com\\\/#organization\"},\"potentialAction\":[{\"@type\":\"SearchAction\",\"target\":{\"@type\":\"EntryPoint\",\"urlTemplate\":\"https:\\\/\\\/hierostrasbourg.com\\\/?s={search_term_string}\"},\"query-input\":{\"@type\":\"PropertyValueSpecification\",\"valueRequired\":true,\"valueName\":\"search_term_string\"}}],\"inLanguage\":\"fr-FR\"},{\"@type\":\"Organization\",\"@id\":\"https:\\\/\\\/hierostrasbourg.com\\\/#organization\",\"name\":\"F\u00e9d\u00e9ration Hi\u00e9ro Strasbourg\",\"url\":\"https:\\\/\\\/hierostrasbourg.com\\\/\",\"logo\":{\"@type\":\"ImageObject\",\"inLanguage\":\"fr-FR\",\"@id\":\"https:\\\/\\\/hierostrasbourg.com\\\/#\\\/schema\\\/logo\\\/image\\\/\",\"url\":\"https:\\\/\\\/hierostrasbourg.com\\\/wp-content\\\/uploads\\\/2026\\\/04\\\/logo-hiero-strasbourg.jpg\",\"contentUrl\":\"https:\\\/\\\/hierostrasbourg.com\\\/wp-content\\\/uploads\\\/2026\\\/04\\\/logo-hiero-strasbourg.jpg\",\"width\":204,\"height\":192,\"caption\":\"F\u00e9d\u00e9ration Hi\u00e9ro Strasbourg\"},\"image\":{\"@id\":\"https:\\\/\\\/hierostrasbourg.com\\\/#\\\/schema\\\/logo\\\/image\\\/\"},\"sameAs\":[\"https:\\\/\\\/www.facebook.com\\\/fedehierostrasbourg\",\"https:\\\/\\\/x.com\\\/hierostrasbourg\"]}]}<\/script>\n<!-- \/ Yoast SEO plugin. -->","yoast_head_json":{"title":"Comment les ouvreurs ont fait face \u00e0 la pand\u00e9mie - HIERO STRASBOURG","robots":{"index":"index","follow":"follow","max-snippet":"max-snippet:-1","max-image-preview":"max-image-preview:large","max-video-preview":"max-video-preview:-1"},"canonical":"https:\/\/hierostrasbourg.com\/index.php\/2022\/02\/17\/comment-les-ouvreurs-ont-fait-face-a-la-pandemie\/","og_locale":"fr_FR","og_type":"article","og_title":"Comment les ouvreurs ont fait face \u00e0 la pand\u00e9mie - HIERO STRASBOURG","og_description":"Ce sont les premiers que l\u2019on croise \u00e0 chaque concert ou spectacle : les ouvreurs et ouvreuses exercent un m\u00e9tier fragile, notamment en p\u00e9riode de crise sanitaire. Avec les fermetures des salles de concert et de spectacle, tous ou presque ont perdu leurs contrats, et donc tous leurs revenus. Source \/ Lire la suite : Comment les ouvreurs ont fait face \u00e0 la pand\u00e9mie L\u2019article Comment les ouvreurs ont fait face \u00e0 la pand\u00e9mie est apparu en premier sur Musiques [&hellip;]","og_url":"https:\/\/hierostrasbourg.com\/index.php\/2022\/02\/17\/comment-les-ouvreurs-ont-fait-face-a-la-pandemie\/","og_site_name":"HIERO STRASBOURG","article_publisher":"https:\/\/www.facebook.com\/fedehierostrasbourg","article_published_time":"2022-02-17T08:21:40+00:00","twitter_card":"summary_large_image","twitter_creator":"@hierostrasbourg","twitter_site":"@hierostrasbourg","twitter_misc":{"Dur\u00e9e de lecture estim\u00e9e":"1 minute"},"schema":{"@context":"https:\/\/schema.org","@graph":[{"@type":"Article","@id":"https:\/\/hierostrasbourg.com\/index.php\/2022\/02\/17\/comment-les-ouvreurs-ont-fait-face-a-la-pandemie\/#article","isPartOf":{"@id":"https:\/\/hierostrasbourg.com\/index.php\/2022\/02\/17\/comment-les-ouvreurs-ont-fait-face-a-la-pandemie\/"},"author":{"name":"","@id":""},"headline":"Comment les ouvreurs ont fait face \u00e0 la pand\u00e9mie","datePublished":"2022-02-17T08:21:40+00:00","mainEntityOfPage":{"@id":"https:\/\/hierostrasbourg.com\/index.php\/2022\/02\/17\/comment-les-ouvreurs-ont-fait-face-a-la-pandemie\/"},"wordCount":111,"publisher":{"@id":"https:\/\/hierostrasbourg.com\/#organization"},"inLanguage":"fr-FR"},{"@type":"WebPage","@id":"https:\/\/hierostrasbourg.com\/index.php\/2022\/02\/17\/comment-les-ouvreurs-ont-fait-face-a-la-pandemie\/","url":"https:\/\/hierostrasbourg.com\/index.php\/2022\/02\/17\/comment-les-ouvreurs-ont-fait-face-a-la-pandemie\/","name":"Comment les ouvreurs ont fait face \u00e0 la pand\u00e9mie - HIERO STRASBOURG","isPartOf":{"@id":"https:\/\/hierostrasbourg.com\/#website"},"datePublished":"2022-02-17T08:21:40+00:00","breadcrumb":{"@id":"https:\/\/hierostrasbourg.com\/index.php\/2022\/02\/17\/comment-les-ouvreurs-ont-fait-face-a-la-pandemie\/#breadcrumb"},"inLanguage":"fr-FR","potentialAction":[{"@type":"ReadAction","target":["https:\/\/hierostrasbourg.com\/index.php\/2022\/02\/17\/comment-les-ouvreurs-ont-fait-face-a-la-pandemie\/"]}]},{"@type":"BreadcrumbList","@id":"https:\/\/hierostrasbourg.com\/index.php\/2022\/02\/17\/comment-les-ouvreurs-ont-fait-face-a-la-pandemie\/#breadcrumb","itemListElement":[{"@type":"ListItem","position":1,"name":"Accueil","item":"https:\/\/hierostrasbourg.com\/"},{"@type":"ListItem","position":2,"name":"Comment les ouvreurs ont fait face \u00e0 la pand\u00e9mie"}]},{"@type":"WebSite","@id":"https:\/\/hierostrasbourg.com\/#website","url":"https:\/\/hierostrasbourg.com\/","name":"HIERO STRASBOURG","description":"Centre de Ressources Musiques Actuelles","publisher":{"@id":"https:\/\/hierostrasbourg.com\/#organization"},"potentialAction":[{"@type":"SearchAction","target":{"@type":"EntryPoint","urlTemplate":"https:\/\/hierostrasbourg.com\/?s={search_term_string}"},"query-input":{"@type":"PropertyValueSpecification","valueRequired":true,"valueName":"search_term_string"}}],"inLanguage":"fr-FR"},{"@type":"Organization","@id":"https:\/\/hierostrasbourg.com\/#organization","name":"F\u00e9d\u00e9ration Hi\u00e9ro Strasbourg","url":"https:\/\/hierostrasbourg.com\/","logo":{"@type":"ImageObject","inLanguage":"fr-FR","@id":"https:\/\/hierostrasbourg.com\/#\/schema\/logo\/image\/","url":"https:\/\/hierostrasbourg.com\/wp-content\/uploads\/2026\/04\/logo-hiero-strasbourg.jpg","contentUrl":"https:\/\/hierostrasbourg.com\/wp-content\/uploads\/2026\/04\/logo-hiero-strasbourg.jpg","width":204,"height":192,"caption":"F\u00e9d\u00e9ration Hi\u00e9ro Strasbourg"},"image":{"@id":"https:\/\/hierostrasbourg.com\/#\/schema\/logo\/image\/"},"sameAs":["https:\/\/www.facebook.com\/fedehierostrasbourg","https:\/\/x.com\/hierostrasbourg"]}]}},"_links":{"self":[{"href":"https:\/\/hierostrasbourg.com\/index.php\/wp-json\/wp\/v2\/posts\/1803","targetHints":{"allow":["GET"]}}],"collection":[{"href":"https:\/\/hierostrasbourg.com\/index.php\/wp-json\/wp\/v2\/posts"}],"about":[{"href":"https:\/\/hierostrasbourg.com\/index.php\/wp-json\/wp\/v2\/types\/post"}],"replies":[{"embeddable":true,"href":"https:\/\/hierostrasbourg.com\/index.php\/wp-json\/wp\/v2\/comments?post=1803"}],"version-history":[{"count":0,"href":"https:\/\/hierostrasbourg.com\/index.php\/wp-json\/wp\/v2\/posts\/1803\/revisions"}],"wp:attachment":[{"href":"https:\/\/hierostrasbourg.com\/index.php\/wp-json\/wp\/v2\/media?parent=1803"}],"wp:term":[{"taxonomy":"category","embeddable":true,"href":"https:\/\/hierostrasbourg.com\/index.php\/wp-json\/wp\/v2\/categories?post=1803"},{"taxonomy":"post_tag","embeddable":true,"href":"https:\/\/hierostrasbourg.com\/index.php\/wp-json\/wp\/v2\/tags?post=1803"}],"curies":[{"name":"wp","href":"https:\/\/api.w.org\/{rel}","templated":true}]}}