{"id":1801,"date":"2022-02-16T19:21:56","date_gmt":"2022-02-16T18:21:56","guid":{"rendered":"https:\/\/hierostrasbourg.com\/index.php\/2022\/02\/16\/le-tns-recrute-un-charge-de-la-communication-digitale-f-h-2\/"},"modified":"2022-02-16T19:21:56","modified_gmt":"2022-02-16T18:21:56","slug":"le-tns-recrute-un-charge-de-la-communication-digitale-f-h-2","status":"publish","type":"post","link":"https:\/\/hierostrasbourg.com\/index.php\/2022\/02\/16\/le-tns-recrute-un-charge-de-la-communication-digitale-f-h-2\/","title":{"rendered":"le TNS recrute un charg\u00e9 de la communication digitale [F\/H]"},"content":{"rendered":"<p>Lieu unique dans le paysage th\u00e9\u00e2tral fran\u00e7ais, le Th\u00e9\u00e2tre National de Strasbourg est le seul th\u00e9\u00e2tre national implant\u00e9 en r\u00e9gion. En son sein, il abrite une \u00c9cole sup\u00e9rieure d\u2019art dramatique, des ateliers de construction de d\u00e9cors et de costumes, des salles de spectacles et de r\u00e9p\u00e9titions.<\/p>\n<h2>Missions<\/h2>\n<p>Plac\u00e9\u00b7e sous l\u2019autorit\u00e9 de la responsable de la communication, il\u00b7elle est en charge de la mise en \u0153uvre, en concertation avec la responsable de la communication, de la strat\u00e9gie de communication et d\u2019information digitales de l\u2019\u00e9tablissement (th\u00e9\u00e2tre, \u00c9cole sup\u00e9rieure d\u2019art dramatique et autres activit\u00e9s) :<\/p>\n<p>le suivi du site internet de l\u2019\u00e9tablissement, impliquant de veiller \u00e0 sa mise \u00e0 jour quotidienne ;<br \/>\nla cr\u00e9ation de contenus \u00e0 destination, notamment, de l\u2019animation des r\u00e9seaux sociaux ;<br \/>\n\u2013 la mise \u00e0 jour des plateformes digitales ;<br \/>\nen collaboration avec le graphiste, le suivi de la r\u00e9alisation des documents li\u00e9s \u00e0 l\u2019activit\u00e9 (presse, \u00c9cole du TNS, administratif, technique) et leur mise en ligne ;<br \/>\nla r\u00e9alisation et la diffusion des supports digitaux en interne (\u00e9crans d\u2019information interne, notes internesetc.) et en externe (newsletter, mailings presse) en collaboration avec les services du TNS concern\u00e9s : Ressources humaines, Production, Technique, Ecole).<\/p>\n<p>L\u2019ensemble de ces activit\u00e9s est assur\u00e9 en collaboration \u00e9troite avec le service : le graphiste du TNS, la charg\u00e9e de la presse et du digital et le charg\u00e9 de la communication print et digital.<\/p>\n<h2>Profil recherch\u00e9<\/h2>\n<p>Connaissance des techniques de communication culturelle, des r\u00e9seaux de diffusion et de l\u2019activit\u00e9 th\u00e9\u00e2trale europ\u00e9enne<br \/>\nCapacit\u00e9 d\u2019organisation ; Bonne gestion des priorit\u00e9s ; Capacit\u00e9s relationnelles et r\u00e9dactionnelles ; ma\u00eetrise des outils de communication orale et \u00e9crite, num\u00e9riques et print ; Rigueur<br \/>\nDisponibilit\u00e9 ; sens de l\u2019anticipation et r\u00e9activit\u00e9 ; aisance relationnelle, bon contact avec les artistes<\/p>\n<p>Date de prise de fonction : 14 mars 2022<br \/>\nDate limite de candidature : 02\/03\/2022<br \/>\nR\u00e9mun\u00e9ration selon grille et exp\u00e9rience<br \/>\nCDD 3 mois<\/p>\n<p>D\u00e9placements professionnels locaux et nationaux. Disponibilit\u00e9 requise les soirs et week-end.<\/p>\n<p>Dans le cadre de sa strat\u00e9gie de Responsabilit\u00e9 Sociale des Organisations (RSO), le TNS s\u2019engage \u00e0 promouvoir l\u2019\u00e9galit\u00e9 professionnelle et la pr\u00e9vention des discriminations dans ses activit\u00e9s de recrutement. Une cellule d\u2019\u00e9coute, d\u2019alerte et de traitement est mise \u00e0 la disposition des candidat\u00b7e\u00b7s qui estimeraient avoir fait l\u2019objet d\u2019une rupture d\u2019\u00e9galit\u00e9 de traitement.<br \/>\nLes candidatures seront examin\u00e9es coll\u00e9gialement. Les personnes pr\u00e9s\u00e9lectionn\u00e9es seront invit\u00e9es \u00e0 un ou plusieurs entretiens d\u00e9but mars.<\/p>\n<p>Merci d\u2019adresser votre candidature accompagn\u00e9e d\u2019un CV et d\u2019une lettre de motivation en pr\u00e9cisant le service vis\u00e9 :<\/p>\n<p class=\"rteindent1\">\u2013 par email \u00e0 : Doroth\u00e9e Hepp\u00a0<a href=\"mailto:d.hepp@tns.fr?subject=Candidature%20spontan%C3%A9e&amp;body=Bonjour\">d.hepp@tns.fr<\/a><br \/>\n\u2013 ou par courrier \u00e0 : Th\u00e9\u00e2tre National de Strasbourg | 1 avenue de la Marseillaise | BP 40184 | 67005 Strasbourg cedex<\/p>\n<p>L\u2019article <a href=\"https:\/\/popburo.fr\/le-tns-recrute-un-charge-de-la-communication-digitale-f-h\/\">le TNS recrute un charg\u00e9 de la communication digitale [F\/H]<\/a> est apparu en premier sur <a href=\"https:\/\/popburo.fr\/\">POP B\u00dcRO<\/a>.<\/p>\n","protected":false},"excerpt":{"rendered":"<p>Lieu unique dans le paysage th\u00e9\u00e2tral fran\u00e7ais, le Th\u00e9\u00e2tre National de Strasbourg est le seul th\u00e9\u00e2tre national implant\u00e9 en r\u00e9gion. En son sein, il abrite une \u00c9cole sup\u00e9rieure d\u2019art dramatique, des ateliers de construction de d\u00e9cors et de costumes, des salles de spectacles et de r\u00e9p\u00e9titions. Missions Plac\u00e9\u00b7e sous l\u2019autorit\u00e9 de la responsable de la communication, il\u00b7elle est en charge de la mise en \u0153uvre, en concertation avec la responsable de la communication, de la strat\u00e9gie de communication et d\u2019information [&hellip;]<\/p>\n","protected":false},"author":0,"featured_media":0,"comment_status":"closed","ping_status":"open","sticky":false,"template":"","format":"standard","meta":{"footnotes":""},"categories":[1],"tags":[],"class_list":["post-1801","post","type-post","status-publish","format-standard","hentry","category-non-classe"],"yoast_head":"<!-- This site is optimized with the Yoast SEO plugin v27.4 - https:\/\/yoast.com\/product\/yoast-seo-wordpress\/ -->\n<title>le TNS recrute un charg\u00e9 de la communication digitale [F\/H] - HIERO STRASBOURG<\/title>\n<meta name=\"robots\" content=\"index, follow, max-snippet:-1, max-image-preview:large, max-video-preview:-1\" \/>\n<link rel=\"canonical\" href=\"https:\/\/hierostrasbourg.com\/index.php\/2022\/02\/16\/le-tns-recrute-un-charge-de-la-communication-digitale-f-h-2\/\" \/>\n<meta property=\"og:locale\" content=\"fr_FR\" \/>\n<meta property=\"og:type\" content=\"article\" \/>\n<meta property=\"og:title\" content=\"le TNS recrute un charg\u00e9 de la communication digitale [F\/H] - HIERO STRASBOURG\" \/>\n<meta property=\"og:description\" content=\"Lieu unique dans le paysage th\u00e9\u00e2tral fran\u00e7ais, le Th\u00e9\u00e2tre National de Strasbourg est le seul th\u00e9\u00e2tre national implant\u00e9 en r\u00e9gion. En son sein, il abrite une \u00c9cole sup\u00e9rieure d\u2019art dramatique, des ateliers de construction de d\u00e9cors et de costumes, des salles de spectacles et de r\u00e9p\u00e9titions. Missions Plac\u00e9\u00b7e sous l\u2019autorit\u00e9 de la responsable de la communication, il\u00b7elle est en charge de la mise en \u0153uvre, en concertation avec la responsable de la communication, de la strat\u00e9gie de communication et d\u2019information [&hellip;]\" \/>\n<meta property=\"og:url\" content=\"https:\/\/hierostrasbourg.com\/index.php\/2022\/02\/16\/le-tns-recrute-un-charge-de-la-communication-digitale-f-h-2\/\" \/>\n<meta property=\"og:site_name\" content=\"HIERO STRASBOURG\" \/>\n<meta property=\"article:publisher\" content=\"https:\/\/www.facebook.com\/fedehierostrasbourg\" \/>\n<meta property=\"article:published_time\" content=\"2022-02-16T18:21:56+00:00\" \/>\n<meta name=\"twitter:card\" content=\"summary_large_image\" \/>\n<meta name=\"twitter:creator\" content=\"@hierostrasbourg\" \/>\n<meta name=\"twitter:site\" content=\"@hierostrasbourg\" \/>\n<meta name=\"twitter:label1\" content=\"Dur\u00e9e de lecture estim\u00e9e\" \/>\n\t<meta name=\"twitter:data1\" content=\"2 minutes\" \/>\n<script type=\"application\/ld+json\" class=\"yoast-schema-graph\">{\"@context\":\"https:\\\/\\\/schema.org\",\"@graph\":[{\"@type\":\"Article\",\"@id\":\"https:\\\/\\\/hierostrasbourg.com\\\/index.php\\\/2022\\\/02\\\/16\\\/le-tns-recrute-un-charge-de-la-communication-digitale-f-h-2\\\/#article\",\"isPartOf\":{\"@id\":\"https:\\\/\\\/hierostrasbourg.com\\\/index.php\\\/2022\\\/02\\\/16\\\/le-tns-recrute-un-charge-de-la-communication-digitale-f-h-2\\\/\"},\"author\":{\"name\":\"\",\"@id\":\"\"},\"headline\":\"le TNS recrute un charg\u00e9 de la communication digitale [F\\\/H]\",\"datePublished\":\"2022-02-16T18:21:56+00:00\",\"mainEntityOfPage\":{\"@id\":\"https:\\\/\\\/hierostrasbourg.com\\\/index.php\\\/2022\\\/02\\\/16\\\/le-tns-recrute-un-charge-de-la-communication-digitale-f-h-2\\\/\"},\"wordCount\":507,\"publisher\":{\"@id\":\"https:\\\/\\\/hierostrasbourg.com\\\/#organization\"},\"inLanguage\":\"fr-FR\"},{\"@type\":\"WebPage\",\"@id\":\"https:\\\/\\\/hierostrasbourg.com\\\/index.php\\\/2022\\\/02\\\/16\\\/le-tns-recrute-un-charge-de-la-communication-digitale-f-h-2\\\/\",\"url\":\"https:\\\/\\\/hierostrasbourg.com\\\/index.php\\\/2022\\\/02\\\/16\\\/le-tns-recrute-un-charge-de-la-communication-digitale-f-h-2\\\/\",\"name\":\"le TNS recrute un charg\u00e9 de la communication digitale [F\\\/H] - HIERO STRASBOURG\",\"isPartOf\":{\"@id\":\"https:\\\/\\\/hierostrasbourg.com\\\/#website\"},\"datePublished\":\"2022-02-16T18:21:56+00:00\",\"breadcrumb\":{\"@id\":\"https:\\\/\\\/hierostrasbourg.com\\\/index.php\\\/2022\\\/02\\\/16\\\/le-tns-recrute-un-charge-de-la-communication-digitale-f-h-2\\\/#breadcrumb\"},\"inLanguage\":\"fr-FR\",\"potentialAction\":[{\"@type\":\"ReadAction\",\"target\":[\"https:\\\/\\\/hierostrasbourg.com\\\/index.php\\\/2022\\\/02\\\/16\\\/le-tns-recrute-un-charge-de-la-communication-digitale-f-h-2\\\/\"]}]},{\"@type\":\"BreadcrumbList\",\"@id\":\"https:\\\/\\\/hierostrasbourg.com\\\/index.php\\\/2022\\\/02\\\/16\\\/le-tns-recrute-un-charge-de-la-communication-digitale-f-h-2\\\/#breadcrumb\",\"itemListElement\":[{\"@type\":\"ListItem\",\"position\":1,\"name\":\"Accueil\",\"item\":\"https:\\\/\\\/hierostrasbourg.com\\\/\"},{\"@type\":\"ListItem\",\"position\":2,\"name\":\"le TNS recrute un charg\u00e9 de la communication digitale [F\\\/H]\"}]},{\"@type\":\"WebSite\",\"@id\":\"https:\\\/\\\/hierostrasbourg.com\\\/#website\",\"url\":\"https:\\\/\\\/hierostrasbourg.com\\\/\",\"name\":\"HIERO STRASBOURG\",\"description\":\"Centre de Ressources Musiques Actuelles\",\"publisher\":{\"@id\":\"https:\\\/\\\/hierostrasbourg.com\\\/#organization\"},\"potentialAction\":[{\"@type\":\"SearchAction\",\"target\":{\"@type\":\"EntryPoint\",\"urlTemplate\":\"https:\\\/\\\/hierostrasbourg.com\\\/?s={search_term_string}\"},\"query-input\":{\"@type\":\"PropertyValueSpecification\",\"valueRequired\":true,\"valueName\":\"search_term_string\"}}],\"inLanguage\":\"fr-FR\"},{\"@type\":\"Organization\",\"@id\":\"https:\\\/\\\/hierostrasbourg.com\\\/#organization\",\"name\":\"F\u00e9d\u00e9ration Hi\u00e9ro Strasbourg\",\"url\":\"https:\\\/\\\/hierostrasbourg.com\\\/\",\"logo\":{\"@type\":\"ImageObject\",\"inLanguage\":\"fr-FR\",\"@id\":\"https:\\\/\\\/hierostrasbourg.com\\\/#\\\/schema\\\/logo\\\/image\\\/\",\"url\":\"https:\\\/\\\/hierostrasbourg.com\\\/wp-content\\\/uploads\\\/2026\\\/04\\\/logo-hiero-strasbourg.jpg\",\"contentUrl\":\"https:\\\/\\\/hierostrasbourg.com\\\/wp-content\\\/uploads\\\/2026\\\/04\\\/logo-hiero-strasbourg.jpg\",\"width\":204,\"height\":192,\"caption\":\"F\u00e9d\u00e9ration Hi\u00e9ro Strasbourg\"},\"image\":{\"@id\":\"https:\\\/\\\/hierostrasbourg.com\\\/#\\\/schema\\\/logo\\\/image\\\/\"},\"sameAs\":[\"https:\\\/\\\/www.facebook.com\\\/fedehierostrasbourg\",\"https:\\\/\\\/x.com\\\/hierostrasbourg\"]}]}<\/script>\n<!-- \/ Yoast SEO plugin. -->","yoast_head_json":{"title":"le TNS recrute un charg\u00e9 de la communication digitale [F\/H] - HIERO STRASBOURG","robots":{"index":"index","follow":"follow","max-snippet":"max-snippet:-1","max-image-preview":"max-image-preview:large","max-video-preview":"max-video-preview:-1"},"canonical":"https:\/\/hierostrasbourg.com\/index.php\/2022\/02\/16\/le-tns-recrute-un-charge-de-la-communication-digitale-f-h-2\/","og_locale":"fr_FR","og_type":"article","og_title":"le TNS recrute un charg\u00e9 de la communication digitale [F\/H] - HIERO STRASBOURG","og_description":"Lieu unique dans le paysage th\u00e9\u00e2tral fran\u00e7ais, le Th\u00e9\u00e2tre National de Strasbourg est le seul th\u00e9\u00e2tre national implant\u00e9 en r\u00e9gion. En son sein, il abrite une \u00c9cole sup\u00e9rieure d\u2019art dramatique, des ateliers de construction de d\u00e9cors et de costumes, des salles de spectacles et de r\u00e9p\u00e9titions. Missions Plac\u00e9\u00b7e sous l\u2019autorit\u00e9 de la responsable de la communication, il\u00b7elle est en charge de la mise en \u0153uvre, en concertation avec la responsable de la communication, de la strat\u00e9gie de communication et d\u2019information [&hellip;]","og_url":"https:\/\/hierostrasbourg.com\/index.php\/2022\/02\/16\/le-tns-recrute-un-charge-de-la-communication-digitale-f-h-2\/","og_site_name":"HIERO STRASBOURG","article_publisher":"https:\/\/www.facebook.com\/fedehierostrasbourg","article_published_time":"2022-02-16T18:21:56+00:00","twitter_card":"summary_large_image","twitter_creator":"@hierostrasbourg","twitter_site":"@hierostrasbourg","twitter_misc":{"Dur\u00e9e de lecture estim\u00e9e":"2 minutes"},"schema":{"@context":"https:\/\/schema.org","@graph":[{"@type":"Article","@id":"https:\/\/hierostrasbourg.com\/index.php\/2022\/02\/16\/le-tns-recrute-un-charge-de-la-communication-digitale-f-h-2\/#article","isPartOf":{"@id":"https:\/\/hierostrasbourg.com\/index.php\/2022\/02\/16\/le-tns-recrute-un-charge-de-la-communication-digitale-f-h-2\/"},"author":{"name":"","@id":""},"headline":"le TNS recrute un charg\u00e9 de la communication digitale [F\/H]","datePublished":"2022-02-16T18:21:56+00:00","mainEntityOfPage":{"@id":"https:\/\/hierostrasbourg.com\/index.php\/2022\/02\/16\/le-tns-recrute-un-charge-de-la-communication-digitale-f-h-2\/"},"wordCount":507,"publisher":{"@id":"https:\/\/hierostrasbourg.com\/#organization"},"inLanguage":"fr-FR"},{"@type":"WebPage","@id":"https:\/\/hierostrasbourg.com\/index.php\/2022\/02\/16\/le-tns-recrute-un-charge-de-la-communication-digitale-f-h-2\/","url":"https:\/\/hierostrasbourg.com\/index.php\/2022\/02\/16\/le-tns-recrute-un-charge-de-la-communication-digitale-f-h-2\/","name":"le TNS recrute un charg\u00e9 de la communication digitale [F\/H] - HIERO STRASBOURG","isPartOf":{"@id":"https:\/\/hierostrasbourg.com\/#website"},"datePublished":"2022-02-16T18:21:56+00:00","breadcrumb":{"@id":"https:\/\/hierostrasbourg.com\/index.php\/2022\/02\/16\/le-tns-recrute-un-charge-de-la-communication-digitale-f-h-2\/#breadcrumb"},"inLanguage":"fr-FR","potentialAction":[{"@type":"ReadAction","target":["https:\/\/hierostrasbourg.com\/index.php\/2022\/02\/16\/le-tns-recrute-un-charge-de-la-communication-digitale-f-h-2\/"]}]},{"@type":"BreadcrumbList","@id":"https:\/\/hierostrasbourg.com\/index.php\/2022\/02\/16\/le-tns-recrute-un-charge-de-la-communication-digitale-f-h-2\/#breadcrumb","itemListElement":[{"@type":"ListItem","position":1,"name":"Accueil","item":"https:\/\/hierostrasbourg.com\/"},{"@type":"ListItem","position":2,"name":"le TNS recrute un charg\u00e9 de la communication digitale [F\/H]"}]},{"@type":"WebSite","@id":"https:\/\/hierostrasbourg.com\/#website","url":"https:\/\/hierostrasbourg.com\/","name":"HIERO STRASBOURG","description":"Centre de Ressources Musiques Actuelles","publisher":{"@id":"https:\/\/hierostrasbourg.com\/#organization"},"potentialAction":[{"@type":"SearchAction","target":{"@type":"EntryPoint","urlTemplate":"https:\/\/hierostrasbourg.com\/?s={search_term_string}"},"query-input":{"@type":"PropertyValueSpecification","valueRequired":true,"valueName":"search_term_string"}}],"inLanguage":"fr-FR"},{"@type":"Organization","@id":"https:\/\/hierostrasbourg.com\/#organization","name":"F\u00e9d\u00e9ration Hi\u00e9ro Strasbourg","url":"https:\/\/hierostrasbourg.com\/","logo":{"@type":"ImageObject","inLanguage":"fr-FR","@id":"https:\/\/hierostrasbourg.com\/#\/schema\/logo\/image\/","url":"https:\/\/hierostrasbourg.com\/wp-content\/uploads\/2026\/04\/logo-hiero-strasbourg.jpg","contentUrl":"https:\/\/hierostrasbourg.com\/wp-content\/uploads\/2026\/04\/logo-hiero-strasbourg.jpg","width":204,"height":192,"caption":"F\u00e9d\u00e9ration Hi\u00e9ro Strasbourg"},"image":{"@id":"https:\/\/hierostrasbourg.com\/#\/schema\/logo\/image\/"},"sameAs":["https:\/\/www.facebook.com\/fedehierostrasbourg","https:\/\/x.com\/hierostrasbourg"]}]}},"_links":{"self":[{"href":"https:\/\/hierostrasbourg.com\/index.php\/wp-json\/wp\/v2\/posts\/1801","targetHints":{"allow":["GET"]}}],"collection":[{"href":"https:\/\/hierostrasbourg.com\/index.php\/wp-json\/wp\/v2\/posts"}],"about":[{"href":"https:\/\/hierostrasbourg.com\/index.php\/wp-json\/wp\/v2\/types\/post"}],"replies":[{"embeddable":true,"href":"https:\/\/hierostrasbourg.com\/index.php\/wp-json\/wp\/v2\/comments?post=1801"}],"version-history":[{"count":0,"href":"https:\/\/hierostrasbourg.com\/index.php\/wp-json\/wp\/v2\/posts\/1801\/revisions"}],"wp:attachment":[{"href":"https:\/\/hierostrasbourg.com\/index.php\/wp-json\/wp\/v2\/media?parent=1801"}],"wp:term":[{"taxonomy":"category","embeddable":true,"href":"https:\/\/hierostrasbourg.com\/index.php\/wp-json\/wp\/v2\/categories?post=1801"},{"taxonomy":"post_tag","embeddable":true,"href":"https:\/\/hierostrasbourg.com\/index.php\/wp-json\/wp\/v2\/tags?post=1801"}],"curies":[{"name":"wp","href":"https:\/\/api.w.org\/{rel}","templated":true}]}}