{"id":1800,"date":"2022-02-16T19:21:56","date_gmt":"2022-02-16T18:21:56","guid":{"rendered":"https:\/\/hierostrasbourg.com\/index.php\/2022\/02\/16\/les-concerts-debout-reprennent-mais-les-francais-ont-perdu-lhabitude-dy-aller-2\/"},"modified":"2022-02-16T19:21:56","modified_gmt":"2022-02-16T18:21:56","slug":"les-concerts-debout-reprennent-mais-les-francais-ont-perdu-lhabitude-dy-aller-2","status":"publish","type":"post","link":"https:\/\/hierostrasbourg.com\/index.php\/2022\/02\/16\/les-concerts-debout-reprennent-mais-les-francais-ont-perdu-lhabitude-dy-aller-2\/","title":{"rendered":"Les concerts debout reprennent, mais les Fran\u00e7ais ont perdu l\u2019habitude d\u2019y aller"},"content":{"rendered":"<p><em>Alors que les concerts debout red\u00e9marrent ce 16 f\u00e9vrier, le monde de la musique en appelle au gouvernement pour redonner aux Fran\u00e7ais l\u2019envie d\u2019aller dans les salles.<\/em><\/p>\n<p>Source \/ Lire la suite : <a href=\"https:\/\/www.huffingtonpost.fr\/entry\/les-concerts-debout-reprennent-mais-les-francais-ont-perdu-lhabitude-dy-aller_fr_620a5289e4b03230246dd09a\">Les concerts debout reprennent, mais les Fran\u00e7ais ont perdu l\u2019habitude d\u2019y aller<\/a><\/p>\n<p>L\u2019article <a href=\"https:\/\/popburo.fr\/les-concerts-debout-reprennent-mais-les-francais-ont-perdu-lhabitude-dy-aller\/\">Les concerts debout reprennent, mais les Fran\u00e7ais ont perdu l\u2019habitude d\u2019y aller<\/a> est apparu en premier sur <a href=\"https:\/\/popburo.fr\/\">POP B\u00dcRO<\/a>.<\/p>\n","protected":false},"excerpt":{"rendered":"<p>Alors que les concerts debout red\u00e9marrent ce 16 f\u00e9vrier, le monde de la musique en appelle au gouvernement pour redonner aux Fran\u00e7ais l\u2019envie d\u2019aller dans les salles. Source \/ Lire la suite : Les concerts debout reprennent, mais les Fran\u00e7ais ont perdu l\u2019habitude d\u2019y aller L\u2019article Les concerts debout reprennent, mais les Fran\u00e7ais ont perdu l\u2019habitude d\u2019y aller est apparu en premier sur POP B\u00dcRO.<\/p>\n","protected":false},"author":0,"featured_media":0,"comment_status":"closed","ping_status":"open","sticky":false,"template":"","format":"standard","meta":{"footnotes":""},"categories":[1],"tags":[],"class_list":["post-1800","post","type-post","status-publish","format-standard","hentry","category-non-classe"],"yoast_head":"<!-- This site is optimized with the Yoast SEO plugin v27.4 - https:\/\/yoast.com\/product\/yoast-seo-wordpress\/ -->\n<title>Les concerts debout reprennent, mais les Fran\u00e7ais ont perdu l\u2019habitude d\u2019y aller - HIERO STRASBOURG<\/title>\n<meta name=\"robots\" content=\"index, follow, max-snippet:-1, max-image-preview:large, max-video-preview:-1\" \/>\n<link rel=\"canonical\" href=\"https:\/\/hierostrasbourg.com\/index.php\/2022\/02\/16\/les-concerts-debout-reprennent-mais-les-francais-ont-perdu-lhabitude-dy-aller-2\/\" \/>\n<meta property=\"og:locale\" content=\"fr_FR\" \/>\n<meta property=\"og:type\" content=\"article\" \/>\n<meta property=\"og:title\" content=\"Les concerts debout reprennent, mais les Fran\u00e7ais ont perdu l\u2019habitude d\u2019y aller - HIERO STRASBOURG\" \/>\n<meta property=\"og:description\" content=\"Alors que les concerts debout red\u00e9marrent ce 16 f\u00e9vrier, le monde de la musique en appelle au gouvernement pour redonner aux Fran\u00e7ais l\u2019envie d\u2019aller dans les salles. Source \/ Lire la suite : Les concerts debout reprennent, mais les Fran\u00e7ais ont perdu l\u2019habitude d\u2019y aller L\u2019article Les concerts debout reprennent, mais les Fran\u00e7ais ont perdu l\u2019habitude d\u2019y aller est apparu en premier sur POP B\u00dcRO.\" \/>\n<meta property=\"og:url\" content=\"https:\/\/hierostrasbourg.com\/index.php\/2022\/02\/16\/les-concerts-debout-reprennent-mais-les-francais-ont-perdu-lhabitude-dy-aller-2\/\" \/>\n<meta property=\"og:site_name\" content=\"HIERO STRASBOURG\" \/>\n<meta property=\"article:publisher\" content=\"https:\/\/www.facebook.com\/fedehierostrasbourg\" \/>\n<meta property=\"article:published_time\" content=\"2022-02-16T18:21:56+00:00\" \/>\n<meta name=\"twitter:card\" content=\"summary_large_image\" \/>\n<meta name=\"twitter:creator\" content=\"@hierostrasbourg\" \/>\n<meta name=\"twitter:site\" content=\"@hierostrasbourg\" \/>\n<script type=\"application\/ld+json\" class=\"yoast-schema-graph\">{\"@context\":\"https:\\\/\\\/schema.org\",\"@graph\":[{\"@type\":\"Article\",\"@id\":\"https:\\\/\\\/hierostrasbourg.com\\\/index.php\\\/2022\\\/02\\\/16\\\/les-concerts-debout-reprennent-mais-les-francais-ont-perdu-lhabitude-dy-aller-2\\\/#article\",\"isPartOf\":{\"@id\":\"https:\\\/\\\/hierostrasbourg.com\\\/index.php\\\/2022\\\/02\\\/16\\\/les-concerts-debout-reprennent-mais-les-francais-ont-perdu-lhabitude-dy-aller-2\\\/\"},\"author\":{\"name\":\"\",\"@id\":\"\"},\"headline\":\"Les concerts debout reprennent, mais les Fran\u00e7ais ont perdu l\u2019habitude d\u2019y aller\",\"datePublished\":\"2022-02-16T18:21:56+00:00\",\"mainEntityOfPage\":{\"@id\":\"https:\\\/\\\/hierostrasbourg.com\\\/index.php\\\/2022\\\/02\\\/16\\\/les-concerts-debout-reprennent-mais-les-francais-ont-perdu-lhabitude-dy-aller-2\\\/\"},\"wordCount\":90,\"publisher\":{\"@id\":\"https:\\\/\\\/hierostrasbourg.com\\\/#organization\"},\"inLanguage\":\"fr-FR\"},{\"@type\":\"WebPage\",\"@id\":\"https:\\\/\\\/hierostrasbourg.com\\\/index.php\\\/2022\\\/02\\\/16\\\/les-concerts-debout-reprennent-mais-les-francais-ont-perdu-lhabitude-dy-aller-2\\\/\",\"url\":\"https:\\\/\\\/hierostrasbourg.com\\\/index.php\\\/2022\\\/02\\\/16\\\/les-concerts-debout-reprennent-mais-les-francais-ont-perdu-lhabitude-dy-aller-2\\\/\",\"name\":\"Les concerts debout reprennent, mais les Fran\u00e7ais ont perdu l\u2019habitude d\u2019y aller - HIERO STRASBOURG\",\"isPartOf\":{\"@id\":\"https:\\\/\\\/hierostrasbourg.com\\\/#website\"},\"datePublished\":\"2022-02-16T18:21:56+00:00\",\"breadcrumb\":{\"@id\":\"https:\\\/\\\/hierostrasbourg.com\\\/index.php\\\/2022\\\/02\\\/16\\\/les-concerts-debout-reprennent-mais-les-francais-ont-perdu-lhabitude-dy-aller-2\\\/#breadcrumb\"},\"inLanguage\":\"fr-FR\",\"potentialAction\":[{\"@type\":\"ReadAction\",\"target\":[\"https:\\\/\\\/hierostrasbourg.com\\\/index.php\\\/2022\\\/02\\\/16\\\/les-concerts-debout-reprennent-mais-les-francais-ont-perdu-lhabitude-dy-aller-2\\\/\"]}]},{\"@type\":\"BreadcrumbList\",\"@id\":\"https:\\\/\\\/hierostrasbourg.com\\\/index.php\\\/2022\\\/02\\\/16\\\/les-concerts-debout-reprennent-mais-les-francais-ont-perdu-lhabitude-dy-aller-2\\\/#breadcrumb\",\"itemListElement\":[{\"@type\":\"ListItem\",\"position\":1,\"name\":\"Accueil\",\"item\":\"https:\\\/\\\/hierostrasbourg.com\\\/\"},{\"@type\":\"ListItem\",\"position\":2,\"name\":\"Les concerts debout reprennent, mais les Fran\u00e7ais ont perdu l\u2019habitude d\u2019y aller\"}]},{\"@type\":\"WebSite\",\"@id\":\"https:\\\/\\\/hierostrasbourg.com\\\/#website\",\"url\":\"https:\\\/\\\/hierostrasbourg.com\\\/\",\"name\":\"HIERO STRASBOURG\",\"description\":\"Centre de Ressources Musiques Actuelles\",\"publisher\":{\"@id\":\"https:\\\/\\\/hierostrasbourg.com\\\/#organization\"},\"potentialAction\":[{\"@type\":\"SearchAction\",\"target\":{\"@type\":\"EntryPoint\",\"urlTemplate\":\"https:\\\/\\\/hierostrasbourg.com\\\/?s={search_term_string}\"},\"query-input\":{\"@type\":\"PropertyValueSpecification\",\"valueRequired\":true,\"valueName\":\"search_term_string\"}}],\"inLanguage\":\"fr-FR\"},{\"@type\":\"Organization\",\"@id\":\"https:\\\/\\\/hierostrasbourg.com\\\/#organization\",\"name\":\"F\u00e9d\u00e9ration Hi\u00e9ro Strasbourg\",\"url\":\"https:\\\/\\\/hierostrasbourg.com\\\/\",\"logo\":{\"@type\":\"ImageObject\",\"inLanguage\":\"fr-FR\",\"@id\":\"https:\\\/\\\/hierostrasbourg.com\\\/#\\\/schema\\\/logo\\\/image\\\/\",\"url\":\"https:\\\/\\\/hierostrasbourg.com\\\/wp-content\\\/uploads\\\/2026\\\/04\\\/logo-hiero-strasbourg.jpg\",\"contentUrl\":\"https:\\\/\\\/hierostrasbourg.com\\\/wp-content\\\/uploads\\\/2026\\\/04\\\/logo-hiero-strasbourg.jpg\",\"width\":204,\"height\":192,\"caption\":\"F\u00e9d\u00e9ration Hi\u00e9ro Strasbourg\"},\"image\":{\"@id\":\"https:\\\/\\\/hierostrasbourg.com\\\/#\\\/schema\\\/logo\\\/image\\\/\"},\"sameAs\":[\"https:\\\/\\\/www.facebook.com\\\/fedehierostrasbourg\",\"https:\\\/\\\/x.com\\\/hierostrasbourg\"]}]}<\/script>\n<!-- \/ Yoast SEO plugin. -->","yoast_head_json":{"title":"Les concerts debout reprennent, mais les Fran\u00e7ais ont perdu l\u2019habitude d\u2019y aller - HIERO STRASBOURG","robots":{"index":"index","follow":"follow","max-snippet":"max-snippet:-1","max-image-preview":"max-image-preview:large","max-video-preview":"max-video-preview:-1"},"canonical":"https:\/\/hierostrasbourg.com\/index.php\/2022\/02\/16\/les-concerts-debout-reprennent-mais-les-francais-ont-perdu-lhabitude-dy-aller-2\/","og_locale":"fr_FR","og_type":"article","og_title":"Les concerts debout reprennent, mais les Fran\u00e7ais ont perdu l\u2019habitude d\u2019y aller - HIERO STRASBOURG","og_description":"Alors que les concerts debout red\u00e9marrent ce 16 f\u00e9vrier, le monde de la musique en appelle au gouvernement pour redonner aux Fran\u00e7ais l\u2019envie d\u2019aller dans les salles. Source \/ Lire la suite : Les concerts debout reprennent, mais les Fran\u00e7ais ont perdu l\u2019habitude d\u2019y aller L\u2019article Les concerts debout reprennent, mais les Fran\u00e7ais ont perdu l\u2019habitude d\u2019y aller est apparu en premier sur POP B\u00dcRO.","og_url":"https:\/\/hierostrasbourg.com\/index.php\/2022\/02\/16\/les-concerts-debout-reprennent-mais-les-francais-ont-perdu-lhabitude-dy-aller-2\/","og_site_name":"HIERO STRASBOURG","article_publisher":"https:\/\/www.facebook.com\/fedehierostrasbourg","article_published_time":"2022-02-16T18:21:56+00:00","twitter_card":"summary_large_image","twitter_creator":"@hierostrasbourg","twitter_site":"@hierostrasbourg","schema":{"@context":"https:\/\/schema.org","@graph":[{"@type":"Article","@id":"https:\/\/hierostrasbourg.com\/index.php\/2022\/02\/16\/les-concerts-debout-reprennent-mais-les-francais-ont-perdu-lhabitude-dy-aller-2\/#article","isPartOf":{"@id":"https:\/\/hierostrasbourg.com\/index.php\/2022\/02\/16\/les-concerts-debout-reprennent-mais-les-francais-ont-perdu-lhabitude-dy-aller-2\/"},"author":{"name":"","@id":""},"headline":"Les concerts debout reprennent, mais les Fran\u00e7ais ont perdu l\u2019habitude d\u2019y aller","datePublished":"2022-02-16T18:21:56+00:00","mainEntityOfPage":{"@id":"https:\/\/hierostrasbourg.com\/index.php\/2022\/02\/16\/les-concerts-debout-reprennent-mais-les-francais-ont-perdu-lhabitude-dy-aller-2\/"},"wordCount":90,"publisher":{"@id":"https:\/\/hierostrasbourg.com\/#organization"},"inLanguage":"fr-FR"},{"@type":"WebPage","@id":"https:\/\/hierostrasbourg.com\/index.php\/2022\/02\/16\/les-concerts-debout-reprennent-mais-les-francais-ont-perdu-lhabitude-dy-aller-2\/","url":"https:\/\/hierostrasbourg.com\/index.php\/2022\/02\/16\/les-concerts-debout-reprennent-mais-les-francais-ont-perdu-lhabitude-dy-aller-2\/","name":"Les concerts debout reprennent, mais les Fran\u00e7ais ont perdu l\u2019habitude d\u2019y aller - HIERO STRASBOURG","isPartOf":{"@id":"https:\/\/hierostrasbourg.com\/#website"},"datePublished":"2022-02-16T18:21:56+00:00","breadcrumb":{"@id":"https:\/\/hierostrasbourg.com\/index.php\/2022\/02\/16\/les-concerts-debout-reprennent-mais-les-francais-ont-perdu-lhabitude-dy-aller-2\/#breadcrumb"},"inLanguage":"fr-FR","potentialAction":[{"@type":"ReadAction","target":["https:\/\/hierostrasbourg.com\/index.php\/2022\/02\/16\/les-concerts-debout-reprennent-mais-les-francais-ont-perdu-lhabitude-dy-aller-2\/"]}]},{"@type":"BreadcrumbList","@id":"https:\/\/hierostrasbourg.com\/index.php\/2022\/02\/16\/les-concerts-debout-reprennent-mais-les-francais-ont-perdu-lhabitude-dy-aller-2\/#breadcrumb","itemListElement":[{"@type":"ListItem","position":1,"name":"Accueil","item":"https:\/\/hierostrasbourg.com\/"},{"@type":"ListItem","position":2,"name":"Les concerts debout reprennent, mais les Fran\u00e7ais ont perdu l\u2019habitude d\u2019y aller"}]},{"@type":"WebSite","@id":"https:\/\/hierostrasbourg.com\/#website","url":"https:\/\/hierostrasbourg.com\/","name":"HIERO STRASBOURG","description":"Centre de Ressources Musiques Actuelles","publisher":{"@id":"https:\/\/hierostrasbourg.com\/#organization"},"potentialAction":[{"@type":"SearchAction","target":{"@type":"EntryPoint","urlTemplate":"https:\/\/hierostrasbourg.com\/?s={search_term_string}"},"query-input":{"@type":"PropertyValueSpecification","valueRequired":true,"valueName":"search_term_string"}}],"inLanguage":"fr-FR"},{"@type":"Organization","@id":"https:\/\/hierostrasbourg.com\/#organization","name":"F\u00e9d\u00e9ration Hi\u00e9ro Strasbourg","url":"https:\/\/hierostrasbourg.com\/","logo":{"@type":"ImageObject","inLanguage":"fr-FR","@id":"https:\/\/hierostrasbourg.com\/#\/schema\/logo\/image\/","url":"https:\/\/hierostrasbourg.com\/wp-content\/uploads\/2026\/04\/logo-hiero-strasbourg.jpg","contentUrl":"https:\/\/hierostrasbourg.com\/wp-content\/uploads\/2026\/04\/logo-hiero-strasbourg.jpg","width":204,"height":192,"caption":"F\u00e9d\u00e9ration Hi\u00e9ro Strasbourg"},"image":{"@id":"https:\/\/hierostrasbourg.com\/#\/schema\/logo\/image\/"},"sameAs":["https:\/\/www.facebook.com\/fedehierostrasbourg","https:\/\/x.com\/hierostrasbourg"]}]}},"_links":{"self":[{"href":"https:\/\/hierostrasbourg.com\/index.php\/wp-json\/wp\/v2\/posts\/1800","targetHints":{"allow":["GET"]}}],"collection":[{"href":"https:\/\/hierostrasbourg.com\/index.php\/wp-json\/wp\/v2\/posts"}],"about":[{"href":"https:\/\/hierostrasbourg.com\/index.php\/wp-json\/wp\/v2\/types\/post"}],"replies":[{"embeddable":true,"href":"https:\/\/hierostrasbourg.com\/index.php\/wp-json\/wp\/v2\/comments?post=1800"}],"version-history":[{"count":0,"href":"https:\/\/hierostrasbourg.com\/index.php\/wp-json\/wp\/v2\/posts\/1800\/revisions"}],"wp:attachment":[{"href":"https:\/\/hierostrasbourg.com\/index.php\/wp-json\/wp\/v2\/media?parent=1800"}],"wp:term":[{"taxonomy":"category","embeddable":true,"href":"https:\/\/hierostrasbourg.com\/index.php\/wp-json\/wp\/v2\/categories?post=1800"},{"taxonomy":"post_tag","embeddable":true,"href":"https:\/\/hierostrasbourg.com\/index.php\/wp-json\/wp\/v2\/tags?post=1800"}],"curies":[{"name":"wp","href":"https:\/\/api.w.org\/{rel}","templated":true}]}}