{"id":1798,"date":"2022-02-16T19:21:56","date_gmt":"2022-02-16T18:21:56","guid":{"rendered":"https:\/\/hierostrasbourg.com\/index.php\/2022\/02\/16\/le-tns-recrute-un-charge-de-la-communication-digitale-f-h\/"},"modified":"2022-02-16T19:21:56","modified_gmt":"2022-02-16T18:21:56","slug":"le-tns-recrute-un-charge-de-la-communication-digitale-f-h","status":"publish","type":"post","link":"https:\/\/hierostrasbourg.com\/index.php\/2022\/02\/16\/le-tns-recrute-un-charge-de-la-communication-digitale-f-h\/","title":{"rendered":"le TNS recrute un charg\u00e9 de la communication digitale [F\/H]"},"content":{"rendered":"<p><a href=\"https:\/\/musiquesactuelles.alsace\/le-tns-recrute-un-charge-de-la-communication-digitale-f-h\/\" title=\"le TNS recrute un charg\u00e9 de la communication digitale [F\/H]\"><\/a><\/p>\n<p>Lieu unique dans le paysage th\u00e9\u00e2tral fran\u00e7ais, le Th\u00e9\u00e2tre National de Strasbourg est le seul th\u00e9\u00e2tre national implant\u00e9 en r\u00e9gion. En son sein, il abrite une \u00c9cole sup\u00e9rieure d\u2019art dramatique, des ateliers de construction de d\u00e9cors et de costumes, des salles de spectacles et de r\u00e9p\u00e9titions. Missions Plac\u00e9\u00b7e sous l\u2019autorit\u00e9 de la responsable de la communication, il\u00b7elle est en charge de la mise en \u0153uvre, en concertation avec la responsable de la communication, de la strat\u00e9gie de communication et d\u2019information [\u2026]<\/p>\n<p>L\u2019article <a href=\"https:\/\/musiquesactuelles.alsace\/le-tns-recrute-un-charge-de-la-communication-digitale-f-h\/\">le TNS recrute un charg\u00e9 de la communication digitale [F\/H]<\/a> est apparu en premier sur <a href=\"https:\/\/musiquesactuelles.alsace\/\">Musiques Actuelles en Alsace<\/a>.<\/p>\n<p>L\u2019article <a href=\"https:\/\/popburo.fr\/le-tns-recrute-un-charge-de-la-communication-digitale-f-h-2\/\">le TNS recrute un charg\u00e9 de la communication digitale [F\/H]<\/a> est apparu en premier sur <a href=\"https:\/\/popburo.fr\/\">POP B\u00dcRO<\/a>.<\/p>\n","protected":false},"excerpt":{"rendered":"<p>Lieu unique dans le paysage th\u00e9\u00e2tral fran\u00e7ais, le Th\u00e9\u00e2tre National de Strasbourg est le seul th\u00e9\u00e2tre national implant\u00e9 en r\u00e9gion. En son sein, il abrite une \u00c9cole sup\u00e9rieure d\u2019art dramatique, des ateliers de construction de d\u00e9cors et de costumes, des salles de spectacles et de r\u00e9p\u00e9titions. Missions Plac\u00e9\u00b7e sous l\u2019autorit\u00e9 de la responsable de la communication, il\u00b7elle est en charge de la mise en \u0153uvre, en concertation avec la responsable de la communication, de la strat\u00e9gie de communication et d\u2019information [&hellip;]<\/p>\n","protected":false},"author":0,"featured_media":0,"comment_status":"closed","ping_status":"open","sticky":false,"template":"","format":"standard","meta":{"footnotes":""},"categories":[1],"tags":[],"class_list":["post-1798","post","type-post","status-publish","format-standard","hentry","category-non-classe"],"yoast_head":"<!-- This site is optimized with the Yoast SEO plugin v27.4 - https:\/\/yoast.com\/product\/yoast-seo-wordpress\/ -->\n<title>le TNS recrute un charg\u00e9 de la communication digitale [F\/H] - HIERO STRASBOURG<\/title>\n<meta name=\"robots\" content=\"index, follow, max-snippet:-1, max-image-preview:large, max-video-preview:-1\" \/>\n<link rel=\"canonical\" href=\"https:\/\/hierostrasbourg.com\/index.php\/2022\/02\/16\/le-tns-recrute-un-charge-de-la-communication-digitale-f-h\/\" \/>\n<meta property=\"og:locale\" content=\"fr_FR\" \/>\n<meta property=\"og:type\" content=\"article\" \/>\n<meta property=\"og:title\" content=\"le TNS recrute un charg\u00e9 de la communication digitale [F\/H] - HIERO STRASBOURG\" \/>\n<meta property=\"og:description\" content=\"Lieu unique dans le paysage th\u00e9\u00e2tral fran\u00e7ais, le Th\u00e9\u00e2tre National de Strasbourg est le seul th\u00e9\u00e2tre national implant\u00e9 en r\u00e9gion. En son sein, il abrite une \u00c9cole sup\u00e9rieure d\u2019art dramatique, des ateliers de construction de d\u00e9cors et de costumes, des salles de spectacles et de r\u00e9p\u00e9titions. Missions Plac\u00e9\u00b7e sous l\u2019autorit\u00e9 de la responsable de la communication, il\u00b7elle est en charge de la mise en \u0153uvre, en concertation avec la responsable de la communication, de la strat\u00e9gie de communication et d\u2019information [&hellip;]\" \/>\n<meta property=\"og:url\" content=\"https:\/\/hierostrasbourg.com\/index.php\/2022\/02\/16\/le-tns-recrute-un-charge-de-la-communication-digitale-f-h\/\" \/>\n<meta property=\"og:site_name\" content=\"HIERO STRASBOURG\" \/>\n<meta property=\"article:publisher\" content=\"https:\/\/www.facebook.com\/fedehierostrasbourg\" \/>\n<meta property=\"article:published_time\" content=\"2022-02-16T18:21:56+00:00\" \/>\n<meta name=\"twitter:card\" content=\"summary_large_image\" \/>\n<meta name=\"twitter:creator\" content=\"@hierostrasbourg\" \/>\n<meta name=\"twitter:site\" content=\"@hierostrasbourg\" \/>\n<meta name=\"twitter:label1\" content=\"Dur\u00e9e de lecture estim\u00e9e\" \/>\n\t<meta name=\"twitter:data1\" content=\"1 minute\" \/>\n<script type=\"application\/ld+json\" class=\"yoast-schema-graph\">{\"@context\":\"https:\\\/\\\/schema.org\",\"@graph\":[{\"@type\":\"Article\",\"@id\":\"https:\\\/\\\/hierostrasbourg.com\\\/index.php\\\/2022\\\/02\\\/16\\\/le-tns-recrute-un-charge-de-la-communication-digitale-f-h\\\/#article\",\"isPartOf\":{\"@id\":\"https:\\\/\\\/hierostrasbourg.com\\\/index.php\\\/2022\\\/02\\\/16\\\/le-tns-recrute-un-charge-de-la-communication-digitale-f-h\\\/\"},\"author\":{\"name\":\"\",\"@id\":\"\"},\"headline\":\"le TNS recrute un charg\u00e9 de la communication digitale [F\\\/H]\",\"datePublished\":\"2022-02-16T18:21:56+00:00\",\"mainEntityOfPage\":{\"@id\":\"https:\\\/\\\/hierostrasbourg.com\\\/index.php\\\/2022\\\/02\\\/16\\\/le-tns-recrute-un-charge-de-la-communication-digitale-f-h\\\/\"},\"wordCount\":149,\"publisher\":{\"@id\":\"https:\\\/\\\/hierostrasbourg.com\\\/#organization\"},\"inLanguage\":\"fr-FR\"},{\"@type\":\"WebPage\",\"@id\":\"https:\\\/\\\/hierostrasbourg.com\\\/index.php\\\/2022\\\/02\\\/16\\\/le-tns-recrute-un-charge-de-la-communication-digitale-f-h\\\/\",\"url\":\"https:\\\/\\\/hierostrasbourg.com\\\/index.php\\\/2022\\\/02\\\/16\\\/le-tns-recrute-un-charge-de-la-communication-digitale-f-h\\\/\",\"name\":\"le TNS recrute un charg\u00e9 de la communication digitale [F\\\/H] - HIERO STRASBOURG\",\"isPartOf\":{\"@id\":\"https:\\\/\\\/hierostrasbourg.com\\\/#website\"},\"datePublished\":\"2022-02-16T18:21:56+00:00\",\"breadcrumb\":{\"@id\":\"https:\\\/\\\/hierostrasbourg.com\\\/index.php\\\/2022\\\/02\\\/16\\\/le-tns-recrute-un-charge-de-la-communication-digitale-f-h\\\/#breadcrumb\"},\"inLanguage\":\"fr-FR\",\"potentialAction\":[{\"@type\":\"ReadAction\",\"target\":[\"https:\\\/\\\/hierostrasbourg.com\\\/index.php\\\/2022\\\/02\\\/16\\\/le-tns-recrute-un-charge-de-la-communication-digitale-f-h\\\/\"]}]},{\"@type\":\"BreadcrumbList\",\"@id\":\"https:\\\/\\\/hierostrasbourg.com\\\/index.php\\\/2022\\\/02\\\/16\\\/le-tns-recrute-un-charge-de-la-communication-digitale-f-h\\\/#breadcrumb\",\"itemListElement\":[{\"@type\":\"ListItem\",\"position\":1,\"name\":\"Accueil\",\"item\":\"https:\\\/\\\/hierostrasbourg.com\\\/\"},{\"@type\":\"ListItem\",\"position\":2,\"name\":\"le TNS recrute un charg\u00e9 de la communication digitale [F\\\/H]\"}]},{\"@type\":\"WebSite\",\"@id\":\"https:\\\/\\\/hierostrasbourg.com\\\/#website\",\"url\":\"https:\\\/\\\/hierostrasbourg.com\\\/\",\"name\":\"HIERO STRASBOURG\",\"description\":\"Centre de Ressources Musiques Actuelles\",\"publisher\":{\"@id\":\"https:\\\/\\\/hierostrasbourg.com\\\/#organization\"},\"potentialAction\":[{\"@type\":\"SearchAction\",\"target\":{\"@type\":\"EntryPoint\",\"urlTemplate\":\"https:\\\/\\\/hierostrasbourg.com\\\/?s={search_term_string}\"},\"query-input\":{\"@type\":\"PropertyValueSpecification\",\"valueRequired\":true,\"valueName\":\"search_term_string\"}}],\"inLanguage\":\"fr-FR\"},{\"@type\":\"Organization\",\"@id\":\"https:\\\/\\\/hierostrasbourg.com\\\/#organization\",\"name\":\"F\u00e9d\u00e9ration Hi\u00e9ro Strasbourg\",\"url\":\"https:\\\/\\\/hierostrasbourg.com\\\/\",\"logo\":{\"@type\":\"ImageObject\",\"inLanguage\":\"fr-FR\",\"@id\":\"https:\\\/\\\/hierostrasbourg.com\\\/#\\\/schema\\\/logo\\\/image\\\/\",\"url\":\"https:\\\/\\\/hierostrasbourg.com\\\/wp-content\\\/uploads\\\/2026\\\/04\\\/logo-hiero-strasbourg.jpg\",\"contentUrl\":\"https:\\\/\\\/hierostrasbourg.com\\\/wp-content\\\/uploads\\\/2026\\\/04\\\/logo-hiero-strasbourg.jpg\",\"width\":204,\"height\":192,\"caption\":\"F\u00e9d\u00e9ration Hi\u00e9ro Strasbourg\"},\"image\":{\"@id\":\"https:\\\/\\\/hierostrasbourg.com\\\/#\\\/schema\\\/logo\\\/image\\\/\"},\"sameAs\":[\"https:\\\/\\\/www.facebook.com\\\/fedehierostrasbourg\",\"https:\\\/\\\/x.com\\\/hierostrasbourg\"]}]}<\/script>\n<!-- \/ Yoast SEO plugin. -->","yoast_head_json":{"title":"le TNS recrute un charg\u00e9 de la communication digitale [F\/H] - HIERO STRASBOURG","robots":{"index":"index","follow":"follow","max-snippet":"max-snippet:-1","max-image-preview":"max-image-preview:large","max-video-preview":"max-video-preview:-1"},"canonical":"https:\/\/hierostrasbourg.com\/index.php\/2022\/02\/16\/le-tns-recrute-un-charge-de-la-communication-digitale-f-h\/","og_locale":"fr_FR","og_type":"article","og_title":"le TNS recrute un charg\u00e9 de la communication digitale [F\/H] - HIERO STRASBOURG","og_description":"Lieu unique dans le paysage th\u00e9\u00e2tral fran\u00e7ais, le Th\u00e9\u00e2tre National de Strasbourg est le seul th\u00e9\u00e2tre national implant\u00e9 en r\u00e9gion. En son sein, il abrite une \u00c9cole sup\u00e9rieure d\u2019art dramatique, des ateliers de construction de d\u00e9cors et de costumes, des salles de spectacles et de r\u00e9p\u00e9titions. Missions Plac\u00e9\u00b7e sous l\u2019autorit\u00e9 de la responsable de la communication, il\u00b7elle est en charge de la mise en \u0153uvre, en concertation avec la responsable de la communication, de la strat\u00e9gie de communication et d\u2019information [&hellip;]","og_url":"https:\/\/hierostrasbourg.com\/index.php\/2022\/02\/16\/le-tns-recrute-un-charge-de-la-communication-digitale-f-h\/","og_site_name":"HIERO STRASBOURG","article_publisher":"https:\/\/www.facebook.com\/fedehierostrasbourg","article_published_time":"2022-02-16T18:21:56+00:00","twitter_card":"summary_large_image","twitter_creator":"@hierostrasbourg","twitter_site":"@hierostrasbourg","twitter_misc":{"Dur\u00e9e de lecture estim\u00e9e":"1 minute"},"schema":{"@context":"https:\/\/schema.org","@graph":[{"@type":"Article","@id":"https:\/\/hierostrasbourg.com\/index.php\/2022\/02\/16\/le-tns-recrute-un-charge-de-la-communication-digitale-f-h\/#article","isPartOf":{"@id":"https:\/\/hierostrasbourg.com\/index.php\/2022\/02\/16\/le-tns-recrute-un-charge-de-la-communication-digitale-f-h\/"},"author":{"name":"","@id":""},"headline":"le TNS recrute un charg\u00e9 de la communication digitale [F\/H]","datePublished":"2022-02-16T18:21:56+00:00","mainEntityOfPage":{"@id":"https:\/\/hierostrasbourg.com\/index.php\/2022\/02\/16\/le-tns-recrute-un-charge-de-la-communication-digitale-f-h\/"},"wordCount":149,"publisher":{"@id":"https:\/\/hierostrasbourg.com\/#organization"},"inLanguage":"fr-FR"},{"@type":"WebPage","@id":"https:\/\/hierostrasbourg.com\/index.php\/2022\/02\/16\/le-tns-recrute-un-charge-de-la-communication-digitale-f-h\/","url":"https:\/\/hierostrasbourg.com\/index.php\/2022\/02\/16\/le-tns-recrute-un-charge-de-la-communication-digitale-f-h\/","name":"le TNS recrute un charg\u00e9 de la communication digitale [F\/H] - HIERO STRASBOURG","isPartOf":{"@id":"https:\/\/hierostrasbourg.com\/#website"},"datePublished":"2022-02-16T18:21:56+00:00","breadcrumb":{"@id":"https:\/\/hierostrasbourg.com\/index.php\/2022\/02\/16\/le-tns-recrute-un-charge-de-la-communication-digitale-f-h\/#breadcrumb"},"inLanguage":"fr-FR","potentialAction":[{"@type":"ReadAction","target":["https:\/\/hierostrasbourg.com\/index.php\/2022\/02\/16\/le-tns-recrute-un-charge-de-la-communication-digitale-f-h\/"]}]},{"@type":"BreadcrumbList","@id":"https:\/\/hierostrasbourg.com\/index.php\/2022\/02\/16\/le-tns-recrute-un-charge-de-la-communication-digitale-f-h\/#breadcrumb","itemListElement":[{"@type":"ListItem","position":1,"name":"Accueil","item":"https:\/\/hierostrasbourg.com\/"},{"@type":"ListItem","position":2,"name":"le TNS recrute un charg\u00e9 de la communication digitale [F\/H]"}]},{"@type":"WebSite","@id":"https:\/\/hierostrasbourg.com\/#website","url":"https:\/\/hierostrasbourg.com\/","name":"HIERO STRASBOURG","description":"Centre de Ressources Musiques Actuelles","publisher":{"@id":"https:\/\/hierostrasbourg.com\/#organization"},"potentialAction":[{"@type":"SearchAction","target":{"@type":"EntryPoint","urlTemplate":"https:\/\/hierostrasbourg.com\/?s={search_term_string}"},"query-input":{"@type":"PropertyValueSpecification","valueRequired":true,"valueName":"search_term_string"}}],"inLanguage":"fr-FR"},{"@type":"Organization","@id":"https:\/\/hierostrasbourg.com\/#organization","name":"F\u00e9d\u00e9ration Hi\u00e9ro Strasbourg","url":"https:\/\/hierostrasbourg.com\/","logo":{"@type":"ImageObject","inLanguage":"fr-FR","@id":"https:\/\/hierostrasbourg.com\/#\/schema\/logo\/image\/","url":"https:\/\/hierostrasbourg.com\/wp-content\/uploads\/2026\/04\/logo-hiero-strasbourg.jpg","contentUrl":"https:\/\/hierostrasbourg.com\/wp-content\/uploads\/2026\/04\/logo-hiero-strasbourg.jpg","width":204,"height":192,"caption":"F\u00e9d\u00e9ration Hi\u00e9ro Strasbourg"},"image":{"@id":"https:\/\/hierostrasbourg.com\/#\/schema\/logo\/image\/"},"sameAs":["https:\/\/www.facebook.com\/fedehierostrasbourg","https:\/\/x.com\/hierostrasbourg"]}]}},"_links":{"self":[{"href":"https:\/\/hierostrasbourg.com\/index.php\/wp-json\/wp\/v2\/posts\/1798","targetHints":{"allow":["GET"]}}],"collection":[{"href":"https:\/\/hierostrasbourg.com\/index.php\/wp-json\/wp\/v2\/posts"}],"about":[{"href":"https:\/\/hierostrasbourg.com\/index.php\/wp-json\/wp\/v2\/types\/post"}],"replies":[{"embeddable":true,"href":"https:\/\/hierostrasbourg.com\/index.php\/wp-json\/wp\/v2\/comments?post=1798"}],"version-history":[{"count":0,"href":"https:\/\/hierostrasbourg.com\/index.php\/wp-json\/wp\/v2\/posts\/1798\/revisions"}],"wp:attachment":[{"href":"https:\/\/hierostrasbourg.com\/index.php\/wp-json\/wp\/v2\/media?parent=1798"}],"wp:term":[{"taxonomy":"category","embeddable":true,"href":"https:\/\/hierostrasbourg.com\/index.php\/wp-json\/wp\/v2\/categories?post=1798"},{"taxonomy":"post_tag","embeddable":true,"href":"https:\/\/hierostrasbourg.com\/index.php\/wp-json\/wp\/v2\/tags?post=1798"}],"curies":[{"name":"wp","href":"https:\/\/api.w.org\/{rel}","templated":true}]}}