{"id":1785,"date":"2022-02-15T15:20:38","date_gmt":"2022-02-15T14:20:38","guid":{"rendered":"https:\/\/hierostrasbourg.com\/index.php\/2022\/02\/15\/apres-la-polemique-avec-vald-le-snep-revoit-ses-regles\/"},"modified":"2022-02-15T15:20:38","modified_gmt":"2022-02-15T14:20:38","slug":"apres-la-polemique-avec-vald-le-snep-revoit-ses-regles","status":"publish","type":"post","link":"https:\/\/hierostrasbourg.com\/index.php\/2022\/02\/15\/apres-la-polemique-avec-vald-le-snep-revoit-ses-regles\/","title":{"rendered":"Apr\u00e8s la pol\u00e9mique avec Vald, le Snep revoit ses r\u00e8gles"},"content":{"rendered":"<p><a href=\"https:\/\/musiquesactuelles.alsace\/apres-la-polemique-avec-vald-le-snep-revoit-ses-regles\/\" title=\"Apr\u00e8s la pol\u00e9mique avec Vald, le Snep revoit ses r\u00e8gles\"><\/a><\/p>\n<p>Bertrand Burgalat, pr\u00e9sident du Snep, a clarifi\u00e9 la situation apr\u00e8s la pol\u00e9mique li\u00e9e aux chiffres de V, quatri\u00e8me album de Vald. Source \/ Lire la suite : Apr\u00e8s la pol\u00e9mique avec Vald, le Snep revoit ses r\u00e8gles<\/p>\n<p>L\u2019article <a href=\"https:\/\/musiquesactuelles.alsace\/apres-la-polemique-avec-vald-le-snep-revoit-ses-regles\/\">Apr\u00e8s la pol\u00e9mique avec Vald, le Snep revoit ses r\u00e8gles<\/a> est apparu en premier sur <a href=\"https:\/\/musiquesactuelles.alsace\/\">Musiques Actuelles en Alsace<\/a>.<\/p>\n<p>L\u2019article <a href=\"https:\/\/popburo.fr\/apres-la-polemique-avec-vald-le-snep-revoit-ses-regles-2\/\">Apr\u00e8s la pol\u00e9mique avec Vald, le Snep revoit ses r\u00e8gles<\/a> est apparu en premier sur <a href=\"https:\/\/popburo.fr\/\">POP B\u00dcRO<\/a>.<\/p>\n","protected":false},"excerpt":{"rendered":"<p>Bertrand Burgalat, pr\u00e9sident du Snep, a clarifi\u00e9 la situation apr\u00e8s la pol\u00e9mique li\u00e9e aux chiffres de V, quatri\u00e8me album de Vald. Source \/ Lire la suite : Apr\u00e8s la pol\u00e9mique avec Vald, le Snep revoit ses r\u00e8gles L\u2019article Apr\u00e8s la pol\u00e9mique avec Vald, le Snep revoit ses r\u00e8gles est apparu en premier sur Musiques Actuelles en Alsace. L\u2019article Apr\u00e8s la pol\u00e9mique avec Vald, le Snep revoit ses r\u00e8gles est apparu en premier sur POP B\u00dcRO.<\/p>\n","protected":false},"author":0,"featured_media":0,"comment_status":"closed","ping_status":"open","sticky":false,"template":"","format":"standard","meta":{"footnotes":""},"categories":[1],"tags":[],"class_list":["post-1785","post","type-post","status-publish","format-standard","hentry","category-non-classe"],"yoast_head":"<!-- This site is optimized with the Yoast SEO plugin v27.4 - https:\/\/yoast.com\/product\/yoast-seo-wordpress\/ -->\n<title>Apr\u00e8s la pol\u00e9mique avec Vald, le Snep revoit ses r\u00e8gles - HIERO STRASBOURG<\/title>\n<meta name=\"robots\" content=\"index, follow, max-snippet:-1, max-image-preview:large, max-video-preview:-1\" \/>\n<link rel=\"canonical\" href=\"https:\/\/hierostrasbourg.com\/index.php\/2022\/02\/15\/apres-la-polemique-avec-vald-le-snep-revoit-ses-regles\/\" \/>\n<meta property=\"og:locale\" content=\"fr_FR\" \/>\n<meta property=\"og:type\" content=\"article\" \/>\n<meta property=\"og:title\" content=\"Apr\u00e8s la pol\u00e9mique avec Vald, le Snep revoit ses r\u00e8gles - HIERO STRASBOURG\" \/>\n<meta property=\"og:description\" content=\"Bertrand Burgalat, pr\u00e9sident du Snep, a clarifi\u00e9 la situation apr\u00e8s la pol\u00e9mique li\u00e9e aux chiffres de V, quatri\u00e8me album de Vald. Source \/ Lire la suite : Apr\u00e8s la pol\u00e9mique avec Vald, le Snep revoit ses r\u00e8gles L\u2019article Apr\u00e8s la pol\u00e9mique avec Vald, le Snep revoit ses r\u00e8gles est apparu en premier sur Musiques Actuelles en Alsace. L\u2019article Apr\u00e8s la pol\u00e9mique avec Vald, le Snep revoit ses r\u00e8gles est apparu en premier sur POP B\u00dcRO.\" \/>\n<meta property=\"og:url\" content=\"https:\/\/hierostrasbourg.com\/index.php\/2022\/02\/15\/apres-la-polemique-avec-vald-le-snep-revoit-ses-regles\/\" \/>\n<meta property=\"og:site_name\" content=\"HIERO STRASBOURG\" \/>\n<meta property=\"article:publisher\" content=\"https:\/\/www.facebook.com\/fedehierostrasbourg\" \/>\n<meta property=\"article:published_time\" content=\"2022-02-15T14:20:38+00:00\" \/>\n<meta name=\"twitter:card\" content=\"summary_large_image\" \/>\n<meta name=\"twitter:creator\" content=\"@hierostrasbourg\" \/>\n<meta name=\"twitter:site\" content=\"@hierostrasbourg\" \/>\n<script type=\"application\/ld+json\" class=\"yoast-schema-graph\">{\"@context\":\"https:\\\/\\\/schema.org\",\"@graph\":[{\"@type\":\"Article\",\"@id\":\"https:\\\/\\\/hierostrasbourg.com\\\/index.php\\\/2022\\\/02\\\/15\\\/apres-la-polemique-avec-vald-le-snep-revoit-ses-regles\\\/#article\",\"isPartOf\":{\"@id\":\"https:\\\/\\\/hierostrasbourg.com\\\/index.php\\\/2022\\\/02\\\/15\\\/apres-la-polemique-avec-vald-le-snep-revoit-ses-regles\\\/\"},\"author\":{\"name\":\"\",\"@id\":\"\"},\"headline\":\"Apr\u00e8s la pol\u00e9mique avec Vald, le Snep revoit ses r\u00e8gles\",\"datePublished\":\"2022-02-15T14:20:38+00:00\",\"mainEntityOfPage\":{\"@id\":\"https:\\\/\\\/hierostrasbourg.com\\\/index.php\\\/2022\\\/02\\\/15\\\/apres-la-polemique-avec-vald-le-snep-revoit-ses-regles\\\/\"},\"wordCount\":103,\"publisher\":{\"@id\":\"https:\\\/\\\/hierostrasbourg.com\\\/#organization\"},\"inLanguage\":\"fr-FR\"},{\"@type\":\"WebPage\",\"@id\":\"https:\\\/\\\/hierostrasbourg.com\\\/index.php\\\/2022\\\/02\\\/15\\\/apres-la-polemique-avec-vald-le-snep-revoit-ses-regles\\\/\",\"url\":\"https:\\\/\\\/hierostrasbourg.com\\\/index.php\\\/2022\\\/02\\\/15\\\/apres-la-polemique-avec-vald-le-snep-revoit-ses-regles\\\/\",\"name\":\"Apr\u00e8s la pol\u00e9mique avec Vald, le Snep revoit ses r\u00e8gles - HIERO STRASBOURG\",\"isPartOf\":{\"@id\":\"https:\\\/\\\/hierostrasbourg.com\\\/#website\"},\"datePublished\":\"2022-02-15T14:20:38+00:00\",\"breadcrumb\":{\"@id\":\"https:\\\/\\\/hierostrasbourg.com\\\/index.php\\\/2022\\\/02\\\/15\\\/apres-la-polemique-avec-vald-le-snep-revoit-ses-regles\\\/#breadcrumb\"},\"inLanguage\":\"fr-FR\",\"potentialAction\":[{\"@type\":\"ReadAction\",\"target\":[\"https:\\\/\\\/hierostrasbourg.com\\\/index.php\\\/2022\\\/02\\\/15\\\/apres-la-polemique-avec-vald-le-snep-revoit-ses-regles\\\/\"]}]},{\"@type\":\"BreadcrumbList\",\"@id\":\"https:\\\/\\\/hierostrasbourg.com\\\/index.php\\\/2022\\\/02\\\/15\\\/apres-la-polemique-avec-vald-le-snep-revoit-ses-regles\\\/#breadcrumb\",\"itemListElement\":[{\"@type\":\"ListItem\",\"position\":1,\"name\":\"Accueil\",\"item\":\"https:\\\/\\\/hierostrasbourg.com\\\/\"},{\"@type\":\"ListItem\",\"position\":2,\"name\":\"Apr\u00e8s la pol\u00e9mique avec Vald, le Snep revoit ses r\u00e8gles\"}]},{\"@type\":\"WebSite\",\"@id\":\"https:\\\/\\\/hierostrasbourg.com\\\/#website\",\"url\":\"https:\\\/\\\/hierostrasbourg.com\\\/\",\"name\":\"HIERO STRASBOURG\",\"description\":\"Centre de Ressources Musiques Actuelles\",\"publisher\":{\"@id\":\"https:\\\/\\\/hierostrasbourg.com\\\/#organization\"},\"potentialAction\":[{\"@type\":\"SearchAction\",\"target\":{\"@type\":\"EntryPoint\",\"urlTemplate\":\"https:\\\/\\\/hierostrasbourg.com\\\/?s={search_term_string}\"},\"query-input\":{\"@type\":\"PropertyValueSpecification\",\"valueRequired\":true,\"valueName\":\"search_term_string\"}}],\"inLanguage\":\"fr-FR\"},{\"@type\":\"Organization\",\"@id\":\"https:\\\/\\\/hierostrasbourg.com\\\/#organization\",\"name\":\"F\u00e9d\u00e9ration Hi\u00e9ro Strasbourg\",\"url\":\"https:\\\/\\\/hierostrasbourg.com\\\/\",\"logo\":{\"@type\":\"ImageObject\",\"inLanguage\":\"fr-FR\",\"@id\":\"https:\\\/\\\/hierostrasbourg.com\\\/#\\\/schema\\\/logo\\\/image\\\/\",\"url\":\"https:\\\/\\\/hierostrasbourg.com\\\/wp-content\\\/uploads\\\/2026\\\/04\\\/logo-hiero-strasbourg.jpg\",\"contentUrl\":\"https:\\\/\\\/hierostrasbourg.com\\\/wp-content\\\/uploads\\\/2026\\\/04\\\/logo-hiero-strasbourg.jpg\",\"width\":204,\"height\":192,\"caption\":\"F\u00e9d\u00e9ration Hi\u00e9ro Strasbourg\"},\"image\":{\"@id\":\"https:\\\/\\\/hierostrasbourg.com\\\/#\\\/schema\\\/logo\\\/image\\\/\"},\"sameAs\":[\"https:\\\/\\\/www.facebook.com\\\/fedehierostrasbourg\",\"https:\\\/\\\/x.com\\\/hierostrasbourg\"]}]}<\/script>\n<!-- \/ Yoast SEO plugin. -->","yoast_head_json":{"title":"Apr\u00e8s la pol\u00e9mique avec Vald, le Snep revoit ses r\u00e8gles - HIERO STRASBOURG","robots":{"index":"index","follow":"follow","max-snippet":"max-snippet:-1","max-image-preview":"max-image-preview:large","max-video-preview":"max-video-preview:-1"},"canonical":"https:\/\/hierostrasbourg.com\/index.php\/2022\/02\/15\/apres-la-polemique-avec-vald-le-snep-revoit-ses-regles\/","og_locale":"fr_FR","og_type":"article","og_title":"Apr\u00e8s la pol\u00e9mique avec Vald, le Snep revoit ses r\u00e8gles - HIERO STRASBOURG","og_description":"Bertrand Burgalat, pr\u00e9sident du Snep, a clarifi\u00e9 la situation apr\u00e8s la pol\u00e9mique li\u00e9e aux chiffres de V, quatri\u00e8me album de Vald. Source \/ Lire la suite : Apr\u00e8s la pol\u00e9mique avec Vald, le Snep revoit ses r\u00e8gles L\u2019article Apr\u00e8s la pol\u00e9mique avec Vald, le Snep revoit ses r\u00e8gles est apparu en premier sur Musiques Actuelles en Alsace. L\u2019article Apr\u00e8s la pol\u00e9mique avec Vald, le Snep revoit ses r\u00e8gles est apparu en premier sur POP B\u00dcRO.","og_url":"https:\/\/hierostrasbourg.com\/index.php\/2022\/02\/15\/apres-la-polemique-avec-vald-le-snep-revoit-ses-regles\/","og_site_name":"HIERO STRASBOURG","article_publisher":"https:\/\/www.facebook.com\/fedehierostrasbourg","article_published_time":"2022-02-15T14:20:38+00:00","twitter_card":"summary_large_image","twitter_creator":"@hierostrasbourg","twitter_site":"@hierostrasbourg","schema":{"@context":"https:\/\/schema.org","@graph":[{"@type":"Article","@id":"https:\/\/hierostrasbourg.com\/index.php\/2022\/02\/15\/apres-la-polemique-avec-vald-le-snep-revoit-ses-regles\/#article","isPartOf":{"@id":"https:\/\/hierostrasbourg.com\/index.php\/2022\/02\/15\/apres-la-polemique-avec-vald-le-snep-revoit-ses-regles\/"},"author":{"name":"","@id":""},"headline":"Apr\u00e8s la pol\u00e9mique avec Vald, le Snep revoit ses r\u00e8gles","datePublished":"2022-02-15T14:20:38+00:00","mainEntityOfPage":{"@id":"https:\/\/hierostrasbourg.com\/index.php\/2022\/02\/15\/apres-la-polemique-avec-vald-le-snep-revoit-ses-regles\/"},"wordCount":103,"publisher":{"@id":"https:\/\/hierostrasbourg.com\/#organization"},"inLanguage":"fr-FR"},{"@type":"WebPage","@id":"https:\/\/hierostrasbourg.com\/index.php\/2022\/02\/15\/apres-la-polemique-avec-vald-le-snep-revoit-ses-regles\/","url":"https:\/\/hierostrasbourg.com\/index.php\/2022\/02\/15\/apres-la-polemique-avec-vald-le-snep-revoit-ses-regles\/","name":"Apr\u00e8s la pol\u00e9mique avec Vald, le Snep revoit ses r\u00e8gles - HIERO STRASBOURG","isPartOf":{"@id":"https:\/\/hierostrasbourg.com\/#website"},"datePublished":"2022-02-15T14:20:38+00:00","breadcrumb":{"@id":"https:\/\/hierostrasbourg.com\/index.php\/2022\/02\/15\/apres-la-polemique-avec-vald-le-snep-revoit-ses-regles\/#breadcrumb"},"inLanguage":"fr-FR","potentialAction":[{"@type":"ReadAction","target":["https:\/\/hierostrasbourg.com\/index.php\/2022\/02\/15\/apres-la-polemique-avec-vald-le-snep-revoit-ses-regles\/"]}]},{"@type":"BreadcrumbList","@id":"https:\/\/hierostrasbourg.com\/index.php\/2022\/02\/15\/apres-la-polemique-avec-vald-le-snep-revoit-ses-regles\/#breadcrumb","itemListElement":[{"@type":"ListItem","position":1,"name":"Accueil","item":"https:\/\/hierostrasbourg.com\/"},{"@type":"ListItem","position":2,"name":"Apr\u00e8s la pol\u00e9mique avec Vald, le Snep revoit ses r\u00e8gles"}]},{"@type":"WebSite","@id":"https:\/\/hierostrasbourg.com\/#website","url":"https:\/\/hierostrasbourg.com\/","name":"HIERO STRASBOURG","description":"Centre de Ressources Musiques Actuelles","publisher":{"@id":"https:\/\/hierostrasbourg.com\/#organization"},"potentialAction":[{"@type":"SearchAction","target":{"@type":"EntryPoint","urlTemplate":"https:\/\/hierostrasbourg.com\/?s={search_term_string}"},"query-input":{"@type":"PropertyValueSpecification","valueRequired":true,"valueName":"search_term_string"}}],"inLanguage":"fr-FR"},{"@type":"Organization","@id":"https:\/\/hierostrasbourg.com\/#organization","name":"F\u00e9d\u00e9ration Hi\u00e9ro Strasbourg","url":"https:\/\/hierostrasbourg.com\/","logo":{"@type":"ImageObject","inLanguage":"fr-FR","@id":"https:\/\/hierostrasbourg.com\/#\/schema\/logo\/image\/","url":"https:\/\/hierostrasbourg.com\/wp-content\/uploads\/2026\/04\/logo-hiero-strasbourg.jpg","contentUrl":"https:\/\/hierostrasbourg.com\/wp-content\/uploads\/2026\/04\/logo-hiero-strasbourg.jpg","width":204,"height":192,"caption":"F\u00e9d\u00e9ration Hi\u00e9ro Strasbourg"},"image":{"@id":"https:\/\/hierostrasbourg.com\/#\/schema\/logo\/image\/"},"sameAs":["https:\/\/www.facebook.com\/fedehierostrasbourg","https:\/\/x.com\/hierostrasbourg"]}]}},"_links":{"self":[{"href":"https:\/\/hierostrasbourg.com\/index.php\/wp-json\/wp\/v2\/posts\/1785","targetHints":{"allow":["GET"]}}],"collection":[{"href":"https:\/\/hierostrasbourg.com\/index.php\/wp-json\/wp\/v2\/posts"}],"about":[{"href":"https:\/\/hierostrasbourg.com\/index.php\/wp-json\/wp\/v2\/types\/post"}],"replies":[{"embeddable":true,"href":"https:\/\/hierostrasbourg.com\/index.php\/wp-json\/wp\/v2\/comments?post=1785"}],"version-history":[{"count":0,"href":"https:\/\/hierostrasbourg.com\/index.php\/wp-json\/wp\/v2\/posts\/1785\/revisions"}],"wp:attachment":[{"href":"https:\/\/hierostrasbourg.com\/index.php\/wp-json\/wp\/v2\/media?parent=1785"}],"wp:term":[{"taxonomy":"category","embeddable":true,"href":"https:\/\/hierostrasbourg.com\/index.php\/wp-json\/wp\/v2\/categories?post=1785"},{"taxonomy":"post_tag","embeddable":true,"href":"https:\/\/hierostrasbourg.com\/index.php\/wp-json\/wp\/v2\/tags?post=1785"}],"curies":[{"name":"wp","href":"https:\/\/api.w.org\/{rel}","templated":true}]}}