{"id":1780,"date":"2022-02-14T19:20:59","date_gmt":"2022-02-14T18:20:59","guid":{"rendered":"https:\/\/hierostrasbourg.com\/index.php\/2022\/02\/14\/lacces-a-la-musique-comme-service-essentiel\/"},"modified":"2022-02-14T19:20:59","modified_gmt":"2022-02-14T18:20:59","slug":"lacces-a-la-musique-comme-service-essentiel","status":"publish","type":"post","link":"https:\/\/hierostrasbourg.com\/index.php\/2022\/02\/14\/lacces-a-la-musique-comme-service-essentiel\/","title":{"rendered":"L\u2019acc\u00e8s \u00e0 la musique comme service essentiel"},"content":{"rendered":"<p><em>\u00c0 travers la province, les enseignants en musique t\u00e9moignent de la charge \u00e9motionnelle et cognitive que ressentent nos jeunes. Dans le quotidien, J\u00e9r\u00e9mie et Annabelle sont plus anxieux, plus f\u00e9briles, plus irritables. Ils sont sensibles \u00e0 leur environnement et entendent aussi le discours ambiant ; on s\u2019inqui\u00e8te des taux de r\u00e9ussite, on constate les difficult\u00e9s v\u00e9cues quant \u00e0 leur \u00e9quilibre socioaffectif, mais est-ce qu\u2019on ne n\u00e9glige pas des solutions qui sont sous nos yeux ?<\/em><\/p>\n<p>Source \/ Lire la suite : <a href=\"https:\/\/www.ledevoir.com\/opinion\/idees\/674055\/sante-mentale-l-acces-a-la-musique-comme-service-essentiel\">L\u2019acc\u00e8s \u00e0 la musique comme service essentiel<\/a><\/p>\n<p>L\u2019article <a href=\"https:\/\/popburo.fr\/lacces-a-la-musique-comme-service-essentiel\/\">L\u2019acc\u00e8s \u00e0 la musique comme service essentiel<\/a> est apparu en premier sur <a href=\"https:\/\/popburo.fr\/\">POP B\u00dcRO<\/a>.<\/p>\n","protected":false},"excerpt":{"rendered":"<p>\u00c0 travers la province, les enseignants en musique t\u00e9moignent de la charge \u00e9motionnelle et cognitive que ressentent nos jeunes. Dans le quotidien, J\u00e9r\u00e9mie et Annabelle sont plus anxieux, plus f\u00e9briles, plus irritables. Ils sont sensibles \u00e0 leur environnement et entendent aussi le discours ambiant ; on s\u2019inqui\u00e8te des taux de r\u00e9ussite, on constate les difficult\u00e9s v\u00e9cues quant \u00e0 leur \u00e9quilibre socioaffectif, mais est-ce qu\u2019on ne n\u00e9glige pas des solutions qui sont sous nos yeux ? Source \/ Lire la suite [&hellip;]<\/p>\n","protected":false},"author":0,"featured_media":0,"comment_status":"closed","ping_status":"open","sticky":false,"template":"","format":"standard","meta":{"footnotes":""},"categories":[1],"tags":[],"class_list":["post-1780","post","type-post","status-publish","format-standard","hentry","category-non-classe"],"yoast_head":"<!-- This site is optimized with the Yoast SEO plugin v27.4 - https:\/\/yoast.com\/product\/yoast-seo-wordpress\/ -->\n<title>L\u2019acc\u00e8s \u00e0 la musique comme service essentiel - HIERO STRASBOURG<\/title>\n<meta name=\"robots\" content=\"index, follow, max-snippet:-1, max-image-preview:large, max-video-preview:-1\" \/>\n<link rel=\"canonical\" href=\"https:\/\/hierostrasbourg.com\/index.php\/2022\/02\/14\/lacces-a-la-musique-comme-service-essentiel\/\" \/>\n<meta property=\"og:locale\" content=\"fr_FR\" \/>\n<meta property=\"og:type\" content=\"article\" \/>\n<meta property=\"og:title\" content=\"L\u2019acc\u00e8s \u00e0 la musique comme service essentiel - HIERO STRASBOURG\" \/>\n<meta property=\"og:description\" content=\"\u00c0 travers la province, les enseignants en musique t\u00e9moignent de la charge \u00e9motionnelle et cognitive que ressentent nos jeunes. Dans le quotidien, J\u00e9r\u00e9mie et Annabelle sont plus anxieux, plus f\u00e9briles, plus irritables. Ils sont sensibles \u00e0 leur environnement et entendent aussi le discours ambiant ; on s\u2019inqui\u00e8te des taux de r\u00e9ussite, on constate les difficult\u00e9s v\u00e9cues quant \u00e0 leur \u00e9quilibre socioaffectif, mais est-ce qu\u2019on ne n\u00e9glige pas des solutions qui sont sous nos yeux ? Source \/ Lire la suite [&hellip;]\" \/>\n<meta property=\"og:url\" content=\"https:\/\/hierostrasbourg.com\/index.php\/2022\/02\/14\/lacces-a-la-musique-comme-service-essentiel\/\" \/>\n<meta property=\"og:site_name\" content=\"HIERO STRASBOURG\" \/>\n<meta property=\"article:publisher\" content=\"https:\/\/www.facebook.com\/fedehierostrasbourg\" \/>\n<meta property=\"article:published_time\" content=\"2022-02-14T18:20:59+00:00\" \/>\n<meta name=\"twitter:card\" content=\"summary_large_image\" \/>\n<meta name=\"twitter:creator\" content=\"@hierostrasbourg\" \/>\n<meta name=\"twitter:site\" content=\"@hierostrasbourg\" \/>\n<meta name=\"twitter:label1\" content=\"Dur\u00e9e de lecture estim\u00e9e\" \/>\n\t<meta name=\"twitter:data1\" content=\"1 minute\" \/>\n<script type=\"application\/ld+json\" class=\"yoast-schema-graph\">{\"@context\":\"https:\\\/\\\/schema.org\",\"@graph\":[{\"@type\":\"Article\",\"@id\":\"https:\\\/\\\/hierostrasbourg.com\\\/index.php\\\/2022\\\/02\\\/14\\\/lacces-a-la-musique-comme-service-essentiel\\\/#article\",\"isPartOf\":{\"@id\":\"https:\\\/\\\/hierostrasbourg.com\\\/index.php\\\/2022\\\/02\\\/14\\\/lacces-a-la-musique-comme-service-essentiel\\\/\"},\"author\":{\"name\":\"\",\"@id\":\"\"},\"headline\":\"L\u2019acc\u00e8s \u00e0 la musique comme service essentiel\",\"datePublished\":\"2022-02-14T18:20:59+00:00\",\"mainEntityOfPage\":{\"@id\":\"https:\\\/\\\/hierostrasbourg.com\\\/index.php\\\/2022\\\/02\\\/14\\\/lacces-a-la-musique-comme-service-essentiel\\\/\"},\"wordCount\":119,\"publisher\":{\"@id\":\"https:\\\/\\\/hierostrasbourg.com\\\/#organization\"},\"inLanguage\":\"fr-FR\"},{\"@type\":\"WebPage\",\"@id\":\"https:\\\/\\\/hierostrasbourg.com\\\/index.php\\\/2022\\\/02\\\/14\\\/lacces-a-la-musique-comme-service-essentiel\\\/\",\"url\":\"https:\\\/\\\/hierostrasbourg.com\\\/index.php\\\/2022\\\/02\\\/14\\\/lacces-a-la-musique-comme-service-essentiel\\\/\",\"name\":\"L\u2019acc\u00e8s \u00e0 la musique comme service essentiel - HIERO STRASBOURG\",\"isPartOf\":{\"@id\":\"https:\\\/\\\/hierostrasbourg.com\\\/#website\"},\"datePublished\":\"2022-02-14T18:20:59+00:00\",\"breadcrumb\":{\"@id\":\"https:\\\/\\\/hierostrasbourg.com\\\/index.php\\\/2022\\\/02\\\/14\\\/lacces-a-la-musique-comme-service-essentiel\\\/#breadcrumb\"},\"inLanguage\":\"fr-FR\",\"potentialAction\":[{\"@type\":\"ReadAction\",\"target\":[\"https:\\\/\\\/hierostrasbourg.com\\\/index.php\\\/2022\\\/02\\\/14\\\/lacces-a-la-musique-comme-service-essentiel\\\/\"]}]},{\"@type\":\"BreadcrumbList\",\"@id\":\"https:\\\/\\\/hierostrasbourg.com\\\/index.php\\\/2022\\\/02\\\/14\\\/lacces-a-la-musique-comme-service-essentiel\\\/#breadcrumb\",\"itemListElement\":[{\"@type\":\"ListItem\",\"position\":1,\"name\":\"Accueil\",\"item\":\"https:\\\/\\\/hierostrasbourg.com\\\/\"},{\"@type\":\"ListItem\",\"position\":2,\"name\":\"L\u2019acc\u00e8s \u00e0 la musique comme service essentiel\"}]},{\"@type\":\"WebSite\",\"@id\":\"https:\\\/\\\/hierostrasbourg.com\\\/#website\",\"url\":\"https:\\\/\\\/hierostrasbourg.com\\\/\",\"name\":\"HIERO STRASBOURG\",\"description\":\"Centre de Ressources Musiques Actuelles\",\"publisher\":{\"@id\":\"https:\\\/\\\/hierostrasbourg.com\\\/#organization\"},\"potentialAction\":[{\"@type\":\"SearchAction\",\"target\":{\"@type\":\"EntryPoint\",\"urlTemplate\":\"https:\\\/\\\/hierostrasbourg.com\\\/?s={search_term_string}\"},\"query-input\":{\"@type\":\"PropertyValueSpecification\",\"valueRequired\":true,\"valueName\":\"search_term_string\"}}],\"inLanguage\":\"fr-FR\"},{\"@type\":\"Organization\",\"@id\":\"https:\\\/\\\/hierostrasbourg.com\\\/#organization\",\"name\":\"F\u00e9d\u00e9ration Hi\u00e9ro Strasbourg\",\"url\":\"https:\\\/\\\/hierostrasbourg.com\\\/\",\"logo\":{\"@type\":\"ImageObject\",\"inLanguage\":\"fr-FR\",\"@id\":\"https:\\\/\\\/hierostrasbourg.com\\\/#\\\/schema\\\/logo\\\/image\\\/\",\"url\":\"https:\\\/\\\/hierostrasbourg.com\\\/wp-content\\\/uploads\\\/2026\\\/04\\\/logo-hiero-strasbourg.jpg\",\"contentUrl\":\"https:\\\/\\\/hierostrasbourg.com\\\/wp-content\\\/uploads\\\/2026\\\/04\\\/logo-hiero-strasbourg.jpg\",\"width\":204,\"height\":192,\"caption\":\"F\u00e9d\u00e9ration Hi\u00e9ro Strasbourg\"},\"image\":{\"@id\":\"https:\\\/\\\/hierostrasbourg.com\\\/#\\\/schema\\\/logo\\\/image\\\/\"},\"sameAs\":[\"https:\\\/\\\/www.facebook.com\\\/fedehierostrasbourg\",\"https:\\\/\\\/x.com\\\/hierostrasbourg\"]}]}<\/script>\n<!-- \/ Yoast SEO plugin. -->","yoast_head_json":{"title":"L\u2019acc\u00e8s \u00e0 la musique comme service essentiel - HIERO STRASBOURG","robots":{"index":"index","follow":"follow","max-snippet":"max-snippet:-1","max-image-preview":"max-image-preview:large","max-video-preview":"max-video-preview:-1"},"canonical":"https:\/\/hierostrasbourg.com\/index.php\/2022\/02\/14\/lacces-a-la-musique-comme-service-essentiel\/","og_locale":"fr_FR","og_type":"article","og_title":"L\u2019acc\u00e8s \u00e0 la musique comme service essentiel - HIERO STRASBOURG","og_description":"\u00c0 travers la province, les enseignants en musique t\u00e9moignent de la charge \u00e9motionnelle et cognitive que ressentent nos jeunes. Dans le quotidien, J\u00e9r\u00e9mie et Annabelle sont plus anxieux, plus f\u00e9briles, plus irritables. Ils sont sensibles \u00e0 leur environnement et entendent aussi le discours ambiant ; on s\u2019inqui\u00e8te des taux de r\u00e9ussite, on constate les difficult\u00e9s v\u00e9cues quant \u00e0 leur \u00e9quilibre socioaffectif, mais est-ce qu\u2019on ne n\u00e9glige pas des solutions qui sont sous nos yeux ? Source \/ Lire la suite [&hellip;]","og_url":"https:\/\/hierostrasbourg.com\/index.php\/2022\/02\/14\/lacces-a-la-musique-comme-service-essentiel\/","og_site_name":"HIERO STRASBOURG","article_publisher":"https:\/\/www.facebook.com\/fedehierostrasbourg","article_published_time":"2022-02-14T18:20:59+00:00","twitter_card":"summary_large_image","twitter_creator":"@hierostrasbourg","twitter_site":"@hierostrasbourg","twitter_misc":{"Dur\u00e9e de lecture estim\u00e9e":"1 minute"},"schema":{"@context":"https:\/\/schema.org","@graph":[{"@type":"Article","@id":"https:\/\/hierostrasbourg.com\/index.php\/2022\/02\/14\/lacces-a-la-musique-comme-service-essentiel\/#article","isPartOf":{"@id":"https:\/\/hierostrasbourg.com\/index.php\/2022\/02\/14\/lacces-a-la-musique-comme-service-essentiel\/"},"author":{"name":"","@id":""},"headline":"L\u2019acc\u00e8s \u00e0 la musique comme service essentiel","datePublished":"2022-02-14T18:20:59+00:00","mainEntityOfPage":{"@id":"https:\/\/hierostrasbourg.com\/index.php\/2022\/02\/14\/lacces-a-la-musique-comme-service-essentiel\/"},"wordCount":119,"publisher":{"@id":"https:\/\/hierostrasbourg.com\/#organization"},"inLanguage":"fr-FR"},{"@type":"WebPage","@id":"https:\/\/hierostrasbourg.com\/index.php\/2022\/02\/14\/lacces-a-la-musique-comme-service-essentiel\/","url":"https:\/\/hierostrasbourg.com\/index.php\/2022\/02\/14\/lacces-a-la-musique-comme-service-essentiel\/","name":"L\u2019acc\u00e8s \u00e0 la musique comme service essentiel - HIERO STRASBOURG","isPartOf":{"@id":"https:\/\/hierostrasbourg.com\/#website"},"datePublished":"2022-02-14T18:20:59+00:00","breadcrumb":{"@id":"https:\/\/hierostrasbourg.com\/index.php\/2022\/02\/14\/lacces-a-la-musique-comme-service-essentiel\/#breadcrumb"},"inLanguage":"fr-FR","potentialAction":[{"@type":"ReadAction","target":["https:\/\/hierostrasbourg.com\/index.php\/2022\/02\/14\/lacces-a-la-musique-comme-service-essentiel\/"]}]},{"@type":"BreadcrumbList","@id":"https:\/\/hierostrasbourg.com\/index.php\/2022\/02\/14\/lacces-a-la-musique-comme-service-essentiel\/#breadcrumb","itemListElement":[{"@type":"ListItem","position":1,"name":"Accueil","item":"https:\/\/hierostrasbourg.com\/"},{"@type":"ListItem","position":2,"name":"L\u2019acc\u00e8s \u00e0 la musique comme service essentiel"}]},{"@type":"WebSite","@id":"https:\/\/hierostrasbourg.com\/#website","url":"https:\/\/hierostrasbourg.com\/","name":"HIERO STRASBOURG","description":"Centre de Ressources Musiques Actuelles","publisher":{"@id":"https:\/\/hierostrasbourg.com\/#organization"},"potentialAction":[{"@type":"SearchAction","target":{"@type":"EntryPoint","urlTemplate":"https:\/\/hierostrasbourg.com\/?s={search_term_string}"},"query-input":{"@type":"PropertyValueSpecification","valueRequired":true,"valueName":"search_term_string"}}],"inLanguage":"fr-FR"},{"@type":"Organization","@id":"https:\/\/hierostrasbourg.com\/#organization","name":"F\u00e9d\u00e9ration Hi\u00e9ro Strasbourg","url":"https:\/\/hierostrasbourg.com\/","logo":{"@type":"ImageObject","inLanguage":"fr-FR","@id":"https:\/\/hierostrasbourg.com\/#\/schema\/logo\/image\/","url":"https:\/\/hierostrasbourg.com\/wp-content\/uploads\/2026\/04\/logo-hiero-strasbourg.jpg","contentUrl":"https:\/\/hierostrasbourg.com\/wp-content\/uploads\/2026\/04\/logo-hiero-strasbourg.jpg","width":204,"height":192,"caption":"F\u00e9d\u00e9ration Hi\u00e9ro Strasbourg"},"image":{"@id":"https:\/\/hierostrasbourg.com\/#\/schema\/logo\/image\/"},"sameAs":["https:\/\/www.facebook.com\/fedehierostrasbourg","https:\/\/x.com\/hierostrasbourg"]}]}},"_links":{"self":[{"href":"https:\/\/hierostrasbourg.com\/index.php\/wp-json\/wp\/v2\/posts\/1780","targetHints":{"allow":["GET"]}}],"collection":[{"href":"https:\/\/hierostrasbourg.com\/index.php\/wp-json\/wp\/v2\/posts"}],"about":[{"href":"https:\/\/hierostrasbourg.com\/index.php\/wp-json\/wp\/v2\/types\/post"}],"replies":[{"embeddable":true,"href":"https:\/\/hierostrasbourg.com\/index.php\/wp-json\/wp\/v2\/comments?post=1780"}],"version-history":[{"count":0,"href":"https:\/\/hierostrasbourg.com\/index.php\/wp-json\/wp\/v2\/posts\/1780\/revisions"}],"wp:attachment":[{"href":"https:\/\/hierostrasbourg.com\/index.php\/wp-json\/wp\/v2\/media?parent=1780"}],"wp:term":[{"taxonomy":"category","embeddable":true,"href":"https:\/\/hierostrasbourg.com\/index.php\/wp-json\/wp\/v2\/categories?post=1780"},{"taxonomy":"post_tag","embeddable":true,"href":"https:\/\/hierostrasbourg.com\/index.php\/wp-json\/wp\/v2\/tags?post=1780"}],"curies":[{"name":"wp","href":"https:\/\/api.w.org\/{rel}","templated":true}]}}