{"id":1774,"date":"2022-02-14T13:20:55","date_gmt":"2022-02-14T12:20:55","guid":{"rendered":"https:\/\/hierostrasbourg.com\/index.php\/2022\/02\/14\/la-communaute-de-communes-du-val-dargent-lance-un-appel-a-candidatures-pour-une-residence-artistique-de-territoire\/"},"modified":"2022-02-14T13:20:55","modified_gmt":"2022-02-14T12:20:55","slug":"la-communaute-de-communes-du-val-dargent-lance-un-appel-a-candidatures-pour-une-residence-artistique-de-territoire","status":"publish","type":"post","link":"https:\/\/hierostrasbourg.com\/index.php\/2022\/02\/14\/la-communaute-de-communes-du-val-dargent-lance-un-appel-a-candidatures-pour-une-residence-artistique-de-territoire\/","title":{"rendered":"LA COMMUNAUT\u00c9 DE COMMUNES DU VAL D\u2019ARGENT lance un appel \u00e0 candidatures pour une r\u00e9sidence artistique de territoire"},"content":{"rendered":"<p>La Communaut\u00e9 de Communes du Val d\u2019Argent lance un appel \u00e0 projet pour favoriser la d\u00e9couverte de son fond d\u2019archives textiles.<\/p>\n<h2>Le Val d\u2019Argent<\/h2>\n<p>La Communaut\u00e9 de Communes du Val d\u2019Argent comprend les communes de Li\u00e8pvre, Rombach-le-Franc, Sainte-Croix-Aux-Mines et Sainte-Marie-Aux-Mines pour une population d\u2019environ 10 000 habitants. Elle se situe dans le Haut-Rhin, \u00e0 la crois\u00e9e du Bas-Rhin et du d\u00e9partement des Vosges.<\/p>\n<p>L\u2019un des \u00e2ges d\u2019or de la Vall\u00e9e vient de son industrie textile symbolis\u00e9e par la pr\u00e9sence de 150 fabriques r\u00e9parties sur le territoire au 19e si\u00e8cle. Cette industrie se d\u00e9veloppe \u00e0 partir de 1755, avec l\u2019installation du mulhousien Jean-Georges Reber. Ce dernier est le premier \u00e0 maitriser sur place toute la chaine de fabrication des tissus, par la cr\u00e9ation de filatures, de teintureries et de tissages, pour lesquels il a massivement recours au travail \u00e0 domicile.<\/p>\n<p>La production textile a d\u00e9but\u00e9 par la fabrication de tissus de siamoises, \u00e0 partir de lin et de chanvre. En 1825, le d\u00e9veloppement du tissu Guingham fait connaitre la vall\u00e9e de Sainte-Marie-aux-Mines sur le march\u00e9 parisien et lui conf\u00e8re une renomm\u00e9e nationale. D\u00e8s lors, les entrepreneurs locaux ne cesseront de d\u00e9velopper la qualit\u00e9 de leurs produits, produisant des tissus \u00e0 base de fibres m\u00e9lang\u00e9es (coton + soie, coton + laine) de tr\u00e8s haute qualit\u00e9.<\/p>\n<p>L\u2019annexion de l\u2019Alsace par l\u2019Allemagne en 1871 oblige les industriels locaux \u00e0 m\u00e9caniser leurs productions et \u00e0 se reconvertir aux produits lainiers, pour r\u00e9pondre aux attentes de la client\u00e8le du march\u00e9 allemand, qui ach\u00e8te des tissus lainiers bon march\u00e9. Le Val d\u2019Argent d\u00e9veloppe notamment toute sa cr\u00e9ativit\u00e9 dans les tissus dits \u00e9cossais, qui connaissent un certain succ\u00e8s. Le 20e si\u00e8cle et le retour au march\u00e9 fran\u00e7ais alterne des p\u00e9riodes de reprise et de crises \u00e9conomiques. Ces derni\u00e8res frappent durement le territoire dans les ann\u00e9es 1960 et 1970, entrainant la fermeture de la plupart des usines textiles. A ce jour, une seule est toujours en activit\u00e9, le Tissage des Chaumes, filiale du groupe Velcorex, qui fournit des textiles pour les maisons de haute couture fran\u00e7aises et europ\u00e9ennes.<\/p>\n<p>De ce riche pass\u00e9 industriel, il subsiste aujourd\u2019hui des archives textiles, s\u2019\u00e9levant \u00e0 4000 registres et repr\u00e9sentant pr\u00e8s de 4 millions d\u2019\u00e9chantillons, de la fin du 18e si\u00e8cle \u00e0 2003. La Communaut\u00e9 de Communes du Val d\u2019Argent s\u2019est mobilis\u00e9e pour sauvegarder les fonds textiles par l\u2019am\u00e9nagement d\u2019un local archives textiles, cumulant plus de 600 m\u00e8tres lin\u00e9aires de collections.<\/p>\n<p>La Communaut\u00e9 de Communes souhaite valoriser ces collections \u00e0 travers sa Tissuth\u00e8que. Inaugur\u00e9e le 10 octobre 2021, ouverte aux professionnels du textile, la tissuth\u00e8que du Val d\u2019Argent offre une source d\u2019inspiration cons\u00e9quente pour la cr\u00e9ation textile contemporaine. Cette action est pr\u00e9cis\u00e9e dans la Politique Culturelle Intercommunale II de la Communaut\u00e9 de Communes du Val d\u2019Argent en partenariat avec l\u2019Etat, la R\u00e9gion Grand Est, la Collectivit\u00e9 europ\u00e9enne d\u2019Alsace et l\u2019Education Nationale. Cette action s\u2019inscrit dans un cadre culturel riche et vari\u00e9 de 56 actions \u00e0 d\u00e9couvrir ci-dessous<\/p>\n<p>La Communaut\u00e9 de Communes entend \u00e9galement valoriser la Tissuth\u00e8que aupr\u00e8s des habitants du Val d\u2019Argent afin qu\u2019ils se r\u00e9approprient positivement leur histoire industrielle textile et que ces collections documentaires suscitent davantage de fiert\u00e9 que de nostalgie.<\/p>\n<h2>Objectifs de la r\u00e9sidence<\/h2>\n<p>S\u2019appuyer sur le fond textile comme source d\u2019inspiration pour la cr\u00e9ation d\u2019une \u0153uvre artistique de la ou des disciplines choisie(s) par le porteur de projet.<br \/>\nFaire participer des habitants<br \/>\nAssocier ou recueillir des t\u00e9moignages, entretiens avec des personnes ayant v\u00e9cu cet \u00e9pisode historique (anciens ouvriers, cadres, familles, etc\u2026) pour nourrir la r\u00e9flexion sur l\u2019\u0153uvre \u00e0 produire. La collecte de documents et de t\u00e9moignages devra se faire selon un format norm\u00e9 permettant la p\u00e9rennisation des donn\u00e9es en lien avec le service des archives.<br \/>\nContribuer \u00e0 valoriser l\u2019histoire textile de la Vall\u00e9e aupr\u00e8s des habitants pour lui donner une nouvelle vie.<br \/>\nFavoriser les pratiques culturelles entre diff\u00e9rents publics de g\u00e9n\u00e9rations diverses.<\/p>\n<h2>Axes de travail<\/h2>\n<p>Laisser une empreinte visible (ou plusieurs) de son passage. Valoriser la participation des habitants.<br \/>\nPrivil\u00e9gier l\u2019espace public pour les temps de restitution. L\u2019\u0153uvre produite pourra \u00e9galement \u00eatre valoris\u00e9e \u00e0 l\u2019occasion du salon \u00ab\u00a0Mode &amp; Tissus\u00a0\u00bb, ou du \u00ab\u00a0Carrefour europ\u00e9en du Patchwork\u00a0\u00bb organis\u00e9e par la SPL EVA (\u00c9v\u00e8nementiels en Val d\u2019Argent).<br \/>\nSensibiliser le public scolaire \u00e0 travers une d\u00e9marche de m\u00e9diation pour inscrire la d\u00e9marche dans le cadre de l\u2019Enseignement Artistique et Culturel.<br \/>\nAvoir une dimension familiale et interg\u00e9n\u00e9rationnelle en raison m\u00eame de la transmission patrimoniale souhait\u00e9e.<br \/>\nInt\u00e9grer les forces vives d\u00e9j\u00e0 pr\u00e9sentes sur le territoire\u00a0: P\u00f4le culturel notamment son service patrimoine labellis\u00e9 Pays d\u2019Art et d\u2019Histoire, \u00e9ducation nationale, SPL Eva, associations locales, etc.<br \/>\nAvoir une vision \u00e9co-responsable de l\u2019utilisation du textile dans notre soci\u00e9t\u00e9.<\/p>\n<h2>Modalit\u00e9s pratiques<\/h2>\n<h4>D\u00e9p\u00f4t des dossiers et s\u00e9lection<\/h4>\n<p>Le programme de r\u00e9sidence est tourn\u00e9 vers un ou des artistes professionnels, r\u00e9sident en France m\u00e9tropolitaine, ma\u00eetrisant la langue fran\u00e7aise, ayant un processus artistique affirm\u00e9 et le d\u00e9sir de travailler avec un public vari\u00e9. Les dossiers de candidatures doivent \u00eatre directement pr\u00e9sent\u00e9s et motiv\u00e9s par les artistes eux-m\u00eames. Tout candidat doit pr\u00e9senter un dossier comprenant :<br \/>\nUne lettre de motivation pr\u00e9cisant sa d\u00e9marche et les raisons de sa candidature.<br \/>\nUne note d\u2019intention pr\u00e9cisant le projet et le processus artistique.<br \/>\nUn dossier relatif \u00e0 son travail incluant CV\/BIO.<br \/>\nAinsi que tout document pouvant servir \u00e0 l\u2019appr\u00e9ciation du travail et de la d\u00e9marche (photos, vid\u00e9os, liens internet\u2026) par mail.<\/p>\n<h4>Les obligations administratives des candidats :<\/h4>\n<p>De poss\u00e9der un num\u00e9ro de SIRET.<br \/>\nDe souscrire une assurance responsabilit\u00e9 civile pour la dur\u00e9e de la r\u00e9sidence.<br \/>\nDe r\u00e9aliser des devis et des factures.<br \/>\nLes crit\u00e8res de s\u00e9lection se basent notamment sur :<br \/>\nLes motivations qui animent la candidature dans le contexte pr\u00e9sent\u00e9.<br \/>\nL\u2019exigence et l\u2019originalit\u00e9 de la d\u00e9marche artistique.<br \/>\nLa pertinence du dossier de candidature et de l\u2019attention port\u00e9e aux ateliers avec le public et les publics scolaires.<br \/>\nLa capacit\u00e9 \u00e0 travailler en \u00e9quipe et de proposer un projet f\u00e9d\u00e9rateur \u00e0 l\u2019\u00e9chelle d\u2019un territoire.<\/p>\n<p><strong>Dur\u00e9e envisag\u00e9e de la r\u00e9sidence<\/strong> : entre 6 et 9 semaines sur les mois de septembre, octobre et novembre 2022, \u00e0 d\u00e9finir pr\u00e9cis\u00e9ment en fonction du projet artistique retenue. 30% du temps au moins sera consacr\u00e9 aux actions de m\u00e9diation.<\/p>\n<p><strong>Budget allou\u00e9 \u00e0 la r\u00e9sidence<\/strong>\u00a0: Dotation forfaitaire de 10\u00a0000\u20ac. Cette dotation comprend les frais de d\u00e9placement, de restauration, d\u2019h\u00e9bergement (obligatoirement sur le territoire), de productions d\u2019\u0153uvres et d\u2019interventions. Concernant l\u2019h\u00e9bergement, un dialogue est \u00e0 \u00e9tablir avec la Communaut\u00e9 de Communes en fonction du projet retenu.<\/p>\n<h2>Calendrier de s\u00e9lection<\/h2>\n<p>Diffusion de l\u2019appel \u00e0 candidatures : f\u00e9vrier 2022<br \/>\nDate limite de r\u00e9ception des dossiers de candidature : 3 avril 2022<br \/>\nComit\u00e9 de s\u00e9lection : mi-avril 2022<br \/>\nR\u00e9ponse d\u00e9finitive de l\u2019appel \u00e0 candidatures : fin avril 2022<br \/>\nMission de rep\u00e9rages de la candidature retenue : mai-juin 2022<br \/>\nD\u00e9marrage de la r\u00e9sidence : septembre 2022<\/p>\n<p>Vous souhaitez un compl\u00e9ment d\u2019information\u00a0: ccva-devculturel@valdargent.com<\/p>\n<p>Les dossiers de candidature sont \u00e0 adresser exclusivement par courriels \u00e0 l\u2019adresse :<br \/>\nccva-directionculture@valdargent.com<br \/>\nPour les fichiers volumineux, n\u2019h\u00e9sitez pas \u00e0 utiliser des plateformes d\u2019\u00e9changes du type Wetransfer.<\/p>\n<\/p>\n<div class=\"ead-preview\">\n<div class=\"ead-document\">\n<div class=\"ead-iframe-wrapper\"><\/div>\n<div class=\"ead-document-loading\">\n<div class=\"ead-loading-wrap\">\n<div class=\"ead-loading-main\">\n<div class=\"ead-loading\">\n\t\t\t\t\t\t\t<span>En cours de chargement\u2026<\/span>\n\t\t\t\t\t\t<\/div>\n<\/p><\/div>\n<div class=\"ead-loading-foot\">\n<div class=\"ead-loading-foot-title\">\n\t\t\t\t\t\t\t<span>Cela prend trop de temps\u00a0?<\/span>\n\t\t\t\t\t\t<\/div>\n<\/p>\n<div class=\"ead-document-btn ead-reload-btn\">\n\t\t\t\t\t\t\t\t Recharger le document\t\t\t\t\t\t\t<\/div>\n<p>\t\t\t\t\t\t\t<span>|<\/span><br \/>\n\t\t\t\t\t\t\t<a href=\"https:\/\/www.valdargent.com\/images\/pdf\/Politique_Culturelle_Intercommunale_2021_-_2024.pdf\" class=\"ead-document-btn\" target=\"_blank\" rel=\"noopener\"><br \/>\n\t\t\t\t\t\t\t\t Ouvrir dans un nouvel onglet\t\t\t\t\t\t\t<\/a>\n\t\t\t\t\t<\/div>\n<\/p><\/div>\n<\/p><\/div>\n<\/p><\/div>\n<p class=\"embed_download\"><a href=\"https:\/\/www.valdargent.com\/images\/pdf\/Politique_Culturelle_Intercommunale_2021_-_2024.pdf\">\ufeffT\u00e9l\u00e9charger [788.34 KB] <\/a><\/p>\n<\/div>\n<p>L\u2019article <a href=\"https:\/\/popburo.fr\/la-communaute-de-communes-du-val-dargent-lance-un-appel-a-candidatures-pour-une-residence-artistique-de-territoire\/\">LA COMMUNAUT\u00c9 DE COMMUNES DU VAL D\u2019ARGENT lance un appel \u00e0 candidatures pour une r\u00e9sidence artistique de territoire<\/a> est apparu en premier sur <a href=\"https:\/\/popburo.fr\/\">POP B\u00dcRO<\/a>.<\/p>\n","protected":false},"excerpt":{"rendered":"<p>La Communaut\u00e9 de Communes du Val d\u2019Argent lance un appel \u00e0 projet pour favoriser la d\u00e9couverte de son fond d\u2019archives textiles. Le Val d\u2019Argent La Communaut\u00e9 de Communes du Val d\u2019Argent comprend les communes de Li\u00e8pvre, Rombach-le-Franc, Sainte-Croix-Aux-Mines et Sainte-Marie-Aux-Mines pour une population d\u2019environ 10 000 habitants. Elle se situe dans le Haut-Rhin, \u00e0 la crois\u00e9e du Bas-Rhin et du d\u00e9partement des Vosges. L\u2019un des \u00e2ges d\u2019or de la Vall\u00e9e vient de son industrie textile symbolis\u00e9e par la pr\u00e9sence de [&hellip;]<\/p>\n","protected":false},"author":0,"featured_media":0,"comment_status":"closed","ping_status":"open","sticky":false,"template":"","format":"standard","meta":{"footnotes":""},"categories":[1],"tags":[],"class_list":["post-1774","post","type-post","status-publish","format-standard","hentry","category-non-classe"],"yoast_head":"<!-- This site is optimized with the Yoast SEO plugin v27.4 - https:\/\/yoast.com\/product\/yoast-seo-wordpress\/ -->\n<title>LA COMMUNAUT\u00c9 DE COMMUNES DU VAL D\u2019ARGENT lance un appel \u00e0 candidatures pour une r\u00e9sidence artistique de territoire - HIERO STRASBOURG<\/title>\n<meta name=\"robots\" content=\"index, follow, max-snippet:-1, max-image-preview:large, max-video-preview:-1\" \/>\n<link rel=\"canonical\" href=\"https:\/\/hierostrasbourg.com\/index.php\/2022\/02\/14\/la-communaute-de-communes-du-val-dargent-lance-un-appel-a-candidatures-pour-une-residence-artistique-de-territoire\/\" \/>\n<meta property=\"og:locale\" content=\"fr_FR\" \/>\n<meta property=\"og:type\" content=\"article\" \/>\n<meta property=\"og:title\" content=\"LA COMMUNAUT\u00c9 DE COMMUNES DU VAL D\u2019ARGENT lance un appel \u00e0 candidatures pour une r\u00e9sidence artistique de territoire - HIERO STRASBOURG\" \/>\n<meta property=\"og:description\" content=\"La Communaut\u00e9 de Communes du Val d\u2019Argent lance un appel \u00e0 projet pour favoriser la d\u00e9couverte de son fond d\u2019archives textiles. Le Val d\u2019Argent La Communaut\u00e9 de Communes du Val d\u2019Argent comprend les communes de Li\u00e8pvre, Rombach-le-Franc, Sainte-Croix-Aux-Mines et Sainte-Marie-Aux-Mines pour une population d\u2019environ 10 000 habitants. Elle se situe dans le Haut-Rhin, \u00e0 la crois\u00e9e du Bas-Rhin et du d\u00e9partement des Vosges. L\u2019un des \u00e2ges d\u2019or de la Vall\u00e9e vient de son industrie textile symbolis\u00e9e par la pr\u00e9sence de [&hellip;]\" \/>\n<meta property=\"og:url\" content=\"https:\/\/hierostrasbourg.com\/index.php\/2022\/02\/14\/la-communaute-de-communes-du-val-dargent-lance-un-appel-a-candidatures-pour-une-residence-artistique-de-territoire\/\" \/>\n<meta property=\"og:site_name\" content=\"HIERO STRASBOURG\" \/>\n<meta property=\"article:publisher\" content=\"https:\/\/www.facebook.com\/fedehierostrasbourg\" \/>\n<meta property=\"article:published_time\" content=\"2022-02-14T12:20:55+00:00\" \/>\n<meta name=\"twitter:card\" content=\"summary_large_image\" \/>\n<meta name=\"twitter:creator\" content=\"@hierostrasbourg\" \/>\n<meta name=\"twitter:site\" content=\"@hierostrasbourg\" \/>\n<meta name=\"twitter:label1\" content=\"Dur\u00e9e de lecture estim\u00e9e\" \/>\n\t<meta name=\"twitter:data1\" content=\"7 minutes\" \/>\n<script type=\"application\/ld+json\" class=\"yoast-schema-graph\">{\"@context\":\"https:\\\/\\\/schema.org\",\"@graph\":[{\"@type\":\"Article\",\"@id\":\"https:\\\/\\\/hierostrasbourg.com\\\/index.php\\\/2022\\\/02\\\/14\\\/la-communaute-de-communes-du-val-dargent-lance-un-appel-a-candidatures-pour-une-residence-artistique-de-territoire\\\/#article\",\"isPartOf\":{\"@id\":\"https:\\\/\\\/hierostrasbourg.com\\\/index.php\\\/2022\\\/02\\\/14\\\/la-communaute-de-communes-du-val-dargent-lance-un-appel-a-candidatures-pour-une-residence-artistique-de-territoire\\\/\"},\"author\":{\"name\":\"\",\"@id\":\"\"},\"headline\":\"LA COMMUNAUT\u00c9 DE COMMUNES DU VAL D\u2019ARGENT lance un appel \u00e0 candidatures pour une r\u00e9sidence artistique de territoire\",\"datePublished\":\"2022-02-14T12:20:55+00:00\",\"mainEntityOfPage\":{\"@id\":\"https:\\\/\\\/hierostrasbourg.com\\\/index.php\\\/2022\\\/02\\\/14\\\/la-communaute-de-communes-du-val-dargent-lance-un-appel-a-candidatures-pour-une-residence-artistique-de-territoire\\\/\"},\"wordCount\":1344,\"publisher\":{\"@id\":\"https:\\\/\\\/hierostrasbourg.com\\\/#organization\"},\"inLanguage\":\"fr-FR\"},{\"@type\":\"WebPage\",\"@id\":\"https:\\\/\\\/hierostrasbourg.com\\\/index.php\\\/2022\\\/02\\\/14\\\/la-communaute-de-communes-du-val-dargent-lance-un-appel-a-candidatures-pour-une-residence-artistique-de-territoire\\\/\",\"url\":\"https:\\\/\\\/hierostrasbourg.com\\\/index.php\\\/2022\\\/02\\\/14\\\/la-communaute-de-communes-du-val-dargent-lance-un-appel-a-candidatures-pour-une-residence-artistique-de-territoire\\\/\",\"name\":\"LA COMMUNAUT\u00c9 DE COMMUNES DU VAL D\u2019ARGENT lance un appel \u00e0 candidatures pour une r\u00e9sidence artistique de territoire - HIERO STRASBOURG\",\"isPartOf\":{\"@id\":\"https:\\\/\\\/hierostrasbourg.com\\\/#website\"},\"datePublished\":\"2022-02-14T12:20:55+00:00\",\"breadcrumb\":{\"@id\":\"https:\\\/\\\/hierostrasbourg.com\\\/index.php\\\/2022\\\/02\\\/14\\\/la-communaute-de-communes-du-val-dargent-lance-un-appel-a-candidatures-pour-une-residence-artistique-de-territoire\\\/#breadcrumb\"},\"inLanguage\":\"fr-FR\",\"potentialAction\":[{\"@type\":\"ReadAction\",\"target\":[\"https:\\\/\\\/hierostrasbourg.com\\\/index.php\\\/2022\\\/02\\\/14\\\/la-communaute-de-communes-du-val-dargent-lance-un-appel-a-candidatures-pour-une-residence-artistique-de-territoire\\\/\"]}]},{\"@type\":\"BreadcrumbList\",\"@id\":\"https:\\\/\\\/hierostrasbourg.com\\\/index.php\\\/2022\\\/02\\\/14\\\/la-communaute-de-communes-du-val-dargent-lance-un-appel-a-candidatures-pour-une-residence-artistique-de-territoire\\\/#breadcrumb\",\"itemListElement\":[{\"@type\":\"ListItem\",\"position\":1,\"name\":\"Accueil\",\"item\":\"https:\\\/\\\/hierostrasbourg.com\\\/\"},{\"@type\":\"ListItem\",\"position\":2,\"name\":\"LA COMMUNAUT\u00c9 DE COMMUNES DU VAL D\u2019ARGENT lance un appel \u00e0 candidatures pour une r\u00e9sidence artistique de territoire\"}]},{\"@type\":\"WebSite\",\"@id\":\"https:\\\/\\\/hierostrasbourg.com\\\/#website\",\"url\":\"https:\\\/\\\/hierostrasbourg.com\\\/\",\"name\":\"HIERO STRASBOURG\",\"description\":\"Centre de Ressources Musiques Actuelles\",\"publisher\":{\"@id\":\"https:\\\/\\\/hierostrasbourg.com\\\/#organization\"},\"potentialAction\":[{\"@type\":\"SearchAction\",\"target\":{\"@type\":\"EntryPoint\",\"urlTemplate\":\"https:\\\/\\\/hierostrasbourg.com\\\/?s={search_term_string}\"},\"query-input\":{\"@type\":\"PropertyValueSpecification\",\"valueRequired\":true,\"valueName\":\"search_term_string\"}}],\"inLanguage\":\"fr-FR\"},{\"@type\":\"Organization\",\"@id\":\"https:\\\/\\\/hierostrasbourg.com\\\/#organization\",\"name\":\"F\u00e9d\u00e9ration Hi\u00e9ro Strasbourg\",\"url\":\"https:\\\/\\\/hierostrasbourg.com\\\/\",\"logo\":{\"@type\":\"ImageObject\",\"inLanguage\":\"fr-FR\",\"@id\":\"https:\\\/\\\/hierostrasbourg.com\\\/#\\\/schema\\\/logo\\\/image\\\/\",\"url\":\"https:\\\/\\\/hierostrasbourg.com\\\/wp-content\\\/uploads\\\/2026\\\/04\\\/logo-hiero-strasbourg.jpg\",\"contentUrl\":\"https:\\\/\\\/hierostrasbourg.com\\\/wp-content\\\/uploads\\\/2026\\\/04\\\/logo-hiero-strasbourg.jpg\",\"width\":204,\"height\":192,\"caption\":\"F\u00e9d\u00e9ration Hi\u00e9ro Strasbourg\"},\"image\":{\"@id\":\"https:\\\/\\\/hierostrasbourg.com\\\/#\\\/schema\\\/logo\\\/image\\\/\"},\"sameAs\":[\"https:\\\/\\\/www.facebook.com\\\/fedehierostrasbourg\",\"https:\\\/\\\/x.com\\\/hierostrasbourg\"]}]}<\/script>\n<!-- \/ Yoast SEO plugin. -->","yoast_head_json":{"title":"LA COMMUNAUT\u00c9 DE COMMUNES DU VAL D\u2019ARGENT lance un appel \u00e0 candidatures pour une r\u00e9sidence artistique de territoire - HIERO STRASBOURG","robots":{"index":"index","follow":"follow","max-snippet":"max-snippet:-1","max-image-preview":"max-image-preview:large","max-video-preview":"max-video-preview:-1"},"canonical":"https:\/\/hierostrasbourg.com\/index.php\/2022\/02\/14\/la-communaute-de-communes-du-val-dargent-lance-un-appel-a-candidatures-pour-une-residence-artistique-de-territoire\/","og_locale":"fr_FR","og_type":"article","og_title":"LA COMMUNAUT\u00c9 DE COMMUNES DU VAL D\u2019ARGENT lance un appel \u00e0 candidatures pour une r\u00e9sidence artistique de territoire - HIERO STRASBOURG","og_description":"La Communaut\u00e9 de Communes du Val d\u2019Argent lance un appel \u00e0 projet pour favoriser la d\u00e9couverte de son fond d\u2019archives textiles. Le Val d\u2019Argent La Communaut\u00e9 de Communes du Val d\u2019Argent comprend les communes de Li\u00e8pvre, Rombach-le-Franc, Sainte-Croix-Aux-Mines et Sainte-Marie-Aux-Mines pour une population d\u2019environ 10 000 habitants. Elle se situe dans le Haut-Rhin, \u00e0 la crois\u00e9e du Bas-Rhin et du d\u00e9partement des Vosges. L\u2019un des \u00e2ges d\u2019or de la Vall\u00e9e vient de son industrie textile symbolis\u00e9e par la pr\u00e9sence de [&hellip;]","og_url":"https:\/\/hierostrasbourg.com\/index.php\/2022\/02\/14\/la-communaute-de-communes-du-val-dargent-lance-un-appel-a-candidatures-pour-une-residence-artistique-de-territoire\/","og_site_name":"HIERO STRASBOURG","article_publisher":"https:\/\/www.facebook.com\/fedehierostrasbourg","article_published_time":"2022-02-14T12:20:55+00:00","twitter_card":"summary_large_image","twitter_creator":"@hierostrasbourg","twitter_site":"@hierostrasbourg","twitter_misc":{"Dur\u00e9e de lecture estim\u00e9e":"7 minutes"},"schema":{"@context":"https:\/\/schema.org","@graph":[{"@type":"Article","@id":"https:\/\/hierostrasbourg.com\/index.php\/2022\/02\/14\/la-communaute-de-communes-du-val-dargent-lance-un-appel-a-candidatures-pour-une-residence-artistique-de-territoire\/#article","isPartOf":{"@id":"https:\/\/hierostrasbourg.com\/index.php\/2022\/02\/14\/la-communaute-de-communes-du-val-dargent-lance-un-appel-a-candidatures-pour-une-residence-artistique-de-territoire\/"},"author":{"name":"","@id":""},"headline":"LA COMMUNAUT\u00c9 DE COMMUNES DU VAL D\u2019ARGENT lance un appel \u00e0 candidatures pour une r\u00e9sidence artistique de territoire","datePublished":"2022-02-14T12:20:55+00:00","mainEntityOfPage":{"@id":"https:\/\/hierostrasbourg.com\/index.php\/2022\/02\/14\/la-communaute-de-communes-du-val-dargent-lance-un-appel-a-candidatures-pour-une-residence-artistique-de-territoire\/"},"wordCount":1344,"publisher":{"@id":"https:\/\/hierostrasbourg.com\/#organization"},"inLanguage":"fr-FR"},{"@type":"WebPage","@id":"https:\/\/hierostrasbourg.com\/index.php\/2022\/02\/14\/la-communaute-de-communes-du-val-dargent-lance-un-appel-a-candidatures-pour-une-residence-artistique-de-territoire\/","url":"https:\/\/hierostrasbourg.com\/index.php\/2022\/02\/14\/la-communaute-de-communes-du-val-dargent-lance-un-appel-a-candidatures-pour-une-residence-artistique-de-territoire\/","name":"LA COMMUNAUT\u00c9 DE COMMUNES DU VAL D\u2019ARGENT lance un appel \u00e0 candidatures pour une r\u00e9sidence artistique de territoire - HIERO STRASBOURG","isPartOf":{"@id":"https:\/\/hierostrasbourg.com\/#website"},"datePublished":"2022-02-14T12:20:55+00:00","breadcrumb":{"@id":"https:\/\/hierostrasbourg.com\/index.php\/2022\/02\/14\/la-communaute-de-communes-du-val-dargent-lance-un-appel-a-candidatures-pour-une-residence-artistique-de-territoire\/#breadcrumb"},"inLanguage":"fr-FR","potentialAction":[{"@type":"ReadAction","target":["https:\/\/hierostrasbourg.com\/index.php\/2022\/02\/14\/la-communaute-de-communes-du-val-dargent-lance-un-appel-a-candidatures-pour-une-residence-artistique-de-territoire\/"]}]},{"@type":"BreadcrumbList","@id":"https:\/\/hierostrasbourg.com\/index.php\/2022\/02\/14\/la-communaute-de-communes-du-val-dargent-lance-un-appel-a-candidatures-pour-une-residence-artistique-de-territoire\/#breadcrumb","itemListElement":[{"@type":"ListItem","position":1,"name":"Accueil","item":"https:\/\/hierostrasbourg.com\/"},{"@type":"ListItem","position":2,"name":"LA COMMUNAUT\u00c9 DE COMMUNES DU VAL D\u2019ARGENT lance un appel \u00e0 candidatures pour une r\u00e9sidence artistique de territoire"}]},{"@type":"WebSite","@id":"https:\/\/hierostrasbourg.com\/#website","url":"https:\/\/hierostrasbourg.com\/","name":"HIERO STRASBOURG","description":"Centre de Ressources Musiques Actuelles","publisher":{"@id":"https:\/\/hierostrasbourg.com\/#organization"},"potentialAction":[{"@type":"SearchAction","target":{"@type":"EntryPoint","urlTemplate":"https:\/\/hierostrasbourg.com\/?s={search_term_string}"},"query-input":{"@type":"PropertyValueSpecification","valueRequired":true,"valueName":"search_term_string"}}],"inLanguage":"fr-FR"},{"@type":"Organization","@id":"https:\/\/hierostrasbourg.com\/#organization","name":"F\u00e9d\u00e9ration Hi\u00e9ro Strasbourg","url":"https:\/\/hierostrasbourg.com\/","logo":{"@type":"ImageObject","inLanguage":"fr-FR","@id":"https:\/\/hierostrasbourg.com\/#\/schema\/logo\/image\/","url":"https:\/\/hierostrasbourg.com\/wp-content\/uploads\/2026\/04\/logo-hiero-strasbourg.jpg","contentUrl":"https:\/\/hierostrasbourg.com\/wp-content\/uploads\/2026\/04\/logo-hiero-strasbourg.jpg","width":204,"height":192,"caption":"F\u00e9d\u00e9ration Hi\u00e9ro Strasbourg"},"image":{"@id":"https:\/\/hierostrasbourg.com\/#\/schema\/logo\/image\/"},"sameAs":["https:\/\/www.facebook.com\/fedehierostrasbourg","https:\/\/x.com\/hierostrasbourg"]}]}},"_links":{"self":[{"href":"https:\/\/hierostrasbourg.com\/index.php\/wp-json\/wp\/v2\/posts\/1774","targetHints":{"allow":["GET"]}}],"collection":[{"href":"https:\/\/hierostrasbourg.com\/index.php\/wp-json\/wp\/v2\/posts"}],"about":[{"href":"https:\/\/hierostrasbourg.com\/index.php\/wp-json\/wp\/v2\/types\/post"}],"replies":[{"embeddable":true,"href":"https:\/\/hierostrasbourg.com\/index.php\/wp-json\/wp\/v2\/comments?post=1774"}],"version-history":[{"count":0,"href":"https:\/\/hierostrasbourg.com\/index.php\/wp-json\/wp\/v2\/posts\/1774\/revisions"}],"wp:attachment":[{"href":"https:\/\/hierostrasbourg.com\/index.php\/wp-json\/wp\/v2\/media?parent=1774"}],"wp:term":[{"taxonomy":"category","embeddable":true,"href":"https:\/\/hierostrasbourg.com\/index.php\/wp-json\/wp\/v2\/categories?post=1774"},{"taxonomy":"post_tag","embeddable":true,"href":"https:\/\/hierostrasbourg.com\/index.php\/wp-json\/wp\/v2\/tags?post=1774"}],"curies":[{"name":"wp","href":"https:\/\/api.w.org\/{rel}","templated":true}]}}