{"id":14936816,"date":"2026-04-24T20:49:37","date_gmt":"2026-04-24T18:49:37","guid":{"rendered":"https:\/\/hierostrasbourg.com\/index.php\/2026\/04\/24\/les-collectivites-territoriales-et-la-transition-ecologique-du-spectacle\/"},"modified":"2026-04-24T20:49:37","modified_gmt":"2026-04-24T18:49:37","slug":"les-collectivites-territoriales-et-la-transition-ecologique-du-spectacle","status":"publish","type":"post","link":"https:\/\/hierostrasbourg.com\/index.php\/2026\/04\/24\/les-collectivites-territoriales-et-la-transition-ecologique-du-spectacle\/","title":{"rendered":"Les collectivit\u00e9s territoriales et la transition \u00e9cologique du spectacle"},"content":{"rendered":"<p><img decoding=\"async\" width=\"150\" height=\"150\" src=\"https:\/\/musiquesactuelles.net\/wp-content\/uploads\/2023\/11\/ARVIVA-150x150.png\" class=\"attachment-thumbnail size-thumbnail wp-post-image\" alt=\"ARVIVA\"><\/p>\n<p>Les travaux sur l\u2019accompagnement : intention et m\u00e9thodologie<br \/>\nLes travaux pr\u00e9sent\u00e9s dans ce livrable s\u2019inscrivent dans cette dynamique : ils visent \u00e0 observer et qualifier les d\u00e9marches d\u2019accompagnement mises en \u0153uvre par<br \/>\nles collectivit\u00e9s pour soutenir la transformation \u00e9cologique des structures culturelles de leur territoire.<\/p>\n<h4>Accompagnement :<\/h4>\n<p>une d\u00e9finition large<br \/>\nPar \u00ab accompagnement \u00bb, nous entendons l\u2019ensemble des actions mises en \u0153uvre par les collectivit\u00e9s territoriales pour :<\/p>\n<ul>\n<li>Outiller, former, mettre en r\u00e9seau et soutenir les structures culturelles dans leur mutation \u00e9co- logique (formations, rencontres professionnelles,<br \/>\naccompagnement individuel ou collectif, diagnostics, etc.).<\/li>\n<li>Cr\u00e9er et adapter le cadre institutionnel, financier et politique qui permet cette transformation (financements, ajustement des politiques publiques,<br \/>\nlev\u00e9e des freins, etc.).<\/li>\n<\/ul>\n<p>Il s\u2019agit donc d\u2019un double r\u00f4le : agir directement aupr\u00e8s des op\u00e9rateur\u00b7rices culturels pour impulser, faciliter et structurer leur transition ; et cr\u00e9er les conditions cadres propices \u00e0 cette transition.<\/p>\n<h4>Pourquoi ce choix de l\u2019accompagnement ?<\/h4>\n<p>C\u2019est un levier structurant pour enclencher des dynamiques de transformation. Pour les collectivit\u00e9s en particulier, c\u2019est \u00e0 la fois un terrain d\u2019action concret et<br \/>\nun enjeu strat\u00e9gique, \u00e0 la crois\u00e9e du soutien aux acteur\u00b7rices, de la transformation des pratiques et de la mise en coh\u00e9rence des politiques publiques :<\/p>\n<ul>\n<li>Un point d\u2019entr\u00e9e accessible pour toutes les collectivit\u00e9s : l\u2019accompagnement peut \u00eatre un levier imm\u00e9diatement mobilisable, m\u00eame sans \u00ab com-<br \/>\nmande \u00bb politique explicite. Il offre la possibilit\u00e9 de commencer par des petits pas, d\u2019exp\u00e9rimenter, de se former, et d\u2019inscrire progressivement l\u2019\u00e9cologie dans les pratiques quotidiennes de soutien des services culturels<\/li>\n<li>Un espace de confiance plut\u00f4t que d\u2019injonction : l\u2019accompagnement permet d\u2019\u00e9viter une approche descendante ou purement contraignante. Il instaure un cadre d\u2019exp\u00e9rimentation, de dialogue et de progression, o\u00f9 les organisations culturelles peuvent avancer \u00e0 leur rythme et mutualiser leurs apprentissages plut\u00f4t que de les mettre en difficult\u00e9 face \u00e0 des obligations qu\u2019ils et elles n\u2019auraient pas les moyens de respecter.<\/li>\n<li>Une responsabilit\u00e9 \u00e0 prendre au pr\u00e9alable d\u2019\u00e9volutions r\u00e9glementaires : en outillant les acteur\u00b7rices et en favorisant leur appropriation des enjeux, il permet que d\u2019\u00e9ventuelles obligations futures soient per\u00e7ues non comme une sanction, mais comme l\u2019aboutissement logique d\u2019un proces- sus d\u00e9j\u00e0 engag\u00e9.<\/li>\n<\/ul>\n<h4>Intentions &amp; m\u00e9thodologie<\/h4>\n<p>La d\u00e9marche s\u2019est appuy\u00e9e sur une observation qualitative d\u2019initiatives port\u00e9es par les collectivit\u00e9s membres d\u2019ARVIVA, compl\u00e9t\u00e9e par des entretiens men\u00e9s avec<br \/>\ndes agent\u00b7es impliqu\u00e9\u00b7es dans la conception ou la mise en \u0153uvre de dispositifs d\u2019accompagnement, et par une r\u00e9colte d\u2019initiatives via un annuaire ouvert et collaboratif d\u2019autres initiatives. Ces mat\u00e9riaux ont fait l\u2019objet d\u2019une analyse collective conduite au sein du coll\u00e8ge \u00ab collectivit\u00e9s \u00bb pour d\u00e9gager des enseignements communs, enrichie des enseignements tir\u00e9s d\u2019autres travaux men\u00e9s par ARVIVA au sein de son r\u00e9seau.<br \/>\nCette analyse vise \u00e0 :<\/p>\n<ul>\n<li>Valoriser ce qui existe pour inspirer et faciliter l\u2019essaimage de ces exp\u00e9rimentations locales ;<\/li>\n<li>Identifier les freins, leviers et conditions de r\u00e9ussite des d\u00e9marches d\u2019accompagnement ;<\/li>\n<li>Mieux comprendre les postures et les r\u00f4les que peuvent jouer les collectivit\u00e9s dans la mise en mouvement du secteur ;<\/li>\n<li>Ouvrir des perspectives partag\u00e9es pour renforcer la coh\u00e9rence et la compl\u00e9mentarit\u00e9 des actions publiques sur les territoires<\/li>\n<\/ul>\n<div class=\"ead-preview\">\n<div class=\"ead-document\">\n<div class=\"ead-iframe-wrapper\"><\/div>\n<div class=\"ead-document-loading\">\n<div class=\"ead-loading-wrap\">\n<div class=\"ead-loading-main\">\n<div class=\"ead-loading\">\n\t\t\t\t\t\t\t<img decoding=\"async\" src=\"https:\/\/musiquesactuelles.net\/wp-content\/plugins\/embed-any-document\/images\/loading.svg\" width=\"55\" height=\"55\" alt=\"Chargeur\"><br \/>\n\t\t\t\t\t\t\t<span>En cours de chargement\u2026<\/span>\n\t\t\t\t\t\t<\/div>\n<\/p><\/div>\n<div class=\"ead-loading-foot\">\n<div class=\"ead-loading-foot-title\">\n\t\t\t\t\t\t\t<img decoding=\"async\" src=\"https:\/\/musiquesactuelles.net\/wp-content\/plugins\/embed-any-document\/images\/EAD-logo.svg\" alt=\"Logo EAD\" width=\"36\" height=\"23\"><br \/>\n\t\t\t\t\t\t\t<span>Cela prend trop de temps\u00a0?<\/span>\n\t\t\t\t\t\t<\/div>\n<\/p>\n<div class=\"ead-document-btn ead-reload-btn\" role=\"button\">\n\t\t\t\t\t\t\t\t<img decoding=\"async\" src=\"https:\/\/musiquesactuelles.net\/wp-content\/plugins\/embed-any-document\/images\/reload.svg\" alt=\"Recharger\" width=\"12\" height=\"12\"> Recharger le document\t\t\t\t\t\t\t<\/div>\n<p>\t\t\t\t\t\t\t<span>|<\/span><br \/>\n\t\t\t\t\t\t\t<a href=\"https:\/\/musiquesactuelles.net\/wp-content\/uploads\/2026\/04\/collegecollectivites1-interactif.pdf\" class=\"ead-document-btn\" target=\"_blank\"><br \/>\n\t\t\t\t\t\t\t\t<img decoding=\"async\" src=\"https:\/\/musiquesactuelles.net\/wp-content\/plugins\/embed-any-document\/images\/open.svg\" alt=\"Ouvert\" width=\"12\" height=\"12\"> Ouvrir dans un nouvel onglet\t\t\t\t\t\t\t<\/a>\n\t\t\t\t\t<\/div>\n<\/p><\/div>\n<\/p><\/div>\n<\/p><\/div>\n<p class=\"embed_download\"><a href=\"https:\/\/musiquesactuelles.net\/wp-content\/uploads\/2026\/04\/collegecollectivites1-interactif.pdf\" download>T\u00e9l\u00e9charger [3.09 MB] <\/a><\/p>\n<\/div>\n<p>L\u2019article <a href=\"https:\/\/musiquesactuelles.net\/les-collectivites-territoriales-et-la-transition-ecologique-du-spectacle\/\">Les collectivit\u00e9s territoriales et la transition \u00e9cologique du spectacle<\/a> est apparu en premier sur <a href=\"https:\/\/musiquesactuelles.net\/\">F\u00e9d\u00e9ration Musiques Actuelles Grand Est<\/a>.<\/p>\n","protected":false},"excerpt":{"rendered":"<p>Les travaux sur l\u2019accompagnement : intention et m\u00e9thodologie Les travaux pr\u00e9sent\u00e9s dans ce livrable s\u2019inscrivent dans cette dynamique : ils visent \u00e0 observer et qualifier les d\u00e9marches d\u2019accompagnement mises en \u0153uvre par les collectivit\u00e9s pour soutenir la transformation \u00e9cologique des structures culturelles de leur territoire. Accompagnement : une d\u00e9finition large Par \u00ab accompagnement \u00bb, nous entendons l\u2019ensemble des actions mises en \u0153uvre par les collectivit\u00e9s territoriales pour : Outiller, former, mettre en r\u00e9seau et soutenir les structures culturelles dans leur [&hellip;]<\/p>\n","protected":false},"author":2,"featured_media":14936817,"comment_status":"closed","ping_status":"open","sticky":false,"template":"","format":"standard","meta":{"footnotes":""},"categories":[1],"tags":[],"class_list":["post-14936816","post","type-post","status-publish","format-standard","has-post-thumbnail","hentry","category-non-classe"],"yoast_head":"<!-- This site is optimized with the Yoast SEO plugin v27.4 - https:\/\/yoast.com\/product\/yoast-seo-wordpress\/ -->\n<title>Les collectivit\u00e9s territoriales et la transition \u00e9cologique du spectacle - HIERO STRASBOURG<\/title>\n<meta name=\"robots\" content=\"index, follow, max-snippet:-1, max-image-preview:large, max-video-preview:-1\" \/>\n<link rel=\"canonical\" href=\"https:\/\/hierostrasbourg.com\/index.php\/2026\/04\/24\/les-collectivites-territoriales-et-la-transition-ecologique-du-spectacle\/\" \/>\n<meta property=\"og:locale\" content=\"fr_FR\" \/>\n<meta property=\"og:type\" content=\"article\" \/>\n<meta property=\"og:title\" content=\"Les collectivit\u00e9s territoriales et la transition \u00e9cologique du spectacle - HIERO STRASBOURG\" \/>\n<meta property=\"og:description\" content=\"Les travaux sur l\u2019accompagnement : intention et m\u00e9thodologie Les travaux pr\u00e9sent\u00e9s dans ce livrable s\u2019inscrivent dans cette dynamique : ils visent \u00e0 observer et qualifier les d\u00e9marches d\u2019accompagnement mises en \u0153uvre par les collectivit\u00e9s pour soutenir la transformation \u00e9cologique des structures culturelles de leur territoire. Accompagnement : une d\u00e9finition large Par \u00ab accompagnement \u00bb, nous entendons l\u2019ensemble des actions mises en \u0153uvre par les collectivit\u00e9s territoriales pour : Outiller, former, mettre en r\u00e9seau et soutenir les structures culturelles dans leur [&hellip;]\" \/>\n<meta property=\"og:url\" content=\"https:\/\/hierostrasbourg.com\/index.php\/2026\/04\/24\/les-collectivites-territoriales-et-la-transition-ecologique-du-spectacle\/\" \/>\n<meta property=\"og:site_name\" content=\"HIERO STRASBOURG\" \/>\n<meta property=\"article:publisher\" content=\"https:\/\/www.facebook.com\/fedehierostrasbourg\" \/>\n<meta property=\"article:published_time\" content=\"2026-04-24T18:49:37+00:00\" \/>\n<meta property=\"og:image\" content=\"https:\/\/musiquesactuelles.net\/wp-content\/uploads\/2023\/11\/ARVIVA-150x150.png\" \/>\n<meta name=\"author\" content=\"hiero\" \/>\n<meta name=\"twitter:card\" content=\"summary_large_image\" \/>\n<meta name=\"twitter:creator\" content=\"@hierostrasbourg\" \/>\n<meta name=\"twitter:site\" content=\"@hierostrasbourg\" \/>\n<meta name=\"twitter:label1\" content=\"\u00c9crit par\" \/>\n\t<meta name=\"twitter:data1\" content=\"hiero\" \/>\n\t<meta name=\"twitter:label2\" content=\"Dur\u00e9e de lecture estim\u00e9e\" \/>\n\t<meta name=\"twitter:data2\" content=\"3 minutes\" \/>\n<script type=\"application\/ld+json\" class=\"yoast-schema-graph\">{\"@context\":\"https:\\\/\\\/schema.org\",\"@graph\":[{\"@type\":\"Article\",\"@id\":\"https:\\\/\\\/hierostrasbourg.com\\\/index.php\\\/2026\\\/04\\\/24\\\/les-collectivites-territoriales-et-la-transition-ecologique-du-spectacle\\\/#article\",\"isPartOf\":{\"@id\":\"https:\\\/\\\/hierostrasbourg.com\\\/index.php\\\/2026\\\/04\\\/24\\\/les-collectivites-territoriales-et-la-transition-ecologique-du-spectacle\\\/\"},\"author\":{\"name\":\"hiero\",\"@id\":\"https:\\\/\\\/hierostrasbourg.com\\\/#\\\/schema\\\/person\\\/e35213117dac7d429e5d464590776304\"},\"headline\":\"Les collectivit\u00e9s territoriales et la transition \u00e9cologique du spectacle\",\"datePublished\":\"2026-04-24T18:49:37+00:00\",\"mainEntityOfPage\":{\"@id\":\"https:\\\/\\\/hierostrasbourg.com\\\/index.php\\\/2026\\\/04\\\/24\\\/les-collectivites-territoriales-et-la-transition-ecologique-du-spectacle\\\/\"},\"wordCount\":626,\"publisher\":{\"@id\":\"https:\\\/\\\/hierostrasbourg.com\\\/#organization\"},\"image\":{\"@id\":\"https:\\\/\\\/hierostrasbourg.com\\\/index.php\\\/2026\\\/04\\\/24\\\/les-collectivites-territoriales-et-la-transition-ecologique-du-spectacle\\\/#primaryimage\"},\"thumbnailUrl\":\"https:\\\/\\\/hierostrasbourg.com\\\/wp-content\\\/uploads\\\/2026\\\/04\\\/ARVIVA-150x150-fVL6RI.png\",\"inLanguage\":\"fr-FR\"},{\"@type\":\"WebPage\",\"@id\":\"https:\\\/\\\/hierostrasbourg.com\\\/index.php\\\/2026\\\/04\\\/24\\\/les-collectivites-territoriales-et-la-transition-ecologique-du-spectacle\\\/\",\"url\":\"https:\\\/\\\/hierostrasbourg.com\\\/index.php\\\/2026\\\/04\\\/24\\\/les-collectivites-territoriales-et-la-transition-ecologique-du-spectacle\\\/\",\"name\":\"Les collectivit\u00e9s territoriales et la transition \u00e9cologique du spectacle - HIERO STRASBOURG\",\"isPartOf\":{\"@id\":\"https:\\\/\\\/hierostrasbourg.com\\\/#website\"},\"primaryImageOfPage\":{\"@id\":\"https:\\\/\\\/hierostrasbourg.com\\\/index.php\\\/2026\\\/04\\\/24\\\/les-collectivites-territoriales-et-la-transition-ecologique-du-spectacle\\\/#primaryimage\"},\"image\":{\"@id\":\"https:\\\/\\\/hierostrasbourg.com\\\/index.php\\\/2026\\\/04\\\/24\\\/les-collectivites-territoriales-et-la-transition-ecologique-du-spectacle\\\/#primaryimage\"},\"thumbnailUrl\":\"https:\\\/\\\/hierostrasbourg.com\\\/wp-content\\\/uploads\\\/2026\\\/04\\\/ARVIVA-150x150-fVL6RI.png\",\"datePublished\":\"2026-04-24T18:49:37+00:00\",\"breadcrumb\":{\"@id\":\"https:\\\/\\\/hierostrasbourg.com\\\/index.php\\\/2026\\\/04\\\/24\\\/les-collectivites-territoriales-et-la-transition-ecologique-du-spectacle\\\/#breadcrumb\"},\"inLanguage\":\"fr-FR\",\"potentialAction\":[{\"@type\":\"ReadAction\",\"target\":[\"https:\\\/\\\/hierostrasbourg.com\\\/index.php\\\/2026\\\/04\\\/24\\\/les-collectivites-territoriales-et-la-transition-ecologique-du-spectacle\\\/\"]}]},{\"@type\":\"ImageObject\",\"inLanguage\":\"fr-FR\",\"@id\":\"https:\\\/\\\/hierostrasbourg.com\\\/index.php\\\/2026\\\/04\\\/24\\\/les-collectivites-territoriales-et-la-transition-ecologique-du-spectacle\\\/#primaryimage\",\"url\":\"https:\\\/\\\/hierostrasbourg.com\\\/wp-content\\\/uploads\\\/2026\\\/04\\\/ARVIVA-150x150-fVL6RI.png\",\"contentUrl\":\"https:\\\/\\\/hierostrasbourg.com\\\/wp-content\\\/uploads\\\/2026\\\/04\\\/ARVIVA-150x150-fVL6RI.png\",\"width\":150,\"height\":150,\"caption\":\"Les collectivit\u00e9s territoriales et la transition \u00e9cologique du spectacle\"},{\"@type\":\"BreadcrumbList\",\"@id\":\"https:\\\/\\\/hierostrasbourg.com\\\/index.php\\\/2026\\\/04\\\/24\\\/les-collectivites-territoriales-et-la-transition-ecologique-du-spectacle\\\/#breadcrumb\",\"itemListElement\":[{\"@type\":\"ListItem\",\"position\":1,\"name\":\"Accueil\",\"item\":\"https:\\\/\\\/hierostrasbourg.com\\\/\"},{\"@type\":\"ListItem\",\"position\":2,\"name\":\"Les collectivit\u00e9s territoriales et la transition \u00e9cologique du spectacle\"}]},{\"@type\":\"WebSite\",\"@id\":\"https:\\\/\\\/hierostrasbourg.com\\\/#website\",\"url\":\"https:\\\/\\\/hierostrasbourg.com\\\/\",\"name\":\"HIERO STRASBOURG\",\"description\":\"Centre de Ressources Musiques Actuelles\",\"publisher\":{\"@id\":\"https:\\\/\\\/hierostrasbourg.com\\\/#organization\"},\"potentialAction\":[{\"@type\":\"SearchAction\",\"target\":{\"@type\":\"EntryPoint\",\"urlTemplate\":\"https:\\\/\\\/hierostrasbourg.com\\\/?s={search_term_string}\"},\"query-input\":{\"@type\":\"PropertyValueSpecification\",\"valueRequired\":true,\"valueName\":\"search_term_string\"}}],\"inLanguage\":\"fr-FR\"},{\"@type\":\"Organization\",\"@id\":\"https:\\\/\\\/hierostrasbourg.com\\\/#organization\",\"name\":\"F\u00e9d\u00e9ration Hi\u00e9ro Strasbourg\",\"url\":\"https:\\\/\\\/hierostrasbourg.com\\\/\",\"logo\":{\"@type\":\"ImageObject\",\"inLanguage\":\"fr-FR\",\"@id\":\"https:\\\/\\\/hierostrasbourg.com\\\/#\\\/schema\\\/logo\\\/image\\\/\",\"url\":\"https:\\\/\\\/hierostrasbourg.com\\\/wp-content\\\/uploads\\\/2026\\\/04\\\/logo-hiero-strasbourg.jpg\",\"contentUrl\":\"https:\\\/\\\/hierostrasbourg.com\\\/wp-content\\\/uploads\\\/2026\\\/04\\\/logo-hiero-strasbourg.jpg\",\"width\":204,\"height\":192,\"caption\":\"F\u00e9d\u00e9ration Hi\u00e9ro Strasbourg\"},\"image\":{\"@id\":\"https:\\\/\\\/hierostrasbourg.com\\\/#\\\/schema\\\/logo\\\/image\\\/\"},\"sameAs\":[\"https:\\\/\\\/www.facebook.com\\\/fedehierostrasbourg\",\"https:\\\/\\\/x.com\\\/hierostrasbourg\"]},{\"@type\":\"Person\",\"@id\":\"https:\\\/\\\/hierostrasbourg.com\\\/#\\\/schema\\\/person\\\/e35213117dac7d429e5d464590776304\",\"name\":\"hiero\",\"image\":{\"@type\":\"ImageObject\",\"inLanguage\":\"fr-FR\",\"@id\":\"https:\\\/\\\/hierostrasbourg.com\\\/wp-content\\\/litespeed\\\/avatar\\\/a6d7daff26f8de998574d7d8b3fe7c57.jpg?ver=1777120857\",\"url\":\"https:\\\/\\\/hierostrasbourg.com\\\/wp-content\\\/litespeed\\\/avatar\\\/a6d7daff26f8de998574d7d8b3fe7c57.jpg?ver=1777120857\",\"contentUrl\":\"https:\\\/\\\/hierostrasbourg.com\\\/wp-content\\\/litespeed\\\/avatar\\\/a6d7daff26f8de998574d7d8b3fe7c57.jpg?ver=1777120857\",\"caption\":\"hiero\"},\"url\":\"https:\\\/\\\/hierostrasbourg.com\\\/index.php\\\/author\\\/hiero\\\/\"}]}<\/script>\n<!-- \/ Yoast SEO plugin. -->","yoast_head_json":{"title":"Les collectivit\u00e9s territoriales et la transition \u00e9cologique du spectacle - HIERO STRASBOURG","robots":{"index":"index","follow":"follow","max-snippet":"max-snippet:-1","max-image-preview":"max-image-preview:large","max-video-preview":"max-video-preview:-1"},"canonical":"https:\/\/hierostrasbourg.com\/index.php\/2026\/04\/24\/les-collectivites-territoriales-et-la-transition-ecologique-du-spectacle\/","og_locale":"fr_FR","og_type":"article","og_title":"Les collectivit\u00e9s territoriales et la transition \u00e9cologique du spectacle - HIERO STRASBOURG","og_description":"Les travaux sur l\u2019accompagnement : intention et m\u00e9thodologie Les travaux pr\u00e9sent\u00e9s dans ce livrable s\u2019inscrivent dans cette dynamique : ils visent \u00e0 observer et qualifier les d\u00e9marches d\u2019accompagnement mises en \u0153uvre par les collectivit\u00e9s pour soutenir la transformation \u00e9cologique des structures culturelles de leur territoire. Accompagnement : une d\u00e9finition large Par \u00ab accompagnement \u00bb, nous entendons l\u2019ensemble des actions mises en \u0153uvre par les collectivit\u00e9s territoriales pour : Outiller, former, mettre en r\u00e9seau et soutenir les structures culturelles dans leur [&hellip;]","og_url":"https:\/\/hierostrasbourg.com\/index.php\/2026\/04\/24\/les-collectivites-territoriales-et-la-transition-ecologique-du-spectacle\/","og_site_name":"HIERO STRASBOURG","article_publisher":"https:\/\/www.facebook.com\/fedehierostrasbourg","article_published_time":"2026-04-24T18:49:37+00:00","og_image":[{"url":"https:\/\/musiquesactuelles.net\/wp-content\/uploads\/2023\/11\/ARVIVA-150x150.png","type":"","width":"","height":""}],"author":"hiero","twitter_card":"summary_large_image","twitter_creator":"@hierostrasbourg","twitter_site":"@hierostrasbourg","twitter_misc":{"\u00c9crit par":"hiero","Dur\u00e9e de lecture estim\u00e9e":"3 minutes"},"schema":{"@context":"https:\/\/schema.org","@graph":[{"@type":"Article","@id":"https:\/\/hierostrasbourg.com\/index.php\/2026\/04\/24\/les-collectivites-territoriales-et-la-transition-ecologique-du-spectacle\/#article","isPartOf":{"@id":"https:\/\/hierostrasbourg.com\/index.php\/2026\/04\/24\/les-collectivites-territoriales-et-la-transition-ecologique-du-spectacle\/"},"author":{"name":"hiero","@id":"https:\/\/hierostrasbourg.com\/#\/schema\/person\/e35213117dac7d429e5d464590776304"},"headline":"Les collectivit\u00e9s territoriales et la transition \u00e9cologique du spectacle","datePublished":"2026-04-24T18:49:37+00:00","mainEntityOfPage":{"@id":"https:\/\/hierostrasbourg.com\/index.php\/2026\/04\/24\/les-collectivites-territoriales-et-la-transition-ecologique-du-spectacle\/"},"wordCount":626,"publisher":{"@id":"https:\/\/hierostrasbourg.com\/#organization"},"image":{"@id":"https:\/\/hierostrasbourg.com\/index.php\/2026\/04\/24\/les-collectivites-territoriales-et-la-transition-ecologique-du-spectacle\/#primaryimage"},"thumbnailUrl":"https:\/\/hierostrasbourg.com\/wp-content\/uploads\/2026\/04\/ARVIVA-150x150-fVL6RI.png","inLanguage":"fr-FR"},{"@type":"WebPage","@id":"https:\/\/hierostrasbourg.com\/index.php\/2026\/04\/24\/les-collectivites-territoriales-et-la-transition-ecologique-du-spectacle\/","url":"https:\/\/hierostrasbourg.com\/index.php\/2026\/04\/24\/les-collectivites-territoriales-et-la-transition-ecologique-du-spectacle\/","name":"Les collectivit\u00e9s territoriales et la transition \u00e9cologique du spectacle - HIERO STRASBOURG","isPartOf":{"@id":"https:\/\/hierostrasbourg.com\/#website"},"primaryImageOfPage":{"@id":"https:\/\/hierostrasbourg.com\/index.php\/2026\/04\/24\/les-collectivites-territoriales-et-la-transition-ecologique-du-spectacle\/#primaryimage"},"image":{"@id":"https:\/\/hierostrasbourg.com\/index.php\/2026\/04\/24\/les-collectivites-territoriales-et-la-transition-ecologique-du-spectacle\/#primaryimage"},"thumbnailUrl":"https:\/\/hierostrasbourg.com\/wp-content\/uploads\/2026\/04\/ARVIVA-150x150-fVL6RI.png","datePublished":"2026-04-24T18:49:37+00:00","breadcrumb":{"@id":"https:\/\/hierostrasbourg.com\/index.php\/2026\/04\/24\/les-collectivites-territoriales-et-la-transition-ecologique-du-spectacle\/#breadcrumb"},"inLanguage":"fr-FR","potentialAction":[{"@type":"ReadAction","target":["https:\/\/hierostrasbourg.com\/index.php\/2026\/04\/24\/les-collectivites-territoriales-et-la-transition-ecologique-du-spectacle\/"]}]},{"@type":"ImageObject","inLanguage":"fr-FR","@id":"https:\/\/hierostrasbourg.com\/index.php\/2026\/04\/24\/les-collectivites-territoriales-et-la-transition-ecologique-du-spectacle\/#primaryimage","url":"https:\/\/hierostrasbourg.com\/wp-content\/uploads\/2026\/04\/ARVIVA-150x150-fVL6RI.png","contentUrl":"https:\/\/hierostrasbourg.com\/wp-content\/uploads\/2026\/04\/ARVIVA-150x150-fVL6RI.png","width":150,"height":150,"caption":"Les collectivit\u00e9s territoriales et la transition \u00e9cologique du spectacle"},{"@type":"BreadcrumbList","@id":"https:\/\/hierostrasbourg.com\/index.php\/2026\/04\/24\/les-collectivites-territoriales-et-la-transition-ecologique-du-spectacle\/#breadcrumb","itemListElement":[{"@type":"ListItem","position":1,"name":"Accueil","item":"https:\/\/hierostrasbourg.com\/"},{"@type":"ListItem","position":2,"name":"Les collectivit\u00e9s territoriales et la transition \u00e9cologique du spectacle"}]},{"@type":"WebSite","@id":"https:\/\/hierostrasbourg.com\/#website","url":"https:\/\/hierostrasbourg.com\/","name":"HIERO STRASBOURG","description":"Centre de Ressources Musiques Actuelles","publisher":{"@id":"https:\/\/hierostrasbourg.com\/#organization"},"potentialAction":[{"@type":"SearchAction","target":{"@type":"EntryPoint","urlTemplate":"https:\/\/hierostrasbourg.com\/?s={search_term_string}"},"query-input":{"@type":"PropertyValueSpecification","valueRequired":true,"valueName":"search_term_string"}}],"inLanguage":"fr-FR"},{"@type":"Organization","@id":"https:\/\/hierostrasbourg.com\/#organization","name":"F\u00e9d\u00e9ration Hi\u00e9ro Strasbourg","url":"https:\/\/hierostrasbourg.com\/","logo":{"@type":"ImageObject","inLanguage":"fr-FR","@id":"https:\/\/hierostrasbourg.com\/#\/schema\/logo\/image\/","url":"https:\/\/hierostrasbourg.com\/wp-content\/uploads\/2026\/04\/logo-hiero-strasbourg.jpg","contentUrl":"https:\/\/hierostrasbourg.com\/wp-content\/uploads\/2026\/04\/logo-hiero-strasbourg.jpg","width":204,"height":192,"caption":"F\u00e9d\u00e9ration Hi\u00e9ro Strasbourg"},"image":{"@id":"https:\/\/hierostrasbourg.com\/#\/schema\/logo\/image\/"},"sameAs":["https:\/\/www.facebook.com\/fedehierostrasbourg","https:\/\/x.com\/hierostrasbourg"]},{"@type":"Person","@id":"https:\/\/hierostrasbourg.com\/#\/schema\/person\/e35213117dac7d429e5d464590776304","name":"hiero","image":{"@type":"ImageObject","inLanguage":"fr-FR","@id":"https:\/\/hierostrasbourg.com\/wp-content\/litespeed\/avatar\/a6d7daff26f8de998574d7d8b3fe7c57.jpg?ver=1777120857","url":"https:\/\/hierostrasbourg.com\/wp-content\/litespeed\/avatar\/a6d7daff26f8de998574d7d8b3fe7c57.jpg?ver=1777120857","contentUrl":"https:\/\/hierostrasbourg.com\/wp-content\/litespeed\/avatar\/a6d7daff26f8de998574d7d8b3fe7c57.jpg?ver=1777120857","caption":"hiero"},"url":"https:\/\/hierostrasbourg.com\/index.php\/author\/hiero\/"}]}},"_links":{"self":[{"href":"https:\/\/hierostrasbourg.com\/index.php\/wp-json\/wp\/v2\/posts\/14936816","targetHints":{"allow":["GET"]}}],"collection":[{"href":"https:\/\/hierostrasbourg.com\/index.php\/wp-json\/wp\/v2\/posts"}],"about":[{"href":"https:\/\/hierostrasbourg.com\/index.php\/wp-json\/wp\/v2\/types\/post"}],"author":[{"embeddable":true,"href":"https:\/\/hierostrasbourg.com\/index.php\/wp-json\/wp\/v2\/users\/2"}],"replies":[{"embeddable":true,"href":"https:\/\/hierostrasbourg.com\/index.php\/wp-json\/wp\/v2\/comments?post=14936816"}],"version-history":[{"count":0,"href":"https:\/\/hierostrasbourg.com\/index.php\/wp-json\/wp\/v2\/posts\/14936816\/revisions"}],"wp:featuredmedia":[{"embeddable":true,"href":"https:\/\/hierostrasbourg.com\/index.php\/wp-json\/wp\/v2\/media\/14936817"}],"wp:attachment":[{"href":"https:\/\/hierostrasbourg.com\/index.php\/wp-json\/wp\/v2\/media?parent=14936816"}],"wp:term":[{"taxonomy":"category","embeddable":true,"href":"https:\/\/hierostrasbourg.com\/index.php\/wp-json\/wp\/v2\/categories?post=14936816"},{"taxonomy":"post_tag","embeddable":true,"href":"https:\/\/hierostrasbourg.com\/index.php\/wp-json\/wp\/v2\/tags?post=14936816"}],"curies":[{"name":"wp","href":"https:\/\/api.w.org\/{rel}","templated":true}]}}