{"id":14936812,"date":"2026-04-24T22:59:40","date_gmt":"2026-04-24T20:59:40","guid":{"rendered":"https:\/\/hierostrasbourg.com\/index.php\/2026\/04\/24\/decentralisation-culturelle-la-derniere-version-du-livre-blanc-des-associations-delus-est-disponible\/"},"modified":"2026-04-24T22:59:40","modified_gmt":"2026-04-24T20:59:40","slug":"decentralisation-culturelle-la-derniere-version-du-livre-blanc-des-associations-delus-est-disponible","status":"publish","type":"post","link":"https:\/\/hierostrasbourg.com\/index.php\/2026\/04\/24\/decentralisation-culturelle-la-derniere-version-du-livre-blanc-des-associations-delus-est-disponible\/","title":{"rendered":"D\u00e9centralisation culturelle : la derni\u00e8re version du Livre Blanc des associations d\u2019\u00e9lus est disponible"},"content":{"rendered":"<p><img decoding=\"async\" width=\"150\" height=\"150\" src=\"https:\/\/musiquesactuelles.net\/wp-content\/uploads\/2023\/10\/observatoires-des-politiques-culturelles-25-150x150.png\" class=\"attachment-thumbnail size-thumbnail wp-post-image\" alt=\"observatoires des politiques culturelles 25\"><\/p>\n<h4>Edito<\/h4>\n<p><em>En r\u00e9action au contexte de grande fragilisation politique et budg\u00e9taire de l\u2019action publique de la culture, plusieurs associations et f\u00e9d\u00e9rations d\u2019\u00e9lu\u00b7es, de collectivit\u00e9s territoriales et de professionnel\u00b7les ont souhait\u00e9, avec l\u2019Observatoire des politiques culturelles, faire cause commune<\/em><br \/>\n<em>pour relancer le chantier de la d\u00e9centralisation culturelle. Faut-il en faire \u00e9voluer l\u2019esprit, les attendus, les \u00e9quilibres et les r\u00e8gles du jeu ? Les fondements politiques, l\u00e9gislatifs et contractuels ? Les espaces de n\u00e9gociation, de concertation et de coordination ?<\/em><br \/>\n<em>Depuis plusieurs mois, une quarantaine de r\u00e9seaux nationaux participe ainsi \u00e0 une d\u00e9marche de livre blanc pour une nouvelle organisation territoriale des politiques culturelles. Cette publication, pr\u00e9sent\u00e9e aux Biennales internationales du spectacle (Nantes) en janvier 2026, regroupe un premier ensemble de contributions, visant \u00e0 faire avancer le d\u00e9bat sur le sujet, \u00e0 pr\u00e9parer les prochaines \u00e9ch\u00e9ances \u00e9lectorales et \u00e0 nourrir le dialogue avec l\u2019\u00c9tat et les parlementaires.<\/em><\/p>\n<div class=\"ead-preview\">\n<div class=\"ead-document\">\n<div class=\"ead-iframe-wrapper\"><\/div>\n<div class=\"ead-document-loading\">\n<div class=\"ead-loading-wrap\">\n<div class=\"ead-loading-main\">\n<div class=\"ead-loading\">\n\t\t\t\t\t\t\t<img decoding=\"async\" src=\"https:\/\/musiquesactuelles.net\/wp-content\/plugins\/embed-any-document\/images\/loading.svg\" width=\"55\" height=\"55\" alt=\"Chargeur\"><br \/>\n\t\t\t\t\t\t\t<span>En cours de chargement\u2026<\/span>\n\t\t\t\t\t\t<\/div>\n<\/p><\/div>\n<div class=\"ead-loading-foot\">\n<div class=\"ead-loading-foot-title\">\n\t\t\t\t\t\t\t<img decoding=\"async\" src=\"https:\/\/musiquesactuelles.net\/wp-content\/plugins\/embed-any-document\/images\/EAD-logo.svg\" alt=\"Logo EAD\" width=\"36\" height=\"23\"><br \/>\n\t\t\t\t\t\t\t<span>Cela prend trop de temps\u00a0?<\/span>\n\t\t\t\t\t\t<\/div>\n<\/p>\n<div class=\"ead-document-btn ead-reload-btn\" role=\"button\">\n\t\t\t\t\t\t\t\t<img decoding=\"async\" src=\"https:\/\/musiquesactuelles.net\/wp-content\/plugins\/embed-any-document\/images\/reload.svg\" alt=\"Recharger\" width=\"12\" height=\"12\"> Recharger le document\t\t\t\t\t\t\t<\/div>\n<p>\t\t\t\t\t\t\t<span>|<\/span><br \/>\n\t\t\t\t\t\t\t<a href=\"https:\/\/www.intercommunalites.fr\/app\/uploads\/1\/2026\/04\/LIVREBLANC_30mars26-1.pdf\" class=\"ead-document-btn\" target=\"_blank\"><br \/>\n\t\t\t\t\t\t\t\t<img decoding=\"async\" src=\"https:\/\/musiquesactuelles.net\/wp-content\/plugins\/embed-any-document\/images\/open.svg\" alt=\"Ouvert\" width=\"12\" height=\"12\"> Ouvrir dans un nouvel onglet\t\t\t\t\t\t\t<\/a>\n\t\t\t\t\t<\/div>\n<\/p><\/div>\n<\/p><\/div>\n<\/p><\/div>\n<p class=\"embed_download\"><a href=\"https:\/\/www.intercommunalites.fr\/app\/uploads\/1\/2026\/04\/LIVREBLANC_30mars26-1.pdf\" download>T\u00e9l\u00e9charger <\/a><\/p>\n<\/div>\n<p>L\u2019article <a href=\"https:\/\/musiquesactuelles.net\/decentralisation-culturelle-la-derniere-version-du-livre-blanc-des-associations-delus-est-disponible\/\">D\u00e9centralisation culturelle : la derni\u00e8re version du Livre Blanc des associations d\u2019\u00e9lus est disponible<\/a> est apparu en premier sur <a href=\"https:\/\/musiquesactuelles.net\/\">F\u00e9d\u00e9ration Musiques Actuelles Grand Est<\/a>.<\/p>\n","protected":false},"excerpt":{"rendered":"<p>Edito En r\u00e9action au contexte de grande fragilisation politique et budg\u00e9taire de l\u2019action publique de la culture, plusieurs associations et f\u00e9d\u00e9rations d\u2019\u00e9lu\u00b7es, de collectivit\u00e9s territoriales et de professionnel\u00b7les ont souhait\u00e9, avec l\u2019Observatoire des politiques culturelles, faire cause commune pour relancer le chantier de la d\u00e9centralisation culturelle. Faut-il en faire \u00e9voluer l\u2019esprit, les attendus, les \u00e9quilibres et les r\u00e8gles du jeu ? Les fondements politiques, l\u00e9gislatifs et contractuels ? Les espaces de n\u00e9gociation, de concertation et de coordination ? Depuis plusieurs [&hellip;]<\/p>\n","protected":false},"author":2,"featured_media":14936813,"comment_status":"closed","ping_status":"open","sticky":false,"template":"","format":"standard","meta":{"footnotes":""},"categories":[1],"tags":[],"class_list":["post-14936812","post","type-post","status-publish","format-standard","has-post-thumbnail","hentry","category-non-classe"],"yoast_head":"<!-- This site is optimized with the Yoast SEO plugin v27.4 - https:\/\/yoast.com\/product\/yoast-seo-wordpress\/ -->\n<title>D\u00e9centralisation culturelle : la derni\u00e8re version du Livre Blanc des associations d\u2019\u00e9lus est disponible - HIERO STRASBOURG<\/title>\n<meta name=\"robots\" content=\"index, follow, max-snippet:-1, max-image-preview:large, max-video-preview:-1\" \/>\n<link rel=\"canonical\" href=\"https:\/\/hierostrasbourg.com\/index.php\/2026\/04\/24\/decentralisation-culturelle-la-derniere-version-du-livre-blanc-des-associations-delus-est-disponible\/\" \/>\n<meta property=\"og:locale\" content=\"fr_FR\" \/>\n<meta property=\"og:type\" content=\"article\" \/>\n<meta property=\"og:title\" content=\"D\u00e9centralisation culturelle : la derni\u00e8re version du Livre Blanc des associations d\u2019\u00e9lus est disponible - HIERO STRASBOURG\" \/>\n<meta property=\"og:description\" content=\"Edito En r\u00e9action au contexte de grande fragilisation politique et budg\u00e9taire de l\u2019action publique de la culture, plusieurs associations et f\u00e9d\u00e9rations d\u2019\u00e9lu\u00b7es, de collectivit\u00e9s territoriales et de professionnel\u00b7les ont souhait\u00e9, avec l\u2019Observatoire des politiques culturelles, faire cause commune pour relancer le chantier de la d\u00e9centralisation culturelle. Faut-il en faire \u00e9voluer l\u2019esprit, les attendus, les \u00e9quilibres et les r\u00e8gles du jeu ? Les fondements politiques, l\u00e9gislatifs et contractuels ? Les espaces de n\u00e9gociation, de concertation et de coordination ? Depuis plusieurs [&hellip;]\" \/>\n<meta property=\"og:url\" content=\"https:\/\/hierostrasbourg.com\/index.php\/2026\/04\/24\/decentralisation-culturelle-la-derniere-version-du-livre-blanc-des-associations-delus-est-disponible\/\" \/>\n<meta property=\"og:site_name\" content=\"HIERO STRASBOURG\" \/>\n<meta property=\"article:publisher\" content=\"https:\/\/www.facebook.com\/fedehierostrasbourg\" \/>\n<meta property=\"article:published_time\" content=\"2026-04-24T20:59:40+00:00\" \/>\n<meta property=\"og:image\" content=\"https:\/\/musiquesactuelles.net\/wp-content\/uploads\/2023\/10\/observatoires-des-politiques-culturelles-25-150x150.png\" \/>\n<meta name=\"author\" content=\"hiero\" \/>\n<meta name=\"twitter:card\" content=\"summary_large_image\" \/>\n<meta name=\"twitter:creator\" content=\"@hierostrasbourg\" \/>\n<meta name=\"twitter:site\" content=\"@hierostrasbourg\" \/>\n<meta name=\"twitter:label1\" content=\"\u00c9crit par\" \/>\n\t<meta name=\"twitter:data1\" content=\"hiero\" \/>\n\t<meta name=\"twitter:label2\" content=\"Dur\u00e9e de lecture estim\u00e9e\" \/>\n\t<meta name=\"twitter:data2\" content=\"1 minute\" \/>\n<script type=\"application\/ld+json\" class=\"yoast-schema-graph\">{\"@context\":\"https:\\\/\\\/schema.org\",\"@graph\":[{\"@type\":\"Article\",\"@id\":\"https:\\\/\\\/hierostrasbourg.com\\\/index.php\\\/2026\\\/04\\\/24\\\/decentralisation-culturelle-la-derniere-version-du-livre-blanc-des-associations-delus-est-disponible\\\/#article\",\"isPartOf\":{\"@id\":\"https:\\\/\\\/hierostrasbourg.com\\\/index.php\\\/2026\\\/04\\\/24\\\/decentralisation-culturelle-la-derniere-version-du-livre-blanc-des-associations-delus-est-disponible\\\/\"},\"author\":{\"name\":\"hiero\",\"@id\":\"https:\\\/\\\/hierostrasbourg.com\\\/#\\\/schema\\\/person\\\/e35213117dac7d429e5d464590776304\"},\"headline\":\"D\u00e9centralisation culturelle : la derni\u00e8re version du Livre Blanc des associations d\u2019\u00e9lus est disponible\",\"datePublished\":\"2026-04-24T20:59:40+00:00\",\"mainEntityOfPage\":{\"@id\":\"https:\\\/\\\/hierostrasbourg.com\\\/index.php\\\/2026\\\/04\\\/24\\\/decentralisation-culturelle-la-derniere-version-du-livre-blanc-des-associations-delus-est-disponible\\\/\"},\"wordCount\":226,\"publisher\":{\"@id\":\"https:\\\/\\\/hierostrasbourg.com\\\/#organization\"},\"image\":{\"@id\":\"https:\\\/\\\/hierostrasbourg.com\\\/index.php\\\/2026\\\/04\\\/24\\\/decentralisation-culturelle-la-derniere-version-du-livre-blanc-des-associations-delus-est-disponible\\\/#primaryimage\"},\"thumbnailUrl\":\"https:\\\/\\\/hierostrasbourg.com\\\/wp-content\\\/uploads\\\/2026\\\/04\\\/observatoires-des-politiques-culturelles-25-150x150-oJpbxZ.png\",\"inLanguage\":\"fr-FR\"},{\"@type\":\"WebPage\",\"@id\":\"https:\\\/\\\/hierostrasbourg.com\\\/index.php\\\/2026\\\/04\\\/24\\\/decentralisation-culturelle-la-derniere-version-du-livre-blanc-des-associations-delus-est-disponible\\\/\",\"url\":\"https:\\\/\\\/hierostrasbourg.com\\\/index.php\\\/2026\\\/04\\\/24\\\/decentralisation-culturelle-la-derniere-version-du-livre-blanc-des-associations-delus-est-disponible\\\/\",\"name\":\"D\u00e9centralisation culturelle : la derni\u00e8re version du Livre Blanc des associations d\u2019\u00e9lus est disponible - HIERO STRASBOURG\",\"isPartOf\":{\"@id\":\"https:\\\/\\\/hierostrasbourg.com\\\/#website\"},\"primaryImageOfPage\":{\"@id\":\"https:\\\/\\\/hierostrasbourg.com\\\/index.php\\\/2026\\\/04\\\/24\\\/decentralisation-culturelle-la-derniere-version-du-livre-blanc-des-associations-delus-est-disponible\\\/#primaryimage\"},\"image\":{\"@id\":\"https:\\\/\\\/hierostrasbourg.com\\\/index.php\\\/2026\\\/04\\\/24\\\/decentralisation-culturelle-la-derniere-version-du-livre-blanc-des-associations-delus-est-disponible\\\/#primaryimage\"},\"thumbnailUrl\":\"https:\\\/\\\/hierostrasbourg.com\\\/wp-content\\\/uploads\\\/2026\\\/04\\\/observatoires-des-politiques-culturelles-25-150x150-oJpbxZ.png\",\"datePublished\":\"2026-04-24T20:59:40+00:00\",\"breadcrumb\":{\"@id\":\"https:\\\/\\\/hierostrasbourg.com\\\/index.php\\\/2026\\\/04\\\/24\\\/decentralisation-culturelle-la-derniere-version-du-livre-blanc-des-associations-delus-est-disponible\\\/#breadcrumb\"},\"inLanguage\":\"fr-FR\",\"potentialAction\":[{\"@type\":\"ReadAction\",\"target\":[\"https:\\\/\\\/hierostrasbourg.com\\\/index.php\\\/2026\\\/04\\\/24\\\/decentralisation-culturelle-la-derniere-version-du-livre-blanc-des-associations-delus-est-disponible\\\/\"]}]},{\"@type\":\"ImageObject\",\"inLanguage\":\"fr-FR\",\"@id\":\"https:\\\/\\\/hierostrasbourg.com\\\/index.php\\\/2026\\\/04\\\/24\\\/decentralisation-culturelle-la-derniere-version-du-livre-blanc-des-associations-delus-est-disponible\\\/#primaryimage\",\"url\":\"https:\\\/\\\/hierostrasbourg.com\\\/wp-content\\\/uploads\\\/2026\\\/04\\\/observatoires-des-politiques-culturelles-25-150x150-oJpbxZ.png\",\"contentUrl\":\"https:\\\/\\\/hierostrasbourg.com\\\/wp-content\\\/uploads\\\/2026\\\/04\\\/observatoires-des-politiques-culturelles-25-150x150-oJpbxZ.png\",\"width\":150,\"height\":150,\"caption\":\"D\u00e9centralisation culturelle : la derni\u00e8re version du Livre Blanc des associations d\u2019\u00e9lus est disponible\"},{\"@type\":\"BreadcrumbList\",\"@id\":\"https:\\\/\\\/hierostrasbourg.com\\\/index.php\\\/2026\\\/04\\\/24\\\/decentralisation-culturelle-la-derniere-version-du-livre-blanc-des-associations-delus-est-disponible\\\/#breadcrumb\",\"itemListElement\":[{\"@type\":\"ListItem\",\"position\":1,\"name\":\"Accueil\",\"item\":\"https:\\\/\\\/hierostrasbourg.com\\\/\"},{\"@type\":\"ListItem\",\"position\":2,\"name\":\"D\u00e9centralisation culturelle : la derni\u00e8re version du Livre Blanc des associations d\u2019\u00e9lus est disponible\"}]},{\"@type\":\"WebSite\",\"@id\":\"https:\\\/\\\/hierostrasbourg.com\\\/#website\",\"url\":\"https:\\\/\\\/hierostrasbourg.com\\\/\",\"name\":\"HIERO STRASBOURG\",\"description\":\"Centre de Ressources Musiques Actuelles\",\"publisher\":{\"@id\":\"https:\\\/\\\/hierostrasbourg.com\\\/#organization\"},\"potentialAction\":[{\"@type\":\"SearchAction\",\"target\":{\"@type\":\"EntryPoint\",\"urlTemplate\":\"https:\\\/\\\/hierostrasbourg.com\\\/?s={search_term_string}\"},\"query-input\":{\"@type\":\"PropertyValueSpecification\",\"valueRequired\":true,\"valueName\":\"search_term_string\"}}],\"inLanguage\":\"fr-FR\"},{\"@type\":\"Organization\",\"@id\":\"https:\\\/\\\/hierostrasbourg.com\\\/#organization\",\"name\":\"F\u00e9d\u00e9ration Hi\u00e9ro Strasbourg\",\"url\":\"https:\\\/\\\/hierostrasbourg.com\\\/\",\"logo\":{\"@type\":\"ImageObject\",\"inLanguage\":\"fr-FR\",\"@id\":\"https:\\\/\\\/hierostrasbourg.com\\\/#\\\/schema\\\/logo\\\/image\\\/\",\"url\":\"https:\\\/\\\/hierostrasbourg.com\\\/wp-content\\\/uploads\\\/2026\\\/04\\\/logo-hiero-strasbourg.jpg\",\"contentUrl\":\"https:\\\/\\\/hierostrasbourg.com\\\/wp-content\\\/uploads\\\/2026\\\/04\\\/logo-hiero-strasbourg.jpg\",\"width\":204,\"height\":192,\"caption\":\"F\u00e9d\u00e9ration Hi\u00e9ro Strasbourg\"},\"image\":{\"@id\":\"https:\\\/\\\/hierostrasbourg.com\\\/#\\\/schema\\\/logo\\\/image\\\/\"},\"sameAs\":[\"https:\\\/\\\/www.facebook.com\\\/fedehierostrasbourg\",\"https:\\\/\\\/x.com\\\/hierostrasbourg\"]},{\"@type\":\"Person\",\"@id\":\"https:\\\/\\\/hierostrasbourg.com\\\/#\\\/schema\\\/person\\\/e35213117dac7d429e5d464590776304\",\"name\":\"hiero\",\"image\":{\"@type\":\"ImageObject\",\"inLanguage\":\"fr-FR\",\"@id\":\"https:\\\/\\\/hierostrasbourg.com\\\/wp-content\\\/litespeed\\\/avatar\\\/a6d7daff26f8de998574d7d8b3fe7c57.jpg?ver=1777120857\",\"url\":\"https:\\\/\\\/hierostrasbourg.com\\\/wp-content\\\/litespeed\\\/avatar\\\/a6d7daff26f8de998574d7d8b3fe7c57.jpg?ver=1777120857\",\"contentUrl\":\"https:\\\/\\\/hierostrasbourg.com\\\/wp-content\\\/litespeed\\\/avatar\\\/a6d7daff26f8de998574d7d8b3fe7c57.jpg?ver=1777120857\",\"caption\":\"hiero\"},\"url\":\"https:\\\/\\\/hierostrasbourg.com\\\/index.php\\\/author\\\/hiero\\\/\"}]}<\/script>\n<!-- \/ Yoast SEO plugin. -->","yoast_head_json":{"title":"D\u00e9centralisation culturelle : la derni\u00e8re version du Livre Blanc des associations d\u2019\u00e9lus est disponible - HIERO STRASBOURG","robots":{"index":"index","follow":"follow","max-snippet":"max-snippet:-1","max-image-preview":"max-image-preview:large","max-video-preview":"max-video-preview:-1"},"canonical":"https:\/\/hierostrasbourg.com\/index.php\/2026\/04\/24\/decentralisation-culturelle-la-derniere-version-du-livre-blanc-des-associations-delus-est-disponible\/","og_locale":"fr_FR","og_type":"article","og_title":"D\u00e9centralisation culturelle : la derni\u00e8re version du Livre Blanc des associations d\u2019\u00e9lus est disponible - HIERO STRASBOURG","og_description":"Edito En r\u00e9action au contexte de grande fragilisation politique et budg\u00e9taire de l\u2019action publique de la culture, plusieurs associations et f\u00e9d\u00e9rations d\u2019\u00e9lu\u00b7es, de collectivit\u00e9s territoriales et de professionnel\u00b7les ont souhait\u00e9, avec l\u2019Observatoire des politiques culturelles, faire cause commune pour relancer le chantier de la d\u00e9centralisation culturelle. Faut-il en faire \u00e9voluer l\u2019esprit, les attendus, les \u00e9quilibres et les r\u00e8gles du jeu ? Les fondements politiques, l\u00e9gislatifs et contractuels ? Les espaces de n\u00e9gociation, de concertation et de coordination ? Depuis plusieurs [&hellip;]","og_url":"https:\/\/hierostrasbourg.com\/index.php\/2026\/04\/24\/decentralisation-culturelle-la-derniere-version-du-livre-blanc-des-associations-delus-est-disponible\/","og_site_name":"HIERO STRASBOURG","article_publisher":"https:\/\/www.facebook.com\/fedehierostrasbourg","article_published_time":"2026-04-24T20:59:40+00:00","og_image":[{"url":"https:\/\/musiquesactuelles.net\/wp-content\/uploads\/2023\/10\/observatoires-des-politiques-culturelles-25-150x150.png","type":"","width":"","height":""}],"author":"hiero","twitter_card":"summary_large_image","twitter_creator":"@hierostrasbourg","twitter_site":"@hierostrasbourg","twitter_misc":{"\u00c9crit par":"hiero","Dur\u00e9e de lecture estim\u00e9e":"1 minute"},"schema":{"@context":"https:\/\/schema.org","@graph":[{"@type":"Article","@id":"https:\/\/hierostrasbourg.com\/index.php\/2026\/04\/24\/decentralisation-culturelle-la-derniere-version-du-livre-blanc-des-associations-delus-est-disponible\/#article","isPartOf":{"@id":"https:\/\/hierostrasbourg.com\/index.php\/2026\/04\/24\/decentralisation-culturelle-la-derniere-version-du-livre-blanc-des-associations-delus-est-disponible\/"},"author":{"name":"hiero","@id":"https:\/\/hierostrasbourg.com\/#\/schema\/person\/e35213117dac7d429e5d464590776304"},"headline":"D\u00e9centralisation culturelle : la derni\u00e8re version du Livre Blanc des associations d\u2019\u00e9lus est disponible","datePublished":"2026-04-24T20:59:40+00:00","mainEntityOfPage":{"@id":"https:\/\/hierostrasbourg.com\/index.php\/2026\/04\/24\/decentralisation-culturelle-la-derniere-version-du-livre-blanc-des-associations-delus-est-disponible\/"},"wordCount":226,"publisher":{"@id":"https:\/\/hierostrasbourg.com\/#organization"},"image":{"@id":"https:\/\/hierostrasbourg.com\/index.php\/2026\/04\/24\/decentralisation-culturelle-la-derniere-version-du-livre-blanc-des-associations-delus-est-disponible\/#primaryimage"},"thumbnailUrl":"https:\/\/hierostrasbourg.com\/wp-content\/uploads\/2026\/04\/observatoires-des-politiques-culturelles-25-150x150-oJpbxZ.png","inLanguage":"fr-FR"},{"@type":"WebPage","@id":"https:\/\/hierostrasbourg.com\/index.php\/2026\/04\/24\/decentralisation-culturelle-la-derniere-version-du-livre-blanc-des-associations-delus-est-disponible\/","url":"https:\/\/hierostrasbourg.com\/index.php\/2026\/04\/24\/decentralisation-culturelle-la-derniere-version-du-livre-blanc-des-associations-delus-est-disponible\/","name":"D\u00e9centralisation culturelle : la derni\u00e8re version du Livre Blanc des associations d\u2019\u00e9lus est disponible - HIERO STRASBOURG","isPartOf":{"@id":"https:\/\/hierostrasbourg.com\/#website"},"primaryImageOfPage":{"@id":"https:\/\/hierostrasbourg.com\/index.php\/2026\/04\/24\/decentralisation-culturelle-la-derniere-version-du-livre-blanc-des-associations-delus-est-disponible\/#primaryimage"},"image":{"@id":"https:\/\/hierostrasbourg.com\/index.php\/2026\/04\/24\/decentralisation-culturelle-la-derniere-version-du-livre-blanc-des-associations-delus-est-disponible\/#primaryimage"},"thumbnailUrl":"https:\/\/hierostrasbourg.com\/wp-content\/uploads\/2026\/04\/observatoires-des-politiques-culturelles-25-150x150-oJpbxZ.png","datePublished":"2026-04-24T20:59:40+00:00","breadcrumb":{"@id":"https:\/\/hierostrasbourg.com\/index.php\/2026\/04\/24\/decentralisation-culturelle-la-derniere-version-du-livre-blanc-des-associations-delus-est-disponible\/#breadcrumb"},"inLanguage":"fr-FR","potentialAction":[{"@type":"ReadAction","target":["https:\/\/hierostrasbourg.com\/index.php\/2026\/04\/24\/decentralisation-culturelle-la-derniere-version-du-livre-blanc-des-associations-delus-est-disponible\/"]}]},{"@type":"ImageObject","inLanguage":"fr-FR","@id":"https:\/\/hierostrasbourg.com\/index.php\/2026\/04\/24\/decentralisation-culturelle-la-derniere-version-du-livre-blanc-des-associations-delus-est-disponible\/#primaryimage","url":"https:\/\/hierostrasbourg.com\/wp-content\/uploads\/2026\/04\/observatoires-des-politiques-culturelles-25-150x150-oJpbxZ.png","contentUrl":"https:\/\/hierostrasbourg.com\/wp-content\/uploads\/2026\/04\/observatoires-des-politiques-culturelles-25-150x150-oJpbxZ.png","width":150,"height":150,"caption":"D\u00e9centralisation culturelle : la derni\u00e8re version du Livre Blanc des associations d\u2019\u00e9lus est disponible"},{"@type":"BreadcrumbList","@id":"https:\/\/hierostrasbourg.com\/index.php\/2026\/04\/24\/decentralisation-culturelle-la-derniere-version-du-livre-blanc-des-associations-delus-est-disponible\/#breadcrumb","itemListElement":[{"@type":"ListItem","position":1,"name":"Accueil","item":"https:\/\/hierostrasbourg.com\/"},{"@type":"ListItem","position":2,"name":"D\u00e9centralisation culturelle : la derni\u00e8re version du Livre Blanc des associations d\u2019\u00e9lus est disponible"}]},{"@type":"WebSite","@id":"https:\/\/hierostrasbourg.com\/#website","url":"https:\/\/hierostrasbourg.com\/","name":"HIERO STRASBOURG","description":"Centre de Ressources Musiques Actuelles","publisher":{"@id":"https:\/\/hierostrasbourg.com\/#organization"},"potentialAction":[{"@type":"SearchAction","target":{"@type":"EntryPoint","urlTemplate":"https:\/\/hierostrasbourg.com\/?s={search_term_string}"},"query-input":{"@type":"PropertyValueSpecification","valueRequired":true,"valueName":"search_term_string"}}],"inLanguage":"fr-FR"},{"@type":"Organization","@id":"https:\/\/hierostrasbourg.com\/#organization","name":"F\u00e9d\u00e9ration Hi\u00e9ro Strasbourg","url":"https:\/\/hierostrasbourg.com\/","logo":{"@type":"ImageObject","inLanguage":"fr-FR","@id":"https:\/\/hierostrasbourg.com\/#\/schema\/logo\/image\/","url":"https:\/\/hierostrasbourg.com\/wp-content\/uploads\/2026\/04\/logo-hiero-strasbourg.jpg","contentUrl":"https:\/\/hierostrasbourg.com\/wp-content\/uploads\/2026\/04\/logo-hiero-strasbourg.jpg","width":204,"height":192,"caption":"F\u00e9d\u00e9ration Hi\u00e9ro Strasbourg"},"image":{"@id":"https:\/\/hierostrasbourg.com\/#\/schema\/logo\/image\/"},"sameAs":["https:\/\/www.facebook.com\/fedehierostrasbourg","https:\/\/x.com\/hierostrasbourg"]},{"@type":"Person","@id":"https:\/\/hierostrasbourg.com\/#\/schema\/person\/e35213117dac7d429e5d464590776304","name":"hiero","image":{"@type":"ImageObject","inLanguage":"fr-FR","@id":"https:\/\/hierostrasbourg.com\/wp-content\/litespeed\/avatar\/a6d7daff26f8de998574d7d8b3fe7c57.jpg?ver=1777120857","url":"https:\/\/hierostrasbourg.com\/wp-content\/litespeed\/avatar\/a6d7daff26f8de998574d7d8b3fe7c57.jpg?ver=1777120857","contentUrl":"https:\/\/hierostrasbourg.com\/wp-content\/litespeed\/avatar\/a6d7daff26f8de998574d7d8b3fe7c57.jpg?ver=1777120857","caption":"hiero"},"url":"https:\/\/hierostrasbourg.com\/index.php\/author\/hiero\/"}]}},"_links":{"self":[{"href":"https:\/\/hierostrasbourg.com\/index.php\/wp-json\/wp\/v2\/posts\/14936812","targetHints":{"allow":["GET"]}}],"collection":[{"href":"https:\/\/hierostrasbourg.com\/index.php\/wp-json\/wp\/v2\/posts"}],"about":[{"href":"https:\/\/hierostrasbourg.com\/index.php\/wp-json\/wp\/v2\/types\/post"}],"author":[{"embeddable":true,"href":"https:\/\/hierostrasbourg.com\/index.php\/wp-json\/wp\/v2\/users\/2"}],"replies":[{"embeddable":true,"href":"https:\/\/hierostrasbourg.com\/index.php\/wp-json\/wp\/v2\/comments?post=14936812"}],"version-history":[{"count":0,"href":"https:\/\/hierostrasbourg.com\/index.php\/wp-json\/wp\/v2\/posts\/14936812\/revisions"}],"wp:featuredmedia":[{"embeddable":true,"href":"https:\/\/hierostrasbourg.com\/index.php\/wp-json\/wp\/v2\/media\/14936813"}],"wp:attachment":[{"href":"https:\/\/hierostrasbourg.com\/index.php\/wp-json\/wp\/v2\/media?parent=14936812"}],"wp:term":[{"taxonomy":"category","embeddable":true,"href":"https:\/\/hierostrasbourg.com\/index.php\/wp-json\/wp\/v2\/categories?post=14936812"},{"taxonomy":"post_tag","embeddable":true,"href":"https:\/\/hierostrasbourg.com\/index.php\/wp-json\/wp\/v2\/tags?post=14936812"}],"curies":[{"name":"wp","href":"https:\/\/api.w.org\/{rel}","templated":true}]}}