{"id":1380,"date":"2022-01-08T00:24:23","date_gmt":"2022-01-07T23:24:23","guid":{"rendered":"https:\/\/hierostrasbourg.com\/index.php\/2022\/01\/08\/mobilisation-de-lactivite-partielle-pour-les-secteurs-du-spectacle-et-de-laudiovisuel\/"},"modified":"2022-01-08T00:24:23","modified_gmt":"2022-01-07T23:24:23","slug":"mobilisation-de-lactivite-partielle-pour-les-secteurs-du-spectacle-et-de-laudiovisuel","status":"publish","type":"post","link":"https:\/\/hierostrasbourg.com\/index.php\/2022\/01\/08\/mobilisation-de-lactivite-partielle-pour-les-secteurs-du-spectacle-et-de-laudiovisuel\/","title":{"rendered":"Mobilisation de l\u2019activit\u00e9 partielle pour les secteurs du spectacle et de l\u2019audiovisuel"},"content":{"rendered":"<p><span>communiqu\u00e9<\/span><\/p>\n<p><em>Dans un contexte de forte d\u00e9gradation de la situation sanitaire, le Gouvernement a annonc\u00e9 le 27 d\u00e9cembre de nouvelles mesures de restrictions sanitaires affectant directement les salles de spectacle et les salles de cin\u00e9ma.<br \/><\/em><em>Des mesures exceptionnelles d\u2019accompagnement aux secteurs touch\u00e9s par la crise sanitaire ont \u00e9t\u00e9 d\u00e9cid\u00e9es, parmi lesquelles le recours \u00e0 l\u2019activit\u00e9 partielle. Ainsi, les employeurs des secteurs culturels \u2013 subissant une baisse de leur chiffre d\u2019affaires d\u2019au moins 65% auront acc\u00e8s \u00e0 l\u2019activit\u00e9 partielle sans aucun reste \u00e0 charge.<br \/><\/em><em>Cet acc\u00e8s sans reste \u00e0 charge sera \u00e9galement ouvert, sans conditions de perte de chiffre d\u2019affaires, pour les entreprises dont l\u2019activit\u00e9 est entrav\u00e9e par les diff\u00e9rentes mesures de restrictions d\u00e9cid\u00e9es (limitation des jauges \u00e0 2 000 spectateurs, interdiction de vente de boissons, confiserie et alimentation dans les ERP) ou qui subissent les d\u00e9cisions de fermeture (interdiction des concerts en configuration \u00ab debout \u00bb).<br \/><\/em><em>Face \u00e0 cette situation particuli\u00e8re, la ministre du Travail, de l\u2019Emploi et de l\u2019Insertion, Elisabeth Borne, et la ministre de la Culture, Roselyne Bachelot-Narquin, ont \u00e9galement d\u00e9cid\u00e9 de r\u00e9activer le dispositif d\u2019acc\u00e8s d\u00e9rogatoire d\u00e9j\u00e0 en mis en place le 17 mars 2020 (lors de l\u2019annonce du premier confinement) et du 10 d\u00e9cembre 2020 (lors de l\u2019annonce du deuxi\u00e8me confinement).<br \/><\/em><em>Les intermittents b\u00e9n\u00e9ficieront ainsi du dispositif d\u2019activit\u00e9 partielle au titre des spectacles annul\u00e9s dans le cadre de la crise sanitaire, pour lesquels il existait, avant le 27 d\u00e9cembre 2021, un contrat ou une promesse d\u2019embauche formalis\u00e9e et dont le d\u00e9but d\u2019ex\u00e9cution devait avoir lieu entre le 27 d\u00e9cembre 2021 et le 31 janvier 2022.<\/em><\/p>\n<p>\nSource \/ Lire la suite : <a href=\"https:\/\/travail-emploi.gouv.fr\/actualites\/presse\/communiques-de-presse\/article\/mobilisation-de-l-activite-partielle-pour-les-secteurs-du-spectacle-et-de-l\">Mobilisation de l\u2019activit\u00e9 partielle pour les secteurs du spectacle et de l\u2019audiovisuel<\/a><\/p>\n<p>L\u2019article <a href=\"https:\/\/popburo.fr\/mobilisation-de-lactivite-partielle-pour-les-secteurs-du-spectacle-et-de-laudiovisuel\/\">Mobilisation de l\u2019activit\u00e9 partielle pour les secteurs du spectacle et de l\u2019audiovisuel<\/a> est apparu en premier sur <a href=\"https:\/\/popburo.fr\/\">POP B\u00dcRO<\/a>.<\/p>\n","protected":false},"excerpt":{"rendered":"<p>communiqu\u00e9 Dans un contexte de forte d\u00e9gradation de la situation sanitaire, le Gouvernement a annonc\u00e9 le 27 d\u00e9cembre de nouvelles mesures de restrictions sanitaires affectant directement les salles de spectacle et les salles de cin\u00e9ma.Des mesures exceptionnelles d\u2019accompagnement aux secteurs touch\u00e9s par la crise sanitaire ont \u00e9t\u00e9 d\u00e9cid\u00e9es, parmi lesquelles le recours \u00e0 l\u2019activit\u00e9 partielle. Ainsi, les employeurs des secteurs culturels \u2013 subissant une baisse de leur chiffre d\u2019affaires d\u2019au moins 65% auront acc\u00e8s \u00e0 l\u2019activit\u00e9 partielle sans aucun reste [&hellip;]<\/p>\n","protected":false},"author":0,"featured_media":0,"comment_status":"closed","ping_status":"open","sticky":false,"template":"","format":"standard","meta":{"footnotes":""},"categories":[1],"tags":[],"class_list":["post-1380","post","type-post","status-publish","format-standard","hentry","category-non-classe"],"yoast_head":"<!-- This site is optimized with the Yoast SEO plugin v27.5 - https:\/\/yoast.com\/product\/yoast-seo-wordpress\/ -->\n<title>Mobilisation de l\u2019activit\u00e9 partielle pour les secteurs du spectacle et de l\u2019audiovisuel - HIERO STRASBOURG<\/title>\n<meta name=\"robots\" content=\"index, follow, max-snippet:-1, max-image-preview:large, max-video-preview:-1\" \/>\n<link rel=\"canonical\" href=\"https:\/\/hierostrasbourg.com\/index.php\/2022\/01\/08\/mobilisation-de-lactivite-partielle-pour-les-secteurs-du-spectacle-et-de-laudiovisuel\/\" \/>\n<meta property=\"og:locale\" content=\"fr_FR\" \/>\n<meta property=\"og:type\" content=\"article\" \/>\n<meta property=\"og:title\" content=\"Mobilisation de l\u2019activit\u00e9 partielle pour les secteurs du spectacle et de l\u2019audiovisuel - HIERO STRASBOURG\" \/>\n<meta property=\"og:description\" content=\"communiqu\u00e9 Dans un contexte de forte d\u00e9gradation de la situation sanitaire, le Gouvernement a annonc\u00e9 le 27 d\u00e9cembre de nouvelles mesures de restrictions sanitaires affectant directement les salles de spectacle et les salles de cin\u00e9ma.Des mesures exceptionnelles d\u2019accompagnement aux secteurs touch\u00e9s par la crise sanitaire ont \u00e9t\u00e9 d\u00e9cid\u00e9es, parmi lesquelles le recours \u00e0 l\u2019activit\u00e9 partielle. Ainsi, les employeurs des secteurs culturels \u2013 subissant une baisse de leur chiffre d\u2019affaires d\u2019au moins 65% auront acc\u00e8s \u00e0 l\u2019activit\u00e9 partielle sans aucun reste [&hellip;]\" \/>\n<meta property=\"og:url\" content=\"https:\/\/hierostrasbourg.com\/index.php\/2022\/01\/08\/mobilisation-de-lactivite-partielle-pour-les-secteurs-du-spectacle-et-de-laudiovisuel\/\" \/>\n<meta property=\"og:site_name\" content=\"HIERO STRASBOURG\" \/>\n<meta property=\"article:publisher\" content=\"https:\/\/www.facebook.com\/fedehierostrasbourg\" \/>\n<meta property=\"article:published_time\" content=\"2022-01-07T23:24:23+00:00\" \/>\n<meta name=\"twitter:card\" content=\"summary_large_image\" \/>\n<meta name=\"twitter:creator\" content=\"@hierostrasbourg\" \/>\n<meta name=\"twitter:site\" content=\"@hierostrasbourg\" \/>\n<meta name=\"twitter:label1\" content=\"Dur\u00e9e de lecture estim\u00e9e\" \/>\n\t<meta name=\"twitter:data1\" content=\"2 minutes\" \/>\n<script type=\"application\/ld+json\" class=\"yoast-schema-graph\">{\"@context\":\"https:\\\/\\\/schema.org\",\"@graph\":[{\"@type\":\"Article\",\"@id\":\"https:\\\/\\\/hierostrasbourg.com\\\/index.php\\\/2022\\\/01\\\/08\\\/mobilisation-de-lactivite-partielle-pour-les-secteurs-du-spectacle-et-de-laudiovisuel\\\/#article\",\"isPartOf\":{\"@id\":\"https:\\\/\\\/hierostrasbourg.com\\\/index.php\\\/2022\\\/01\\\/08\\\/mobilisation-de-lactivite-partielle-pour-les-secteurs-du-spectacle-et-de-laudiovisuel\\\/\"},\"author\":{\"name\":\"\",\"@id\":\"\"},\"headline\":\"Mobilisation de l\u2019activit\u00e9 partielle pour les secteurs du spectacle et de l\u2019audiovisuel\",\"datePublished\":\"2022-01-07T23:24:23+00:00\",\"mainEntityOfPage\":{\"@id\":\"https:\\\/\\\/hierostrasbourg.com\\\/index.php\\\/2022\\\/01\\\/08\\\/mobilisation-de-lactivite-partielle-pour-les-secteurs-du-spectacle-et-de-laudiovisuel\\\/\"},\"wordCount\":336,\"publisher\":{\"@id\":\"https:\\\/\\\/hierostrasbourg.com\\\/#organization\"},\"inLanguage\":\"fr-FR\"},{\"@type\":\"WebPage\",\"@id\":\"https:\\\/\\\/hierostrasbourg.com\\\/index.php\\\/2022\\\/01\\\/08\\\/mobilisation-de-lactivite-partielle-pour-les-secteurs-du-spectacle-et-de-laudiovisuel\\\/\",\"url\":\"https:\\\/\\\/hierostrasbourg.com\\\/index.php\\\/2022\\\/01\\\/08\\\/mobilisation-de-lactivite-partielle-pour-les-secteurs-du-spectacle-et-de-laudiovisuel\\\/\",\"name\":\"Mobilisation de l\u2019activit\u00e9 partielle pour les secteurs du spectacle et de l\u2019audiovisuel - HIERO STRASBOURG\",\"isPartOf\":{\"@id\":\"https:\\\/\\\/hierostrasbourg.com\\\/#website\"},\"datePublished\":\"2022-01-07T23:24:23+00:00\",\"breadcrumb\":{\"@id\":\"https:\\\/\\\/hierostrasbourg.com\\\/index.php\\\/2022\\\/01\\\/08\\\/mobilisation-de-lactivite-partielle-pour-les-secteurs-du-spectacle-et-de-laudiovisuel\\\/#breadcrumb\"},\"inLanguage\":\"fr-FR\",\"potentialAction\":[{\"@type\":\"ReadAction\",\"target\":[\"https:\\\/\\\/hierostrasbourg.com\\\/index.php\\\/2022\\\/01\\\/08\\\/mobilisation-de-lactivite-partielle-pour-les-secteurs-du-spectacle-et-de-laudiovisuel\\\/\"]}]},{\"@type\":\"BreadcrumbList\",\"@id\":\"https:\\\/\\\/hierostrasbourg.com\\\/index.php\\\/2022\\\/01\\\/08\\\/mobilisation-de-lactivite-partielle-pour-les-secteurs-du-spectacle-et-de-laudiovisuel\\\/#breadcrumb\",\"itemListElement\":[{\"@type\":\"ListItem\",\"position\":1,\"name\":\"Accueil\",\"item\":\"https:\\\/\\\/hierostrasbourg.com\\\/\"},{\"@type\":\"ListItem\",\"position\":2,\"name\":\"Mobilisation de l\u2019activit\u00e9 partielle pour les secteurs du spectacle et de l\u2019audiovisuel\"}]},{\"@type\":\"WebSite\",\"@id\":\"https:\\\/\\\/hierostrasbourg.com\\\/#website\",\"url\":\"https:\\\/\\\/hierostrasbourg.com\\\/\",\"name\":\"HIERO STRASBOURG\",\"description\":\"Centre de Ressources Musiques Actuelles\",\"publisher\":{\"@id\":\"https:\\\/\\\/hierostrasbourg.com\\\/#organization\"},\"potentialAction\":[{\"@type\":\"SearchAction\",\"target\":{\"@type\":\"EntryPoint\",\"urlTemplate\":\"https:\\\/\\\/hierostrasbourg.com\\\/?s={search_term_string}\"},\"query-input\":{\"@type\":\"PropertyValueSpecification\",\"valueRequired\":true,\"valueName\":\"search_term_string\"}}],\"inLanguage\":\"fr-FR\"},{\"@type\":\"Organization\",\"@id\":\"https:\\\/\\\/hierostrasbourg.com\\\/#organization\",\"name\":\"F\u00e9d\u00e9ration Hi\u00e9ro Strasbourg\",\"url\":\"https:\\\/\\\/hierostrasbourg.com\\\/\",\"logo\":{\"@type\":\"ImageObject\",\"inLanguage\":\"fr-FR\",\"@id\":\"https:\\\/\\\/hierostrasbourg.com\\\/#\\\/schema\\\/logo\\\/image\\\/\",\"url\":\"https:\\\/\\\/hierostrasbourg.com\\\/wp-content\\\/uploads\\\/2026\\\/04\\\/logo-hiero-strasbourg.jpg\",\"contentUrl\":\"https:\\\/\\\/hierostrasbourg.com\\\/wp-content\\\/uploads\\\/2026\\\/04\\\/logo-hiero-strasbourg.jpg\",\"width\":204,\"height\":192,\"caption\":\"F\u00e9d\u00e9ration Hi\u00e9ro Strasbourg\"},\"image\":{\"@id\":\"https:\\\/\\\/hierostrasbourg.com\\\/#\\\/schema\\\/logo\\\/image\\\/\"},\"sameAs\":[\"https:\\\/\\\/www.facebook.com\\\/fedehierostrasbourg\",\"https:\\\/\\\/x.com\\\/hierostrasbourg\"]}]}<\/script>\n<!-- \/ Yoast SEO plugin. -->","yoast_head_json":{"title":"Mobilisation de l\u2019activit\u00e9 partielle pour les secteurs du spectacle et de l\u2019audiovisuel - HIERO STRASBOURG","robots":{"index":"index","follow":"follow","max-snippet":"max-snippet:-1","max-image-preview":"max-image-preview:large","max-video-preview":"max-video-preview:-1"},"canonical":"https:\/\/hierostrasbourg.com\/index.php\/2022\/01\/08\/mobilisation-de-lactivite-partielle-pour-les-secteurs-du-spectacle-et-de-laudiovisuel\/","og_locale":"fr_FR","og_type":"article","og_title":"Mobilisation de l\u2019activit\u00e9 partielle pour les secteurs du spectacle et de l\u2019audiovisuel - HIERO STRASBOURG","og_description":"communiqu\u00e9 Dans un contexte de forte d\u00e9gradation de la situation sanitaire, le Gouvernement a annonc\u00e9 le 27 d\u00e9cembre de nouvelles mesures de restrictions sanitaires affectant directement les salles de spectacle et les salles de cin\u00e9ma.Des mesures exceptionnelles d\u2019accompagnement aux secteurs touch\u00e9s par la crise sanitaire ont \u00e9t\u00e9 d\u00e9cid\u00e9es, parmi lesquelles le recours \u00e0 l\u2019activit\u00e9 partielle. Ainsi, les employeurs des secteurs culturels \u2013 subissant une baisse de leur chiffre d\u2019affaires d\u2019au moins 65% auront acc\u00e8s \u00e0 l\u2019activit\u00e9 partielle sans aucun reste [&hellip;]","og_url":"https:\/\/hierostrasbourg.com\/index.php\/2022\/01\/08\/mobilisation-de-lactivite-partielle-pour-les-secteurs-du-spectacle-et-de-laudiovisuel\/","og_site_name":"HIERO STRASBOURG","article_publisher":"https:\/\/www.facebook.com\/fedehierostrasbourg","article_published_time":"2022-01-07T23:24:23+00:00","twitter_card":"summary_large_image","twitter_creator":"@hierostrasbourg","twitter_site":"@hierostrasbourg","twitter_misc":{"Dur\u00e9e de lecture estim\u00e9e":"2 minutes"},"schema":{"@context":"https:\/\/schema.org","@graph":[{"@type":"Article","@id":"https:\/\/hierostrasbourg.com\/index.php\/2022\/01\/08\/mobilisation-de-lactivite-partielle-pour-les-secteurs-du-spectacle-et-de-laudiovisuel\/#article","isPartOf":{"@id":"https:\/\/hierostrasbourg.com\/index.php\/2022\/01\/08\/mobilisation-de-lactivite-partielle-pour-les-secteurs-du-spectacle-et-de-laudiovisuel\/"},"author":{"name":"","@id":""},"headline":"Mobilisation de l\u2019activit\u00e9 partielle pour les secteurs du spectacle et de l\u2019audiovisuel","datePublished":"2022-01-07T23:24:23+00:00","mainEntityOfPage":{"@id":"https:\/\/hierostrasbourg.com\/index.php\/2022\/01\/08\/mobilisation-de-lactivite-partielle-pour-les-secteurs-du-spectacle-et-de-laudiovisuel\/"},"wordCount":336,"publisher":{"@id":"https:\/\/hierostrasbourg.com\/#organization"},"inLanguage":"fr-FR"},{"@type":"WebPage","@id":"https:\/\/hierostrasbourg.com\/index.php\/2022\/01\/08\/mobilisation-de-lactivite-partielle-pour-les-secteurs-du-spectacle-et-de-laudiovisuel\/","url":"https:\/\/hierostrasbourg.com\/index.php\/2022\/01\/08\/mobilisation-de-lactivite-partielle-pour-les-secteurs-du-spectacle-et-de-laudiovisuel\/","name":"Mobilisation de l\u2019activit\u00e9 partielle pour les secteurs du spectacle et de l\u2019audiovisuel - HIERO STRASBOURG","isPartOf":{"@id":"https:\/\/hierostrasbourg.com\/#website"},"datePublished":"2022-01-07T23:24:23+00:00","breadcrumb":{"@id":"https:\/\/hierostrasbourg.com\/index.php\/2022\/01\/08\/mobilisation-de-lactivite-partielle-pour-les-secteurs-du-spectacle-et-de-laudiovisuel\/#breadcrumb"},"inLanguage":"fr-FR","potentialAction":[{"@type":"ReadAction","target":["https:\/\/hierostrasbourg.com\/index.php\/2022\/01\/08\/mobilisation-de-lactivite-partielle-pour-les-secteurs-du-spectacle-et-de-laudiovisuel\/"]}]},{"@type":"BreadcrumbList","@id":"https:\/\/hierostrasbourg.com\/index.php\/2022\/01\/08\/mobilisation-de-lactivite-partielle-pour-les-secteurs-du-spectacle-et-de-laudiovisuel\/#breadcrumb","itemListElement":[{"@type":"ListItem","position":1,"name":"Accueil","item":"https:\/\/hierostrasbourg.com\/"},{"@type":"ListItem","position":2,"name":"Mobilisation de l\u2019activit\u00e9 partielle pour les secteurs du spectacle et de l\u2019audiovisuel"}]},{"@type":"WebSite","@id":"https:\/\/hierostrasbourg.com\/#website","url":"https:\/\/hierostrasbourg.com\/","name":"HIERO STRASBOURG","description":"Centre de Ressources Musiques Actuelles","publisher":{"@id":"https:\/\/hierostrasbourg.com\/#organization"},"potentialAction":[{"@type":"SearchAction","target":{"@type":"EntryPoint","urlTemplate":"https:\/\/hierostrasbourg.com\/?s={search_term_string}"},"query-input":{"@type":"PropertyValueSpecification","valueRequired":true,"valueName":"search_term_string"}}],"inLanguage":"fr-FR"},{"@type":"Organization","@id":"https:\/\/hierostrasbourg.com\/#organization","name":"F\u00e9d\u00e9ration Hi\u00e9ro Strasbourg","url":"https:\/\/hierostrasbourg.com\/","logo":{"@type":"ImageObject","inLanguage":"fr-FR","@id":"https:\/\/hierostrasbourg.com\/#\/schema\/logo\/image\/","url":"https:\/\/hierostrasbourg.com\/wp-content\/uploads\/2026\/04\/logo-hiero-strasbourg.jpg","contentUrl":"https:\/\/hierostrasbourg.com\/wp-content\/uploads\/2026\/04\/logo-hiero-strasbourg.jpg","width":204,"height":192,"caption":"F\u00e9d\u00e9ration Hi\u00e9ro Strasbourg"},"image":{"@id":"https:\/\/hierostrasbourg.com\/#\/schema\/logo\/image\/"},"sameAs":["https:\/\/www.facebook.com\/fedehierostrasbourg","https:\/\/x.com\/hierostrasbourg"]}]}},"_links":{"self":[{"href":"https:\/\/hierostrasbourg.com\/index.php\/wp-json\/wp\/v2\/posts\/1380","targetHints":{"allow":["GET"]}}],"collection":[{"href":"https:\/\/hierostrasbourg.com\/index.php\/wp-json\/wp\/v2\/posts"}],"about":[{"href":"https:\/\/hierostrasbourg.com\/index.php\/wp-json\/wp\/v2\/types\/post"}],"replies":[{"embeddable":true,"href":"https:\/\/hierostrasbourg.com\/index.php\/wp-json\/wp\/v2\/comments?post=1380"}],"version-history":[{"count":0,"href":"https:\/\/hierostrasbourg.com\/index.php\/wp-json\/wp\/v2\/posts\/1380\/revisions"}],"wp:attachment":[{"href":"https:\/\/hierostrasbourg.com\/index.php\/wp-json\/wp\/v2\/media?parent=1380"}],"wp:term":[{"taxonomy":"category","embeddable":true,"href":"https:\/\/hierostrasbourg.com\/index.php\/wp-json\/wp\/v2\/categories?post=1380"},{"taxonomy":"post_tag","embeddable":true,"href":"https:\/\/hierostrasbourg.com\/index.php\/wp-json\/wp\/v2\/tags?post=1380"}],"curies":[{"name":"wp","href":"https:\/\/api.w.org\/{rel}","templated":true}]}}