{"id":1371,"date":"2022-01-06T23:20:59","date_gmt":"2022-01-06T22:20:59","guid":{"rendered":"https:\/\/hierostrasbourg.com\/index.php\/2022\/01\/06\/des-incertitudes-persistent-pour-les-acteurs-culturels-apres-leur-rencontre-avec-le-gouvernement\/"},"modified":"2022-01-06T23:20:59","modified_gmt":"2022-01-06T22:20:59","slug":"des-incertitudes-persistent-pour-les-acteurs-culturels-apres-leur-rencontre-avec-le-gouvernement","status":"publish","type":"post","link":"https:\/\/hierostrasbourg.com\/index.php\/2022\/01\/06\/des-incertitudes-persistent-pour-les-acteurs-culturels-apres-leur-rencontre-avec-le-gouvernement\/","title":{"rendered":"Des incertitudes persistent pour les acteurs culturels apr\u00e8s leur rencontre avec le gouvernement"},"content":{"rendered":"<p><em>Les repr\u00e9sentants du monde du spectacle ont eu un entretien par visioconf\u00e9rence avec Bruno Le Maire, Roselyne Bachelot et Jean-Baptiste Lemoyne. La directrice du PRODISS, qui repr\u00e9sente les producteurs et les patrons de salles de spectacle priv\u00e9es, dit son soulagement vis-\u00e0-vis des mesures d\u2019urgence mises en place mais reste tr\u00e8s inqui\u00e8te pour l\u2019avenir de son secteur.<\/em><\/p>\n<p>Source \/ Lire la suite : <a href=\"https:\/\/www.lefigaro.fr\/culture\/des-incertitudes-persistent-pour-les-acteurs-culturels-apres-leur-rencontre-avec-le-gouvernement-20220106\">Des incertitudes persistent pour les acteurs culturels apr\u00e8s leur rencontre avec le gouvernement<\/a><\/p>\n<p>L\u2019article <a href=\"https:\/\/popburo.fr\/des-incertitudes-persistent-pour-les-acteurs-culturels-apres-leur-rencontre-avec-le-gouvernement\/\">Des incertitudes persistent pour les acteurs culturels apr\u00e8s leur rencontre avec le gouvernement<\/a> est apparu en premier sur <a href=\"https:\/\/popburo.fr\/\">POP B\u00dcRO<\/a>.<\/p>\n","protected":false},"excerpt":{"rendered":"<p>Les repr\u00e9sentants du monde du spectacle ont eu un entretien par visioconf\u00e9rence avec Bruno Le Maire, Roselyne Bachelot et Jean-Baptiste Lemoyne. La directrice du PRODISS, qui repr\u00e9sente les producteurs et les patrons de salles de spectacle priv\u00e9es, dit son soulagement vis-\u00e0-vis des mesures d\u2019urgence mises en place mais reste tr\u00e8s inqui\u00e8te pour l\u2019avenir de son secteur. Source \/ Lire la suite : Des incertitudes persistent pour les acteurs culturels apr\u00e8s leur rencontre avec le gouvernement L\u2019article Des incertitudes persistent pour [&hellip;]<\/p>\n","protected":false},"author":0,"featured_media":0,"comment_status":"closed","ping_status":"open","sticky":false,"template":"","format":"standard","meta":{"footnotes":""},"categories":[1],"tags":[],"class_list":["post-1371","post","type-post","status-publish","format-standard","hentry","category-non-classe"],"yoast_head":"<!-- This site is optimized with the Yoast SEO plugin v27.5 - https:\/\/yoast.com\/product\/yoast-seo-wordpress\/ -->\n<title>Des incertitudes persistent pour les acteurs culturels apr\u00e8s leur rencontre avec le gouvernement - HIERO STRASBOURG<\/title>\n<meta name=\"robots\" content=\"index, follow, max-snippet:-1, max-image-preview:large, max-video-preview:-1\" \/>\n<link rel=\"canonical\" href=\"https:\/\/hierostrasbourg.com\/index.php\/2022\/01\/06\/des-incertitudes-persistent-pour-les-acteurs-culturels-apres-leur-rencontre-avec-le-gouvernement\/\" \/>\n<meta property=\"og:locale\" content=\"fr_FR\" \/>\n<meta property=\"og:type\" content=\"article\" \/>\n<meta property=\"og:title\" content=\"Des incertitudes persistent pour les acteurs culturels apr\u00e8s leur rencontre avec le gouvernement - HIERO STRASBOURG\" \/>\n<meta property=\"og:description\" content=\"Les repr\u00e9sentants du monde du spectacle ont eu un entretien par visioconf\u00e9rence avec Bruno Le Maire, Roselyne Bachelot et Jean-Baptiste Lemoyne. La directrice du PRODISS, qui repr\u00e9sente les producteurs et les patrons de salles de spectacle priv\u00e9es, dit son soulagement vis-\u00e0-vis des mesures d\u2019urgence mises en place mais reste tr\u00e8s inqui\u00e8te pour l\u2019avenir de son secteur. Source \/ Lire la suite : Des incertitudes persistent pour les acteurs culturels apr\u00e8s leur rencontre avec le gouvernement L\u2019article Des incertitudes persistent pour [&hellip;]\" \/>\n<meta property=\"og:url\" content=\"https:\/\/hierostrasbourg.com\/index.php\/2022\/01\/06\/des-incertitudes-persistent-pour-les-acteurs-culturels-apres-leur-rencontre-avec-le-gouvernement\/\" \/>\n<meta property=\"og:site_name\" content=\"HIERO STRASBOURG\" \/>\n<meta property=\"article:publisher\" content=\"https:\/\/www.facebook.com\/fedehierostrasbourg\" \/>\n<meta property=\"article:published_time\" content=\"2022-01-06T22:20:59+00:00\" \/>\n<meta name=\"twitter:card\" content=\"summary_large_image\" \/>\n<meta name=\"twitter:creator\" content=\"@hierostrasbourg\" \/>\n<meta name=\"twitter:site\" content=\"@hierostrasbourg\" \/>\n<meta name=\"twitter:label1\" content=\"Dur\u00e9e de lecture estim\u00e9e\" \/>\n\t<meta name=\"twitter:data1\" content=\"1 minute\" \/>\n<script type=\"application\/ld+json\" class=\"yoast-schema-graph\">{\"@context\":\"https:\\\/\\\/schema.org\",\"@graph\":[{\"@type\":\"Article\",\"@id\":\"https:\\\/\\\/hierostrasbourg.com\\\/index.php\\\/2022\\\/01\\\/06\\\/des-incertitudes-persistent-pour-les-acteurs-culturels-apres-leur-rencontre-avec-le-gouvernement\\\/#article\",\"isPartOf\":{\"@id\":\"https:\\\/\\\/hierostrasbourg.com\\\/index.php\\\/2022\\\/01\\\/06\\\/des-incertitudes-persistent-pour-les-acteurs-culturels-apres-leur-rencontre-avec-le-gouvernement\\\/\"},\"author\":{\"name\":\"\",\"@id\":\"\"},\"headline\":\"Des incertitudes persistent pour les acteurs culturels apr\u00e8s leur rencontre avec le gouvernement\",\"datePublished\":\"2022-01-06T22:20:59+00:00\",\"mainEntityOfPage\":{\"@id\":\"https:\\\/\\\/hierostrasbourg.com\\\/index.php\\\/2022\\\/01\\\/06\\\/des-incertitudes-persistent-pour-les-acteurs-culturels-apres-leur-rencontre-avec-le-gouvernement\\\/\"},\"wordCount\":121,\"publisher\":{\"@id\":\"https:\\\/\\\/hierostrasbourg.com\\\/#organization\"},\"inLanguage\":\"fr-FR\"},{\"@type\":\"WebPage\",\"@id\":\"https:\\\/\\\/hierostrasbourg.com\\\/index.php\\\/2022\\\/01\\\/06\\\/des-incertitudes-persistent-pour-les-acteurs-culturels-apres-leur-rencontre-avec-le-gouvernement\\\/\",\"url\":\"https:\\\/\\\/hierostrasbourg.com\\\/index.php\\\/2022\\\/01\\\/06\\\/des-incertitudes-persistent-pour-les-acteurs-culturels-apres-leur-rencontre-avec-le-gouvernement\\\/\",\"name\":\"Des incertitudes persistent pour les acteurs culturels apr\u00e8s leur rencontre avec le gouvernement - HIERO STRASBOURG\",\"isPartOf\":{\"@id\":\"https:\\\/\\\/hierostrasbourg.com\\\/#website\"},\"datePublished\":\"2022-01-06T22:20:59+00:00\",\"breadcrumb\":{\"@id\":\"https:\\\/\\\/hierostrasbourg.com\\\/index.php\\\/2022\\\/01\\\/06\\\/des-incertitudes-persistent-pour-les-acteurs-culturels-apres-leur-rencontre-avec-le-gouvernement\\\/#breadcrumb\"},\"inLanguage\":\"fr-FR\",\"potentialAction\":[{\"@type\":\"ReadAction\",\"target\":[\"https:\\\/\\\/hierostrasbourg.com\\\/index.php\\\/2022\\\/01\\\/06\\\/des-incertitudes-persistent-pour-les-acteurs-culturels-apres-leur-rencontre-avec-le-gouvernement\\\/\"]}]},{\"@type\":\"BreadcrumbList\",\"@id\":\"https:\\\/\\\/hierostrasbourg.com\\\/index.php\\\/2022\\\/01\\\/06\\\/des-incertitudes-persistent-pour-les-acteurs-culturels-apres-leur-rencontre-avec-le-gouvernement\\\/#breadcrumb\",\"itemListElement\":[{\"@type\":\"ListItem\",\"position\":1,\"name\":\"Accueil\",\"item\":\"https:\\\/\\\/hierostrasbourg.com\\\/\"},{\"@type\":\"ListItem\",\"position\":2,\"name\":\"Des incertitudes persistent pour les acteurs culturels apr\u00e8s leur rencontre avec le gouvernement\"}]},{\"@type\":\"WebSite\",\"@id\":\"https:\\\/\\\/hierostrasbourg.com\\\/#website\",\"url\":\"https:\\\/\\\/hierostrasbourg.com\\\/\",\"name\":\"HIERO STRASBOURG\",\"description\":\"Centre de Ressources Musiques Actuelles\",\"publisher\":{\"@id\":\"https:\\\/\\\/hierostrasbourg.com\\\/#organization\"},\"potentialAction\":[{\"@type\":\"SearchAction\",\"target\":{\"@type\":\"EntryPoint\",\"urlTemplate\":\"https:\\\/\\\/hierostrasbourg.com\\\/?s={search_term_string}\"},\"query-input\":{\"@type\":\"PropertyValueSpecification\",\"valueRequired\":true,\"valueName\":\"search_term_string\"}}],\"inLanguage\":\"fr-FR\"},{\"@type\":\"Organization\",\"@id\":\"https:\\\/\\\/hierostrasbourg.com\\\/#organization\",\"name\":\"F\u00e9d\u00e9ration Hi\u00e9ro Strasbourg\",\"url\":\"https:\\\/\\\/hierostrasbourg.com\\\/\",\"logo\":{\"@type\":\"ImageObject\",\"inLanguage\":\"fr-FR\",\"@id\":\"https:\\\/\\\/hierostrasbourg.com\\\/#\\\/schema\\\/logo\\\/image\\\/\",\"url\":\"https:\\\/\\\/hierostrasbourg.com\\\/wp-content\\\/uploads\\\/2026\\\/04\\\/logo-hiero-strasbourg.jpg\",\"contentUrl\":\"https:\\\/\\\/hierostrasbourg.com\\\/wp-content\\\/uploads\\\/2026\\\/04\\\/logo-hiero-strasbourg.jpg\",\"width\":204,\"height\":192,\"caption\":\"F\u00e9d\u00e9ration Hi\u00e9ro Strasbourg\"},\"image\":{\"@id\":\"https:\\\/\\\/hierostrasbourg.com\\\/#\\\/schema\\\/logo\\\/image\\\/\"},\"sameAs\":[\"https:\\\/\\\/www.facebook.com\\\/fedehierostrasbourg\",\"https:\\\/\\\/x.com\\\/hierostrasbourg\"]}]}<\/script>\n<!-- \/ Yoast SEO plugin. -->","yoast_head_json":{"title":"Des incertitudes persistent pour les acteurs culturels apr\u00e8s leur rencontre avec le gouvernement - HIERO STRASBOURG","robots":{"index":"index","follow":"follow","max-snippet":"max-snippet:-1","max-image-preview":"max-image-preview:large","max-video-preview":"max-video-preview:-1"},"canonical":"https:\/\/hierostrasbourg.com\/index.php\/2022\/01\/06\/des-incertitudes-persistent-pour-les-acteurs-culturels-apres-leur-rencontre-avec-le-gouvernement\/","og_locale":"fr_FR","og_type":"article","og_title":"Des incertitudes persistent pour les acteurs culturels apr\u00e8s leur rencontre avec le gouvernement - HIERO STRASBOURG","og_description":"Les repr\u00e9sentants du monde du spectacle ont eu un entretien par visioconf\u00e9rence avec Bruno Le Maire, Roselyne Bachelot et Jean-Baptiste Lemoyne. La directrice du PRODISS, qui repr\u00e9sente les producteurs et les patrons de salles de spectacle priv\u00e9es, dit son soulagement vis-\u00e0-vis des mesures d\u2019urgence mises en place mais reste tr\u00e8s inqui\u00e8te pour l\u2019avenir de son secteur. Source \/ Lire la suite : Des incertitudes persistent pour les acteurs culturels apr\u00e8s leur rencontre avec le gouvernement L\u2019article Des incertitudes persistent pour [&hellip;]","og_url":"https:\/\/hierostrasbourg.com\/index.php\/2022\/01\/06\/des-incertitudes-persistent-pour-les-acteurs-culturels-apres-leur-rencontre-avec-le-gouvernement\/","og_site_name":"HIERO STRASBOURG","article_publisher":"https:\/\/www.facebook.com\/fedehierostrasbourg","article_published_time":"2022-01-06T22:20:59+00:00","twitter_card":"summary_large_image","twitter_creator":"@hierostrasbourg","twitter_site":"@hierostrasbourg","twitter_misc":{"Dur\u00e9e de lecture estim\u00e9e":"1 minute"},"schema":{"@context":"https:\/\/schema.org","@graph":[{"@type":"Article","@id":"https:\/\/hierostrasbourg.com\/index.php\/2022\/01\/06\/des-incertitudes-persistent-pour-les-acteurs-culturels-apres-leur-rencontre-avec-le-gouvernement\/#article","isPartOf":{"@id":"https:\/\/hierostrasbourg.com\/index.php\/2022\/01\/06\/des-incertitudes-persistent-pour-les-acteurs-culturels-apres-leur-rencontre-avec-le-gouvernement\/"},"author":{"name":"","@id":""},"headline":"Des incertitudes persistent pour les acteurs culturels apr\u00e8s leur rencontre avec le gouvernement","datePublished":"2022-01-06T22:20:59+00:00","mainEntityOfPage":{"@id":"https:\/\/hierostrasbourg.com\/index.php\/2022\/01\/06\/des-incertitudes-persistent-pour-les-acteurs-culturels-apres-leur-rencontre-avec-le-gouvernement\/"},"wordCount":121,"publisher":{"@id":"https:\/\/hierostrasbourg.com\/#organization"},"inLanguage":"fr-FR"},{"@type":"WebPage","@id":"https:\/\/hierostrasbourg.com\/index.php\/2022\/01\/06\/des-incertitudes-persistent-pour-les-acteurs-culturels-apres-leur-rencontre-avec-le-gouvernement\/","url":"https:\/\/hierostrasbourg.com\/index.php\/2022\/01\/06\/des-incertitudes-persistent-pour-les-acteurs-culturels-apres-leur-rencontre-avec-le-gouvernement\/","name":"Des incertitudes persistent pour les acteurs culturels apr\u00e8s leur rencontre avec le gouvernement - HIERO STRASBOURG","isPartOf":{"@id":"https:\/\/hierostrasbourg.com\/#website"},"datePublished":"2022-01-06T22:20:59+00:00","breadcrumb":{"@id":"https:\/\/hierostrasbourg.com\/index.php\/2022\/01\/06\/des-incertitudes-persistent-pour-les-acteurs-culturels-apres-leur-rencontre-avec-le-gouvernement\/#breadcrumb"},"inLanguage":"fr-FR","potentialAction":[{"@type":"ReadAction","target":["https:\/\/hierostrasbourg.com\/index.php\/2022\/01\/06\/des-incertitudes-persistent-pour-les-acteurs-culturels-apres-leur-rencontre-avec-le-gouvernement\/"]}]},{"@type":"BreadcrumbList","@id":"https:\/\/hierostrasbourg.com\/index.php\/2022\/01\/06\/des-incertitudes-persistent-pour-les-acteurs-culturels-apres-leur-rencontre-avec-le-gouvernement\/#breadcrumb","itemListElement":[{"@type":"ListItem","position":1,"name":"Accueil","item":"https:\/\/hierostrasbourg.com\/"},{"@type":"ListItem","position":2,"name":"Des incertitudes persistent pour les acteurs culturels apr\u00e8s leur rencontre avec le gouvernement"}]},{"@type":"WebSite","@id":"https:\/\/hierostrasbourg.com\/#website","url":"https:\/\/hierostrasbourg.com\/","name":"HIERO STRASBOURG","description":"Centre de Ressources Musiques Actuelles","publisher":{"@id":"https:\/\/hierostrasbourg.com\/#organization"},"potentialAction":[{"@type":"SearchAction","target":{"@type":"EntryPoint","urlTemplate":"https:\/\/hierostrasbourg.com\/?s={search_term_string}"},"query-input":{"@type":"PropertyValueSpecification","valueRequired":true,"valueName":"search_term_string"}}],"inLanguage":"fr-FR"},{"@type":"Organization","@id":"https:\/\/hierostrasbourg.com\/#organization","name":"F\u00e9d\u00e9ration Hi\u00e9ro Strasbourg","url":"https:\/\/hierostrasbourg.com\/","logo":{"@type":"ImageObject","inLanguage":"fr-FR","@id":"https:\/\/hierostrasbourg.com\/#\/schema\/logo\/image\/","url":"https:\/\/hierostrasbourg.com\/wp-content\/uploads\/2026\/04\/logo-hiero-strasbourg.jpg","contentUrl":"https:\/\/hierostrasbourg.com\/wp-content\/uploads\/2026\/04\/logo-hiero-strasbourg.jpg","width":204,"height":192,"caption":"F\u00e9d\u00e9ration Hi\u00e9ro Strasbourg"},"image":{"@id":"https:\/\/hierostrasbourg.com\/#\/schema\/logo\/image\/"},"sameAs":["https:\/\/www.facebook.com\/fedehierostrasbourg","https:\/\/x.com\/hierostrasbourg"]}]}},"_links":{"self":[{"href":"https:\/\/hierostrasbourg.com\/index.php\/wp-json\/wp\/v2\/posts\/1371","targetHints":{"allow":["GET"]}}],"collection":[{"href":"https:\/\/hierostrasbourg.com\/index.php\/wp-json\/wp\/v2\/posts"}],"about":[{"href":"https:\/\/hierostrasbourg.com\/index.php\/wp-json\/wp\/v2\/types\/post"}],"replies":[{"embeddable":true,"href":"https:\/\/hierostrasbourg.com\/index.php\/wp-json\/wp\/v2\/comments?post=1371"}],"version-history":[{"count":0,"href":"https:\/\/hierostrasbourg.com\/index.php\/wp-json\/wp\/v2\/posts\/1371\/revisions"}],"wp:attachment":[{"href":"https:\/\/hierostrasbourg.com\/index.php\/wp-json\/wp\/v2\/media?parent=1371"}],"wp:term":[{"taxonomy":"category","embeddable":true,"href":"https:\/\/hierostrasbourg.com\/index.php\/wp-json\/wp\/v2\/categories?post=1371"},{"taxonomy":"post_tag","embeddable":true,"href":"https:\/\/hierostrasbourg.com\/index.php\/wp-json\/wp\/v2\/tags?post=1371"}],"curies":[{"name":"wp","href":"https:\/\/api.w.org\/{rel}","templated":true}]}}