{"id":1369,"date":"2022-01-06T17:26:31","date_gmt":"2022-01-06T16:26:31","guid":{"rendered":"https:\/\/hierostrasbourg.com\/index.php\/2022\/01\/06\/le-bilan-des-festivals-de-lannee-2021-lannee-des-editions-speciales\/"},"modified":"2022-01-06T17:26:31","modified_gmt":"2022-01-06T16:26:31","slug":"le-bilan-des-festivals-de-lannee-2021-lannee-des-editions-speciales","status":"publish","type":"post","link":"https:\/\/hierostrasbourg.com\/index.php\/2022\/01\/06\/le-bilan-des-festivals-de-lannee-2021-lannee-des-editions-speciales\/","title":{"rendered":"Le bilan des festivals de l\u2019ann\u00e9e 2021 : l\u2019ann\u00e9e des \u00e9ditions sp\u00e9ciales"},"content":{"rendered":"<p><em>Pour la sixi\u00e8me ann\u00e9e cons\u00e9cutive, l\u2019\u00e9quipe de Tous les Festivals revient avec le bilan des festivals. Cette fois encore, pas de classement des \u00e9v\u00e9nements les plus fr\u00e9quent\u00e9s, au vu des contraintes sanitaires et des jauges impos\u00e9es pendant une bonne partie de 2021. Bien qu\u2019un nombre cons\u00e9quent de festivals ont tout de m\u00eame pu voir le jour, l\u2019ann\u00e9e aura \u00e9t\u00e9 marqu\u00e9e par des formules revisit\u00e9es et un \u00e9quilibrisme compliqu\u00e9. Flashback sur 365 jours marqu\u00e9s par l\u2019adaptabilit\u00e9 exceptionnelle d\u2019un secteur plus que jamais essentiel, mais on ne peut plus fragilis\u00e9.<\/em><\/p>\n<p>Source \/ Lire la suite : <a href=\"https:\/\/www.touslesfestivals.com\/actualites\/le-bilan-des-festivals-de-lannee-2021-lannee-des-editions-speciales-060122\">Le bilan des festivals de l\u2019ann\u00e9e 2021 : l\u2019ann\u00e9e des \u00e9ditions sp\u00e9ciales<\/a><\/p>\n<p>L\u2019article <a href=\"https:\/\/popburo.fr\/le-bilan-des-festivals-de-lannee-2021-lannee-des-editions-speciales\/\">Le bilan des festivals de l\u2019ann\u00e9e 2021 : l\u2019ann\u00e9e des \u00e9ditions sp\u00e9ciales<\/a> est apparu en premier sur <a href=\"https:\/\/popburo.fr\/\">POP B\u00dcRO<\/a>.<\/p>\n","protected":false},"excerpt":{"rendered":"<p>Pour la sixi\u00e8me ann\u00e9e cons\u00e9cutive, l\u2019\u00e9quipe de Tous les Festivals revient avec le bilan des festivals. Cette fois encore, pas de classement des \u00e9v\u00e9nements les plus fr\u00e9quent\u00e9s, au vu des contraintes sanitaires et des jauges impos\u00e9es pendant une bonne partie de 2021. Bien qu\u2019un nombre cons\u00e9quent de festivals ont tout de m\u00eame pu voir le jour, l\u2019ann\u00e9e aura \u00e9t\u00e9 marqu\u00e9e par des formules revisit\u00e9es et un \u00e9quilibrisme compliqu\u00e9. Flashback sur 365 jours marqu\u00e9s par l\u2019adaptabilit\u00e9 exceptionnelle d\u2019un secteur plus que [&hellip;]<\/p>\n","protected":false},"author":0,"featured_media":0,"comment_status":"closed","ping_status":"open","sticky":false,"template":"","format":"standard","meta":{"footnotes":""},"categories":[1],"tags":[],"class_list":["post-1369","post","type-post","status-publish","format-standard","hentry","category-non-classe"],"yoast_head":"<!-- This site is optimized with the Yoast SEO plugin v27.5 - https:\/\/yoast.com\/product\/yoast-seo-wordpress\/ -->\n<title>Le bilan des festivals de l\u2019ann\u00e9e 2021 : l\u2019ann\u00e9e des \u00e9ditions sp\u00e9ciales - HIERO STRASBOURG<\/title>\n<meta name=\"robots\" content=\"index, follow, max-snippet:-1, max-image-preview:large, max-video-preview:-1\" \/>\n<link rel=\"canonical\" href=\"https:\/\/hierostrasbourg.com\/index.php\/2022\/01\/06\/le-bilan-des-festivals-de-lannee-2021-lannee-des-editions-speciales\/\" \/>\n<meta property=\"og:locale\" content=\"fr_FR\" \/>\n<meta property=\"og:type\" content=\"article\" \/>\n<meta property=\"og:title\" content=\"Le bilan des festivals de l\u2019ann\u00e9e 2021 : l\u2019ann\u00e9e des \u00e9ditions sp\u00e9ciales - HIERO STRASBOURG\" \/>\n<meta property=\"og:description\" content=\"Pour la sixi\u00e8me ann\u00e9e cons\u00e9cutive, l\u2019\u00e9quipe de Tous les Festivals revient avec le bilan des festivals. Cette fois encore, pas de classement des \u00e9v\u00e9nements les plus fr\u00e9quent\u00e9s, au vu des contraintes sanitaires et des jauges impos\u00e9es pendant une bonne partie de 2021. Bien qu\u2019un nombre cons\u00e9quent de festivals ont tout de m\u00eame pu voir le jour, l\u2019ann\u00e9e aura \u00e9t\u00e9 marqu\u00e9e par des formules revisit\u00e9es et un \u00e9quilibrisme compliqu\u00e9. Flashback sur 365 jours marqu\u00e9s par l\u2019adaptabilit\u00e9 exceptionnelle d\u2019un secteur plus que [&hellip;]\" \/>\n<meta property=\"og:url\" content=\"https:\/\/hierostrasbourg.com\/index.php\/2022\/01\/06\/le-bilan-des-festivals-de-lannee-2021-lannee-des-editions-speciales\/\" \/>\n<meta property=\"og:site_name\" content=\"HIERO STRASBOURG\" \/>\n<meta property=\"article:publisher\" content=\"https:\/\/www.facebook.com\/fedehierostrasbourg\" \/>\n<meta property=\"article:published_time\" content=\"2022-01-06T16:26:31+00:00\" \/>\n<meta name=\"twitter:card\" content=\"summary_large_image\" \/>\n<meta name=\"twitter:creator\" content=\"@hierostrasbourg\" \/>\n<meta name=\"twitter:site\" content=\"@hierostrasbourg\" \/>\n<meta name=\"twitter:label1\" content=\"Dur\u00e9e de lecture estim\u00e9e\" \/>\n\t<meta name=\"twitter:data1\" content=\"1 minute\" \/>\n<script type=\"application\/ld+json\" class=\"yoast-schema-graph\">{\"@context\":\"https:\\\/\\\/schema.org\",\"@graph\":[{\"@type\":\"Article\",\"@id\":\"https:\\\/\\\/hierostrasbourg.com\\\/index.php\\\/2022\\\/01\\\/06\\\/le-bilan-des-festivals-de-lannee-2021-lannee-des-editions-speciales\\\/#article\",\"isPartOf\":{\"@id\":\"https:\\\/\\\/hierostrasbourg.com\\\/index.php\\\/2022\\\/01\\\/06\\\/le-bilan-des-festivals-de-lannee-2021-lannee-des-editions-speciales\\\/\"},\"author\":{\"name\":\"\",\"@id\":\"\"},\"headline\":\"Le bilan des festivals de l\u2019ann\u00e9e 2021 : l\u2019ann\u00e9e des \u00e9ditions sp\u00e9ciales\",\"datePublished\":\"2022-01-06T16:26:31+00:00\",\"mainEntityOfPage\":{\"@id\":\"https:\\\/\\\/hierostrasbourg.com\\\/index.php\\\/2022\\\/01\\\/06\\\/le-bilan-des-festivals-de-lannee-2021-lannee-des-editions-speciales\\\/\"},\"wordCount\":163,\"publisher\":{\"@id\":\"https:\\\/\\\/hierostrasbourg.com\\\/#organization\"},\"inLanguage\":\"fr-FR\"},{\"@type\":\"WebPage\",\"@id\":\"https:\\\/\\\/hierostrasbourg.com\\\/index.php\\\/2022\\\/01\\\/06\\\/le-bilan-des-festivals-de-lannee-2021-lannee-des-editions-speciales\\\/\",\"url\":\"https:\\\/\\\/hierostrasbourg.com\\\/index.php\\\/2022\\\/01\\\/06\\\/le-bilan-des-festivals-de-lannee-2021-lannee-des-editions-speciales\\\/\",\"name\":\"Le bilan des festivals de l\u2019ann\u00e9e 2021 : l\u2019ann\u00e9e des \u00e9ditions sp\u00e9ciales - HIERO STRASBOURG\",\"isPartOf\":{\"@id\":\"https:\\\/\\\/hierostrasbourg.com\\\/#website\"},\"datePublished\":\"2022-01-06T16:26:31+00:00\",\"breadcrumb\":{\"@id\":\"https:\\\/\\\/hierostrasbourg.com\\\/index.php\\\/2022\\\/01\\\/06\\\/le-bilan-des-festivals-de-lannee-2021-lannee-des-editions-speciales\\\/#breadcrumb\"},\"inLanguage\":\"fr-FR\",\"potentialAction\":[{\"@type\":\"ReadAction\",\"target\":[\"https:\\\/\\\/hierostrasbourg.com\\\/index.php\\\/2022\\\/01\\\/06\\\/le-bilan-des-festivals-de-lannee-2021-lannee-des-editions-speciales\\\/\"]}]},{\"@type\":\"BreadcrumbList\",\"@id\":\"https:\\\/\\\/hierostrasbourg.com\\\/index.php\\\/2022\\\/01\\\/06\\\/le-bilan-des-festivals-de-lannee-2021-lannee-des-editions-speciales\\\/#breadcrumb\",\"itemListElement\":[{\"@type\":\"ListItem\",\"position\":1,\"name\":\"Accueil\",\"item\":\"https:\\\/\\\/hierostrasbourg.com\\\/\"},{\"@type\":\"ListItem\",\"position\":2,\"name\":\"Le bilan des festivals de l\u2019ann\u00e9e 2021 : l\u2019ann\u00e9e des \u00e9ditions sp\u00e9ciales\"}]},{\"@type\":\"WebSite\",\"@id\":\"https:\\\/\\\/hierostrasbourg.com\\\/#website\",\"url\":\"https:\\\/\\\/hierostrasbourg.com\\\/\",\"name\":\"HIERO STRASBOURG\",\"description\":\"Centre de Ressources Musiques Actuelles\",\"publisher\":{\"@id\":\"https:\\\/\\\/hierostrasbourg.com\\\/#organization\"},\"potentialAction\":[{\"@type\":\"SearchAction\",\"target\":{\"@type\":\"EntryPoint\",\"urlTemplate\":\"https:\\\/\\\/hierostrasbourg.com\\\/?s={search_term_string}\"},\"query-input\":{\"@type\":\"PropertyValueSpecification\",\"valueRequired\":true,\"valueName\":\"search_term_string\"}}],\"inLanguage\":\"fr-FR\"},{\"@type\":\"Organization\",\"@id\":\"https:\\\/\\\/hierostrasbourg.com\\\/#organization\",\"name\":\"F\u00e9d\u00e9ration Hi\u00e9ro Strasbourg\",\"url\":\"https:\\\/\\\/hierostrasbourg.com\\\/\",\"logo\":{\"@type\":\"ImageObject\",\"inLanguage\":\"fr-FR\",\"@id\":\"https:\\\/\\\/hierostrasbourg.com\\\/#\\\/schema\\\/logo\\\/image\\\/\",\"url\":\"https:\\\/\\\/hierostrasbourg.com\\\/wp-content\\\/uploads\\\/2026\\\/04\\\/logo-hiero-strasbourg.jpg\",\"contentUrl\":\"https:\\\/\\\/hierostrasbourg.com\\\/wp-content\\\/uploads\\\/2026\\\/04\\\/logo-hiero-strasbourg.jpg\",\"width\":204,\"height\":192,\"caption\":\"F\u00e9d\u00e9ration Hi\u00e9ro Strasbourg\"},\"image\":{\"@id\":\"https:\\\/\\\/hierostrasbourg.com\\\/#\\\/schema\\\/logo\\\/image\\\/\"},\"sameAs\":[\"https:\\\/\\\/www.facebook.com\\\/fedehierostrasbourg\",\"https:\\\/\\\/x.com\\\/hierostrasbourg\"]}]}<\/script>\n<!-- \/ Yoast SEO plugin. -->","yoast_head_json":{"title":"Le bilan des festivals de l\u2019ann\u00e9e 2021 : l\u2019ann\u00e9e des \u00e9ditions sp\u00e9ciales - HIERO STRASBOURG","robots":{"index":"index","follow":"follow","max-snippet":"max-snippet:-1","max-image-preview":"max-image-preview:large","max-video-preview":"max-video-preview:-1"},"canonical":"https:\/\/hierostrasbourg.com\/index.php\/2022\/01\/06\/le-bilan-des-festivals-de-lannee-2021-lannee-des-editions-speciales\/","og_locale":"fr_FR","og_type":"article","og_title":"Le bilan des festivals de l\u2019ann\u00e9e 2021 : l\u2019ann\u00e9e des \u00e9ditions sp\u00e9ciales - HIERO STRASBOURG","og_description":"Pour la sixi\u00e8me ann\u00e9e cons\u00e9cutive, l\u2019\u00e9quipe de Tous les Festivals revient avec le bilan des festivals. Cette fois encore, pas de classement des \u00e9v\u00e9nements les plus fr\u00e9quent\u00e9s, au vu des contraintes sanitaires et des jauges impos\u00e9es pendant une bonne partie de 2021. Bien qu\u2019un nombre cons\u00e9quent de festivals ont tout de m\u00eame pu voir le jour, l\u2019ann\u00e9e aura \u00e9t\u00e9 marqu\u00e9e par des formules revisit\u00e9es et un \u00e9quilibrisme compliqu\u00e9. Flashback sur 365 jours marqu\u00e9s par l\u2019adaptabilit\u00e9 exceptionnelle d\u2019un secteur plus que [&hellip;]","og_url":"https:\/\/hierostrasbourg.com\/index.php\/2022\/01\/06\/le-bilan-des-festivals-de-lannee-2021-lannee-des-editions-speciales\/","og_site_name":"HIERO STRASBOURG","article_publisher":"https:\/\/www.facebook.com\/fedehierostrasbourg","article_published_time":"2022-01-06T16:26:31+00:00","twitter_card":"summary_large_image","twitter_creator":"@hierostrasbourg","twitter_site":"@hierostrasbourg","twitter_misc":{"Dur\u00e9e de lecture estim\u00e9e":"1 minute"},"schema":{"@context":"https:\/\/schema.org","@graph":[{"@type":"Article","@id":"https:\/\/hierostrasbourg.com\/index.php\/2022\/01\/06\/le-bilan-des-festivals-de-lannee-2021-lannee-des-editions-speciales\/#article","isPartOf":{"@id":"https:\/\/hierostrasbourg.com\/index.php\/2022\/01\/06\/le-bilan-des-festivals-de-lannee-2021-lannee-des-editions-speciales\/"},"author":{"name":"","@id":""},"headline":"Le bilan des festivals de l\u2019ann\u00e9e 2021 : l\u2019ann\u00e9e des \u00e9ditions sp\u00e9ciales","datePublished":"2022-01-06T16:26:31+00:00","mainEntityOfPage":{"@id":"https:\/\/hierostrasbourg.com\/index.php\/2022\/01\/06\/le-bilan-des-festivals-de-lannee-2021-lannee-des-editions-speciales\/"},"wordCount":163,"publisher":{"@id":"https:\/\/hierostrasbourg.com\/#organization"},"inLanguage":"fr-FR"},{"@type":"WebPage","@id":"https:\/\/hierostrasbourg.com\/index.php\/2022\/01\/06\/le-bilan-des-festivals-de-lannee-2021-lannee-des-editions-speciales\/","url":"https:\/\/hierostrasbourg.com\/index.php\/2022\/01\/06\/le-bilan-des-festivals-de-lannee-2021-lannee-des-editions-speciales\/","name":"Le bilan des festivals de l\u2019ann\u00e9e 2021 : l\u2019ann\u00e9e des \u00e9ditions sp\u00e9ciales - HIERO STRASBOURG","isPartOf":{"@id":"https:\/\/hierostrasbourg.com\/#website"},"datePublished":"2022-01-06T16:26:31+00:00","breadcrumb":{"@id":"https:\/\/hierostrasbourg.com\/index.php\/2022\/01\/06\/le-bilan-des-festivals-de-lannee-2021-lannee-des-editions-speciales\/#breadcrumb"},"inLanguage":"fr-FR","potentialAction":[{"@type":"ReadAction","target":["https:\/\/hierostrasbourg.com\/index.php\/2022\/01\/06\/le-bilan-des-festivals-de-lannee-2021-lannee-des-editions-speciales\/"]}]},{"@type":"BreadcrumbList","@id":"https:\/\/hierostrasbourg.com\/index.php\/2022\/01\/06\/le-bilan-des-festivals-de-lannee-2021-lannee-des-editions-speciales\/#breadcrumb","itemListElement":[{"@type":"ListItem","position":1,"name":"Accueil","item":"https:\/\/hierostrasbourg.com\/"},{"@type":"ListItem","position":2,"name":"Le bilan des festivals de l\u2019ann\u00e9e 2021 : l\u2019ann\u00e9e des \u00e9ditions sp\u00e9ciales"}]},{"@type":"WebSite","@id":"https:\/\/hierostrasbourg.com\/#website","url":"https:\/\/hierostrasbourg.com\/","name":"HIERO STRASBOURG","description":"Centre de Ressources Musiques Actuelles","publisher":{"@id":"https:\/\/hierostrasbourg.com\/#organization"},"potentialAction":[{"@type":"SearchAction","target":{"@type":"EntryPoint","urlTemplate":"https:\/\/hierostrasbourg.com\/?s={search_term_string}"},"query-input":{"@type":"PropertyValueSpecification","valueRequired":true,"valueName":"search_term_string"}}],"inLanguage":"fr-FR"},{"@type":"Organization","@id":"https:\/\/hierostrasbourg.com\/#organization","name":"F\u00e9d\u00e9ration Hi\u00e9ro Strasbourg","url":"https:\/\/hierostrasbourg.com\/","logo":{"@type":"ImageObject","inLanguage":"fr-FR","@id":"https:\/\/hierostrasbourg.com\/#\/schema\/logo\/image\/","url":"https:\/\/hierostrasbourg.com\/wp-content\/uploads\/2026\/04\/logo-hiero-strasbourg.jpg","contentUrl":"https:\/\/hierostrasbourg.com\/wp-content\/uploads\/2026\/04\/logo-hiero-strasbourg.jpg","width":204,"height":192,"caption":"F\u00e9d\u00e9ration Hi\u00e9ro Strasbourg"},"image":{"@id":"https:\/\/hierostrasbourg.com\/#\/schema\/logo\/image\/"},"sameAs":["https:\/\/www.facebook.com\/fedehierostrasbourg","https:\/\/x.com\/hierostrasbourg"]}]}},"_links":{"self":[{"href":"https:\/\/hierostrasbourg.com\/index.php\/wp-json\/wp\/v2\/posts\/1369","targetHints":{"allow":["GET"]}}],"collection":[{"href":"https:\/\/hierostrasbourg.com\/index.php\/wp-json\/wp\/v2\/posts"}],"about":[{"href":"https:\/\/hierostrasbourg.com\/index.php\/wp-json\/wp\/v2\/types\/post"}],"replies":[{"embeddable":true,"href":"https:\/\/hierostrasbourg.com\/index.php\/wp-json\/wp\/v2\/comments?post=1369"}],"version-history":[{"count":0,"href":"https:\/\/hierostrasbourg.com\/index.php\/wp-json\/wp\/v2\/posts\/1369\/revisions"}],"wp:attachment":[{"href":"https:\/\/hierostrasbourg.com\/index.php\/wp-json\/wp\/v2\/media?parent=1369"}],"wp:term":[{"taxonomy":"category","embeddable":true,"href":"https:\/\/hierostrasbourg.com\/index.php\/wp-json\/wp\/v2\/categories?post=1369"},{"taxonomy":"post_tag","embeddable":true,"href":"https:\/\/hierostrasbourg.com\/index.php\/wp-json\/wp\/v2\/tags?post=1369"}],"curies":[{"name":"wp","href":"https:\/\/api.w.org\/{rel}","templated":true}]}}