{"id":1352,"date":"2022-01-03T22:21:03","date_gmt":"2022-01-03T21:21:03","guid":{"rendered":"https:\/\/hierostrasbourg.com\/index.php\/2022\/01\/03\/chladni-ou-le-galbe-nouvel-album-de-stefan-hardt-musique-experimentale-strasbourg\/"},"modified":"2022-01-03T22:21:03","modified_gmt":"2022-01-03T21:21:03","slug":"chladni-ou-le-galbe-nouvel-album-de-stefan-hardt-musique-experimentale-strasbourg","status":"publish","type":"post","link":"https:\/\/hierostrasbourg.com\/index.php\/2022\/01\/03\/chladni-ou-le-galbe-nouvel-album-de-stefan-hardt-musique-experimentale-strasbourg\/","title":{"rendered":"\u201cChladni ou le galbe\u201d, nouvel album de STEFAN HARDT [musique exp\u00e9rimentale \/ Strasbourg]"},"content":{"rendered":"<p><span>communiqu\u00e9<\/span><br \/><em>Comme d\u2019habitude les sons restent non trait\u00e9s, sauf que vous n\u2019entendrez pas d\u2019attaque, c\u2019est-\u00e0-dire que le d\u00e9but et la fin de chaque \u00e9v\u00e9nement sonore ont \u00e9t\u00e9 coup\u00e9s et fondus, respectivement fondus. De plus il y a une petite r\u00e9verb\u00e9ration de temps en temps.<\/em><br \/><em>J\u2019ai utilis\u00e9 le m\u00e9lodion, le portatif et trois fl\u00fbtes \u00e0 bec.<\/em><br \/><em>Maintenant comme avant, il s\u2019agit d\u2019exposer les interf\u00e9rences, les battements binauraux, les frictions et les oscillations cr\u00e9\u00e9es par une superposition de tons de m\u00eame hauteur. Quelque chose qui est consid\u00e9r\u00e9 comme disharmonique reste ou devient harmonique dans un sens plus large.<\/em><\/p>\n<p><em>Pierre Soulages m\u2019a montr\u00e9 \u00e0 travers ses toiles comment puiser un maximum de couleurs dans un minimum de mati\u00e8re. L\u2019\u00e9manation de son Black est fascinante.<\/em><br \/><em>Traduit en musique, cela signifie : \u00e0 chaque petit changement entre la chronologie, de nouvelles compositions apparaissent, de nouvelles couleurs sonores.<\/em><br \/><em>Par cons\u00e9quent, m\u00eame s\u2019il s\u2019agit incontestablement d\u2019une seule pi\u00e8ce, il y a plusieurs pistes.<\/em><br \/><em>On peut ainsi se balader sur la timeline \u2013 en utilisant l\u2019option \u00ab lecture al\u00e9atoire \u00bb ou en \u00e9coutant les morceaux de la fin au d\u00e9but etc. \u2013 et donc changer l\u2019angle, l\u2019angle auditif, par analogie avec Pierre Soulages.<\/em><br \/><em>C\u2019est un peu comme caresser la plaque chauffante : \u00e0 chaque fois, vous obtenez des motifs (sonores) diff\u00e9rents.<\/em><\/p>\n<p><a href=\"https:\/\/stefanhardt.bandcamp.com\/album\/chladni-ou-le-galbe\">CHLADNI OU LE GALBE by Stefan Hardt<\/a><\/p>\n<p>L\u2019article <a href=\"https:\/\/popburo.fr\/chladni-ou-le-galbe-nouvel-album-de-stefan-hardt-musique-experimentale-strasbourg\/\">\u201cChladni ou le galbe\u201d, nouvel album de STEFAN HARDT [musique exp\u00e9rimentale \/ Strasbourg]<\/a> est apparu en premier sur <a href=\"https:\/\/popburo.fr\/\">POP B\u00dcRO<\/a>.<\/p>\n","protected":false},"excerpt":{"rendered":"<p>communiqu\u00e9Comme d\u2019habitude les sons restent non trait\u00e9s, sauf que vous n\u2019entendrez pas d\u2019attaque, c\u2019est-\u00e0-dire que le d\u00e9but et la fin de chaque \u00e9v\u00e9nement sonore ont \u00e9t\u00e9 coup\u00e9s et fondus, respectivement fondus. De plus il y a une petite r\u00e9verb\u00e9ration de temps en temps.J\u2019ai utilis\u00e9 le m\u00e9lodion, le portatif et trois fl\u00fbtes \u00e0 bec.Maintenant comme avant, il s\u2019agit d\u2019exposer les interf\u00e9rences, les battements binauraux, les frictions et les oscillations cr\u00e9\u00e9es par une superposition de tons de m\u00eame hauteur. Quelque chose qui [&hellip;]<\/p>\n","protected":false},"author":0,"featured_media":0,"comment_status":"closed","ping_status":"open","sticky":false,"template":"","format":"standard","meta":{"footnotes":""},"categories":[1],"tags":[],"class_list":["post-1352","post","type-post","status-publish","format-standard","hentry","category-non-classe"],"yoast_head":"<!-- This site is optimized with the Yoast SEO plugin v27.5 - https:\/\/yoast.com\/product\/yoast-seo-wordpress\/ -->\n<title>\u201cChladni ou le galbe\u201d, nouvel album de STEFAN HARDT [musique exp\u00e9rimentale \/ Strasbourg] - HIERO STRASBOURG<\/title>\n<meta name=\"robots\" content=\"index, follow, max-snippet:-1, max-image-preview:large, max-video-preview:-1\" \/>\n<link rel=\"canonical\" href=\"https:\/\/hierostrasbourg.com\/index.php\/2022\/01\/03\/chladni-ou-le-galbe-nouvel-album-de-stefan-hardt-musique-experimentale-strasbourg\/\" \/>\n<meta property=\"og:locale\" content=\"fr_FR\" \/>\n<meta property=\"og:type\" content=\"article\" \/>\n<meta property=\"og:title\" content=\"\u201cChladni ou le galbe\u201d, nouvel album de STEFAN HARDT [musique exp\u00e9rimentale \/ Strasbourg] - HIERO STRASBOURG\" \/>\n<meta property=\"og:description\" content=\"communiqu\u00e9Comme d\u2019habitude les sons restent non trait\u00e9s, sauf que vous n\u2019entendrez pas d\u2019attaque, c\u2019est-\u00e0-dire que le d\u00e9but et la fin de chaque \u00e9v\u00e9nement sonore ont \u00e9t\u00e9 coup\u00e9s et fondus, respectivement fondus. De plus il y a une petite r\u00e9verb\u00e9ration de temps en temps.J\u2019ai utilis\u00e9 le m\u00e9lodion, le portatif et trois fl\u00fbtes \u00e0 bec.Maintenant comme avant, il s\u2019agit d\u2019exposer les interf\u00e9rences, les battements binauraux, les frictions et les oscillations cr\u00e9\u00e9es par une superposition de tons de m\u00eame hauteur. Quelque chose qui [&hellip;]\" \/>\n<meta property=\"og:url\" content=\"https:\/\/hierostrasbourg.com\/index.php\/2022\/01\/03\/chladni-ou-le-galbe-nouvel-album-de-stefan-hardt-musique-experimentale-strasbourg\/\" \/>\n<meta property=\"og:site_name\" content=\"HIERO STRASBOURG\" \/>\n<meta property=\"article:publisher\" content=\"https:\/\/www.facebook.com\/fedehierostrasbourg\" \/>\n<meta property=\"article:published_time\" content=\"2022-01-03T21:21:03+00:00\" \/>\n<meta name=\"twitter:card\" content=\"summary_large_image\" \/>\n<meta name=\"twitter:creator\" content=\"@hierostrasbourg\" \/>\n<meta name=\"twitter:site\" content=\"@hierostrasbourg\" \/>\n<meta name=\"twitter:label1\" content=\"Dur\u00e9e de lecture estim\u00e9e\" \/>\n\t<meta name=\"twitter:data1\" content=\"1 minute\" \/>\n<script type=\"application\/ld+json\" class=\"yoast-schema-graph\">{\"@context\":\"https:\\\/\\\/schema.org\",\"@graph\":[{\"@type\":\"Article\",\"@id\":\"https:\\\/\\\/hierostrasbourg.com\\\/index.php\\\/2022\\\/01\\\/03\\\/chladni-ou-le-galbe-nouvel-album-de-stefan-hardt-musique-experimentale-strasbourg\\\/#article\",\"isPartOf\":{\"@id\":\"https:\\\/\\\/hierostrasbourg.com\\\/index.php\\\/2022\\\/01\\\/03\\\/chladni-ou-le-galbe-nouvel-album-de-stefan-hardt-musique-experimentale-strasbourg\\\/\"},\"author\":{\"name\":\"\",\"@id\":\"\"},\"headline\":\"\u201cChladni ou le galbe\u201d, nouvel album de STEFAN HARDT [musique exp\u00e9rimentale \\\/ Strasbourg]\",\"datePublished\":\"2022-01-03T21:21:03+00:00\",\"mainEntityOfPage\":{\"@id\":\"https:\\\/\\\/hierostrasbourg.com\\\/index.php\\\/2022\\\/01\\\/03\\\/chladni-ou-le-galbe-nouvel-album-de-stefan-hardt-musique-experimentale-strasbourg\\\/\"},\"wordCount\":282,\"publisher\":{\"@id\":\"https:\\\/\\\/hierostrasbourg.com\\\/#organization\"},\"inLanguage\":\"fr-FR\"},{\"@type\":\"WebPage\",\"@id\":\"https:\\\/\\\/hierostrasbourg.com\\\/index.php\\\/2022\\\/01\\\/03\\\/chladni-ou-le-galbe-nouvel-album-de-stefan-hardt-musique-experimentale-strasbourg\\\/\",\"url\":\"https:\\\/\\\/hierostrasbourg.com\\\/index.php\\\/2022\\\/01\\\/03\\\/chladni-ou-le-galbe-nouvel-album-de-stefan-hardt-musique-experimentale-strasbourg\\\/\",\"name\":\"\u201cChladni ou le galbe\u201d, nouvel album de STEFAN HARDT [musique exp\u00e9rimentale \\\/ Strasbourg] - HIERO STRASBOURG\",\"isPartOf\":{\"@id\":\"https:\\\/\\\/hierostrasbourg.com\\\/#website\"},\"datePublished\":\"2022-01-03T21:21:03+00:00\",\"breadcrumb\":{\"@id\":\"https:\\\/\\\/hierostrasbourg.com\\\/index.php\\\/2022\\\/01\\\/03\\\/chladni-ou-le-galbe-nouvel-album-de-stefan-hardt-musique-experimentale-strasbourg\\\/#breadcrumb\"},\"inLanguage\":\"fr-FR\",\"potentialAction\":[{\"@type\":\"ReadAction\",\"target\":[\"https:\\\/\\\/hierostrasbourg.com\\\/index.php\\\/2022\\\/01\\\/03\\\/chladni-ou-le-galbe-nouvel-album-de-stefan-hardt-musique-experimentale-strasbourg\\\/\"]}]},{\"@type\":\"BreadcrumbList\",\"@id\":\"https:\\\/\\\/hierostrasbourg.com\\\/index.php\\\/2022\\\/01\\\/03\\\/chladni-ou-le-galbe-nouvel-album-de-stefan-hardt-musique-experimentale-strasbourg\\\/#breadcrumb\",\"itemListElement\":[{\"@type\":\"ListItem\",\"position\":1,\"name\":\"Accueil\",\"item\":\"https:\\\/\\\/hierostrasbourg.com\\\/\"},{\"@type\":\"ListItem\",\"position\":2,\"name\":\"\u201cChladni ou le galbe\u201d, nouvel album de STEFAN HARDT [musique exp\u00e9rimentale \\\/ Strasbourg]\"}]},{\"@type\":\"WebSite\",\"@id\":\"https:\\\/\\\/hierostrasbourg.com\\\/#website\",\"url\":\"https:\\\/\\\/hierostrasbourg.com\\\/\",\"name\":\"HIERO STRASBOURG\",\"description\":\"Centre de Ressources Musiques Actuelles\",\"publisher\":{\"@id\":\"https:\\\/\\\/hierostrasbourg.com\\\/#organization\"},\"potentialAction\":[{\"@type\":\"SearchAction\",\"target\":{\"@type\":\"EntryPoint\",\"urlTemplate\":\"https:\\\/\\\/hierostrasbourg.com\\\/?s={search_term_string}\"},\"query-input\":{\"@type\":\"PropertyValueSpecification\",\"valueRequired\":true,\"valueName\":\"search_term_string\"}}],\"inLanguage\":\"fr-FR\"},{\"@type\":\"Organization\",\"@id\":\"https:\\\/\\\/hierostrasbourg.com\\\/#organization\",\"name\":\"F\u00e9d\u00e9ration Hi\u00e9ro Strasbourg\",\"url\":\"https:\\\/\\\/hierostrasbourg.com\\\/\",\"logo\":{\"@type\":\"ImageObject\",\"inLanguage\":\"fr-FR\",\"@id\":\"https:\\\/\\\/hierostrasbourg.com\\\/#\\\/schema\\\/logo\\\/image\\\/\",\"url\":\"https:\\\/\\\/hierostrasbourg.com\\\/wp-content\\\/uploads\\\/2026\\\/04\\\/logo-hiero-strasbourg.jpg\",\"contentUrl\":\"https:\\\/\\\/hierostrasbourg.com\\\/wp-content\\\/uploads\\\/2026\\\/04\\\/logo-hiero-strasbourg.jpg\",\"width\":204,\"height\":192,\"caption\":\"F\u00e9d\u00e9ration Hi\u00e9ro Strasbourg\"},\"image\":{\"@id\":\"https:\\\/\\\/hierostrasbourg.com\\\/#\\\/schema\\\/logo\\\/image\\\/\"},\"sameAs\":[\"https:\\\/\\\/www.facebook.com\\\/fedehierostrasbourg\",\"https:\\\/\\\/x.com\\\/hierostrasbourg\"]}]}<\/script>\n<!-- \/ Yoast SEO plugin. -->","yoast_head_json":{"title":"\u201cChladni ou le galbe\u201d, nouvel album de STEFAN HARDT [musique exp\u00e9rimentale \/ Strasbourg] - HIERO STRASBOURG","robots":{"index":"index","follow":"follow","max-snippet":"max-snippet:-1","max-image-preview":"max-image-preview:large","max-video-preview":"max-video-preview:-1"},"canonical":"https:\/\/hierostrasbourg.com\/index.php\/2022\/01\/03\/chladni-ou-le-galbe-nouvel-album-de-stefan-hardt-musique-experimentale-strasbourg\/","og_locale":"fr_FR","og_type":"article","og_title":"\u201cChladni ou le galbe\u201d, nouvel album de STEFAN HARDT [musique exp\u00e9rimentale \/ Strasbourg] - HIERO STRASBOURG","og_description":"communiqu\u00e9Comme d\u2019habitude les sons restent non trait\u00e9s, sauf que vous n\u2019entendrez pas d\u2019attaque, c\u2019est-\u00e0-dire que le d\u00e9but et la fin de chaque \u00e9v\u00e9nement sonore ont \u00e9t\u00e9 coup\u00e9s et fondus, respectivement fondus. De plus il y a une petite r\u00e9verb\u00e9ration de temps en temps.J\u2019ai utilis\u00e9 le m\u00e9lodion, le portatif et trois fl\u00fbtes \u00e0 bec.Maintenant comme avant, il s\u2019agit d\u2019exposer les interf\u00e9rences, les battements binauraux, les frictions et les oscillations cr\u00e9\u00e9es par une superposition de tons de m\u00eame hauteur. Quelque chose qui [&hellip;]","og_url":"https:\/\/hierostrasbourg.com\/index.php\/2022\/01\/03\/chladni-ou-le-galbe-nouvel-album-de-stefan-hardt-musique-experimentale-strasbourg\/","og_site_name":"HIERO STRASBOURG","article_publisher":"https:\/\/www.facebook.com\/fedehierostrasbourg","article_published_time":"2022-01-03T21:21:03+00:00","twitter_card":"summary_large_image","twitter_creator":"@hierostrasbourg","twitter_site":"@hierostrasbourg","twitter_misc":{"Dur\u00e9e de lecture estim\u00e9e":"1 minute"},"schema":{"@context":"https:\/\/schema.org","@graph":[{"@type":"Article","@id":"https:\/\/hierostrasbourg.com\/index.php\/2022\/01\/03\/chladni-ou-le-galbe-nouvel-album-de-stefan-hardt-musique-experimentale-strasbourg\/#article","isPartOf":{"@id":"https:\/\/hierostrasbourg.com\/index.php\/2022\/01\/03\/chladni-ou-le-galbe-nouvel-album-de-stefan-hardt-musique-experimentale-strasbourg\/"},"author":{"name":"","@id":""},"headline":"\u201cChladni ou le galbe\u201d, nouvel album de STEFAN HARDT [musique exp\u00e9rimentale \/ Strasbourg]","datePublished":"2022-01-03T21:21:03+00:00","mainEntityOfPage":{"@id":"https:\/\/hierostrasbourg.com\/index.php\/2022\/01\/03\/chladni-ou-le-galbe-nouvel-album-de-stefan-hardt-musique-experimentale-strasbourg\/"},"wordCount":282,"publisher":{"@id":"https:\/\/hierostrasbourg.com\/#organization"},"inLanguage":"fr-FR"},{"@type":"WebPage","@id":"https:\/\/hierostrasbourg.com\/index.php\/2022\/01\/03\/chladni-ou-le-galbe-nouvel-album-de-stefan-hardt-musique-experimentale-strasbourg\/","url":"https:\/\/hierostrasbourg.com\/index.php\/2022\/01\/03\/chladni-ou-le-galbe-nouvel-album-de-stefan-hardt-musique-experimentale-strasbourg\/","name":"\u201cChladni ou le galbe\u201d, nouvel album de STEFAN HARDT [musique exp\u00e9rimentale \/ Strasbourg] - HIERO STRASBOURG","isPartOf":{"@id":"https:\/\/hierostrasbourg.com\/#website"},"datePublished":"2022-01-03T21:21:03+00:00","breadcrumb":{"@id":"https:\/\/hierostrasbourg.com\/index.php\/2022\/01\/03\/chladni-ou-le-galbe-nouvel-album-de-stefan-hardt-musique-experimentale-strasbourg\/#breadcrumb"},"inLanguage":"fr-FR","potentialAction":[{"@type":"ReadAction","target":["https:\/\/hierostrasbourg.com\/index.php\/2022\/01\/03\/chladni-ou-le-galbe-nouvel-album-de-stefan-hardt-musique-experimentale-strasbourg\/"]}]},{"@type":"BreadcrumbList","@id":"https:\/\/hierostrasbourg.com\/index.php\/2022\/01\/03\/chladni-ou-le-galbe-nouvel-album-de-stefan-hardt-musique-experimentale-strasbourg\/#breadcrumb","itemListElement":[{"@type":"ListItem","position":1,"name":"Accueil","item":"https:\/\/hierostrasbourg.com\/"},{"@type":"ListItem","position":2,"name":"\u201cChladni ou le galbe\u201d, nouvel album de STEFAN HARDT [musique exp\u00e9rimentale \/ Strasbourg]"}]},{"@type":"WebSite","@id":"https:\/\/hierostrasbourg.com\/#website","url":"https:\/\/hierostrasbourg.com\/","name":"HIERO STRASBOURG","description":"Centre de Ressources Musiques Actuelles","publisher":{"@id":"https:\/\/hierostrasbourg.com\/#organization"},"potentialAction":[{"@type":"SearchAction","target":{"@type":"EntryPoint","urlTemplate":"https:\/\/hierostrasbourg.com\/?s={search_term_string}"},"query-input":{"@type":"PropertyValueSpecification","valueRequired":true,"valueName":"search_term_string"}}],"inLanguage":"fr-FR"},{"@type":"Organization","@id":"https:\/\/hierostrasbourg.com\/#organization","name":"F\u00e9d\u00e9ration Hi\u00e9ro Strasbourg","url":"https:\/\/hierostrasbourg.com\/","logo":{"@type":"ImageObject","inLanguage":"fr-FR","@id":"https:\/\/hierostrasbourg.com\/#\/schema\/logo\/image\/","url":"https:\/\/hierostrasbourg.com\/wp-content\/uploads\/2026\/04\/logo-hiero-strasbourg.jpg","contentUrl":"https:\/\/hierostrasbourg.com\/wp-content\/uploads\/2026\/04\/logo-hiero-strasbourg.jpg","width":204,"height":192,"caption":"F\u00e9d\u00e9ration Hi\u00e9ro Strasbourg"},"image":{"@id":"https:\/\/hierostrasbourg.com\/#\/schema\/logo\/image\/"},"sameAs":["https:\/\/www.facebook.com\/fedehierostrasbourg","https:\/\/x.com\/hierostrasbourg"]}]}},"_links":{"self":[{"href":"https:\/\/hierostrasbourg.com\/index.php\/wp-json\/wp\/v2\/posts\/1352","targetHints":{"allow":["GET"]}}],"collection":[{"href":"https:\/\/hierostrasbourg.com\/index.php\/wp-json\/wp\/v2\/posts"}],"about":[{"href":"https:\/\/hierostrasbourg.com\/index.php\/wp-json\/wp\/v2\/types\/post"}],"replies":[{"embeddable":true,"href":"https:\/\/hierostrasbourg.com\/index.php\/wp-json\/wp\/v2\/comments?post=1352"}],"version-history":[{"count":0,"href":"https:\/\/hierostrasbourg.com\/index.php\/wp-json\/wp\/v2\/posts\/1352\/revisions"}],"wp:attachment":[{"href":"https:\/\/hierostrasbourg.com\/index.php\/wp-json\/wp\/v2\/media?parent=1352"}],"wp:term":[{"taxonomy":"category","embeddable":true,"href":"https:\/\/hierostrasbourg.com\/index.php\/wp-json\/wp\/v2\/categories?post=1352"},{"taxonomy":"post_tag","embeddable":true,"href":"https:\/\/hierostrasbourg.com\/index.php\/wp-json\/wp\/v2\/tags?post=1352"}],"curies":[{"name":"wp","href":"https:\/\/api.w.org\/{rel}","templated":true}]}}