{"id":1344,"date":"2022-01-01T12:23:33","date_gmt":"2022-01-01T11:23:33","guid":{"rendered":"https:\/\/hierostrasbourg.com\/index.php\/2022\/01\/01\/fin-de-lannee-blanche-quelles-mesures-de-soutien-pour-les-intermittents-du-spectacle-en-2022\/"},"modified":"2022-01-01T12:23:33","modified_gmt":"2022-01-01T11:23:33","slug":"fin-de-lannee-blanche-quelles-mesures-de-soutien-pour-les-intermittents-du-spectacle-en-2022","status":"publish","type":"post","link":"https:\/\/hierostrasbourg.com\/index.php\/2022\/01\/01\/fin-de-lannee-blanche-quelles-mesures-de-soutien-pour-les-intermittents-du-spectacle-en-2022\/","title":{"rendered":"Fin de l\u2019ann\u00e9e blanche : quelles mesures de soutien pour les intermittents du spectacle en 2022 ?"},"content":{"rendered":"<p><em>Au 1er janvier 2022, les intermittents du spectacle ne pourront plus b\u00e9n\u00e9ficier de la prolongation exceptionnelle de leurs droits. Au printemps dernier, des mesures d\u2019accompagnement avaient \u00e9t\u00e9 annonc\u00e9es. D\u00e9j\u00e0 jug\u00e9es comme \u00ab insuffisantes \u00bb, elles n\u2019ont pas \u00e9t\u00e9 revues depuis. Alors m\u00eame qu\u2019avec la cinqui\u00e8me vague, le bout du tunnel para\u00eet bien loin pour le secteur.<\/em><\/p>\n<p>Source \/ Lire la suite : <a href=\"https:\/\/www.ouest-france.fr\/economie\/emploi\/chomage\/fin-de-l-annee-blanche-quelles-mesures-de-soutien-pour-les-intermittents-du-spectacle-en-2022-6f5a83de-68c8-11ec-b5b1-252c51622bfb?fbclid=IwAR3HBE-NIS9Qok7N3ZEqxNXwBtNy9uLtpkmL8ExNBbJJDU3exxJtVi-sZSA\">Fin de l\u2019ann\u00e9e blanche : quelles mesures de soutien pour les intermittents du spectacle en 2022 ?<\/a><\/p>\n<p>L\u2019article <a href=\"https:\/\/popburo.fr\/fin-de-lannee-blanche-quelles-mesures-de-soutien-pour-les-intermittents-du-spectacle-en-2022\/\">Fin de l\u2019ann\u00e9e blanche : quelles mesures de soutien pour les intermittents du spectacle en 2022 ?<\/a> est apparu en premier sur <a href=\"https:\/\/popburo.fr\/\">POP B\u00dcRO<\/a>.<\/p>\n","protected":false},"excerpt":{"rendered":"<p>Au 1er janvier 2022, les intermittents du spectacle ne pourront plus b\u00e9n\u00e9ficier de la prolongation exceptionnelle de leurs droits. Au printemps dernier, des mesures d\u2019accompagnement avaient \u00e9t\u00e9 annonc\u00e9es. D\u00e9j\u00e0 jug\u00e9es comme \u00ab insuffisantes \u00bb, elles n\u2019ont pas \u00e9t\u00e9 revues depuis. Alors m\u00eame qu\u2019avec la cinqui\u00e8me vague, le bout du tunnel para\u00eet bien loin pour le secteur. Source \/ Lire la suite : Fin de l\u2019ann\u00e9e blanche : quelles mesures de soutien pour les intermittents du spectacle en 2022 ? L\u2019article [&hellip;]<\/p>\n","protected":false},"author":0,"featured_media":0,"comment_status":"closed","ping_status":"open","sticky":false,"template":"","format":"standard","meta":{"footnotes":""},"categories":[1],"tags":[],"class_list":["post-1344","post","type-post","status-publish","format-standard","hentry","category-non-classe"],"yoast_head":"<!-- This site is optimized with the Yoast SEO plugin v27.5 - https:\/\/yoast.com\/product\/yoast-seo-wordpress\/ -->\n<title>Fin de l\u2019ann\u00e9e blanche : quelles mesures de soutien pour les intermittents du spectacle en 2022 ? - HIERO STRASBOURG<\/title>\n<meta name=\"robots\" content=\"index, follow, max-snippet:-1, max-image-preview:large, max-video-preview:-1\" \/>\n<link rel=\"canonical\" href=\"https:\/\/hierostrasbourg.com\/index.php\/2022\/01\/01\/fin-de-lannee-blanche-quelles-mesures-de-soutien-pour-les-intermittents-du-spectacle-en-2022\/\" \/>\n<meta property=\"og:locale\" content=\"fr_FR\" \/>\n<meta property=\"og:type\" content=\"article\" \/>\n<meta property=\"og:title\" content=\"Fin de l\u2019ann\u00e9e blanche : quelles mesures de soutien pour les intermittents du spectacle en 2022 ? - HIERO STRASBOURG\" \/>\n<meta property=\"og:description\" content=\"Au 1er janvier 2022, les intermittents du spectacle ne pourront plus b\u00e9n\u00e9ficier de la prolongation exceptionnelle de leurs droits. Au printemps dernier, des mesures d\u2019accompagnement avaient \u00e9t\u00e9 annonc\u00e9es. D\u00e9j\u00e0 jug\u00e9es comme \u00ab insuffisantes \u00bb, elles n\u2019ont pas \u00e9t\u00e9 revues depuis. Alors m\u00eame qu\u2019avec la cinqui\u00e8me vague, le bout du tunnel para\u00eet bien loin pour le secteur. Source \/ Lire la suite : Fin de l\u2019ann\u00e9e blanche : quelles mesures de soutien pour les intermittents du spectacle en 2022 ? L\u2019article [&hellip;]\" \/>\n<meta property=\"og:url\" content=\"https:\/\/hierostrasbourg.com\/index.php\/2022\/01\/01\/fin-de-lannee-blanche-quelles-mesures-de-soutien-pour-les-intermittents-du-spectacle-en-2022\/\" \/>\n<meta property=\"og:site_name\" content=\"HIERO STRASBOURG\" \/>\n<meta property=\"article:publisher\" content=\"https:\/\/www.facebook.com\/fedehierostrasbourg\" \/>\n<meta property=\"article:published_time\" content=\"2022-01-01T11:23:33+00:00\" \/>\n<meta name=\"twitter:card\" content=\"summary_large_image\" \/>\n<meta name=\"twitter:creator\" content=\"@hierostrasbourg\" \/>\n<meta name=\"twitter:site\" content=\"@hierostrasbourg\" \/>\n<meta name=\"twitter:label1\" content=\"Dur\u00e9e de lecture estim\u00e9e\" \/>\n\t<meta name=\"twitter:data1\" content=\"1 minute\" \/>\n<script type=\"application\/ld+json\" class=\"yoast-schema-graph\">{\"@context\":\"https:\\\/\\\/schema.org\",\"@graph\":[{\"@type\":\"Article\",\"@id\":\"https:\\\/\\\/hierostrasbourg.com\\\/index.php\\\/2022\\\/01\\\/01\\\/fin-de-lannee-blanche-quelles-mesures-de-soutien-pour-les-intermittents-du-spectacle-en-2022\\\/#article\",\"isPartOf\":{\"@id\":\"https:\\\/\\\/hierostrasbourg.com\\\/index.php\\\/2022\\\/01\\\/01\\\/fin-de-lannee-blanche-quelles-mesures-de-soutien-pour-les-intermittents-du-spectacle-en-2022\\\/\"},\"author\":{\"name\":\"\",\"@id\":\"\"},\"headline\":\"Fin de l\u2019ann\u00e9e blanche : quelles mesures de soutien pour les intermittents du spectacle en 2022 ?\",\"datePublished\":\"2022-01-01T11:23:33+00:00\",\"mainEntityOfPage\":{\"@id\":\"https:\\\/\\\/hierostrasbourg.com\\\/index.php\\\/2022\\\/01\\\/01\\\/fin-de-lannee-blanche-quelles-mesures-de-soutien-pour-les-intermittents-du-spectacle-en-2022\\\/\"},\"wordCount\":126,\"publisher\":{\"@id\":\"https:\\\/\\\/hierostrasbourg.com\\\/#organization\"},\"inLanguage\":\"fr-FR\"},{\"@type\":\"WebPage\",\"@id\":\"https:\\\/\\\/hierostrasbourg.com\\\/index.php\\\/2022\\\/01\\\/01\\\/fin-de-lannee-blanche-quelles-mesures-de-soutien-pour-les-intermittents-du-spectacle-en-2022\\\/\",\"url\":\"https:\\\/\\\/hierostrasbourg.com\\\/index.php\\\/2022\\\/01\\\/01\\\/fin-de-lannee-blanche-quelles-mesures-de-soutien-pour-les-intermittents-du-spectacle-en-2022\\\/\",\"name\":\"Fin de l\u2019ann\u00e9e blanche : quelles mesures de soutien pour les intermittents du spectacle en 2022 ? - HIERO STRASBOURG\",\"isPartOf\":{\"@id\":\"https:\\\/\\\/hierostrasbourg.com\\\/#website\"},\"datePublished\":\"2022-01-01T11:23:33+00:00\",\"breadcrumb\":{\"@id\":\"https:\\\/\\\/hierostrasbourg.com\\\/index.php\\\/2022\\\/01\\\/01\\\/fin-de-lannee-blanche-quelles-mesures-de-soutien-pour-les-intermittents-du-spectacle-en-2022\\\/#breadcrumb\"},\"inLanguage\":\"fr-FR\",\"potentialAction\":[{\"@type\":\"ReadAction\",\"target\":[\"https:\\\/\\\/hierostrasbourg.com\\\/index.php\\\/2022\\\/01\\\/01\\\/fin-de-lannee-blanche-quelles-mesures-de-soutien-pour-les-intermittents-du-spectacle-en-2022\\\/\"]}]},{\"@type\":\"BreadcrumbList\",\"@id\":\"https:\\\/\\\/hierostrasbourg.com\\\/index.php\\\/2022\\\/01\\\/01\\\/fin-de-lannee-blanche-quelles-mesures-de-soutien-pour-les-intermittents-du-spectacle-en-2022\\\/#breadcrumb\",\"itemListElement\":[{\"@type\":\"ListItem\",\"position\":1,\"name\":\"Accueil\",\"item\":\"https:\\\/\\\/hierostrasbourg.com\\\/\"},{\"@type\":\"ListItem\",\"position\":2,\"name\":\"Fin de l\u2019ann\u00e9e blanche : quelles mesures de soutien pour les intermittents du spectacle en 2022 ?\"}]},{\"@type\":\"WebSite\",\"@id\":\"https:\\\/\\\/hierostrasbourg.com\\\/#website\",\"url\":\"https:\\\/\\\/hierostrasbourg.com\\\/\",\"name\":\"HIERO STRASBOURG\",\"description\":\"Centre de Ressources Musiques Actuelles\",\"publisher\":{\"@id\":\"https:\\\/\\\/hierostrasbourg.com\\\/#organization\"},\"potentialAction\":[{\"@type\":\"SearchAction\",\"target\":{\"@type\":\"EntryPoint\",\"urlTemplate\":\"https:\\\/\\\/hierostrasbourg.com\\\/?s={search_term_string}\"},\"query-input\":{\"@type\":\"PropertyValueSpecification\",\"valueRequired\":true,\"valueName\":\"search_term_string\"}}],\"inLanguage\":\"fr-FR\"},{\"@type\":\"Organization\",\"@id\":\"https:\\\/\\\/hierostrasbourg.com\\\/#organization\",\"name\":\"F\u00e9d\u00e9ration Hi\u00e9ro Strasbourg\",\"url\":\"https:\\\/\\\/hierostrasbourg.com\\\/\",\"logo\":{\"@type\":\"ImageObject\",\"inLanguage\":\"fr-FR\",\"@id\":\"https:\\\/\\\/hierostrasbourg.com\\\/#\\\/schema\\\/logo\\\/image\\\/\",\"url\":\"https:\\\/\\\/hierostrasbourg.com\\\/wp-content\\\/uploads\\\/2026\\\/04\\\/logo-hiero-strasbourg.jpg\",\"contentUrl\":\"https:\\\/\\\/hierostrasbourg.com\\\/wp-content\\\/uploads\\\/2026\\\/04\\\/logo-hiero-strasbourg.jpg\",\"width\":204,\"height\":192,\"caption\":\"F\u00e9d\u00e9ration Hi\u00e9ro Strasbourg\"},\"image\":{\"@id\":\"https:\\\/\\\/hierostrasbourg.com\\\/#\\\/schema\\\/logo\\\/image\\\/\"},\"sameAs\":[\"https:\\\/\\\/www.facebook.com\\\/fedehierostrasbourg\",\"https:\\\/\\\/x.com\\\/hierostrasbourg\"]}]}<\/script>\n<!-- \/ Yoast SEO plugin. -->","yoast_head_json":{"title":"Fin de l\u2019ann\u00e9e blanche : quelles mesures de soutien pour les intermittents du spectacle en 2022 ? - HIERO STRASBOURG","robots":{"index":"index","follow":"follow","max-snippet":"max-snippet:-1","max-image-preview":"max-image-preview:large","max-video-preview":"max-video-preview:-1"},"canonical":"https:\/\/hierostrasbourg.com\/index.php\/2022\/01\/01\/fin-de-lannee-blanche-quelles-mesures-de-soutien-pour-les-intermittents-du-spectacle-en-2022\/","og_locale":"fr_FR","og_type":"article","og_title":"Fin de l\u2019ann\u00e9e blanche : quelles mesures de soutien pour les intermittents du spectacle en 2022 ? - HIERO STRASBOURG","og_description":"Au 1er janvier 2022, les intermittents du spectacle ne pourront plus b\u00e9n\u00e9ficier de la prolongation exceptionnelle de leurs droits. Au printemps dernier, des mesures d\u2019accompagnement avaient \u00e9t\u00e9 annonc\u00e9es. D\u00e9j\u00e0 jug\u00e9es comme \u00ab insuffisantes \u00bb, elles n\u2019ont pas \u00e9t\u00e9 revues depuis. Alors m\u00eame qu\u2019avec la cinqui\u00e8me vague, le bout du tunnel para\u00eet bien loin pour le secteur. Source \/ Lire la suite : Fin de l\u2019ann\u00e9e blanche : quelles mesures de soutien pour les intermittents du spectacle en 2022 ? L\u2019article [&hellip;]","og_url":"https:\/\/hierostrasbourg.com\/index.php\/2022\/01\/01\/fin-de-lannee-blanche-quelles-mesures-de-soutien-pour-les-intermittents-du-spectacle-en-2022\/","og_site_name":"HIERO STRASBOURG","article_publisher":"https:\/\/www.facebook.com\/fedehierostrasbourg","article_published_time":"2022-01-01T11:23:33+00:00","twitter_card":"summary_large_image","twitter_creator":"@hierostrasbourg","twitter_site":"@hierostrasbourg","twitter_misc":{"Dur\u00e9e de lecture estim\u00e9e":"1 minute"},"schema":{"@context":"https:\/\/schema.org","@graph":[{"@type":"Article","@id":"https:\/\/hierostrasbourg.com\/index.php\/2022\/01\/01\/fin-de-lannee-blanche-quelles-mesures-de-soutien-pour-les-intermittents-du-spectacle-en-2022\/#article","isPartOf":{"@id":"https:\/\/hierostrasbourg.com\/index.php\/2022\/01\/01\/fin-de-lannee-blanche-quelles-mesures-de-soutien-pour-les-intermittents-du-spectacle-en-2022\/"},"author":{"name":"","@id":""},"headline":"Fin de l\u2019ann\u00e9e blanche : quelles mesures de soutien pour les intermittents du spectacle en 2022 ?","datePublished":"2022-01-01T11:23:33+00:00","mainEntityOfPage":{"@id":"https:\/\/hierostrasbourg.com\/index.php\/2022\/01\/01\/fin-de-lannee-blanche-quelles-mesures-de-soutien-pour-les-intermittents-du-spectacle-en-2022\/"},"wordCount":126,"publisher":{"@id":"https:\/\/hierostrasbourg.com\/#organization"},"inLanguage":"fr-FR"},{"@type":"WebPage","@id":"https:\/\/hierostrasbourg.com\/index.php\/2022\/01\/01\/fin-de-lannee-blanche-quelles-mesures-de-soutien-pour-les-intermittents-du-spectacle-en-2022\/","url":"https:\/\/hierostrasbourg.com\/index.php\/2022\/01\/01\/fin-de-lannee-blanche-quelles-mesures-de-soutien-pour-les-intermittents-du-spectacle-en-2022\/","name":"Fin de l\u2019ann\u00e9e blanche : quelles mesures de soutien pour les intermittents du spectacle en 2022 ? - HIERO STRASBOURG","isPartOf":{"@id":"https:\/\/hierostrasbourg.com\/#website"},"datePublished":"2022-01-01T11:23:33+00:00","breadcrumb":{"@id":"https:\/\/hierostrasbourg.com\/index.php\/2022\/01\/01\/fin-de-lannee-blanche-quelles-mesures-de-soutien-pour-les-intermittents-du-spectacle-en-2022\/#breadcrumb"},"inLanguage":"fr-FR","potentialAction":[{"@type":"ReadAction","target":["https:\/\/hierostrasbourg.com\/index.php\/2022\/01\/01\/fin-de-lannee-blanche-quelles-mesures-de-soutien-pour-les-intermittents-du-spectacle-en-2022\/"]}]},{"@type":"BreadcrumbList","@id":"https:\/\/hierostrasbourg.com\/index.php\/2022\/01\/01\/fin-de-lannee-blanche-quelles-mesures-de-soutien-pour-les-intermittents-du-spectacle-en-2022\/#breadcrumb","itemListElement":[{"@type":"ListItem","position":1,"name":"Accueil","item":"https:\/\/hierostrasbourg.com\/"},{"@type":"ListItem","position":2,"name":"Fin de l\u2019ann\u00e9e blanche : quelles mesures de soutien pour les intermittents du spectacle en 2022 ?"}]},{"@type":"WebSite","@id":"https:\/\/hierostrasbourg.com\/#website","url":"https:\/\/hierostrasbourg.com\/","name":"HIERO STRASBOURG","description":"Centre de Ressources Musiques Actuelles","publisher":{"@id":"https:\/\/hierostrasbourg.com\/#organization"},"potentialAction":[{"@type":"SearchAction","target":{"@type":"EntryPoint","urlTemplate":"https:\/\/hierostrasbourg.com\/?s={search_term_string}"},"query-input":{"@type":"PropertyValueSpecification","valueRequired":true,"valueName":"search_term_string"}}],"inLanguage":"fr-FR"},{"@type":"Organization","@id":"https:\/\/hierostrasbourg.com\/#organization","name":"F\u00e9d\u00e9ration Hi\u00e9ro Strasbourg","url":"https:\/\/hierostrasbourg.com\/","logo":{"@type":"ImageObject","inLanguage":"fr-FR","@id":"https:\/\/hierostrasbourg.com\/#\/schema\/logo\/image\/","url":"https:\/\/hierostrasbourg.com\/wp-content\/uploads\/2026\/04\/logo-hiero-strasbourg.jpg","contentUrl":"https:\/\/hierostrasbourg.com\/wp-content\/uploads\/2026\/04\/logo-hiero-strasbourg.jpg","width":204,"height":192,"caption":"F\u00e9d\u00e9ration Hi\u00e9ro Strasbourg"},"image":{"@id":"https:\/\/hierostrasbourg.com\/#\/schema\/logo\/image\/"},"sameAs":["https:\/\/www.facebook.com\/fedehierostrasbourg","https:\/\/x.com\/hierostrasbourg"]}]}},"_links":{"self":[{"href":"https:\/\/hierostrasbourg.com\/index.php\/wp-json\/wp\/v2\/posts\/1344","targetHints":{"allow":["GET"]}}],"collection":[{"href":"https:\/\/hierostrasbourg.com\/index.php\/wp-json\/wp\/v2\/posts"}],"about":[{"href":"https:\/\/hierostrasbourg.com\/index.php\/wp-json\/wp\/v2\/types\/post"}],"replies":[{"embeddable":true,"href":"https:\/\/hierostrasbourg.com\/index.php\/wp-json\/wp\/v2\/comments?post=1344"}],"version-history":[{"count":0,"href":"https:\/\/hierostrasbourg.com\/index.php\/wp-json\/wp\/v2\/posts\/1344\/revisions"}],"wp:attachment":[{"href":"https:\/\/hierostrasbourg.com\/index.php\/wp-json\/wp\/v2\/media?parent=1344"}],"wp:term":[{"taxonomy":"category","embeddable":true,"href":"https:\/\/hierostrasbourg.com\/index.php\/wp-json\/wp\/v2\/categories?post=1344"},{"taxonomy":"post_tag","embeddable":true,"href":"https:\/\/hierostrasbourg.com\/index.php\/wp-json\/wp\/v2\/tags?post=1344"}],"curies":[{"name":"wp","href":"https:\/\/api.w.org\/{rel}","templated":true}]}}