{"id":1340,"date":"2021-12-29T12:23:40","date_gmt":"2021-12-29T11:23:40","guid":{"rendered":"https:\/\/hierostrasbourg.com\/index.php\/2021\/12\/29\/la-ville-de-strasbourg-recrute-un-chef-du-service-de-laction-culturelle-f-h\/"},"modified":"2021-12-29T12:23:40","modified_gmt":"2021-12-29T11:23:40","slug":"la-ville-de-strasbourg-recrute-un-chef-du-service-de-laction-culturelle-f-h","status":"publish","type":"post","link":"https:\/\/hierostrasbourg.com\/index.php\/2021\/12\/29\/la-ville-de-strasbourg-recrute-un-chef-du-service-de-laction-culturelle-f-h\/","title":{"rendered":"LA VILLE DE STRASBOURG recrute un chef du service de l\u2019Action culturelle [F\/H]"},"content":{"rendered":"<p>Administration mutualis\u00e9e de plus de 7000 agents-es et 250 m\u00e9tiers, l\u2019Eurom\u00e9tropole de Strasbourg d\u00e9veloppe des politiques publiques innovantes, visant \u00e0 r\u00e9pondre aux enjeux de d\u00e9veloppement et de coh\u00e9sion d\u2019un territoire transfrontalier en pleine mutation et aux attentes profond\u00e9ment renouvel\u00e9es des habitants-es.<\/p>\n<p>La Ville et l\u2019Eurom\u00e9tropole d\u00e9veloppent une politique culturelle ambitieuse au service d\u2019un projet visant \u00e0 r\u00e9pondre aux enjeux de transformation sociale et soci\u00e9tale actuels et aux d\u00e9fis de justice sociale, de d\u00e9mocratie et de transition \u00e9cologique du territoire. La culture constituant un levier important de transformation, la Ville et l\u2019Eurom\u00e9tropole ont impuls\u00e9 une politique de d\u00e9veloppement culturel durable, en capacit\u00e9 de rayonner et d\u2019assoir la posture europ\u00e9enne du territoire, tout autant que de favoriser l\u2019inclusion, la solidarit\u00e9, la participation citoyenne et l\u2019\u00e9co-responsabilit\u00e9 dans le secteur culturel. Le soutien \u00e0 la cr\u00e9ation contemporaine et aux artistes constitue le socle de la politique culturelle, comme en t\u00e9moigne l\u2019importante dynamique de soutien aux acteurs du territoire. Enfin, la candidature de Strasbourg au label UNESCO de Capitale mondiale du livre constitue un projet f\u00e9d\u00e9rateur \u00e0 l\u2019\u00e9chelle du mandat ayant vocation \u00e0 rassembler les citoyennes et les citoyens dans leur diversit\u00e9 autour d\u2019un projet culturel visant \u00e0 favoriser la libert\u00e9 d\u2019expression et de pens\u00e9e, la sensibilisation \u00e0 la lecture et \u00e0 l\u2019esprit critique.<\/p>\n<p>La Direction de la culture f\u00e9d\u00e8re huit services culturels de la collectivit\u00e9 \u2013 Mus\u00e9es, M\u00e9diath\u00e8ques, Conservatoire, Fondation de l\u2019\u0152uvre Notre-Dame, Archives, TAPS, Administration g\u00e9n\u00e9rale \u2013 et de grands \u00e9quipements partenaires, subventionn\u00e9s ou d\u00e9l\u00e9gataires de services publics : Z\u00e9nith, Haute Ecole des Arts du Rhin, Th\u00e9\u00e2tre du Maillon, TJP, P\u00f4le Sud\u2026. Elle dispose d\u2019un budget annuel de fonctionnement de 45 M\u20ac (hors charges techniques et masse salariale) et d\u2019investissement de 2,3 M\u20ac, et s\u2019appuie, en outre, sur 840 agents permanents.<\/p>\n<p>Dans ce cadre, le service de l\u2019Action culturelle (une vingtaine d\u2019agents) a plus sp\u00e9cialement en charge la politique de soutien aux acteurs culturels du territoire de la Ville et de l\u2019Eurom\u00e9tropole et l\u2019animation des relations avec les partenaires associatifs, parapublics et priv\u00e9s qui font, avec les services en r\u00e9gie, la richesse et le dynamisme du paysage culturel du territoire.<\/p>\n<h2>DESCRIPTION DES MISSIONS, ACTIVIT\u00c9S<\/h2>\n<p>Sous l\u2019autorit\u00e9 de la directrice de la culture, le\/la chef-fe du service de l\u2019Action culturelle pilote la politique de soutien aux acteurs culturels du territoire et coordonne \u00e0 ce titre l\u2019activit\u00e9 \u00a0des \u00e9quipes en charge du spectacle vivant, de l\u2019audiovisuel et du cin\u00e9ma, des arts visuels, du livre et de l\u2019illustration, de la culture r\u00e9gionale et de l\u2019architecture et du patrimoine. Il\/Elle a \u00e9galement en charge le pilotage d\u2019\u00e9v\u00e9nements culturels annuels (programmation estivale, Rencontres de l\u2019illustration, Biblioth\u00e8ques id\u00e9ales\u2026) et prend part \u00e0 la dynamique engag\u00e9e autour de la candidature de Strasbourg au label UNESCO Capitale mondiale du livre.<\/p>\n<h3>Activit\u00e9s principales<\/h3>\n<p>Animer, coordonner, piloter et \u00e9valuer les activit\u00e9s et lieux d\u00e9pendant du service de l\u2019action culturelle ainsi qu\u2019encadrer les collaborateurs-trices du service, en charge :<br \/>\ndu spectacle vivant : th\u00e9\u00e2tre, danse, musiques, arts du cirque, arts de la rue ;<br \/>\n\u00a0de l\u2019image au sens large et des fili\u00e8res y relatives : audiovisuel, cin\u00e9ma, arts visuels, commande artistique, num\u00e9rique, \u00e9dition, illustration, design ;<br \/>\nde la culture r\u00e9gionale ;<br \/>\nde la promotion, de la valorisation et de l\u2019animation de l\u2019architecture et du patrimoine (label Villes d\u2019art et d\u2019histoire, UNESCO ) ;<br \/>\nde la conduite d\u2019\u00e9v\u00e9nements et de programmations culturelles ;<br \/>\nde la direction des \u00e9quipements culturels rattach\u00e9s au service (5\u00e8 Lieu, Centre chor\u00e9graphique) ;<br \/>\ndu suivi b\u00e2timentaire des salles et lieux de la collectivit\u00e9 mis \u00e0 disposition des partenaires associatifs (cin\u00e9ma municipal, Maillon, TJP, P\u00f4le Sud, th\u00e9\u00e2tre de Hautepierre, Espace Django, Z\u00e9nith etc).<\/p>\n<p>En coh\u00e9rence avec les orientations de la politique culturelle, mener une r\u00e9flexion sur l\u2019organisation du service et la mani\u00e8re de traduire les orientations et priorit\u00e9s politiques dans l\u2019organisation.<br \/>\nAm\u00e9liorer la lisibilit\u00e9 et le pilotage strat\u00e9gique de la politique de soutien aux acteurs culturels :<br \/>\nam\u00e9liorer la coh\u00e9rence, la compl\u00e9mentarit\u00e9 et la lisibilit\u00e9 des diff\u00e9rentes formes de soutien de la collectivit\u00e9 en faveur des partenaires associatifs et \u00eatre force de proposition en mati\u00e8re de nouvelles formes de soutien ;<br \/>\nsuivre les relations contractuelles avec les acteurs associatifs et renforcer le suivi de ces relations par des outils adapt\u00e9s : conventions pluriannuelles d\u2019objectifs et de moyens, comit\u00e9s de suivi, d\u00e9veloppement d\u2019un dialogue de bonne gestion, suivi des b\u00e2timents mis \u00e0 disposition, suivi dans un outil interne de reporting ;<br \/>\npour l\u2019Eurom\u00e9tropole, d\u00e9velopper et adapter les dispositifs et formes de soutien aux orientations politiques et aux comp\u00e9tences m\u00e9tropolitaines.<\/p>\n<p>Assurer le pilotage op\u00e9rationnel de certains projets et groupes de travail transversaux au service comme \u00e0 l\u2019ensemble de la direction et de la collectivit\u00e9.<br \/>\nContribuer au d\u00e9cloisonnement entre la politique culturelle et les autres politiques publiques.<br \/>\nParticiper \u00e0 l\u2019animation des relations partenariales avec les autres acteurs du champ culturel : DRAC, Minist\u00e8re de la Culture et de la communication, \u00c9ducation nationale, CEA, R\u00e9gion Grand Est, partenaires priv\u00e9s, r\u00e9seaux locaux, nationaux et internationaux.<br \/>\nPlanifier, contr\u00f4ler et \u00e9valuer la r\u00e9alisation des projets et l\u2019emploi des ressources.<br \/>\nMobiliser et faire \u00e9voluer sur un plan collectif les comp\u00e9tences professionnelles des collaborateurs-trices dont il-elle assure le management en direct, am\u00e9liorer les processus et les modalit\u00e9s de travail.<\/p>\n<h3>Activit\u00e9s secondaires<\/h3>\n<p>En cas d\u2019absence ou d\u2019emp\u00eachement, assurer l\u2019interim de la directrice avec le-la chef-fe du service de l\u2019Administration g\u00e9n\u00e9rale.<\/p>\n<h3>Evolution pr\u00e9visible<\/h3>\n<p>Organisation susceptible d\u2019\u00e9volution dans le cadre du projet de direction et de service pouvant avoir une incidence sur la fiche de poste sans pour autant remettre en question le c\u0153ur des missions mais n\u00e9cessitant, le cas \u00e9ch\u00e9ant, le moment venu, une capacit\u00e9 d\u2019adaptation<\/p>\n<h2>PROFIL<\/h2>\n<p>Bac + 5, de pr\u00e9f\u00e9rence Master en politique culturelle ou \u00e9quivalent.<br \/>\nExp\u00e9rience confirm\u00e9e dans le domaine culturel (responsabilit\u00e9 similaire dans le secteur et\/ou un grand \u00e9quipement culturel).<br \/>\nExp\u00e9rience dans une administration publique exig\u00e9e.<br \/>\nExp\u00e9rience et expertise en animation et encadrement d\u2019\u00e9quipe indispensables.<br \/>\nExpertise de la culture administrative et connaissances des rouages des collectivit\u00e9s.<br \/>\nExpertise des enjeux et r\u00e9seaux culturels.<br \/>\nExpertise en conduite de projets strat\u00e9giques et op\u00e9rationnels.<br \/>\n\u00a0Expertise en conduite du changement.<br \/>\nExp\u00e9rience et expertise du travail avec des \u00e9lus-es.<br \/>\nExcellente culture g\u00e9n\u00e9rale.<br \/>\nMa\u00eetrise de l\u2019anglais et de l\u2019allemand.<br \/>\nCapacit\u00e9 d\u2019analyse et de synth\u00e8se.<br \/>\nCapacit\u00e9s r\u00e9dactionnelles.<br \/>\nDiscr\u00e9tion et diplomatie.<br \/>\nCapacit\u00e9 d\u2019adaptation \u00e0 des interlocuteurs-trices divers-ses.<br \/>\nAutonomie et aptitude \u00e0 prendre des initiatives.<br \/>\nRigueur et m\u00e9thode.<br \/>\nDisponibilit\u00e9.<br \/>\nSens de la n\u00e9gociation.<\/p>\n<h2>Avantages li\u00e9s au poste<\/h2>\n<p>R\u00e9mun\u00e9ration statutaire et r\u00e9gime indemnitaire.<br \/>\nPrime de fin d\u2019ann\u00e9e.<br \/>\nParticipation de la collectivit\u00e9 aux frais de transport et de restauration.<br \/>\nParticipation de la collectivit\u00e9 possible \u00e0 la couverture mutuelle et pr\u00e9voyance.<br \/>\nCh\u00e8ques vacances sous conditions.<br \/>\nTarifs pr\u00e9f\u00e9rentiels pour certains \u00e9tablissements culturels et sportifs (piscines, mus\u00e9es, m\u00e9diath\u00e8ques\u2026).<\/p>\n<p>Conform\u00e9ment au principe d\u2019\u00e9galit\u00e9 d\u2019acc\u00e8s \u00e0 l\u2019emploi public, cet emploi est ouvert \u00e0 tous les candidats remplissant les conditions statutaires requises, d\u00e9finies par le statut g\u00e9n\u00e9ral des fonctionnaires, la Loi du 26 janvier 1984 portant statut g\u00e9n\u00e9ral des fonctionnaires territoriaux et le d\u00e9cret r\u00e9gissant le cadre d\u2019emplois correspondant. Toutefois, \u00e0 titre d\u00e9rogatoire, les candidats reconnus travailleurs handicap\u00e9s peuvent acc\u00e9der \u00e0 cet emploi par voie contractuelle.<\/p>\n<h2>Condition de l\u2019exercice<\/h2>\n<p>Localisation : 6 rue du Jeu-des-Enfants \u2013 67 000 Strasbourg.<\/p>\n<p>N\u00b0 annonce : E000904<br \/>\nDirection : Culture<br \/>\nService : Action culturelle<br \/>\nCat\u00e9gorie(s) : A<br \/>\nType de recrutement : Permanent<br \/>\nFonctionnaire ou \u00e0 d\u00e9faut contractuel de droit public (CDD 3 ans)<br \/>\nDur\u00e9e de temps de travail : Temps complet \u2013 35 h<br \/>\nGrade(s) : Attach\u00e9 principal Attach\u00e9 principal de conservation du patrimoine Biblioth\u00e9caire principal<br \/>\nDate limite de d\u00e9p\u00f4t des candidatures : 09\/01\/2022<\/p>\n<p><a class=\"maxbutton-1 maxbutton maxbutton-inscription\" href=\"https:\/\/www.strasbourg.eu\/detail-offre\/-\/entity\/id\/904?_eu_strasbourg_portlet_entity_detail_EntityDetailPortlet_returnURL=https:\/\/www.strasbourg.eu\/offres-emploi?p_p_id=eu_strasbourg_portlet_search_asset_SearchAssetPortlet&amp;p_p_lifecycle=0&amp;p_p_state=normal&amp;p_p_mode=view&amp;p_p_lifecycle=1&amp;_eu_strasbourg_portlet_search_asset_SearchAssetPortlet_formDate=1640773800194&amp;_eu_strasbourg_portlet_search_asset_SearchAssetPortlet_vocabulariesCount=5&amp;_eu_strasbourg_portlet_search_asset_SearchAssetPortlet_vocabulary_2=50113318#:~:text=D'EMPLOI%20EN%20PDF-,CANDIDATER,-VILLE%20ET%20EUROM%C3%89TROPOLE\"><span class=\"mb-text\">POSTULEZ<\/span><\/a><\/p>\n<p>L\u2019article <a href=\"https:\/\/popburo.fr\/la-ville-de-strasbourg-recrute-un-chef-du-service-de-laction-culturelle-f-h\/\">LA VILLE DE STRASBOURG recrute un chef du service de l\u2019Action culturelle [F\/H]<\/a> est apparu en premier sur <a href=\"https:\/\/popburo.fr\/\">POP B\u00dcRO<\/a>.<\/p>\n","protected":false},"excerpt":{"rendered":"<p>Administration mutualis\u00e9e de plus de 7000 agents-es et 250 m\u00e9tiers, l\u2019Eurom\u00e9tropole de Strasbourg d\u00e9veloppe des politiques publiques innovantes, visant \u00e0 r\u00e9pondre aux enjeux de d\u00e9veloppement et de coh\u00e9sion d\u2019un territoire transfrontalier en pleine mutation et aux attentes profond\u00e9ment renouvel\u00e9es des habitants-es. La Ville et l\u2019Eurom\u00e9tropole d\u00e9veloppent une politique culturelle ambitieuse au service d\u2019un projet visant \u00e0 r\u00e9pondre aux enjeux de transformation sociale et soci\u00e9tale actuels et aux d\u00e9fis de justice sociale, de d\u00e9mocratie et de transition \u00e9cologique du territoire. La [&hellip;]<\/p>\n","protected":false},"author":0,"featured_media":0,"comment_status":"closed","ping_status":"open","sticky":false,"template":"","format":"standard","meta":{"footnotes":""},"categories":[1],"tags":[],"class_list":["post-1340","post","type-post","status-publish","format-standard","hentry","category-non-classe"],"yoast_head":"<!-- This site is optimized with the Yoast SEO plugin v27.5 - https:\/\/yoast.com\/product\/yoast-seo-wordpress\/ -->\n<title>LA VILLE DE STRASBOURG recrute un chef du service de l\u2019Action culturelle [F\/H] - HIERO STRASBOURG<\/title>\n<meta name=\"robots\" content=\"index, follow, max-snippet:-1, max-image-preview:large, max-video-preview:-1\" \/>\n<link rel=\"canonical\" href=\"https:\/\/hierostrasbourg.com\/index.php\/2021\/12\/29\/la-ville-de-strasbourg-recrute-un-chef-du-service-de-laction-culturelle-f-h\/\" \/>\n<meta property=\"og:locale\" content=\"fr_FR\" \/>\n<meta property=\"og:type\" content=\"article\" \/>\n<meta property=\"og:title\" content=\"LA VILLE DE STRASBOURG recrute un chef du service de l\u2019Action culturelle [F\/H] - HIERO STRASBOURG\" \/>\n<meta property=\"og:description\" content=\"Administration mutualis\u00e9e de plus de 7000 agents-es et 250 m\u00e9tiers, l\u2019Eurom\u00e9tropole de Strasbourg d\u00e9veloppe des politiques publiques innovantes, visant \u00e0 r\u00e9pondre aux enjeux de d\u00e9veloppement et de coh\u00e9sion d\u2019un territoire transfrontalier en pleine mutation et aux attentes profond\u00e9ment renouvel\u00e9es des habitants-es. La Ville et l\u2019Eurom\u00e9tropole d\u00e9veloppent une politique culturelle ambitieuse au service d\u2019un projet visant \u00e0 r\u00e9pondre aux enjeux de transformation sociale et soci\u00e9tale actuels et aux d\u00e9fis de justice sociale, de d\u00e9mocratie et de transition \u00e9cologique du territoire. La [&hellip;]\" \/>\n<meta property=\"og:url\" content=\"https:\/\/hierostrasbourg.com\/index.php\/2021\/12\/29\/la-ville-de-strasbourg-recrute-un-chef-du-service-de-laction-culturelle-f-h\/\" \/>\n<meta property=\"og:site_name\" content=\"HIERO STRASBOURG\" \/>\n<meta property=\"article:publisher\" content=\"https:\/\/www.facebook.com\/fedehierostrasbourg\" \/>\n<meta property=\"article:published_time\" content=\"2021-12-29T11:23:40+00:00\" \/>\n<meta name=\"twitter:card\" content=\"summary_large_image\" \/>\n<meta name=\"twitter:creator\" content=\"@hierostrasbourg\" \/>\n<meta name=\"twitter:site\" content=\"@hierostrasbourg\" \/>\n<meta name=\"twitter:label1\" content=\"Dur\u00e9e de lecture estim\u00e9e\" \/>\n\t<meta name=\"twitter:data1\" content=\"7 minutes\" \/>\n<script type=\"application\/ld+json\" class=\"yoast-schema-graph\">{\"@context\":\"https:\\\/\\\/schema.org\",\"@graph\":[{\"@type\":\"Article\",\"@id\":\"https:\\\/\\\/hierostrasbourg.com\\\/index.php\\\/2021\\\/12\\\/29\\\/la-ville-de-strasbourg-recrute-un-chef-du-service-de-laction-culturelle-f-h\\\/#article\",\"isPartOf\":{\"@id\":\"https:\\\/\\\/hierostrasbourg.com\\\/index.php\\\/2021\\\/12\\\/29\\\/la-ville-de-strasbourg-recrute-un-chef-du-service-de-laction-culturelle-f-h\\\/\"},\"author\":{\"name\":\"\",\"@id\":\"\"},\"headline\":\"LA VILLE DE STRASBOURG recrute un chef du service de l\u2019Action culturelle [F\\\/H]\",\"datePublished\":\"2021-12-29T11:23:40+00:00\",\"mainEntityOfPage\":{\"@id\":\"https:\\\/\\\/hierostrasbourg.com\\\/index.php\\\/2021\\\/12\\\/29\\\/la-ville-de-strasbourg-recrute-un-chef-du-service-de-laction-culturelle-f-h\\\/\"},\"wordCount\":1416,\"publisher\":{\"@id\":\"https:\\\/\\\/hierostrasbourg.com\\\/#organization\"},\"inLanguage\":\"fr-FR\"},{\"@type\":\"WebPage\",\"@id\":\"https:\\\/\\\/hierostrasbourg.com\\\/index.php\\\/2021\\\/12\\\/29\\\/la-ville-de-strasbourg-recrute-un-chef-du-service-de-laction-culturelle-f-h\\\/\",\"url\":\"https:\\\/\\\/hierostrasbourg.com\\\/index.php\\\/2021\\\/12\\\/29\\\/la-ville-de-strasbourg-recrute-un-chef-du-service-de-laction-culturelle-f-h\\\/\",\"name\":\"LA VILLE DE STRASBOURG recrute un chef du service de l\u2019Action culturelle [F\\\/H] - HIERO STRASBOURG\",\"isPartOf\":{\"@id\":\"https:\\\/\\\/hierostrasbourg.com\\\/#website\"},\"datePublished\":\"2021-12-29T11:23:40+00:00\",\"breadcrumb\":{\"@id\":\"https:\\\/\\\/hierostrasbourg.com\\\/index.php\\\/2021\\\/12\\\/29\\\/la-ville-de-strasbourg-recrute-un-chef-du-service-de-laction-culturelle-f-h\\\/#breadcrumb\"},\"inLanguage\":\"fr-FR\",\"potentialAction\":[{\"@type\":\"ReadAction\",\"target\":[\"https:\\\/\\\/hierostrasbourg.com\\\/index.php\\\/2021\\\/12\\\/29\\\/la-ville-de-strasbourg-recrute-un-chef-du-service-de-laction-culturelle-f-h\\\/\"]}]},{\"@type\":\"BreadcrumbList\",\"@id\":\"https:\\\/\\\/hierostrasbourg.com\\\/index.php\\\/2021\\\/12\\\/29\\\/la-ville-de-strasbourg-recrute-un-chef-du-service-de-laction-culturelle-f-h\\\/#breadcrumb\",\"itemListElement\":[{\"@type\":\"ListItem\",\"position\":1,\"name\":\"Accueil\",\"item\":\"https:\\\/\\\/hierostrasbourg.com\\\/\"},{\"@type\":\"ListItem\",\"position\":2,\"name\":\"LA VILLE DE STRASBOURG recrute un chef du service de l\u2019Action culturelle [F\\\/H]\"}]},{\"@type\":\"WebSite\",\"@id\":\"https:\\\/\\\/hierostrasbourg.com\\\/#website\",\"url\":\"https:\\\/\\\/hierostrasbourg.com\\\/\",\"name\":\"HIERO STRASBOURG\",\"description\":\"Centre de Ressources Musiques Actuelles\",\"publisher\":{\"@id\":\"https:\\\/\\\/hierostrasbourg.com\\\/#organization\"},\"potentialAction\":[{\"@type\":\"SearchAction\",\"target\":{\"@type\":\"EntryPoint\",\"urlTemplate\":\"https:\\\/\\\/hierostrasbourg.com\\\/?s={search_term_string}\"},\"query-input\":{\"@type\":\"PropertyValueSpecification\",\"valueRequired\":true,\"valueName\":\"search_term_string\"}}],\"inLanguage\":\"fr-FR\"},{\"@type\":\"Organization\",\"@id\":\"https:\\\/\\\/hierostrasbourg.com\\\/#organization\",\"name\":\"F\u00e9d\u00e9ration Hi\u00e9ro Strasbourg\",\"url\":\"https:\\\/\\\/hierostrasbourg.com\\\/\",\"logo\":{\"@type\":\"ImageObject\",\"inLanguage\":\"fr-FR\",\"@id\":\"https:\\\/\\\/hierostrasbourg.com\\\/#\\\/schema\\\/logo\\\/image\\\/\",\"url\":\"https:\\\/\\\/hierostrasbourg.com\\\/wp-content\\\/uploads\\\/2026\\\/04\\\/logo-hiero-strasbourg.jpg\",\"contentUrl\":\"https:\\\/\\\/hierostrasbourg.com\\\/wp-content\\\/uploads\\\/2026\\\/04\\\/logo-hiero-strasbourg.jpg\",\"width\":204,\"height\":192,\"caption\":\"F\u00e9d\u00e9ration Hi\u00e9ro Strasbourg\"},\"image\":{\"@id\":\"https:\\\/\\\/hierostrasbourg.com\\\/#\\\/schema\\\/logo\\\/image\\\/\"},\"sameAs\":[\"https:\\\/\\\/www.facebook.com\\\/fedehierostrasbourg\",\"https:\\\/\\\/x.com\\\/hierostrasbourg\"]}]}<\/script>\n<!-- \/ Yoast SEO plugin. -->","yoast_head_json":{"title":"LA VILLE DE STRASBOURG recrute un chef du service de l\u2019Action culturelle [F\/H] - HIERO STRASBOURG","robots":{"index":"index","follow":"follow","max-snippet":"max-snippet:-1","max-image-preview":"max-image-preview:large","max-video-preview":"max-video-preview:-1"},"canonical":"https:\/\/hierostrasbourg.com\/index.php\/2021\/12\/29\/la-ville-de-strasbourg-recrute-un-chef-du-service-de-laction-culturelle-f-h\/","og_locale":"fr_FR","og_type":"article","og_title":"LA VILLE DE STRASBOURG recrute un chef du service de l\u2019Action culturelle [F\/H] - HIERO STRASBOURG","og_description":"Administration mutualis\u00e9e de plus de 7000 agents-es et 250 m\u00e9tiers, l\u2019Eurom\u00e9tropole de Strasbourg d\u00e9veloppe des politiques publiques innovantes, visant \u00e0 r\u00e9pondre aux enjeux de d\u00e9veloppement et de coh\u00e9sion d\u2019un territoire transfrontalier en pleine mutation et aux attentes profond\u00e9ment renouvel\u00e9es des habitants-es. La Ville et l\u2019Eurom\u00e9tropole d\u00e9veloppent une politique culturelle ambitieuse au service d\u2019un projet visant \u00e0 r\u00e9pondre aux enjeux de transformation sociale et soci\u00e9tale actuels et aux d\u00e9fis de justice sociale, de d\u00e9mocratie et de transition \u00e9cologique du territoire. La [&hellip;]","og_url":"https:\/\/hierostrasbourg.com\/index.php\/2021\/12\/29\/la-ville-de-strasbourg-recrute-un-chef-du-service-de-laction-culturelle-f-h\/","og_site_name":"HIERO STRASBOURG","article_publisher":"https:\/\/www.facebook.com\/fedehierostrasbourg","article_published_time":"2021-12-29T11:23:40+00:00","twitter_card":"summary_large_image","twitter_creator":"@hierostrasbourg","twitter_site":"@hierostrasbourg","twitter_misc":{"Dur\u00e9e de lecture estim\u00e9e":"7 minutes"},"schema":{"@context":"https:\/\/schema.org","@graph":[{"@type":"Article","@id":"https:\/\/hierostrasbourg.com\/index.php\/2021\/12\/29\/la-ville-de-strasbourg-recrute-un-chef-du-service-de-laction-culturelle-f-h\/#article","isPartOf":{"@id":"https:\/\/hierostrasbourg.com\/index.php\/2021\/12\/29\/la-ville-de-strasbourg-recrute-un-chef-du-service-de-laction-culturelle-f-h\/"},"author":{"name":"","@id":""},"headline":"LA VILLE DE STRASBOURG recrute un chef du service de l\u2019Action culturelle [F\/H]","datePublished":"2021-12-29T11:23:40+00:00","mainEntityOfPage":{"@id":"https:\/\/hierostrasbourg.com\/index.php\/2021\/12\/29\/la-ville-de-strasbourg-recrute-un-chef-du-service-de-laction-culturelle-f-h\/"},"wordCount":1416,"publisher":{"@id":"https:\/\/hierostrasbourg.com\/#organization"},"inLanguage":"fr-FR"},{"@type":"WebPage","@id":"https:\/\/hierostrasbourg.com\/index.php\/2021\/12\/29\/la-ville-de-strasbourg-recrute-un-chef-du-service-de-laction-culturelle-f-h\/","url":"https:\/\/hierostrasbourg.com\/index.php\/2021\/12\/29\/la-ville-de-strasbourg-recrute-un-chef-du-service-de-laction-culturelle-f-h\/","name":"LA VILLE DE STRASBOURG recrute un chef du service de l\u2019Action culturelle [F\/H] - HIERO STRASBOURG","isPartOf":{"@id":"https:\/\/hierostrasbourg.com\/#website"},"datePublished":"2021-12-29T11:23:40+00:00","breadcrumb":{"@id":"https:\/\/hierostrasbourg.com\/index.php\/2021\/12\/29\/la-ville-de-strasbourg-recrute-un-chef-du-service-de-laction-culturelle-f-h\/#breadcrumb"},"inLanguage":"fr-FR","potentialAction":[{"@type":"ReadAction","target":["https:\/\/hierostrasbourg.com\/index.php\/2021\/12\/29\/la-ville-de-strasbourg-recrute-un-chef-du-service-de-laction-culturelle-f-h\/"]}]},{"@type":"BreadcrumbList","@id":"https:\/\/hierostrasbourg.com\/index.php\/2021\/12\/29\/la-ville-de-strasbourg-recrute-un-chef-du-service-de-laction-culturelle-f-h\/#breadcrumb","itemListElement":[{"@type":"ListItem","position":1,"name":"Accueil","item":"https:\/\/hierostrasbourg.com\/"},{"@type":"ListItem","position":2,"name":"LA VILLE DE STRASBOURG recrute un chef du service de l\u2019Action culturelle [F\/H]"}]},{"@type":"WebSite","@id":"https:\/\/hierostrasbourg.com\/#website","url":"https:\/\/hierostrasbourg.com\/","name":"HIERO STRASBOURG","description":"Centre de Ressources Musiques Actuelles","publisher":{"@id":"https:\/\/hierostrasbourg.com\/#organization"},"potentialAction":[{"@type":"SearchAction","target":{"@type":"EntryPoint","urlTemplate":"https:\/\/hierostrasbourg.com\/?s={search_term_string}"},"query-input":{"@type":"PropertyValueSpecification","valueRequired":true,"valueName":"search_term_string"}}],"inLanguage":"fr-FR"},{"@type":"Organization","@id":"https:\/\/hierostrasbourg.com\/#organization","name":"F\u00e9d\u00e9ration Hi\u00e9ro Strasbourg","url":"https:\/\/hierostrasbourg.com\/","logo":{"@type":"ImageObject","inLanguage":"fr-FR","@id":"https:\/\/hierostrasbourg.com\/#\/schema\/logo\/image\/","url":"https:\/\/hierostrasbourg.com\/wp-content\/uploads\/2026\/04\/logo-hiero-strasbourg.jpg","contentUrl":"https:\/\/hierostrasbourg.com\/wp-content\/uploads\/2026\/04\/logo-hiero-strasbourg.jpg","width":204,"height":192,"caption":"F\u00e9d\u00e9ration Hi\u00e9ro Strasbourg"},"image":{"@id":"https:\/\/hierostrasbourg.com\/#\/schema\/logo\/image\/"},"sameAs":["https:\/\/www.facebook.com\/fedehierostrasbourg","https:\/\/x.com\/hierostrasbourg"]}]}},"_links":{"self":[{"href":"https:\/\/hierostrasbourg.com\/index.php\/wp-json\/wp\/v2\/posts\/1340","targetHints":{"allow":["GET"]}}],"collection":[{"href":"https:\/\/hierostrasbourg.com\/index.php\/wp-json\/wp\/v2\/posts"}],"about":[{"href":"https:\/\/hierostrasbourg.com\/index.php\/wp-json\/wp\/v2\/types\/post"}],"replies":[{"embeddable":true,"href":"https:\/\/hierostrasbourg.com\/index.php\/wp-json\/wp\/v2\/comments?post=1340"}],"version-history":[{"count":0,"href":"https:\/\/hierostrasbourg.com\/index.php\/wp-json\/wp\/v2\/posts\/1340\/revisions"}],"wp:attachment":[{"href":"https:\/\/hierostrasbourg.com\/index.php\/wp-json\/wp\/v2\/media?parent=1340"}],"wp:term":[{"taxonomy":"category","embeddable":true,"href":"https:\/\/hierostrasbourg.com\/index.php\/wp-json\/wp\/v2\/categories?post=1340"},{"taxonomy":"post_tag","embeddable":true,"href":"https:\/\/hierostrasbourg.com\/index.php\/wp-json\/wp\/v2\/tags?post=1340"}],"curies":[{"name":"wp","href":"https:\/\/api.w.org\/{rel}","templated":true}]}}