{"id":1308,"date":"2021-12-22T19:21:59","date_gmt":"2021-12-22T18:21:59","guid":{"rendered":"https:\/\/hierostrasbourg.com\/index.php\/2021\/12\/22\/covid-la-culture-forcee-de-faire-relache\/"},"modified":"2021-12-22T19:21:59","modified_gmt":"2021-12-22T18:21:59","slug":"covid-la-culture-forcee-de-faire-relache","status":"publish","type":"post","link":"https:\/\/hierostrasbourg.com\/index.php\/2021\/12\/22\/covid-la-culture-forcee-de-faire-relache\/","title":{"rendered":"Covid : la culture forc\u00e9e de faire rel\u00e2che"},"content":{"rendered":"<p><em>Du Danemark \u00e0 l\u2019Angleterre en passant par la France, les annulations de mobilisations culturelles se multiplient. De nombreux mus\u00e9es sont ferm\u00e9s et des spectacles report\u00e9s, pour prot\u00e9ger le public ou faute d\u2019artistes et de personnel.<\/em><\/p>\n<p>Source \/ Lire la suite : <a href=\"https:\/\/www.liberation.fr\/culture\/covid-la-culture-forcee-de-faire-relache-20211222_X6EYQZIUSZFZVCZPPFTTQEP6P4\/\">Covid : la culture forc\u00e9e de faire rel\u00e2che<\/a><\/p>\n<p>L\u2019article <a href=\"https:\/\/popburo.fr\/covid-la-culture-forcee-de-faire-relache\/\">Covid : la culture forc\u00e9e de faire rel\u00e2che<\/a> est apparu en premier sur <a href=\"https:\/\/popburo.fr\/\">POP B\u00dcRO<\/a>.<\/p>\n","protected":false},"excerpt":{"rendered":"<p>Du Danemark \u00e0 l\u2019Angleterre en passant par la France, les annulations de mobilisations culturelles se multiplient. De nombreux mus\u00e9es sont ferm\u00e9s et des spectacles report\u00e9s, pour prot\u00e9ger le public ou faute d\u2019artistes et de personnel. Source \/ Lire la suite : Covid : la culture forc\u00e9e de faire rel\u00e2che L\u2019article Covid : la culture forc\u00e9e de faire rel\u00e2che est apparu en premier sur POP B\u00dcRO.<\/p>\n","protected":false},"author":0,"featured_media":0,"comment_status":"closed","ping_status":"open","sticky":false,"template":"","format":"standard","meta":{"footnotes":""},"categories":[1],"tags":[],"class_list":["post-1308","post","type-post","status-publish","format-standard","hentry","category-non-classe"],"yoast_head":"<!-- This site is optimized with the Yoast SEO plugin v27.5 - https:\/\/yoast.com\/product\/yoast-seo-wordpress\/ -->\n<title>Covid : la culture forc\u00e9e de faire rel\u00e2che - HIERO STRASBOURG<\/title>\n<meta name=\"robots\" content=\"index, follow, max-snippet:-1, max-image-preview:large, max-video-preview:-1\" \/>\n<link rel=\"canonical\" href=\"https:\/\/hierostrasbourg.com\/index.php\/2021\/12\/22\/covid-la-culture-forcee-de-faire-relache\/\" \/>\n<meta property=\"og:locale\" content=\"fr_FR\" \/>\n<meta property=\"og:type\" content=\"article\" \/>\n<meta property=\"og:title\" content=\"Covid : la culture forc\u00e9e de faire rel\u00e2che - HIERO STRASBOURG\" \/>\n<meta property=\"og:description\" content=\"Du Danemark \u00e0 l\u2019Angleterre en passant par la France, les annulations de mobilisations culturelles se multiplient. De nombreux mus\u00e9es sont ferm\u00e9s et des spectacles report\u00e9s, pour prot\u00e9ger le public ou faute d\u2019artistes et de personnel. Source \/ Lire la suite : Covid : la culture forc\u00e9e de faire rel\u00e2che L\u2019article Covid : la culture forc\u00e9e de faire rel\u00e2che est apparu en premier sur POP B\u00dcRO.\" \/>\n<meta property=\"og:url\" content=\"https:\/\/hierostrasbourg.com\/index.php\/2021\/12\/22\/covid-la-culture-forcee-de-faire-relache\/\" \/>\n<meta property=\"og:site_name\" content=\"HIERO STRASBOURG\" \/>\n<meta property=\"article:publisher\" content=\"https:\/\/www.facebook.com\/fedehierostrasbourg\" \/>\n<meta property=\"article:published_time\" content=\"2021-12-22T18:21:59+00:00\" \/>\n<meta name=\"twitter:card\" content=\"summary_large_image\" \/>\n<meta name=\"twitter:creator\" content=\"@hierostrasbourg\" \/>\n<meta name=\"twitter:site\" content=\"@hierostrasbourg\" \/>\n<script type=\"application\/ld+json\" class=\"yoast-schema-graph\">{\"@context\":\"https:\\\/\\\/schema.org\",\"@graph\":[{\"@type\":\"Article\",\"@id\":\"https:\\\/\\\/hierostrasbourg.com\\\/index.php\\\/2021\\\/12\\\/22\\\/covid-la-culture-forcee-de-faire-relache\\\/#article\",\"isPartOf\":{\"@id\":\"https:\\\/\\\/hierostrasbourg.com\\\/index.php\\\/2021\\\/12\\\/22\\\/covid-la-culture-forcee-de-faire-relache\\\/\"},\"author\":{\"name\":\"\",\"@id\":\"\"},\"headline\":\"Covid : la culture forc\u00e9e de faire rel\u00e2che\",\"datePublished\":\"2021-12-22T18:21:59+00:00\",\"mainEntityOfPage\":{\"@id\":\"https:\\\/\\\/hierostrasbourg.com\\\/index.php\\\/2021\\\/12\\\/22\\\/covid-la-culture-forcee-de-faire-relache\\\/\"},\"wordCount\":81,\"publisher\":{\"@id\":\"https:\\\/\\\/hierostrasbourg.com\\\/#organization\"},\"inLanguage\":\"fr-FR\"},{\"@type\":\"WebPage\",\"@id\":\"https:\\\/\\\/hierostrasbourg.com\\\/index.php\\\/2021\\\/12\\\/22\\\/covid-la-culture-forcee-de-faire-relache\\\/\",\"url\":\"https:\\\/\\\/hierostrasbourg.com\\\/index.php\\\/2021\\\/12\\\/22\\\/covid-la-culture-forcee-de-faire-relache\\\/\",\"name\":\"Covid : la culture forc\u00e9e de faire rel\u00e2che - HIERO STRASBOURG\",\"isPartOf\":{\"@id\":\"https:\\\/\\\/hierostrasbourg.com\\\/#website\"},\"datePublished\":\"2021-12-22T18:21:59+00:00\",\"breadcrumb\":{\"@id\":\"https:\\\/\\\/hierostrasbourg.com\\\/index.php\\\/2021\\\/12\\\/22\\\/covid-la-culture-forcee-de-faire-relache\\\/#breadcrumb\"},\"inLanguage\":\"fr-FR\",\"potentialAction\":[{\"@type\":\"ReadAction\",\"target\":[\"https:\\\/\\\/hierostrasbourg.com\\\/index.php\\\/2021\\\/12\\\/22\\\/covid-la-culture-forcee-de-faire-relache\\\/\"]}]},{\"@type\":\"BreadcrumbList\",\"@id\":\"https:\\\/\\\/hierostrasbourg.com\\\/index.php\\\/2021\\\/12\\\/22\\\/covid-la-culture-forcee-de-faire-relache\\\/#breadcrumb\",\"itemListElement\":[{\"@type\":\"ListItem\",\"position\":1,\"name\":\"Accueil\",\"item\":\"https:\\\/\\\/hierostrasbourg.com\\\/\"},{\"@type\":\"ListItem\",\"position\":2,\"name\":\"Covid : la culture forc\u00e9e de faire rel\u00e2che\"}]},{\"@type\":\"WebSite\",\"@id\":\"https:\\\/\\\/hierostrasbourg.com\\\/#website\",\"url\":\"https:\\\/\\\/hierostrasbourg.com\\\/\",\"name\":\"HIERO STRASBOURG\",\"description\":\"Centre de Ressources Musiques Actuelles\",\"publisher\":{\"@id\":\"https:\\\/\\\/hierostrasbourg.com\\\/#organization\"},\"potentialAction\":[{\"@type\":\"SearchAction\",\"target\":{\"@type\":\"EntryPoint\",\"urlTemplate\":\"https:\\\/\\\/hierostrasbourg.com\\\/?s={search_term_string}\"},\"query-input\":{\"@type\":\"PropertyValueSpecification\",\"valueRequired\":true,\"valueName\":\"search_term_string\"}}],\"inLanguage\":\"fr-FR\"},{\"@type\":\"Organization\",\"@id\":\"https:\\\/\\\/hierostrasbourg.com\\\/#organization\",\"name\":\"F\u00e9d\u00e9ration Hi\u00e9ro Strasbourg\",\"url\":\"https:\\\/\\\/hierostrasbourg.com\\\/\",\"logo\":{\"@type\":\"ImageObject\",\"inLanguage\":\"fr-FR\",\"@id\":\"https:\\\/\\\/hierostrasbourg.com\\\/#\\\/schema\\\/logo\\\/image\\\/\",\"url\":\"https:\\\/\\\/hierostrasbourg.com\\\/wp-content\\\/uploads\\\/2026\\\/04\\\/logo-hiero-strasbourg.jpg\",\"contentUrl\":\"https:\\\/\\\/hierostrasbourg.com\\\/wp-content\\\/uploads\\\/2026\\\/04\\\/logo-hiero-strasbourg.jpg\",\"width\":204,\"height\":192,\"caption\":\"F\u00e9d\u00e9ration Hi\u00e9ro Strasbourg\"},\"image\":{\"@id\":\"https:\\\/\\\/hierostrasbourg.com\\\/#\\\/schema\\\/logo\\\/image\\\/\"},\"sameAs\":[\"https:\\\/\\\/www.facebook.com\\\/fedehierostrasbourg\",\"https:\\\/\\\/x.com\\\/hierostrasbourg\"]}]}<\/script>\n<!-- \/ Yoast SEO plugin. -->","yoast_head_json":{"title":"Covid : la culture forc\u00e9e de faire rel\u00e2che - HIERO STRASBOURG","robots":{"index":"index","follow":"follow","max-snippet":"max-snippet:-1","max-image-preview":"max-image-preview:large","max-video-preview":"max-video-preview:-1"},"canonical":"https:\/\/hierostrasbourg.com\/index.php\/2021\/12\/22\/covid-la-culture-forcee-de-faire-relache\/","og_locale":"fr_FR","og_type":"article","og_title":"Covid : la culture forc\u00e9e de faire rel\u00e2che - HIERO STRASBOURG","og_description":"Du Danemark \u00e0 l\u2019Angleterre en passant par la France, les annulations de mobilisations culturelles se multiplient. De nombreux mus\u00e9es sont ferm\u00e9s et des spectacles report\u00e9s, pour prot\u00e9ger le public ou faute d\u2019artistes et de personnel. Source \/ Lire la suite : Covid : la culture forc\u00e9e de faire rel\u00e2che L\u2019article Covid : la culture forc\u00e9e de faire rel\u00e2che est apparu en premier sur POP B\u00dcRO.","og_url":"https:\/\/hierostrasbourg.com\/index.php\/2021\/12\/22\/covid-la-culture-forcee-de-faire-relache\/","og_site_name":"HIERO STRASBOURG","article_publisher":"https:\/\/www.facebook.com\/fedehierostrasbourg","article_published_time":"2021-12-22T18:21:59+00:00","twitter_card":"summary_large_image","twitter_creator":"@hierostrasbourg","twitter_site":"@hierostrasbourg","schema":{"@context":"https:\/\/schema.org","@graph":[{"@type":"Article","@id":"https:\/\/hierostrasbourg.com\/index.php\/2021\/12\/22\/covid-la-culture-forcee-de-faire-relache\/#article","isPartOf":{"@id":"https:\/\/hierostrasbourg.com\/index.php\/2021\/12\/22\/covid-la-culture-forcee-de-faire-relache\/"},"author":{"name":"","@id":""},"headline":"Covid : la culture forc\u00e9e de faire rel\u00e2che","datePublished":"2021-12-22T18:21:59+00:00","mainEntityOfPage":{"@id":"https:\/\/hierostrasbourg.com\/index.php\/2021\/12\/22\/covid-la-culture-forcee-de-faire-relache\/"},"wordCount":81,"publisher":{"@id":"https:\/\/hierostrasbourg.com\/#organization"},"inLanguage":"fr-FR"},{"@type":"WebPage","@id":"https:\/\/hierostrasbourg.com\/index.php\/2021\/12\/22\/covid-la-culture-forcee-de-faire-relache\/","url":"https:\/\/hierostrasbourg.com\/index.php\/2021\/12\/22\/covid-la-culture-forcee-de-faire-relache\/","name":"Covid : la culture forc\u00e9e de faire rel\u00e2che - HIERO STRASBOURG","isPartOf":{"@id":"https:\/\/hierostrasbourg.com\/#website"},"datePublished":"2021-12-22T18:21:59+00:00","breadcrumb":{"@id":"https:\/\/hierostrasbourg.com\/index.php\/2021\/12\/22\/covid-la-culture-forcee-de-faire-relache\/#breadcrumb"},"inLanguage":"fr-FR","potentialAction":[{"@type":"ReadAction","target":["https:\/\/hierostrasbourg.com\/index.php\/2021\/12\/22\/covid-la-culture-forcee-de-faire-relache\/"]}]},{"@type":"BreadcrumbList","@id":"https:\/\/hierostrasbourg.com\/index.php\/2021\/12\/22\/covid-la-culture-forcee-de-faire-relache\/#breadcrumb","itemListElement":[{"@type":"ListItem","position":1,"name":"Accueil","item":"https:\/\/hierostrasbourg.com\/"},{"@type":"ListItem","position":2,"name":"Covid : la culture forc\u00e9e de faire rel\u00e2che"}]},{"@type":"WebSite","@id":"https:\/\/hierostrasbourg.com\/#website","url":"https:\/\/hierostrasbourg.com\/","name":"HIERO STRASBOURG","description":"Centre de Ressources Musiques Actuelles","publisher":{"@id":"https:\/\/hierostrasbourg.com\/#organization"},"potentialAction":[{"@type":"SearchAction","target":{"@type":"EntryPoint","urlTemplate":"https:\/\/hierostrasbourg.com\/?s={search_term_string}"},"query-input":{"@type":"PropertyValueSpecification","valueRequired":true,"valueName":"search_term_string"}}],"inLanguage":"fr-FR"},{"@type":"Organization","@id":"https:\/\/hierostrasbourg.com\/#organization","name":"F\u00e9d\u00e9ration Hi\u00e9ro Strasbourg","url":"https:\/\/hierostrasbourg.com\/","logo":{"@type":"ImageObject","inLanguage":"fr-FR","@id":"https:\/\/hierostrasbourg.com\/#\/schema\/logo\/image\/","url":"https:\/\/hierostrasbourg.com\/wp-content\/uploads\/2026\/04\/logo-hiero-strasbourg.jpg","contentUrl":"https:\/\/hierostrasbourg.com\/wp-content\/uploads\/2026\/04\/logo-hiero-strasbourg.jpg","width":204,"height":192,"caption":"F\u00e9d\u00e9ration Hi\u00e9ro Strasbourg"},"image":{"@id":"https:\/\/hierostrasbourg.com\/#\/schema\/logo\/image\/"},"sameAs":["https:\/\/www.facebook.com\/fedehierostrasbourg","https:\/\/x.com\/hierostrasbourg"]}]}},"_links":{"self":[{"href":"https:\/\/hierostrasbourg.com\/index.php\/wp-json\/wp\/v2\/posts\/1308","targetHints":{"allow":["GET"]}}],"collection":[{"href":"https:\/\/hierostrasbourg.com\/index.php\/wp-json\/wp\/v2\/posts"}],"about":[{"href":"https:\/\/hierostrasbourg.com\/index.php\/wp-json\/wp\/v2\/types\/post"}],"replies":[{"embeddable":true,"href":"https:\/\/hierostrasbourg.com\/index.php\/wp-json\/wp\/v2\/comments?post=1308"}],"version-history":[{"count":0,"href":"https:\/\/hierostrasbourg.com\/index.php\/wp-json\/wp\/v2\/posts\/1308\/revisions"}],"wp:attachment":[{"href":"https:\/\/hierostrasbourg.com\/index.php\/wp-json\/wp\/v2\/media?parent=1308"}],"wp:term":[{"taxonomy":"category","embeddable":true,"href":"https:\/\/hierostrasbourg.com\/index.php\/wp-json\/wp\/v2\/categories?post=1308"},{"taxonomy":"post_tag","embeddable":true,"href":"https:\/\/hierostrasbourg.com\/index.php\/wp-json\/wp\/v2\/tags?post=1308"}],"curies":[{"name":"wp","href":"https:\/\/api.w.org\/{rel}","templated":true}]}}