{"id":1305,"date":"2021-12-21T10:21:31","date_gmt":"2021-12-21T09:21:31","guid":{"rendered":"https:\/\/hierostrasbourg.com\/index.php\/2021\/12\/21\/le-centre-national-de-la-musique-la-sacem-et-la-sacd-annoncent-la-prolongation-du-fonds-exceptionnel-de-securisation-des-revenus-des-auteurs-et-compositeurs-de-musique-et-de-varietes\/"},"modified":"2021-12-21T10:21:31","modified_gmt":"2021-12-21T09:21:31","slug":"le-centre-national-de-la-musique-la-sacem-et-la-sacd-annoncent-la-prolongation-du-fonds-exceptionnel-de-securisation-des-revenus-des-auteurs-et-compositeurs-de-musique-et-de-varietes","status":"publish","type":"post","link":"https:\/\/hierostrasbourg.com\/index.php\/2021\/12\/21\/le-centre-national-de-la-musique-la-sacem-et-la-sacd-annoncent-la-prolongation-du-fonds-exceptionnel-de-securisation-des-revenus-des-auteurs-et-compositeurs-de-musique-et-de-varietes\/","title":{"rendered":"Le Centre national de la musique, la Sacem et la SACD annoncent la prolongation du Fonds exceptionnel de s\u00e9curisation des revenus des auteurs et compositeurs de musique et de vari\u00e9t\u00e9s"},"content":{"rendered":"<p><span>communiqu\u00e9<\/span><\/p>\n<div><em>Lanc\u00e9 en juillet 2021 par le CNM en partenariat avec la Sacem et la SACD, le Fonds exceptionnel de s\u00e9curisation des revenus des auteurs et compositeurs de musique et de vari\u00e9t\u00e9s est prolong\u00e9 jusqu\u2019\u00e0 la fin de l\u2019ann\u00e9e 2021 et r\u00e9abond\u00e9 \u00e0 hauteur de 10 millions d\u2019euros.<\/em><br \/><em>Dot\u00e9 initialement de 10 millions d\u2019euros pour le 1er semestre 2021, le Fonds exceptionnel de s\u00e9curisation des revenus visait \u00e0 garantir aux auteurs et compositeurs sur la p\u00e9riode un revenu minimum issu de la gestion collective \u00e9quivalant \u00e0 60 %* de celui qu\u2019ils avaient per\u00e7u, en moyenne, au cours des 3 ann\u00e9es pr\u00e9c\u00e9dant la crise.<\/em><br \/><em>Face \u00e0 l\u2019effondrement de la collecte des droits constat\u00e9s depuis le d\u00e9but de la crise sanitaire qui s\u2019est poursuivi tout au long de l\u2019ann\u00e9e 2021,ce dispositif est prolong\u00e9 pour le 2e semestre 2021 et dot\u00e9 d\u2019une nouvelle enveloppe de 10 millions d\u2019euros pour cette deuxi\u00e8me partie de l\u2019ann\u00e9e.<\/em><br \/><em>Les crit\u00e8res d\u2019attribution restent inchang\u00e9s. Sont \u00e9ligibles tous les auteurs et compositeurs de musique et de vari\u00e9t\u00e9s, d\u00e8s lors qu\u2019ils ont b\u00e9n\u00e9fici\u00e9 d\u2019un montant annuel moyen de droits issus de la gestion collective de 3 000 \u20ac au cours des trois exercices pr\u00e9c\u00e9dant la crise.<\/em><br \/><em>Ce \u00ab filet de s\u00e9curit\u00e9 \u00bb est int\u00e9gralement financ\u00e9 par le CNM et op\u00e9r\u00e9 par la Sacem et la SACD, chacune pour leurs auteurs membres. La reconduction de ce \u00ab filet de s\u00e9curit\u00e9 \u00bb d\u00e9montre l\u2019engagement de l\u2019\u00e9tablissement au soutien des auteurs et des compositeurs, et du partenariat qui le lie aux organismes de gestion collective.<\/em><\/div>\n<p><em>* montant plafonn\u00e9 \u00e0 9000\u20ac par semestre<\/em><\/p>\n<p><em>Plus d\u2019informations sur l\u2019acc\u00e8s au fonds :<\/em><\/p>\n<p><em>sur le site de la Sacem\u00a0<a href=\"https:\/\/societe.sacem.fr\/actualites\/notre-societe\/mise-en-place-dun-fonds-de-securisation-eligibilite-des-autrices-auteurs-compositrices-et\">en cliquant ici\u00a0<\/a><\/em><br \/>\n<em>sur le site de la SACD\u00a0<a href=\"https:\/\/www.sacd.fr\/fonds-de-securisation-cnm-sacd-sketchs-one-man-show-composition\">en cliquant ici<\/a><\/em><\/p>\n<p><em>Source \/ Lire la suite : <a href=\"https:\/\/presse.sacem.fr\/le-centre-national-de-la-musique-la-sacem-et-la-sacd-annoncent-la-prolongation-du-fonds-exceptionnel-de-securisation-des-revenus-des-auteurs-et-compositeurs-de-musique-et-de-varietes\/?lang=fr\">Le Centre national de la musique, la Sacem et la SACD annoncent la prolongation du Fonds exceptionnel de s\u00e9curisation des revenus des auteurs et compositeurs de musique et de vari\u00e9t\u00e9s<\/a><\/em><\/p>\n<p>L\u2019article <a href=\"https:\/\/popburo.fr\/le-centre-national-de-la-musique-la-sacem-et-la-sacd-annoncent-la-prolongation-du-fonds-exceptionnel-de-securisation-des-revenus-des-auteurs-et-compositeurs-de-musique-et-de-varietes\/\">Le Centre national de la musique, la Sacem et la SACD annoncent la prolongation du Fonds exceptionnel de s\u00e9curisation des revenus des auteurs et compositeurs de musique et de vari\u00e9t\u00e9s<\/a> est apparu en premier sur <a href=\"https:\/\/popburo.fr\/\">POP B\u00dcRO<\/a>.<\/p>\n","protected":false},"excerpt":{"rendered":"<p>communiqu\u00e9 Lanc\u00e9 en juillet 2021 par le CNM en partenariat avec la Sacem et la SACD, le Fonds exceptionnel de s\u00e9curisation des revenus des auteurs et compositeurs de musique et de vari\u00e9t\u00e9s est prolong\u00e9 jusqu\u2019\u00e0 la fin de l\u2019ann\u00e9e 2021 et r\u00e9abond\u00e9 \u00e0 hauteur de 10 millions d\u2019euros.Dot\u00e9 initialement de 10 millions d\u2019euros pour le 1er semestre 2021, le Fonds exceptionnel de s\u00e9curisation des revenus visait \u00e0 garantir aux auteurs et compositeurs sur la p\u00e9riode un revenu minimum issu de [&hellip;]<\/p>\n","protected":false},"author":0,"featured_media":0,"comment_status":"closed","ping_status":"open","sticky":false,"template":"","format":"standard","meta":{"footnotes":""},"categories":[1],"tags":[],"class_list":["post-1305","post","type-post","status-publish","format-standard","hentry","category-non-classe"],"yoast_head":"<!-- This site is optimized with the Yoast SEO plugin v27.5 - https:\/\/yoast.com\/product\/yoast-seo-wordpress\/ -->\n<title>Le Centre national de la musique, la Sacem et la SACD annoncent la prolongation du Fonds exceptionnel de s\u00e9curisation des revenus des auteurs et compositeurs de musique et de vari\u00e9t\u00e9s - HIERO STRASBOURG<\/title>\n<meta name=\"robots\" content=\"index, follow, max-snippet:-1, max-image-preview:large, max-video-preview:-1\" \/>\n<link rel=\"canonical\" href=\"https:\/\/hierostrasbourg.com\/index.php\/2021\/12\/21\/le-centre-national-de-la-musique-la-sacem-et-la-sacd-annoncent-la-prolongation-du-fonds-exceptionnel-de-securisation-des-revenus-des-auteurs-et-compositeurs-de-musique-et-de-varietes\/\" \/>\n<meta property=\"og:locale\" content=\"fr_FR\" \/>\n<meta property=\"og:type\" content=\"article\" \/>\n<meta property=\"og:title\" content=\"Le Centre national de la musique, la Sacem et la SACD annoncent la prolongation du Fonds exceptionnel de s\u00e9curisation des revenus des auteurs et compositeurs de musique et de vari\u00e9t\u00e9s - HIERO STRASBOURG\" \/>\n<meta property=\"og:description\" content=\"communiqu\u00e9 Lanc\u00e9 en juillet 2021 par le CNM en partenariat avec la Sacem et la SACD, le Fonds exceptionnel de s\u00e9curisation des revenus des auteurs et compositeurs de musique et de vari\u00e9t\u00e9s est prolong\u00e9 jusqu\u2019\u00e0 la fin de l\u2019ann\u00e9e 2021 et r\u00e9abond\u00e9 \u00e0 hauteur de 10 millions d\u2019euros.Dot\u00e9 initialement de 10 millions d\u2019euros pour le 1er semestre 2021, le Fonds exceptionnel de s\u00e9curisation des revenus visait \u00e0 garantir aux auteurs et compositeurs sur la p\u00e9riode un revenu minimum issu de [&hellip;]\" \/>\n<meta property=\"og:url\" content=\"https:\/\/hierostrasbourg.com\/index.php\/2021\/12\/21\/le-centre-national-de-la-musique-la-sacem-et-la-sacd-annoncent-la-prolongation-du-fonds-exceptionnel-de-securisation-des-revenus-des-auteurs-et-compositeurs-de-musique-et-de-varietes\/\" \/>\n<meta property=\"og:site_name\" content=\"HIERO STRASBOURG\" \/>\n<meta property=\"article:publisher\" content=\"https:\/\/www.facebook.com\/fedehierostrasbourg\" \/>\n<meta property=\"article:published_time\" content=\"2021-12-21T09:21:31+00:00\" \/>\n<meta name=\"twitter:card\" content=\"summary_large_image\" \/>\n<meta name=\"twitter:creator\" content=\"@hierostrasbourg\" \/>\n<meta name=\"twitter:site\" content=\"@hierostrasbourg\" \/>\n<meta name=\"twitter:label1\" content=\"Dur\u00e9e de lecture estim\u00e9e\" \/>\n\t<meta name=\"twitter:data1\" content=\"2 minutes\" \/>\n<script type=\"application\/ld+json\" class=\"yoast-schema-graph\">{\"@context\":\"https:\\\/\\\/schema.org\",\"@graph\":[{\"@type\":\"Article\",\"@id\":\"https:\\\/\\\/hierostrasbourg.com\\\/index.php\\\/2021\\\/12\\\/21\\\/le-centre-national-de-la-musique-la-sacem-et-la-sacd-annoncent-la-prolongation-du-fonds-exceptionnel-de-securisation-des-revenus-des-auteurs-et-compositeurs-de-musique-et-de-varietes\\\/#article\",\"isPartOf\":{\"@id\":\"https:\\\/\\\/hierostrasbourg.com\\\/index.php\\\/2021\\\/12\\\/21\\\/le-centre-national-de-la-musique-la-sacem-et-la-sacd-annoncent-la-prolongation-du-fonds-exceptionnel-de-securisation-des-revenus-des-auteurs-et-compositeurs-de-musique-et-de-varietes\\\/\"},\"author\":{\"name\":\"\",\"@id\":\"\"},\"headline\":\"Le Centre national de la musique, la Sacem et la SACD annoncent la prolongation du Fonds exceptionnel de s\u00e9curisation des revenus des auteurs et compositeurs de musique et de vari\u00e9t\u00e9s\",\"datePublished\":\"2021-12-21T09:21:31+00:00\",\"mainEntityOfPage\":{\"@id\":\"https:\\\/\\\/hierostrasbourg.com\\\/index.php\\\/2021\\\/12\\\/21\\\/le-centre-national-de-la-musique-la-sacem-et-la-sacd-annoncent-la-prolongation-du-fonds-exceptionnel-de-securisation-des-revenus-des-auteurs-et-compositeurs-de-musique-et-de-varietes\\\/\"},\"wordCount\":420,\"publisher\":{\"@id\":\"https:\\\/\\\/hierostrasbourg.com\\\/#organization\"},\"inLanguage\":\"fr-FR\"},{\"@type\":\"WebPage\",\"@id\":\"https:\\\/\\\/hierostrasbourg.com\\\/index.php\\\/2021\\\/12\\\/21\\\/le-centre-national-de-la-musique-la-sacem-et-la-sacd-annoncent-la-prolongation-du-fonds-exceptionnel-de-securisation-des-revenus-des-auteurs-et-compositeurs-de-musique-et-de-varietes\\\/\",\"url\":\"https:\\\/\\\/hierostrasbourg.com\\\/index.php\\\/2021\\\/12\\\/21\\\/le-centre-national-de-la-musique-la-sacem-et-la-sacd-annoncent-la-prolongation-du-fonds-exceptionnel-de-securisation-des-revenus-des-auteurs-et-compositeurs-de-musique-et-de-varietes\\\/\",\"name\":\"Le Centre national de la musique, la Sacem et la SACD annoncent la prolongation du Fonds exceptionnel de s\u00e9curisation des revenus des auteurs et compositeurs de musique et de vari\u00e9t\u00e9s - HIERO STRASBOURG\",\"isPartOf\":{\"@id\":\"https:\\\/\\\/hierostrasbourg.com\\\/#website\"},\"datePublished\":\"2021-12-21T09:21:31+00:00\",\"breadcrumb\":{\"@id\":\"https:\\\/\\\/hierostrasbourg.com\\\/index.php\\\/2021\\\/12\\\/21\\\/le-centre-national-de-la-musique-la-sacem-et-la-sacd-annoncent-la-prolongation-du-fonds-exceptionnel-de-securisation-des-revenus-des-auteurs-et-compositeurs-de-musique-et-de-varietes\\\/#breadcrumb\"},\"inLanguage\":\"fr-FR\",\"potentialAction\":[{\"@type\":\"ReadAction\",\"target\":[\"https:\\\/\\\/hierostrasbourg.com\\\/index.php\\\/2021\\\/12\\\/21\\\/le-centre-national-de-la-musique-la-sacem-et-la-sacd-annoncent-la-prolongation-du-fonds-exceptionnel-de-securisation-des-revenus-des-auteurs-et-compositeurs-de-musique-et-de-varietes\\\/\"]}]},{\"@type\":\"BreadcrumbList\",\"@id\":\"https:\\\/\\\/hierostrasbourg.com\\\/index.php\\\/2021\\\/12\\\/21\\\/le-centre-national-de-la-musique-la-sacem-et-la-sacd-annoncent-la-prolongation-du-fonds-exceptionnel-de-securisation-des-revenus-des-auteurs-et-compositeurs-de-musique-et-de-varietes\\\/#breadcrumb\",\"itemListElement\":[{\"@type\":\"ListItem\",\"position\":1,\"name\":\"Accueil\",\"item\":\"https:\\\/\\\/hierostrasbourg.com\\\/\"},{\"@type\":\"ListItem\",\"position\":2,\"name\":\"Le Centre national de la musique, la Sacem et la SACD annoncent la prolongation du Fonds exceptionnel de s\u00e9curisation des revenus des auteurs et compositeurs de musique et de vari\u00e9t\u00e9s\"}]},{\"@type\":\"WebSite\",\"@id\":\"https:\\\/\\\/hierostrasbourg.com\\\/#website\",\"url\":\"https:\\\/\\\/hierostrasbourg.com\\\/\",\"name\":\"HIERO STRASBOURG\",\"description\":\"Centre de Ressources Musiques Actuelles\",\"publisher\":{\"@id\":\"https:\\\/\\\/hierostrasbourg.com\\\/#organization\"},\"potentialAction\":[{\"@type\":\"SearchAction\",\"target\":{\"@type\":\"EntryPoint\",\"urlTemplate\":\"https:\\\/\\\/hierostrasbourg.com\\\/?s={search_term_string}\"},\"query-input\":{\"@type\":\"PropertyValueSpecification\",\"valueRequired\":true,\"valueName\":\"search_term_string\"}}],\"inLanguage\":\"fr-FR\"},{\"@type\":\"Organization\",\"@id\":\"https:\\\/\\\/hierostrasbourg.com\\\/#organization\",\"name\":\"F\u00e9d\u00e9ration Hi\u00e9ro Strasbourg\",\"url\":\"https:\\\/\\\/hierostrasbourg.com\\\/\",\"logo\":{\"@type\":\"ImageObject\",\"inLanguage\":\"fr-FR\",\"@id\":\"https:\\\/\\\/hierostrasbourg.com\\\/#\\\/schema\\\/logo\\\/image\\\/\",\"url\":\"https:\\\/\\\/hierostrasbourg.com\\\/wp-content\\\/uploads\\\/2026\\\/04\\\/logo-hiero-strasbourg.jpg\",\"contentUrl\":\"https:\\\/\\\/hierostrasbourg.com\\\/wp-content\\\/uploads\\\/2026\\\/04\\\/logo-hiero-strasbourg.jpg\",\"width\":204,\"height\":192,\"caption\":\"F\u00e9d\u00e9ration Hi\u00e9ro Strasbourg\"},\"image\":{\"@id\":\"https:\\\/\\\/hierostrasbourg.com\\\/#\\\/schema\\\/logo\\\/image\\\/\"},\"sameAs\":[\"https:\\\/\\\/www.facebook.com\\\/fedehierostrasbourg\",\"https:\\\/\\\/x.com\\\/hierostrasbourg\"]}]}<\/script>\n<!-- \/ Yoast SEO plugin. -->","yoast_head_json":{"title":"Le Centre national de la musique, la Sacem et la SACD annoncent la prolongation du Fonds exceptionnel de s\u00e9curisation des revenus des auteurs et compositeurs de musique et de vari\u00e9t\u00e9s - HIERO STRASBOURG","robots":{"index":"index","follow":"follow","max-snippet":"max-snippet:-1","max-image-preview":"max-image-preview:large","max-video-preview":"max-video-preview:-1"},"canonical":"https:\/\/hierostrasbourg.com\/index.php\/2021\/12\/21\/le-centre-national-de-la-musique-la-sacem-et-la-sacd-annoncent-la-prolongation-du-fonds-exceptionnel-de-securisation-des-revenus-des-auteurs-et-compositeurs-de-musique-et-de-varietes\/","og_locale":"fr_FR","og_type":"article","og_title":"Le Centre national de la musique, la Sacem et la SACD annoncent la prolongation du Fonds exceptionnel de s\u00e9curisation des revenus des auteurs et compositeurs de musique et de vari\u00e9t\u00e9s - HIERO STRASBOURG","og_description":"communiqu\u00e9 Lanc\u00e9 en juillet 2021 par le CNM en partenariat avec la Sacem et la SACD, le Fonds exceptionnel de s\u00e9curisation des revenus des auteurs et compositeurs de musique et de vari\u00e9t\u00e9s est prolong\u00e9 jusqu\u2019\u00e0 la fin de l\u2019ann\u00e9e 2021 et r\u00e9abond\u00e9 \u00e0 hauteur de 10 millions d\u2019euros.Dot\u00e9 initialement de 10 millions d\u2019euros pour le 1er semestre 2021, le Fonds exceptionnel de s\u00e9curisation des revenus visait \u00e0 garantir aux auteurs et compositeurs sur la p\u00e9riode un revenu minimum issu de [&hellip;]","og_url":"https:\/\/hierostrasbourg.com\/index.php\/2021\/12\/21\/le-centre-national-de-la-musique-la-sacem-et-la-sacd-annoncent-la-prolongation-du-fonds-exceptionnel-de-securisation-des-revenus-des-auteurs-et-compositeurs-de-musique-et-de-varietes\/","og_site_name":"HIERO STRASBOURG","article_publisher":"https:\/\/www.facebook.com\/fedehierostrasbourg","article_published_time":"2021-12-21T09:21:31+00:00","twitter_card":"summary_large_image","twitter_creator":"@hierostrasbourg","twitter_site":"@hierostrasbourg","twitter_misc":{"Dur\u00e9e de lecture estim\u00e9e":"2 minutes"},"schema":{"@context":"https:\/\/schema.org","@graph":[{"@type":"Article","@id":"https:\/\/hierostrasbourg.com\/index.php\/2021\/12\/21\/le-centre-national-de-la-musique-la-sacem-et-la-sacd-annoncent-la-prolongation-du-fonds-exceptionnel-de-securisation-des-revenus-des-auteurs-et-compositeurs-de-musique-et-de-varietes\/#article","isPartOf":{"@id":"https:\/\/hierostrasbourg.com\/index.php\/2021\/12\/21\/le-centre-national-de-la-musique-la-sacem-et-la-sacd-annoncent-la-prolongation-du-fonds-exceptionnel-de-securisation-des-revenus-des-auteurs-et-compositeurs-de-musique-et-de-varietes\/"},"author":{"name":"","@id":""},"headline":"Le Centre national de la musique, la Sacem et la SACD annoncent la prolongation du Fonds exceptionnel de s\u00e9curisation des revenus des auteurs et compositeurs de musique et de vari\u00e9t\u00e9s","datePublished":"2021-12-21T09:21:31+00:00","mainEntityOfPage":{"@id":"https:\/\/hierostrasbourg.com\/index.php\/2021\/12\/21\/le-centre-national-de-la-musique-la-sacem-et-la-sacd-annoncent-la-prolongation-du-fonds-exceptionnel-de-securisation-des-revenus-des-auteurs-et-compositeurs-de-musique-et-de-varietes\/"},"wordCount":420,"publisher":{"@id":"https:\/\/hierostrasbourg.com\/#organization"},"inLanguage":"fr-FR"},{"@type":"WebPage","@id":"https:\/\/hierostrasbourg.com\/index.php\/2021\/12\/21\/le-centre-national-de-la-musique-la-sacem-et-la-sacd-annoncent-la-prolongation-du-fonds-exceptionnel-de-securisation-des-revenus-des-auteurs-et-compositeurs-de-musique-et-de-varietes\/","url":"https:\/\/hierostrasbourg.com\/index.php\/2021\/12\/21\/le-centre-national-de-la-musique-la-sacem-et-la-sacd-annoncent-la-prolongation-du-fonds-exceptionnel-de-securisation-des-revenus-des-auteurs-et-compositeurs-de-musique-et-de-varietes\/","name":"Le Centre national de la musique, la Sacem et la SACD annoncent la prolongation du Fonds exceptionnel de s\u00e9curisation des revenus des auteurs et compositeurs de musique et de vari\u00e9t\u00e9s - HIERO STRASBOURG","isPartOf":{"@id":"https:\/\/hierostrasbourg.com\/#website"},"datePublished":"2021-12-21T09:21:31+00:00","breadcrumb":{"@id":"https:\/\/hierostrasbourg.com\/index.php\/2021\/12\/21\/le-centre-national-de-la-musique-la-sacem-et-la-sacd-annoncent-la-prolongation-du-fonds-exceptionnel-de-securisation-des-revenus-des-auteurs-et-compositeurs-de-musique-et-de-varietes\/#breadcrumb"},"inLanguage":"fr-FR","potentialAction":[{"@type":"ReadAction","target":["https:\/\/hierostrasbourg.com\/index.php\/2021\/12\/21\/le-centre-national-de-la-musique-la-sacem-et-la-sacd-annoncent-la-prolongation-du-fonds-exceptionnel-de-securisation-des-revenus-des-auteurs-et-compositeurs-de-musique-et-de-varietes\/"]}]},{"@type":"BreadcrumbList","@id":"https:\/\/hierostrasbourg.com\/index.php\/2021\/12\/21\/le-centre-national-de-la-musique-la-sacem-et-la-sacd-annoncent-la-prolongation-du-fonds-exceptionnel-de-securisation-des-revenus-des-auteurs-et-compositeurs-de-musique-et-de-varietes\/#breadcrumb","itemListElement":[{"@type":"ListItem","position":1,"name":"Accueil","item":"https:\/\/hierostrasbourg.com\/"},{"@type":"ListItem","position":2,"name":"Le Centre national de la musique, la Sacem et la SACD annoncent la prolongation du Fonds exceptionnel de s\u00e9curisation des revenus des auteurs et compositeurs de musique et de vari\u00e9t\u00e9s"}]},{"@type":"WebSite","@id":"https:\/\/hierostrasbourg.com\/#website","url":"https:\/\/hierostrasbourg.com\/","name":"HIERO STRASBOURG","description":"Centre de Ressources Musiques Actuelles","publisher":{"@id":"https:\/\/hierostrasbourg.com\/#organization"},"potentialAction":[{"@type":"SearchAction","target":{"@type":"EntryPoint","urlTemplate":"https:\/\/hierostrasbourg.com\/?s={search_term_string}"},"query-input":{"@type":"PropertyValueSpecification","valueRequired":true,"valueName":"search_term_string"}}],"inLanguage":"fr-FR"},{"@type":"Organization","@id":"https:\/\/hierostrasbourg.com\/#organization","name":"F\u00e9d\u00e9ration Hi\u00e9ro Strasbourg","url":"https:\/\/hierostrasbourg.com\/","logo":{"@type":"ImageObject","inLanguage":"fr-FR","@id":"https:\/\/hierostrasbourg.com\/#\/schema\/logo\/image\/","url":"https:\/\/hierostrasbourg.com\/wp-content\/uploads\/2026\/04\/logo-hiero-strasbourg.jpg","contentUrl":"https:\/\/hierostrasbourg.com\/wp-content\/uploads\/2026\/04\/logo-hiero-strasbourg.jpg","width":204,"height":192,"caption":"F\u00e9d\u00e9ration Hi\u00e9ro Strasbourg"},"image":{"@id":"https:\/\/hierostrasbourg.com\/#\/schema\/logo\/image\/"},"sameAs":["https:\/\/www.facebook.com\/fedehierostrasbourg","https:\/\/x.com\/hierostrasbourg"]}]}},"_links":{"self":[{"href":"https:\/\/hierostrasbourg.com\/index.php\/wp-json\/wp\/v2\/posts\/1305","targetHints":{"allow":["GET"]}}],"collection":[{"href":"https:\/\/hierostrasbourg.com\/index.php\/wp-json\/wp\/v2\/posts"}],"about":[{"href":"https:\/\/hierostrasbourg.com\/index.php\/wp-json\/wp\/v2\/types\/post"}],"replies":[{"embeddable":true,"href":"https:\/\/hierostrasbourg.com\/index.php\/wp-json\/wp\/v2\/comments?post=1305"}],"version-history":[{"count":0,"href":"https:\/\/hierostrasbourg.com\/index.php\/wp-json\/wp\/v2\/posts\/1305\/revisions"}],"wp:attachment":[{"href":"https:\/\/hierostrasbourg.com\/index.php\/wp-json\/wp\/v2\/media?parent=1305"}],"wp:term":[{"taxonomy":"category","embeddable":true,"href":"https:\/\/hierostrasbourg.com\/index.php\/wp-json\/wp\/v2\/categories?post=1305"},{"taxonomy":"post_tag","embeddable":true,"href":"https:\/\/hierostrasbourg.com\/index.php\/wp-json\/wp\/v2\/tags?post=1305"}],"curies":[{"name":"wp","href":"https:\/\/api.w.org\/{rel}","templated":true}]}}