{"id":1303,"date":"2021-12-20T09:23:20","date_gmt":"2021-12-20T08:23:20","guid":{"rendered":"https:\/\/hierostrasbourg.com\/index.php\/2021\/12\/20\/en-2022-les-modalites-dacces-aux-programmes-daides-du-cnm-evoluent\/"},"modified":"2021-12-20T09:23:20","modified_gmt":"2021-12-20T08:23:20","slug":"en-2022-les-modalites-dacces-aux-programmes-daides-du-cnm-evoluent","status":"publish","type":"post","link":"https:\/\/hierostrasbourg.com\/index.php\/2021\/12\/20\/en-2022-les-modalites-dacces-aux-programmes-daides-du-cnm-evoluent\/","title":{"rendered":"En 2022, les modalit\u00e9s d\u2019acc\u00e8s aux programmes d\u2019aides du CNM \u00e9voluent"},"content":{"rendered":"<p><span>communiqu\u00e9<\/span><\/p>\n<p><em>En pr\u00e9vision de la mise en application, d\u00e8s janvier 2022, des mises \u00e0 jour du r\u00e8glement g\u00e9n\u00e9ral des aides du Centre national de la musique, l\u2019\u00e9tablissement informe les professionnels de l\u2019\u00e9volution des modalit\u00e9s d\u2019acc\u00e8s \u00e0 ses programmes d\u2019aides, telles qu\u2019adopt\u00e9es lors du conseil d\u2019administration du 18 octobre 2021.<\/em><\/p>\n<p><em>\u00a0D\u00e8s le 15 janvier 2022, les porteurs de projets (ou leur structure), quelle que soit la nature de leur(s) projet(s), devront \u00eatre AFFILI\u00c9S au CNM pour solliciter une aide financi\u00e8re aupr\u00e8s de l\u2019\u00e9tablissement ou un accompagnement en vue de se d\u00e9velopper \u00e0 l\u2019international.<\/em><\/p>\n<p><em>L\u2019affiliation au CNM est une proc\u00e9dure gratuite en ligne qui consiste \u00e0 renseigner via un formulaire en ligne, chaque ann\u00e9e, \u00e0 date anniversaire, les donn\u00e9es administratives, \u00e9conomiques et sociales relatives au porteur de projets et\/ou \u00e0 sa structure ainsi qu\u2019\u00e0 y joindre les pi\u00e8ces justificatives demand\u00e9es.<\/em><\/p>\n<p><em>Au-del\u00e0 d\u2019un objectif de v\u00e9rification de la situation des porteurs de projets sollicitant une aide financi\u00e8re ou un accompagnement pour leur d\u00e9veloppement \u00e0 l\u2019international, l\u2019affiliation vise \u00e9galement \u00e0 nourrir la mission d\u2019observation de la fili\u00e8re de la musique et des vari\u00e9t\u00e9s confi\u00e9e au CNM par le l\u00e9gislateur, avec pour objectifs :<\/em><\/p>\n<p><em>d\u2019approfondir et partager la connaissance du champ de la musique et des vari\u00e9t\u00e9s\u00a0;<\/em><br \/><em>d\u2019identifier et \u00e9valuer les besoins de la profession ;<\/em><br \/><em>de nourrir les r\u00e9flexions des pouvoirs publics en mati\u00e8re de politique en faveur de la musique et les vari\u00e9t\u00e9s.<\/em><br \/><em>\u00a0Le nouveau formulaire d\u2019affiliation sera disponible \u00e0 partir du 15 janvier 2022 dans l\u2019espace personnel \u201c<a href=\"http:\/\/monespace.cnm.fr\/\">monespace.cnm.fr<\/a>\u201d des porteurs de projets, sur simple clic sur le lien \u201cS\u2019affilier\u201d qui s\u2019affichera dans leur tableau de bord.<\/em><\/p>\n<p><em>NB\u00a0: Il est recommand\u00e9 \u00e0 chaque porteur de projet d\u2019anticiper son affiliation (ou la mise \u00e0 jour de son affiliation) de 20 jours ouvr\u00e9s avant la date limite de d\u00e9p\u00f4t de demande pour l\u2019aide qu\u2019il sollicite. Tout dossier incomplet pourra entra\u00eener un d\u00e9lai de validation de plusieurs semaines.<\/em><\/p>\n<div class=\"ead-preview\">\n<div class=\"ead-document\">\n<div class=\"ead-iframe-wrapper\"><\/div>\n<div class=\"ead-document-loading\">\n<div class=\"ead-loading-wrap\">\n<div class=\"ead-loading-main\">\n<div class=\"ead-loading\">\n\t\t\t\t\t\t\t<span>En cours de chargement\u2026<\/span>\n\t\t\t\t\t\t<\/div>\n<\/p><\/div>\n<div class=\"ead-loading-foot\">\n<div class=\"ead-loading-foot-title\">\n\t\t\t\t\t\t\t<span>Cela prend trop de temps\u00a0?<\/span>\n\t\t\t\t\t\t<\/div>\n<\/p>\n<div class=\"ead-document-btn ead-reload-btn\">\n\t\t\t\t\t\t\t\t Recharger le document\t\t\t\t\t\t\t<\/div>\n<p>\t\t\t\t\t\t\t<span>|<\/span><br \/>\n\t\t\t\t\t\t\t<a href=\"https:\/\/cnm.fr\/wp-content\/uploads\/2021\/10\/RGA_CA-18-octobre-2021.pdf\" class=\"ead-document-btn\"><br \/>\n\t\t\t\t\t\t\t\t Ouvrir dans un nouvel onglet\t\t\t\t\t\t\t<\/a>\n\t\t\t\t\t<\/div>\n<\/p><\/div>\n<\/p><\/div>\n<\/p><\/div>\n<p class=\"embed_download\"><a href=\"https:\/\/cnm.fr\/wp-content\/uploads\/2021\/10\/RGA_CA-18-octobre-2021.pdf\">\ufeffT\u00e9l\u00e9charger [1.10 MB] <\/a><\/p>\n<\/div>\n<p>L\u2019article <a href=\"https:\/\/popburo.fr\/en-2022-les-modalites-dacces-aux-programmes-daides-du-cnm-evoluent\/\">En 2022, les modalit\u00e9s d\u2019acc\u00e8s aux programmes d\u2019aides du CNM \u00e9voluent<\/a> est apparu en premier sur <a href=\"https:\/\/popburo.fr\/\">POP B\u00dcRO<\/a>.<\/p>\n","protected":false},"excerpt":{"rendered":"<p>communiqu\u00e9 En pr\u00e9vision de la mise en application, d\u00e8s janvier 2022, des mises \u00e0 jour du r\u00e8glement g\u00e9n\u00e9ral des aides du Centre national de la musique, l\u2019\u00e9tablissement informe les professionnels de l\u2019\u00e9volution des modalit\u00e9s d\u2019acc\u00e8s \u00e0 ses programmes d\u2019aides, telles qu\u2019adopt\u00e9es lors du conseil d\u2019administration du 18 octobre 2021. \u00a0D\u00e8s le 15 janvier 2022, les porteurs de projets (ou leur structure), quelle que soit la nature de leur(s) projet(s), devront \u00eatre AFFILI\u00c9S au CNM pour solliciter une aide financi\u00e8re aupr\u00e8s [&hellip;]<\/p>\n","protected":false},"author":0,"featured_media":0,"comment_status":"closed","ping_status":"open","sticky":false,"template":"","format":"standard","meta":{"footnotes":""},"categories":[1],"tags":[],"class_list":["post-1303","post","type-post","status-publish","format-standard","hentry","category-non-classe"],"yoast_head":"<!-- This site is optimized with the Yoast SEO plugin v27.5 - https:\/\/yoast.com\/product\/yoast-seo-wordpress\/ -->\n<title>En 2022, les modalit\u00e9s d\u2019acc\u00e8s aux programmes d\u2019aides du CNM \u00e9voluent - HIERO STRASBOURG<\/title>\n<meta name=\"robots\" content=\"index, follow, max-snippet:-1, max-image-preview:large, max-video-preview:-1\" \/>\n<link rel=\"canonical\" href=\"https:\/\/hierostrasbourg.com\/index.php\/2021\/12\/20\/en-2022-les-modalites-dacces-aux-programmes-daides-du-cnm-evoluent\/\" \/>\n<meta property=\"og:locale\" content=\"fr_FR\" \/>\n<meta property=\"og:type\" content=\"article\" \/>\n<meta property=\"og:title\" content=\"En 2022, les modalit\u00e9s d\u2019acc\u00e8s aux programmes d\u2019aides du CNM \u00e9voluent - HIERO STRASBOURG\" \/>\n<meta property=\"og:description\" content=\"communiqu\u00e9 En pr\u00e9vision de la mise en application, d\u00e8s janvier 2022, des mises \u00e0 jour du r\u00e8glement g\u00e9n\u00e9ral des aides du Centre national de la musique, l\u2019\u00e9tablissement informe les professionnels de l\u2019\u00e9volution des modalit\u00e9s d\u2019acc\u00e8s \u00e0 ses programmes d\u2019aides, telles qu\u2019adopt\u00e9es lors du conseil d\u2019administration du 18 octobre 2021. \u00a0D\u00e8s le 15 janvier 2022, les porteurs de projets (ou leur structure), quelle que soit la nature de leur(s) projet(s), devront \u00eatre AFFILI\u00c9S au CNM pour solliciter une aide financi\u00e8re aupr\u00e8s [&hellip;]\" \/>\n<meta property=\"og:url\" content=\"https:\/\/hierostrasbourg.com\/index.php\/2021\/12\/20\/en-2022-les-modalites-dacces-aux-programmes-daides-du-cnm-evoluent\/\" \/>\n<meta property=\"og:site_name\" content=\"HIERO STRASBOURG\" \/>\n<meta property=\"article:publisher\" content=\"https:\/\/www.facebook.com\/fedehierostrasbourg\" \/>\n<meta property=\"article:published_time\" content=\"2021-12-20T08:23:20+00:00\" \/>\n<meta name=\"twitter:card\" content=\"summary_large_image\" \/>\n<meta name=\"twitter:creator\" content=\"@hierostrasbourg\" \/>\n<meta name=\"twitter:site\" content=\"@hierostrasbourg\" \/>\n<meta name=\"twitter:label1\" content=\"Dur\u00e9e de lecture estim\u00e9e\" \/>\n\t<meta name=\"twitter:data1\" content=\"2 minutes\" \/>\n<script type=\"application\/ld+json\" class=\"yoast-schema-graph\">{\"@context\":\"https:\\\/\\\/schema.org\",\"@graph\":[{\"@type\":\"Article\",\"@id\":\"https:\\\/\\\/hierostrasbourg.com\\\/index.php\\\/2021\\\/12\\\/20\\\/en-2022-les-modalites-dacces-aux-programmes-daides-du-cnm-evoluent\\\/#article\",\"isPartOf\":{\"@id\":\"https:\\\/\\\/hierostrasbourg.com\\\/index.php\\\/2021\\\/12\\\/20\\\/en-2022-les-modalites-dacces-aux-programmes-daides-du-cnm-evoluent\\\/\"},\"author\":{\"name\":\"\",\"@id\":\"\"},\"headline\":\"En 2022, les modalit\u00e9s d\u2019acc\u00e8s aux programmes d\u2019aides du CNM \u00e9voluent\",\"datePublished\":\"2021-12-20T08:23:20+00:00\",\"mainEntityOfPage\":{\"@id\":\"https:\\\/\\\/hierostrasbourg.com\\\/index.php\\\/2021\\\/12\\\/20\\\/en-2022-les-modalites-dacces-aux-programmes-daides-du-cnm-evoluent\\\/\"},\"wordCount\":414,\"publisher\":{\"@id\":\"https:\\\/\\\/hierostrasbourg.com\\\/#organization\"},\"inLanguage\":\"fr-FR\"},{\"@type\":\"WebPage\",\"@id\":\"https:\\\/\\\/hierostrasbourg.com\\\/index.php\\\/2021\\\/12\\\/20\\\/en-2022-les-modalites-dacces-aux-programmes-daides-du-cnm-evoluent\\\/\",\"url\":\"https:\\\/\\\/hierostrasbourg.com\\\/index.php\\\/2021\\\/12\\\/20\\\/en-2022-les-modalites-dacces-aux-programmes-daides-du-cnm-evoluent\\\/\",\"name\":\"En 2022, les modalit\u00e9s d\u2019acc\u00e8s aux programmes d\u2019aides du CNM \u00e9voluent - HIERO STRASBOURG\",\"isPartOf\":{\"@id\":\"https:\\\/\\\/hierostrasbourg.com\\\/#website\"},\"datePublished\":\"2021-12-20T08:23:20+00:00\",\"breadcrumb\":{\"@id\":\"https:\\\/\\\/hierostrasbourg.com\\\/index.php\\\/2021\\\/12\\\/20\\\/en-2022-les-modalites-dacces-aux-programmes-daides-du-cnm-evoluent\\\/#breadcrumb\"},\"inLanguage\":\"fr-FR\",\"potentialAction\":[{\"@type\":\"ReadAction\",\"target\":[\"https:\\\/\\\/hierostrasbourg.com\\\/index.php\\\/2021\\\/12\\\/20\\\/en-2022-les-modalites-dacces-aux-programmes-daides-du-cnm-evoluent\\\/\"]}]},{\"@type\":\"BreadcrumbList\",\"@id\":\"https:\\\/\\\/hierostrasbourg.com\\\/index.php\\\/2021\\\/12\\\/20\\\/en-2022-les-modalites-dacces-aux-programmes-daides-du-cnm-evoluent\\\/#breadcrumb\",\"itemListElement\":[{\"@type\":\"ListItem\",\"position\":1,\"name\":\"Accueil\",\"item\":\"https:\\\/\\\/hierostrasbourg.com\\\/\"},{\"@type\":\"ListItem\",\"position\":2,\"name\":\"En 2022, les modalit\u00e9s d\u2019acc\u00e8s aux programmes d\u2019aides du CNM \u00e9voluent\"}]},{\"@type\":\"WebSite\",\"@id\":\"https:\\\/\\\/hierostrasbourg.com\\\/#website\",\"url\":\"https:\\\/\\\/hierostrasbourg.com\\\/\",\"name\":\"HIERO STRASBOURG\",\"description\":\"Centre de Ressources Musiques Actuelles\",\"publisher\":{\"@id\":\"https:\\\/\\\/hierostrasbourg.com\\\/#organization\"},\"potentialAction\":[{\"@type\":\"SearchAction\",\"target\":{\"@type\":\"EntryPoint\",\"urlTemplate\":\"https:\\\/\\\/hierostrasbourg.com\\\/?s={search_term_string}\"},\"query-input\":{\"@type\":\"PropertyValueSpecification\",\"valueRequired\":true,\"valueName\":\"search_term_string\"}}],\"inLanguage\":\"fr-FR\"},{\"@type\":\"Organization\",\"@id\":\"https:\\\/\\\/hierostrasbourg.com\\\/#organization\",\"name\":\"F\u00e9d\u00e9ration Hi\u00e9ro Strasbourg\",\"url\":\"https:\\\/\\\/hierostrasbourg.com\\\/\",\"logo\":{\"@type\":\"ImageObject\",\"inLanguage\":\"fr-FR\",\"@id\":\"https:\\\/\\\/hierostrasbourg.com\\\/#\\\/schema\\\/logo\\\/image\\\/\",\"url\":\"https:\\\/\\\/hierostrasbourg.com\\\/wp-content\\\/uploads\\\/2026\\\/04\\\/logo-hiero-strasbourg.jpg\",\"contentUrl\":\"https:\\\/\\\/hierostrasbourg.com\\\/wp-content\\\/uploads\\\/2026\\\/04\\\/logo-hiero-strasbourg.jpg\",\"width\":204,\"height\":192,\"caption\":\"F\u00e9d\u00e9ration Hi\u00e9ro Strasbourg\"},\"image\":{\"@id\":\"https:\\\/\\\/hierostrasbourg.com\\\/#\\\/schema\\\/logo\\\/image\\\/\"},\"sameAs\":[\"https:\\\/\\\/www.facebook.com\\\/fedehierostrasbourg\",\"https:\\\/\\\/x.com\\\/hierostrasbourg\"]}]}<\/script>\n<!-- \/ Yoast SEO plugin. -->","yoast_head_json":{"title":"En 2022, les modalit\u00e9s d\u2019acc\u00e8s aux programmes d\u2019aides du CNM \u00e9voluent - HIERO STRASBOURG","robots":{"index":"index","follow":"follow","max-snippet":"max-snippet:-1","max-image-preview":"max-image-preview:large","max-video-preview":"max-video-preview:-1"},"canonical":"https:\/\/hierostrasbourg.com\/index.php\/2021\/12\/20\/en-2022-les-modalites-dacces-aux-programmes-daides-du-cnm-evoluent\/","og_locale":"fr_FR","og_type":"article","og_title":"En 2022, les modalit\u00e9s d\u2019acc\u00e8s aux programmes d\u2019aides du CNM \u00e9voluent - HIERO STRASBOURG","og_description":"communiqu\u00e9 En pr\u00e9vision de la mise en application, d\u00e8s janvier 2022, des mises \u00e0 jour du r\u00e8glement g\u00e9n\u00e9ral des aides du Centre national de la musique, l\u2019\u00e9tablissement informe les professionnels de l\u2019\u00e9volution des modalit\u00e9s d\u2019acc\u00e8s \u00e0 ses programmes d\u2019aides, telles qu\u2019adopt\u00e9es lors du conseil d\u2019administration du 18 octobre 2021. \u00a0D\u00e8s le 15 janvier 2022, les porteurs de projets (ou leur structure), quelle que soit la nature de leur(s) projet(s), devront \u00eatre AFFILI\u00c9S au CNM pour solliciter une aide financi\u00e8re aupr\u00e8s [&hellip;]","og_url":"https:\/\/hierostrasbourg.com\/index.php\/2021\/12\/20\/en-2022-les-modalites-dacces-aux-programmes-daides-du-cnm-evoluent\/","og_site_name":"HIERO STRASBOURG","article_publisher":"https:\/\/www.facebook.com\/fedehierostrasbourg","article_published_time":"2021-12-20T08:23:20+00:00","twitter_card":"summary_large_image","twitter_creator":"@hierostrasbourg","twitter_site":"@hierostrasbourg","twitter_misc":{"Dur\u00e9e de lecture estim\u00e9e":"2 minutes"},"schema":{"@context":"https:\/\/schema.org","@graph":[{"@type":"Article","@id":"https:\/\/hierostrasbourg.com\/index.php\/2021\/12\/20\/en-2022-les-modalites-dacces-aux-programmes-daides-du-cnm-evoluent\/#article","isPartOf":{"@id":"https:\/\/hierostrasbourg.com\/index.php\/2021\/12\/20\/en-2022-les-modalites-dacces-aux-programmes-daides-du-cnm-evoluent\/"},"author":{"name":"","@id":""},"headline":"En 2022, les modalit\u00e9s d\u2019acc\u00e8s aux programmes d\u2019aides du CNM \u00e9voluent","datePublished":"2021-12-20T08:23:20+00:00","mainEntityOfPage":{"@id":"https:\/\/hierostrasbourg.com\/index.php\/2021\/12\/20\/en-2022-les-modalites-dacces-aux-programmes-daides-du-cnm-evoluent\/"},"wordCount":414,"publisher":{"@id":"https:\/\/hierostrasbourg.com\/#organization"},"inLanguage":"fr-FR"},{"@type":"WebPage","@id":"https:\/\/hierostrasbourg.com\/index.php\/2021\/12\/20\/en-2022-les-modalites-dacces-aux-programmes-daides-du-cnm-evoluent\/","url":"https:\/\/hierostrasbourg.com\/index.php\/2021\/12\/20\/en-2022-les-modalites-dacces-aux-programmes-daides-du-cnm-evoluent\/","name":"En 2022, les modalit\u00e9s d\u2019acc\u00e8s aux programmes d\u2019aides du CNM \u00e9voluent - HIERO STRASBOURG","isPartOf":{"@id":"https:\/\/hierostrasbourg.com\/#website"},"datePublished":"2021-12-20T08:23:20+00:00","breadcrumb":{"@id":"https:\/\/hierostrasbourg.com\/index.php\/2021\/12\/20\/en-2022-les-modalites-dacces-aux-programmes-daides-du-cnm-evoluent\/#breadcrumb"},"inLanguage":"fr-FR","potentialAction":[{"@type":"ReadAction","target":["https:\/\/hierostrasbourg.com\/index.php\/2021\/12\/20\/en-2022-les-modalites-dacces-aux-programmes-daides-du-cnm-evoluent\/"]}]},{"@type":"BreadcrumbList","@id":"https:\/\/hierostrasbourg.com\/index.php\/2021\/12\/20\/en-2022-les-modalites-dacces-aux-programmes-daides-du-cnm-evoluent\/#breadcrumb","itemListElement":[{"@type":"ListItem","position":1,"name":"Accueil","item":"https:\/\/hierostrasbourg.com\/"},{"@type":"ListItem","position":2,"name":"En 2022, les modalit\u00e9s d\u2019acc\u00e8s aux programmes d\u2019aides du CNM \u00e9voluent"}]},{"@type":"WebSite","@id":"https:\/\/hierostrasbourg.com\/#website","url":"https:\/\/hierostrasbourg.com\/","name":"HIERO STRASBOURG","description":"Centre de Ressources Musiques Actuelles","publisher":{"@id":"https:\/\/hierostrasbourg.com\/#organization"},"potentialAction":[{"@type":"SearchAction","target":{"@type":"EntryPoint","urlTemplate":"https:\/\/hierostrasbourg.com\/?s={search_term_string}"},"query-input":{"@type":"PropertyValueSpecification","valueRequired":true,"valueName":"search_term_string"}}],"inLanguage":"fr-FR"},{"@type":"Organization","@id":"https:\/\/hierostrasbourg.com\/#organization","name":"F\u00e9d\u00e9ration Hi\u00e9ro Strasbourg","url":"https:\/\/hierostrasbourg.com\/","logo":{"@type":"ImageObject","inLanguage":"fr-FR","@id":"https:\/\/hierostrasbourg.com\/#\/schema\/logo\/image\/","url":"https:\/\/hierostrasbourg.com\/wp-content\/uploads\/2026\/04\/logo-hiero-strasbourg.jpg","contentUrl":"https:\/\/hierostrasbourg.com\/wp-content\/uploads\/2026\/04\/logo-hiero-strasbourg.jpg","width":204,"height":192,"caption":"F\u00e9d\u00e9ration Hi\u00e9ro Strasbourg"},"image":{"@id":"https:\/\/hierostrasbourg.com\/#\/schema\/logo\/image\/"},"sameAs":["https:\/\/www.facebook.com\/fedehierostrasbourg","https:\/\/x.com\/hierostrasbourg"]}]}},"_links":{"self":[{"href":"https:\/\/hierostrasbourg.com\/index.php\/wp-json\/wp\/v2\/posts\/1303","targetHints":{"allow":["GET"]}}],"collection":[{"href":"https:\/\/hierostrasbourg.com\/index.php\/wp-json\/wp\/v2\/posts"}],"about":[{"href":"https:\/\/hierostrasbourg.com\/index.php\/wp-json\/wp\/v2\/types\/post"}],"replies":[{"embeddable":true,"href":"https:\/\/hierostrasbourg.com\/index.php\/wp-json\/wp\/v2\/comments?post=1303"}],"version-history":[{"count":0,"href":"https:\/\/hierostrasbourg.com\/index.php\/wp-json\/wp\/v2\/posts\/1303\/revisions"}],"wp:attachment":[{"href":"https:\/\/hierostrasbourg.com\/index.php\/wp-json\/wp\/v2\/media?parent=1303"}],"wp:term":[{"taxonomy":"category","embeddable":true,"href":"https:\/\/hierostrasbourg.com\/index.php\/wp-json\/wp\/v2\/categories?post=1303"},{"taxonomy":"post_tag","embeddable":true,"href":"https:\/\/hierostrasbourg.com\/index.php\/wp-json\/wp\/v2\/tags?post=1303"}],"curies":[{"name":"wp","href":"https:\/\/api.w.org\/{rel}","templated":true}]}}