{"id":1291,"date":"2021-12-17T21:25:28","date_gmt":"2021-12-17T20:25:28","guid":{"rendered":"https:\/\/hierostrasbourg.com\/index.php\/2021\/12\/17\/lesions-aux-cordes-vocales-les-chanteurs-sans-voix-mais-pas-sans-recours\/"},"modified":"2021-12-17T21:25:28","modified_gmt":"2021-12-17T20:25:28","slug":"lesions-aux-cordes-vocales-les-chanteurs-sans-voix-mais-pas-sans-recours","status":"publish","type":"post","link":"https:\/\/hierostrasbourg.com\/index.php\/2021\/12\/17\/lesions-aux-cordes-vocales-les-chanteurs-sans-voix-mais-pas-sans-recours\/","title":{"rendered":"L\u00e9sions aux cordes vocales: les chanteurs sans voix mais pas sans recours"},"content":{"rendered":"<p><em>Ph\u00e9nom\u00e8ne courant dans le monde de la musique, les l\u00e9sions aux cordes vocales peuvent laisser les chanteurs sans voix pendant plusieurs semaines. Autrefois sujet tabou \u00e0 cause des enjeux financiers que cela implique, ces maux sont d\u00e9sormais pris en charge par les professionnels et les m\u00e9decins.<\/em><\/p>\n<p>Source \/ Lire la suite : <a href=\"https:\/\/www.liberation.fr\/culture\/musique\/lesions-aux-cordes-vocales-les-chanteurs-sans-voix-mais-pas-sans-recours-20211217_JB3R5PT2XJBYFGUN7XOSXOHL3E\/\">L\u00e9sions aux cordes vocales: les chanteurs sans voix mais pas sans recours<\/a><\/p>\n<p>L\u2019article <a href=\"https:\/\/popburo.fr\/lesions-aux-cordes-vocales-les-chanteurs-sans-voix-mais-pas-sans-recours\/\">L\u00e9sions aux cordes vocales: les chanteurs sans voix mais pas sans recours<\/a> est apparu en premier sur <a href=\"https:\/\/popburo.fr\/\">POP B\u00dcRO<\/a>.<\/p>\n","protected":false},"excerpt":{"rendered":"<p>Ph\u00e9nom\u00e8ne courant dans le monde de la musique, les l\u00e9sions aux cordes vocales peuvent laisser les chanteurs sans voix pendant plusieurs semaines. Autrefois sujet tabou \u00e0 cause des enjeux financiers que cela implique, ces maux sont d\u00e9sormais pris en charge par les professionnels et les m\u00e9decins. Source \/ Lire la suite : L\u00e9sions aux cordes vocales: les chanteurs sans voix mais pas sans recours L\u2019article L\u00e9sions aux cordes vocales: les chanteurs sans voix mais pas sans recours est apparu en [&hellip;]<\/p>\n","protected":false},"author":0,"featured_media":0,"comment_status":"closed","ping_status":"open","sticky":false,"template":"","format":"standard","meta":{"footnotes":""},"categories":[1],"tags":[],"class_list":["post-1291","post","type-post","status-publish","format-standard","hentry","category-non-classe"],"yoast_head":"<!-- This site is optimized with the Yoast SEO plugin v27.5 - https:\/\/yoast.com\/product\/yoast-seo-wordpress\/ -->\n<title>L\u00e9sions aux cordes vocales: les chanteurs sans voix mais pas sans recours - HIERO STRASBOURG<\/title>\n<meta name=\"robots\" content=\"index, follow, max-snippet:-1, max-image-preview:large, max-video-preview:-1\" \/>\n<link rel=\"canonical\" href=\"https:\/\/hierostrasbourg.com\/index.php\/2021\/12\/17\/lesions-aux-cordes-vocales-les-chanteurs-sans-voix-mais-pas-sans-recours\/\" \/>\n<meta property=\"og:locale\" content=\"fr_FR\" \/>\n<meta property=\"og:type\" content=\"article\" \/>\n<meta property=\"og:title\" content=\"L\u00e9sions aux cordes vocales: les chanteurs sans voix mais pas sans recours - HIERO STRASBOURG\" \/>\n<meta property=\"og:description\" content=\"Ph\u00e9nom\u00e8ne courant dans le monde de la musique, les l\u00e9sions aux cordes vocales peuvent laisser les chanteurs sans voix pendant plusieurs semaines. Autrefois sujet tabou \u00e0 cause des enjeux financiers que cela implique, ces maux sont d\u00e9sormais pris en charge par les professionnels et les m\u00e9decins. Source \/ Lire la suite : L\u00e9sions aux cordes vocales: les chanteurs sans voix mais pas sans recours L\u2019article L\u00e9sions aux cordes vocales: les chanteurs sans voix mais pas sans recours est apparu en [&hellip;]\" \/>\n<meta property=\"og:url\" content=\"https:\/\/hierostrasbourg.com\/index.php\/2021\/12\/17\/lesions-aux-cordes-vocales-les-chanteurs-sans-voix-mais-pas-sans-recours\/\" \/>\n<meta property=\"og:site_name\" content=\"HIERO STRASBOURG\" \/>\n<meta property=\"article:publisher\" content=\"https:\/\/www.facebook.com\/fedehierostrasbourg\" \/>\n<meta property=\"article:published_time\" content=\"2021-12-17T20:25:28+00:00\" \/>\n<meta name=\"twitter:card\" content=\"summary_large_image\" \/>\n<meta name=\"twitter:creator\" content=\"@hierostrasbourg\" \/>\n<meta name=\"twitter:site\" content=\"@hierostrasbourg\" \/>\n<script type=\"application\/ld+json\" class=\"yoast-schema-graph\">{\"@context\":\"https:\\\/\\\/schema.org\",\"@graph\":[{\"@type\":\"Article\",\"@id\":\"https:\\\/\\\/hierostrasbourg.com\\\/index.php\\\/2021\\\/12\\\/17\\\/lesions-aux-cordes-vocales-les-chanteurs-sans-voix-mais-pas-sans-recours\\\/#article\",\"isPartOf\":{\"@id\":\"https:\\\/\\\/hierostrasbourg.com\\\/index.php\\\/2021\\\/12\\\/17\\\/lesions-aux-cordes-vocales-les-chanteurs-sans-voix-mais-pas-sans-recours\\\/\"},\"author\":{\"name\":\"\",\"@id\":\"\"},\"headline\":\"L\u00e9sions aux cordes vocales: les chanteurs sans voix mais pas sans recours\",\"datePublished\":\"2021-12-17T20:25:28+00:00\",\"mainEntityOfPage\":{\"@id\":\"https:\\\/\\\/hierostrasbourg.com\\\/index.php\\\/2021\\\/12\\\/17\\\/lesions-aux-cordes-vocales-les-chanteurs-sans-voix-mais-pas-sans-recours\\\/\"},\"wordCount\":103,\"publisher\":{\"@id\":\"https:\\\/\\\/hierostrasbourg.com\\\/#organization\"},\"inLanguage\":\"fr-FR\"},{\"@type\":\"WebPage\",\"@id\":\"https:\\\/\\\/hierostrasbourg.com\\\/index.php\\\/2021\\\/12\\\/17\\\/lesions-aux-cordes-vocales-les-chanteurs-sans-voix-mais-pas-sans-recours\\\/\",\"url\":\"https:\\\/\\\/hierostrasbourg.com\\\/index.php\\\/2021\\\/12\\\/17\\\/lesions-aux-cordes-vocales-les-chanteurs-sans-voix-mais-pas-sans-recours\\\/\",\"name\":\"L\u00e9sions aux cordes vocales: les chanteurs sans voix mais pas sans recours - HIERO STRASBOURG\",\"isPartOf\":{\"@id\":\"https:\\\/\\\/hierostrasbourg.com\\\/#website\"},\"datePublished\":\"2021-12-17T20:25:28+00:00\",\"breadcrumb\":{\"@id\":\"https:\\\/\\\/hierostrasbourg.com\\\/index.php\\\/2021\\\/12\\\/17\\\/lesions-aux-cordes-vocales-les-chanteurs-sans-voix-mais-pas-sans-recours\\\/#breadcrumb\"},\"inLanguage\":\"fr-FR\",\"potentialAction\":[{\"@type\":\"ReadAction\",\"target\":[\"https:\\\/\\\/hierostrasbourg.com\\\/index.php\\\/2021\\\/12\\\/17\\\/lesions-aux-cordes-vocales-les-chanteurs-sans-voix-mais-pas-sans-recours\\\/\"]}]},{\"@type\":\"BreadcrumbList\",\"@id\":\"https:\\\/\\\/hierostrasbourg.com\\\/index.php\\\/2021\\\/12\\\/17\\\/lesions-aux-cordes-vocales-les-chanteurs-sans-voix-mais-pas-sans-recours\\\/#breadcrumb\",\"itemListElement\":[{\"@type\":\"ListItem\",\"position\":1,\"name\":\"Accueil\",\"item\":\"https:\\\/\\\/hierostrasbourg.com\\\/\"},{\"@type\":\"ListItem\",\"position\":2,\"name\":\"L\u00e9sions aux cordes vocales: les chanteurs sans voix mais pas sans recours\"}]},{\"@type\":\"WebSite\",\"@id\":\"https:\\\/\\\/hierostrasbourg.com\\\/#website\",\"url\":\"https:\\\/\\\/hierostrasbourg.com\\\/\",\"name\":\"HIERO STRASBOURG\",\"description\":\"Centre de Ressources Musiques Actuelles\",\"publisher\":{\"@id\":\"https:\\\/\\\/hierostrasbourg.com\\\/#organization\"},\"potentialAction\":[{\"@type\":\"SearchAction\",\"target\":{\"@type\":\"EntryPoint\",\"urlTemplate\":\"https:\\\/\\\/hierostrasbourg.com\\\/?s={search_term_string}\"},\"query-input\":{\"@type\":\"PropertyValueSpecification\",\"valueRequired\":true,\"valueName\":\"search_term_string\"}}],\"inLanguage\":\"fr-FR\"},{\"@type\":\"Organization\",\"@id\":\"https:\\\/\\\/hierostrasbourg.com\\\/#organization\",\"name\":\"F\u00e9d\u00e9ration Hi\u00e9ro Strasbourg\",\"url\":\"https:\\\/\\\/hierostrasbourg.com\\\/\",\"logo\":{\"@type\":\"ImageObject\",\"inLanguage\":\"fr-FR\",\"@id\":\"https:\\\/\\\/hierostrasbourg.com\\\/#\\\/schema\\\/logo\\\/image\\\/\",\"url\":\"https:\\\/\\\/hierostrasbourg.com\\\/wp-content\\\/uploads\\\/2026\\\/04\\\/logo-hiero-strasbourg.jpg\",\"contentUrl\":\"https:\\\/\\\/hierostrasbourg.com\\\/wp-content\\\/uploads\\\/2026\\\/04\\\/logo-hiero-strasbourg.jpg\",\"width\":204,\"height\":192,\"caption\":\"F\u00e9d\u00e9ration Hi\u00e9ro Strasbourg\"},\"image\":{\"@id\":\"https:\\\/\\\/hierostrasbourg.com\\\/#\\\/schema\\\/logo\\\/image\\\/\"},\"sameAs\":[\"https:\\\/\\\/www.facebook.com\\\/fedehierostrasbourg\",\"https:\\\/\\\/x.com\\\/hierostrasbourg\"]}]}<\/script>\n<!-- \/ Yoast SEO plugin. -->","yoast_head_json":{"title":"L\u00e9sions aux cordes vocales: les chanteurs sans voix mais pas sans recours - HIERO STRASBOURG","robots":{"index":"index","follow":"follow","max-snippet":"max-snippet:-1","max-image-preview":"max-image-preview:large","max-video-preview":"max-video-preview:-1"},"canonical":"https:\/\/hierostrasbourg.com\/index.php\/2021\/12\/17\/lesions-aux-cordes-vocales-les-chanteurs-sans-voix-mais-pas-sans-recours\/","og_locale":"fr_FR","og_type":"article","og_title":"L\u00e9sions aux cordes vocales: les chanteurs sans voix mais pas sans recours - HIERO STRASBOURG","og_description":"Ph\u00e9nom\u00e8ne courant dans le monde de la musique, les l\u00e9sions aux cordes vocales peuvent laisser les chanteurs sans voix pendant plusieurs semaines. Autrefois sujet tabou \u00e0 cause des enjeux financiers que cela implique, ces maux sont d\u00e9sormais pris en charge par les professionnels et les m\u00e9decins. Source \/ Lire la suite : L\u00e9sions aux cordes vocales: les chanteurs sans voix mais pas sans recours L\u2019article L\u00e9sions aux cordes vocales: les chanteurs sans voix mais pas sans recours est apparu en [&hellip;]","og_url":"https:\/\/hierostrasbourg.com\/index.php\/2021\/12\/17\/lesions-aux-cordes-vocales-les-chanteurs-sans-voix-mais-pas-sans-recours\/","og_site_name":"HIERO STRASBOURG","article_publisher":"https:\/\/www.facebook.com\/fedehierostrasbourg","article_published_time":"2021-12-17T20:25:28+00:00","twitter_card":"summary_large_image","twitter_creator":"@hierostrasbourg","twitter_site":"@hierostrasbourg","schema":{"@context":"https:\/\/schema.org","@graph":[{"@type":"Article","@id":"https:\/\/hierostrasbourg.com\/index.php\/2021\/12\/17\/lesions-aux-cordes-vocales-les-chanteurs-sans-voix-mais-pas-sans-recours\/#article","isPartOf":{"@id":"https:\/\/hierostrasbourg.com\/index.php\/2021\/12\/17\/lesions-aux-cordes-vocales-les-chanteurs-sans-voix-mais-pas-sans-recours\/"},"author":{"name":"","@id":""},"headline":"L\u00e9sions aux cordes vocales: les chanteurs sans voix mais pas sans recours","datePublished":"2021-12-17T20:25:28+00:00","mainEntityOfPage":{"@id":"https:\/\/hierostrasbourg.com\/index.php\/2021\/12\/17\/lesions-aux-cordes-vocales-les-chanteurs-sans-voix-mais-pas-sans-recours\/"},"wordCount":103,"publisher":{"@id":"https:\/\/hierostrasbourg.com\/#organization"},"inLanguage":"fr-FR"},{"@type":"WebPage","@id":"https:\/\/hierostrasbourg.com\/index.php\/2021\/12\/17\/lesions-aux-cordes-vocales-les-chanteurs-sans-voix-mais-pas-sans-recours\/","url":"https:\/\/hierostrasbourg.com\/index.php\/2021\/12\/17\/lesions-aux-cordes-vocales-les-chanteurs-sans-voix-mais-pas-sans-recours\/","name":"L\u00e9sions aux cordes vocales: les chanteurs sans voix mais pas sans recours - HIERO STRASBOURG","isPartOf":{"@id":"https:\/\/hierostrasbourg.com\/#website"},"datePublished":"2021-12-17T20:25:28+00:00","breadcrumb":{"@id":"https:\/\/hierostrasbourg.com\/index.php\/2021\/12\/17\/lesions-aux-cordes-vocales-les-chanteurs-sans-voix-mais-pas-sans-recours\/#breadcrumb"},"inLanguage":"fr-FR","potentialAction":[{"@type":"ReadAction","target":["https:\/\/hierostrasbourg.com\/index.php\/2021\/12\/17\/lesions-aux-cordes-vocales-les-chanteurs-sans-voix-mais-pas-sans-recours\/"]}]},{"@type":"BreadcrumbList","@id":"https:\/\/hierostrasbourg.com\/index.php\/2021\/12\/17\/lesions-aux-cordes-vocales-les-chanteurs-sans-voix-mais-pas-sans-recours\/#breadcrumb","itemListElement":[{"@type":"ListItem","position":1,"name":"Accueil","item":"https:\/\/hierostrasbourg.com\/"},{"@type":"ListItem","position":2,"name":"L\u00e9sions aux cordes vocales: les chanteurs sans voix mais pas sans recours"}]},{"@type":"WebSite","@id":"https:\/\/hierostrasbourg.com\/#website","url":"https:\/\/hierostrasbourg.com\/","name":"HIERO STRASBOURG","description":"Centre de Ressources Musiques Actuelles","publisher":{"@id":"https:\/\/hierostrasbourg.com\/#organization"},"potentialAction":[{"@type":"SearchAction","target":{"@type":"EntryPoint","urlTemplate":"https:\/\/hierostrasbourg.com\/?s={search_term_string}"},"query-input":{"@type":"PropertyValueSpecification","valueRequired":true,"valueName":"search_term_string"}}],"inLanguage":"fr-FR"},{"@type":"Organization","@id":"https:\/\/hierostrasbourg.com\/#organization","name":"F\u00e9d\u00e9ration Hi\u00e9ro Strasbourg","url":"https:\/\/hierostrasbourg.com\/","logo":{"@type":"ImageObject","inLanguage":"fr-FR","@id":"https:\/\/hierostrasbourg.com\/#\/schema\/logo\/image\/","url":"https:\/\/hierostrasbourg.com\/wp-content\/uploads\/2026\/04\/logo-hiero-strasbourg.jpg","contentUrl":"https:\/\/hierostrasbourg.com\/wp-content\/uploads\/2026\/04\/logo-hiero-strasbourg.jpg","width":204,"height":192,"caption":"F\u00e9d\u00e9ration Hi\u00e9ro Strasbourg"},"image":{"@id":"https:\/\/hierostrasbourg.com\/#\/schema\/logo\/image\/"},"sameAs":["https:\/\/www.facebook.com\/fedehierostrasbourg","https:\/\/x.com\/hierostrasbourg"]}]}},"_links":{"self":[{"href":"https:\/\/hierostrasbourg.com\/index.php\/wp-json\/wp\/v2\/posts\/1291","targetHints":{"allow":["GET"]}}],"collection":[{"href":"https:\/\/hierostrasbourg.com\/index.php\/wp-json\/wp\/v2\/posts"}],"about":[{"href":"https:\/\/hierostrasbourg.com\/index.php\/wp-json\/wp\/v2\/types\/post"}],"replies":[{"embeddable":true,"href":"https:\/\/hierostrasbourg.com\/index.php\/wp-json\/wp\/v2\/comments?post=1291"}],"version-history":[{"count":0,"href":"https:\/\/hierostrasbourg.com\/index.php\/wp-json\/wp\/v2\/posts\/1291\/revisions"}],"wp:attachment":[{"href":"https:\/\/hierostrasbourg.com\/index.php\/wp-json\/wp\/v2\/media?parent=1291"}],"wp:term":[{"taxonomy":"category","embeddable":true,"href":"https:\/\/hierostrasbourg.com\/index.php\/wp-json\/wp\/v2\/categories?post=1291"},{"taxonomy":"post_tag","embeddable":true,"href":"https:\/\/hierostrasbourg.com\/index.php\/wp-json\/wp\/v2\/tags?post=1291"}],"curies":[{"name":"wp","href":"https:\/\/api.w.org\/{rel}","templated":true}]}}