{"id":1284,"date":"2021-12-14T14:19:00","date_gmt":"2021-12-14T13:19:00","guid":{"rendered":"https:\/\/hierostrasbourg.com\/index.php\/2021\/12\/14\/la-cour-des-comptes-etrille-la-culture-et-sa-politique-de-saupoudrage-des-subventions\/"},"modified":"2021-12-14T14:19:00","modified_gmt":"2021-12-14T13:19:00","slug":"la-cour-des-comptes-etrille-la-culture-et-sa-politique-de-saupoudrage-des-subventions","status":"publish","type":"post","link":"https:\/\/hierostrasbourg.com\/index.php\/2021\/12\/14\/la-cour-des-comptes-etrille-la-culture-et-sa-politique-de-saupoudrage-des-subventions\/","title":{"rendered":"La Cour des comptes \u00e9trille la Culture et sa politique de \u00absaupoudrage\u00bb des subventions"},"content":{"rendered":"<p><em>Une note consacr\u00e9e au minist\u00e8re de la Culture estime en particulier que \u00ables financements publics massifs\u00bb pour le spectacle vivant doivent \u00eatre r\u00e9form\u00e9s.<\/em><\/p>\n<p>Source \/ Lire la suite : <a href=\"https:\/\/www.lefigaro.fr\/culture\/la-cour-des-comptes-etrille-la-culture-et-sa-politique-de-saupoudrage-des-subventions-20211214\">La Cour des comptes \u00e9trille la Culture et sa politique de \u00absaupoudrage\u00bb des subventions<\/a><\/p>\n<p>L\u2019article <a href=\"https:\/\/popburo.fr\/la-cour-des-comptes-etrille-la-culture-et-sa-politique-de-saupoudrage-des-subventions\/\">La Cour des comptes \u00e9trille la Culture et sa politique de \u00absaupoudrage\u00bb des subventions<\/a> est apparu en premier sur <a href=\"https:\/\/popburo.fr\/\">POP B\u00dcRO<\/a>.<\/p>\n","protected":false},"excerpt":{"rendered":"<p>Une note consacr\u00e9e au minist\u00e8re de la Culture estime en particulier que \u00ables financements publics massifs\u00bb pour le spectacle vivant doivent \u00eatre r\u00e9form\u00e9s. Source \/ Lire la suite : La Cour des comptes \u00e9trille la Culture et sa politique de \u00absaupoudrage\u00bb des subventions L\u2019article La Cour des comptes \u00e9trille la Culture et sa politique de \u00absaupoudrage\u00bb des subventions est apparu en premier sur POP B\u00dcRO.<\/p>\n","protected":false},"author":0,"featured_media":0,"comment_status":"closed","ping_status":"open","sticky":false,"template":"","format":"standard","meta":{"footnotes":""},"categories":[1],"tags":[],"class_list":["post-1284","post","type-post","status-publish","format-standard","hentry","category-non-classe"],"yoast_head":"<!-- This site is optimized with the Yoast SEO plugin v27.5 - https:\/\/yoast.com\/product\/yoast-seo-wordpress\/ -->\n<title>La Cour des comptes \u00e9trille la Culture et sa politique de \u00absaupoudrage\u00bb des subventions - HIERO STRASBOURG<\/title>\n<meta name=\"robots\" content=\"index, follow, max-snippet:-1, max-image-preview:large, max-video-preview:-1\" \/>\n<link rel=\"canonical\" href=\"https:\/\/hierostrasbourg.com\/index.php\/2021\/12\/14\/la-cour-des-comptes-etrille-la-culture-et-sa-politique-de-saupoudrage-des-subventions\/\" \/>\n<meta property=\"og:locale\" content=\"fr_FR\" \/>\n<meta property=\"og:type\" content=\"article\" \/>\n<meta property=\"og:title\" content=\"La Cour des comptes \u00e9trille la Culture et sa politique de \u00absaupoudrage\u00bb des subventions - HIERO STRASBOURG\" \/>\n<meta property=\"og:description\" content=\"Une note consacr\u00e9e au minist\u00e8re de la Culture estime en particulier que \u00ables financements publics massifs\u00bb pour le spectacle vivant doivent \u00eatre r\u00e9form\u00e9s. Source \/ Lire la suite : La Cour des comptes \u00e9trille la Culture et sa politique de \u00absaupoudrage\u00bb des subventions L\u2019article La Cour des comptes \u00e9trille la Culture et sa politique de \u00absaupoudrage\u00bb des subventions est apparu en premier sur POP B\u00dcRO.\" \/>\n<meta property=\"og:url\" content=\"https:\/\/hierostrasbourg.com\/index.php\/2021\/12\/14\/la-cour-des-comptes-etrille-la-culture-et-sa-politique-de-saupoudrage-des-subventions\/\" \/>\n<meta property=\"og:site_name\" content=\"HIERO STRASBOURG\" \/>\n<meta property=\"article:publisher\" content=\"https:\/\/www.facebook.com\/fedehierostrasbourg\" \/>\n<meta property=\"article:published_time\" content=\"2021-12-14T13:19:00+00:00\" \/>\n<meta name=\"twitter:card\" content=\"summary_large_image\" \/>\n<meta name=\"twitter:creator\" content=\"@hierostrasbourg\" \/>\n<meta name=\"twitter:site\" content=\"@hierostrasbourg\" \/>\n<script type=\"application\/ld+json\" class=\"yoast-schema-graph\">{\"@context\":\"https:\\\/\\\/schema.org\",\"@graph\":[{\"@type\":\"Article\",\"@id\":\"https:\\\/\\\/hierostrasbourg.com\\\/index.php\\\/2021\\\/12\\\/14\\\/la-cour-des-comptes-etrille-la-culture-et-sa-politique-de-saupoudrage-des-subventions\\\/#article\",\"isPartOf\":{\"@id\":\"https:\\\/\\\/hierostrasbourg.com\\\/index.php\\\/2021\\\/12\\\/14\\\/la-cour-des-comptes-etrille-la-culture-et-sa-politique-de-saupoudrage-des-subventions\\\/\"},\"author\":{\"name\":\"\",\"@id\":\"\"},\"headline\":\"La Cour des comptes \u00e9trille la Culture et sa politique de \u00absaupoudrage\u00bb des subventions\",\"datePublished\":\"2021-12-14T13:19:00+00:00\",\"mainEntityOfPage\":{\"@id\":\"https:\\\/\\\/hierostrasbourg.com\\\/index.php\\\/2021\\\/12\\\/14\\\/la-cour-des-comptes-etrille-la-culture-et-sa-politique-de-saupoudrage-des-subventions\\\/\"},\"wordCount\":83,\"publisher\":{\"@id\":\"https:\\\/\\\/hierostrasbourg.com\\\/#organization\"},\"inLanguage\":\"fr-FR\"},{\"@type\":\"WebPage\",\"@id\":\"https:\\\/\\\/hierostrasbourg.com\\\/index.php\\\/2021\\\/12\\\/14\\\/la-cour-des-comptes-etrille-la-culture-et-sa-politique-de-saupoudrage-des-subventions\\\/\",\"url\":\"https:\\\/\\\/hierostrasbourg.com\\\/index.php\\\/2021\\\/12\\\/14\\\/la-cour-des-comptes-etrille-la-culture-et-sa-politique-de-saupoudrage-des-subventions\\\/\",\"name\":\"La Cour des comptes \u00e9trille la Culture et sa politique de \u00absaupoudrage\u00bb des subventions - HIERO STRASBOURG\",\"isPartOf\":{\"@id\":\"https:\\\/\\\/hierostrasbourg.com\\\/#website\"},\"datePublished\":\"2021-12-14T13:19:00+00:00\",\"breadcrumb\":{\"@id\":\"https:\\\/\\\/hierostrasbourg.com\\\/index.php\\\/2021\\\/12\\\/14\\\/la-cour-des-comptes-etrille-la-culture-et-sa-politique-de-saupoudrage-des-subventions\\\/#breadcrumb\"},\"inLanguage\":\"fr-FR\",\"potentialAction\":[{\"@type\":\"ReadAction\",\"target\":[\"https:\\\/\\\/hierostrasbourg.com\\\/index.php\\\/2021\\\/12\\\/14\\\/la-cour-des-comptes-etrille-la-culture-et-sa-politique-de-saupoudrage-des-subventions\\\/\"]}]},{\"@type\":\"BreadcrumbList\",\"@id\":\"https:\\\/\\\/hierostrasbourg.com\\\/index.php\\\/2021\\\/12\\\/14\\\/la-cour-des-comptes-etrille-la-culture-et-sa-politique-de-saupoudrage-des-subventions\\\/#breadcrumb\",\"itemListElement\":[{\"@type\":\"ListItem\",\"position\":1,\"name\":\"Accueil\",\"item\":\"https:\\\/\\\/hierostrasbourg.com\\\/\"},{\"@type\":\"ListItem\",\"position\":2,\"name\":\"La Cour des comptes \u00e9trille la Culture et sa politique de \u00absaupoudrage\u00bb des subventions\"}]},{\"@type\":\"WebSite\",\"@id\":\"https:\\\/\\\/hierostrasbourg.com\\\/#website\",\"url\":\"https:\\\/\\\/hierostrasbourg.com\\\/\",\"name\":\"HIERO STRASBOURG\",\"description\":\"Centre de Ressources Musiques Actuelles\",\"publisher\":{\"@id\":\"https:\\\/\\\/hierostrasbourg.com\\\/#organization\"},\"potentialAction\":[{\"@type\":\"SearchAction\",\"target\":{\"@type\":\"EntryPoint\",\"urlTemplate\":\"https:\\\/\\\/hierostrasbourg.com\\\/?s={search_term_string}\"},\"query-input\":{\"@type\":\"PropertyValueSpecification\",\"valueRequired\":true,\"valueName\":\"search_term_string\"}}],\"inLanguage\":\"fr-FR\"},{\"@type\":\"Organization\",\"@id\":\"https:\\\/\\\/hierostrasbourg.com\\\/#organization\",\"name\":\"F\u00e9d\u00e9ration Hi\u00e9ro Strasbourg\",\"url\":\"https:\\\/\\\/hierostrasbourg.com\\\/\",\"logo\":{\"@type\":\"ImageObject\",\"inLanguage\":\"fr-FR\",\"@id\":\"https:\\\/\\\/hierostrasbourg.com\\\/#\\\/schema\\\/logo\\\/image\\\/\",\"url\":\"https:\\\/\\\/hierostrasbourg.com\\\/wp-content\\\/uploads\\\/2026\\\/04\\\/logo-hiero-strasbourg.jpg\",\"contentUrl\":\"https:\\\/\\\/hierostrasbourg.com\\\/wp-content\\\/uploads\\\/2026\\\/04\\\/logo-hiero-strasbourg.jpg\",\"width\":204,\"height\":192,\"caption\":\"F\u00e9d\u00e9ration Hi\u00e9ro Strasbourg\"},\"image\":{\"@id\":\"https:\\\/\\\/hierostrasbourg.com\\\/#\\\/schema\\\/logo\\\/image\\\/\"},\"sameAs\":[\"https:\\\/\\\/www.facebook.com\\\/fedehierostrasbourg\",\"https:\\\/\\\/x.com\\\/hierostrasbourg\"]}]}<\/script>\n<!-- \/ Yoast SEO plugin. -->","yoast_head_json":{"title":"La Cour des comptes \u00e9trille la Culture et sa politique de \u00absaupoudrage\u00bb des subventions - HIERO STRASBOURG","robots":{"index":"index","follow":"follow","max-snippet":"max-snippet:-1","max-image-preview":"max-image-preview:large","max-video-preview":"max-video-preview:-1"},"canonical":"https:\/\/hierostrasbourg.com\/index.php\/2021\/12\/14\/la-cour-des-comptes-etrille-la-culture-et-sa-politique-de-saupoudrage-des-subventions\/","og_locale":"fr_FR","og_type":"article","og_title":"La Cour des comptes \u00e9trille la Culture et sa politique de \u00absaupoudrage\u00bb des subventions - HIERO STRASBOURG","og_description":"Une note consacr\u00e9e au minist\u00e8re de la Culture estime en particulier que \u00ables financements publics massifs\u00bb pour le spectacle vivant doivent \u00eatre r\u00e9form\u00e9s. Source \/ Lire la suite : La Cour des comptes \u00e9trille la Culture et sa politique de \u00absaupoudrage\u00bb des subventions L\u2019article La Cour des comptes \u00e9trille la Culture et sa politique de \u00absaupoudrage\u00bb des subventions est apparu en premier sur POP B\u00dcRO.","og_url":"https:\/\/hierostrasbourg.com\/index.php\/2021\/12\/14\/la-cour-des-comptes-etrille-la-culture-et-sa-politique-de-saupoudrage-des-subventions\/","og_site_name":"HIERO STRASBOURG","article_publisher":"https:\/\/www.facebook.com\/fedehierostrasbourg","article_published_time":"2021-12-14T13:19:00+00:00","twitter_card":"summary_large_image","twitter_creator":"@hierostrasbourg","twitter_site":"@hierostrasbourg","schema":{"@context":"https:\/\/schema.org","@graph":[{"@type":"Article","@id":"https:\/\/hierostrasbourg.com\/index.php\/2021\/12\/14\/la-cour-des-comptes-etrille-la-culture-et-sa-politique-de-saupoudrage-des-subventions\/#article","isPartOf":{"@id":"https:\/\/hierostrasbourg.com\/index.php\/2021\/12\/14\/la-cour-des-comptes-etrille-la-culture-et-sa-politique-de-saupoudrage-des-subventions\/"},"author":{"name":"","@id":""},"headline":"La Cour des comptes \u00e9trille la Culture et sa politique de \u00absaupoudrage\u00bb des subventions","datePublished":"2021-12-14T13:19:00+00:00","mainEntityOfPage":{"@id":"https:\/\/hierostrasbourg.com\/index.php\/2021\/12\/14\/la-cour-des-comptes-etrille-la-culture-et-sa-politique-de-saupoudrage-des-subventions\/"},"wordCount":83,"publisher":{"@id":"https:\/\/hierostrasbourg.com\/#organization"},"inLanguage":"fr-FR"},{"@type":"WebPage","@id":"https:\/\/hierostrasbourg.com\/index.php\/2021\/12\/14\/la-cour-des-comptes-etrille-la-culture-et-sa-politique-de-saupoudrage-des-subventions\/","url":"https:\/\/hierostrasbourg.com\/index.php\/2021\/12\/14\/la-cour-des-comptes-etrille-la-culture-et-sa-politique-de-saupoudrage-des-subventions\/","name":"La Cour des comptes \u00e9trille la Culture et sa politique de \u00absaupoudrage\u00bb des subventions - HIERO STRASBOURG","isPartOf":{"@id":"https:\/\/hierostrasbourg.com\/#website"},"datePublished":"2021-12-14T13:19:00+00:00","breadcrumb":{"@id":"https:\/\/hierostrasbourg.com\/index.php\/2021\/12\/14\/la-cour-des-comptes-etrille-la-culture-et-sa-politique-de-saupoudrage-des-subventions\/#breadcrumb"},"inLanguage":"fr-FR","potentialAction":[{"@type":"ReadAction","target":["https:\/\/hierostrasbourg.com\/index.php\/2021\/12\/14\/la-cour-des-comptes-etrille-la-culture-et-sa-politique-de-saupoudrage-des-subventions\/"]}]},{"@type":"BreadcrumbList","@id":"https:\/\/hierostrasbourg.com\/index.php\/2021\/12\/14\/la-cour-des-comptes-etrille-la-culture-et-sa-politique-de-saupoudrage-des-subventions\/#breadcrumb","itemListElement":[{"@type":"ListItem","position":1,"name":"Accueil","item":"https:\/\/hierostrasbourg.com\/"},{"@type":"ListItem","position":2,"name":"La Cour des comptes \u00e9trille la Culture et sa politique de \u00absaupoudrage\u00bb des subventions"}]},{"@type":"WebSite","@id":"https:\/\/hierostrasbourg.com\/#website","url":"https:\/\/hierostrasbourg.com\/","name":"HIERO STRASBOURG","description":"Centre de Ressources Musiques Actuelles","publisher":{"@id":"https:\/\/hierostrasbourg.com\/#organization"},"potentialAction":[{"@type":"SearchAction","target":{"@type":"EntryPoint","urlTemplate":"https:\/\/hierostrasbourg.com\/?s={search_term_string}"},"query-input":{"@type":"PropertyValueSpecification","valueRequired":true,"valueName":"search_term_string"}}],"inLanguage":"fr-FR"},{"@type":"Organization","@id":"https:\/\/hierostrasbourg.com\/#organization","name":"F\u00e9d\u00e9ration Hi\u00e9ro Strasbourg","url":"https:\/\/hierostrasbourg.com\/","logo":{"@type":"ImageObject","inLanguage":"fr-FR","@id":"https:\/\/hierostrasbourg.com\/#\/schema\/logo\/image\/","url":"https:\/\/hierostrasbourg.com\/wp-content\/uploads\/2026\/04\/logo-hiero-strasbourg.jpg","contentUrl":"https:\/\/hierostrasbourg.com\/wp-content\/uploads\/2026\/04\/logo-hiero-strasbourg.jpg","width":204,"height":192,"caption":"F\u00e9d\u00e9ration Hi\u00e9ro Strasbourg"},"image":{"@id":"https:\/\/hierostrasbourg.com\/#\/schema\/logo\/image\/"},"sameAs":["https:\/\/www.facebook.com\/fedehierostrasbourg","https:\/\/x.com\/hierostrasbourg"]}]}},"_links":{"self":[{"href":"https:\/\/hierostrasbourg.com\/index.php\/wp-json\/wp\/v2\/posts\/1284","targetHints":{"allow":["GET"]}}],"collection":[{"href":"https:\/\/hierostrasbourg.com\/index.php\/wp-json\/wp\/v2\/posts"}],"about":[{"href":"https:\/\/hierostrasbourg.com\/index.php\/wp-json\/wp\/v2\/types\/post"}],"replies":[{"embeddable":true,"href":"https:\/\/hierostrasbourg.com\/index.php\/wp-json\/wp\/v2\/comments?post=1284"}],"version-history":[{"count":0,"href":"https:\/\/hierostrasbourg.com\/index.php\/wp-json\/wp\/v2\/posts\/1284\/revisions"}],"wp:attachment":[{"href":"https:\/\/hierostrasbourg.com\/index.php\/wp-json\/wp\/v2\/media?parent=1284"}],"wp:term":[{"taxonomy":"category","embeddable":true,"href":"https:\/\/hierostrasbourg.com\/index.php\/wp-json\/wp\/v2\/categories?post=1284"},{"taxonomy":"post_tag","embeddable":true,"href":"https:\/\/hierostrasbourg.com\/index.php\/wp-json\/wp\/v2\/tags?post=1284"}],"curies":[{"name":"wp","href":"https:\/\/api.w.org\/{rel}","templated":true}]}}