{"id":1277,"date":"2021-12-12T12:22:31","date_gmt":"2021-12-12T11:22:31","guid":{"rendered":"https:\/\/hierostrasbourg.com\/index.php\/2021\/12\/12\/appel-a-projets-plan-fanfares-et-orchestres-dharmonie-grand-est-2022\/"},"modified":"2021-12-12T12:22:31","modified_gmt":"2021-12-12T11:22:31","slug":"appel-a-projets-plan-fanfares-et-orchestres-dharmonie-grand-est-2022","status":"publish","type":"post","link":"https:\/\/hierostrasbourg.com\/index.php\/2021\/12\/12\/appel-a-projets-plan-fanfares-et-orchestres-dharmonie-grand-est-2022\/","title":{"rendered":"Appel \u00e0 projets : plan \u201cFanfares et orchestres d\u2019harmonie\u201d Grand Est \u2013 2022"},"content":{"rendered":"<p><span>communiqu\u00e9<\/span><\/p>\n<div class=\"story chapo\">\n<div class=\"excerpt\">\n<div class=\"ezrichtext-field\">\n<p><em><strong>Dans le cadre d\u2019un plan en faveur des fanfares et harmonies, le minist\u00e8re de la Culture lance un appel \u00e0 projets pour favoriser leur r\u00f4le dans la construction du lien social, et leur rayonnement dans les territoires.<\/strong><\/em><\/p>\n<\/div>\n<\/div>\n<\/div>\n<div class=\"ezrichtext-field\">\n<p><em>Pratique artistique et culturelle populaire, les fanfares et les harmonies f\u00e9d\u00e8rent des personnes de tous \u00e2ges et de tous horizons autour de projets musicaux partag\u00e9s. Ces soci\u00e9t\u00e9s musicales participent souvent aux diff\u00e9rents \u00e9v\u00e9nements organis\u00e9s par les communes et constituent une porte d\u2019entr\u00e9e \u00e0 l\u2019\u00e9veil musical, tout en contribuant \u00e0 l\u2019animation de la vie locale.<\/em><\/p>\n<p><em>L\u2019attention conjointe des minist\u00e8res de la Culture et de la Coh\u00e9sion des territoires et des Relations avec les collectivit\u00e9s locales se traduit par un plan sp\u00e9cifique men\u00e9 en concertation avec les quatre f\u00e9d\u00e9rations nationales partenaires (FSCF, CFBF, CMF et UFF).<\/em><br \/><em>Le plan en faveur des fanfares et des harmonies vise \u00e0 valoriser une pratique artistique et culturelle f\u00e9d\u00e9rant des personnes de tous \u00e2ges et tous horizons autour de projets musicaux communs. Il a ainsi pour objet de souligner leur r\u00f4le dans la construction du lien social et favoriser leur rayonnement dans les territoires.<\/em><\/p>\n<p><em>Dans un contexte de sortie progressive de crise sanitaire, il s\u2019agit aussi de contribuer \u00e0 la reprise d\u2019une pratique collective instrumentale de plein air, ainsi qu\u2019aux rassemblements interg\u00e9n\u00e9rationnels.<\/em><\/p>\n<h4><em><strong>1. Crit\u00e8res d\u2019<\/strong><strong>\u00e9ligibilit\u00e9<\/strong><\/em><\/h4>\n<p><em>Comme en 2021, le plan en faveur des fanfares et orchestres d\u2019harmonie soutient les projets d\u00e9pos\u00e9s par\u00a0:<\/em><\/p>\n<p><em><strong>les unions et f\u00e9d\u00e9rations d\u00e9partementales ou r\u00e9gionales\u00a0;<\/strong><\/em><br \/>\n<em><strong>les soci\u00e9t\u00e9s musicales affili\u00e9es ou non \u00e0 une f\u00e9d\u00e9ration\u00a0;<\/strong><\/em><br \/>\n<em><strong>les \u00e9coles de musiques associatives\u00a0;<\/strong><\/em><br \/>\n<em><strong>les fanfares \u00e9tudiantes.<\/strong><\/em><\/p>\n<p><em>Il cible en priorit\u00e9\u00a0:<\/em><\/p>\n<p><em>\u2013 les zones rurales et les territoires \u00e9loign\u00e9s de l\u2019offre culturelle\u00a0;<\/em><br \/><em>\u2013 l\u2019accompagnement des fanfares d\u2019amateurs en prenant en compte la diversit\u00e9 des esth\u00e9tiques<\/em><br \/><em>propres \u00e0 chaque territoire\u00a0;<\/em><br \/><em>\u2013 le d\u00e9veloppement ou le renforcement des partenariats avec les collectivit\u00e9s territoriales ;<\/em><br \/><em>\u2013 la participation des jeunes, dans une d\u00e9marche d\u2019apprentissage collectif de la musique.<\/em><\/p>\n<p><em>Les trois axes de ce plan reposent sur le soutien \u00e0 la formation, la reconnaissance et la visibilit\u00e9 des pratiques en amateur\u00a0:<\/em><\/p>\n<h5><em><strong>a) L\u2019accompagnement<\/strong><strong>\u00a0des artistes amateurs<\/strong><\/em><\/h5>\n<p><em>Soutenir des actions de formation des amateurs par une aide aux \u00e9coles associatives qui proposent un enseignement sp\u00e9cifique dans le cadre d\u2019un projet de d\u00e9veloppement et de structuration sur un territoire\u00a0;<\/em><br \/>\n<em>Qualifier la formation des encadrants en impulsant l\u2019organisation de stages permettant d\u2019approfondir leurs comp\u00e9tences artistiques, p\u00e9dagogiques et l\u2019acquisition de nouveaux r\u00e9pertoires.<\/em><\/p>\n<h5><em><strong>b) Le d\u00e9vel<\/strong><strong>oppement de partenariats et de collaborations<\/strong><\/em><\/h5>\n<p><em>Favoriser les rencontres inter-f\u00e9d\u00e9rations pour permettre de nourrir un dialogue f\u00e9cond entre chacune d\u2019entre elles, d\u00e9velopper un esprit de coop\u00e9ration et refl\u00e9ter des r\u00e9alit\u00e9s territoriales coh\u00e9rentes\u00a0;<\/em><br \/>\n<em>G\u00e9n\u00e9rer de nouveaux liens entre associations, avec les conservatoires et l\u2019ensemble des ressources artistiques et culturelles du territoire pour s\u2019inscrire \u00e0 la fois dans la globalit\u00e9 du champ des pratiques musicales et ouvrir l\u2019acc\u00e8s \u00e0 d\u2019autres champs artistiques (arts de la rue, d\u00e9ambulation\u2026).<\/em><br \/>\n<em>D\u00e9velopper des rencontres entre orchestres, dans une perspective d\u2019\u00e9change de r\u00e9pertoire ou de musiciens, en favorisant une dynamique d\u2019ouverture culturelle.<\/em><\/p>\n<h5><em><strong>c) L<\/strong><strong>e soutien aux initiatives rayonnant sur un territoire \u00e9largi<\/strong><\/em><\/h5>\n<p><em>Initier des projets qui sont amen\u00e9s \u00e0 int\u00e9grer la programmation ou le volet d\u2019accompagnement des pratiques en amateur d\u2019un ou plusieurs \u00e9tablissements culturels\u00a0;<\/em><br \/>\n<em>Accompagner la diffusion des fanfares dans le cadre d\u2019\u00e9v\u00e8nements li\u00e9s \u00e0 la participation \u00e0 la vie citoyenne et culturelle au-del\u00e0 de la seule commune d\u2019implantation\u00a0;<\/em><br \/>\n<em>D\u00e9velopper des projets associant sport et culture, notamment dans le cadre de la pr\u00e9paration des Olympiades culturelles (JO Paris 2024), pour valoriser et mettre en lumi\u00e8re les collectifs amateurs musicaux (trajet de la flamme).<\/em><\/p>\n<h4><em><strong>2. Modalit\u00e9s de\u00a0<\/strong><strong>candidature<\/strong><\/em><\/h4>\n<p><em>Les candidatures sont \u00e0 adresser \u00e0 la DRAC Grand Est,\u00a0<strong>sous format \u00e9lectronique, \u00e0 Nicole\u00a0Blondeau<\/strong>\u00a0:<\/em><\/p>\n<p><em><a href=\"mailto:nicole.blondeau@culture.gouv.fr\">nicole.blondeau[@]culture.gouv.fr<\/a><\/em><\/p>\n<p><em>T\u00e9l. 03 88 15 57 10, au plus tard le\u00a0: mardi 15 mars 2022<\/em><\/p>\n<h5><em>La demande de soutien est compos\u00e9e\u00a0:<\/em><\/h5>\n<p><em>\u2013\u00a0<strong>d\u2019une note d\u2019intention d\u00e9crivant le projet envisag\u00e9<\/strong>\u00a0(format libre)<\/em><br \/><em>\u2013<a href=\"https:\/\/www.service-public.fr\/associations\/vosdroits\/R1271\">\u00a0<strong>d\u2019un dossier cerfa de demande de subvention<\/strong><\/a>\u00a0<\/em><\/p>\n<p><em>L\u2019attribution des subventions sera op\u00e9r\u00e9e par l\u2019administration centrale du minist\u00e8re de la Culture, apr\u00e8s une premi\u00e8re phase d\u2019instruction en DRAC Grand Est.<\/em><\/p>\n<h4><em><strong>3. Soutien financier<\/strong><\/em><\/h4>\n<p><em>Le soutien du minist\u00e8re de la Culture ne peut porter exclusivement sur l\u2019achat d\u2019instruments de musique\u00a0: celui-ci est conditionn\u00e9 \u00e0 la mise en \u0153uvre d\u2019un projet artistique et culturel le justifiant.<\/em><\/p>\n<p><em>Les plafonds retenus sont les suivants\u00a0:<\/em><\/p>\n<p><em>pour les projets \u00e0\u00a0<strong>rayonnement r\u00e9gional ou d\u00e9partemental<\/strong>\u00a0: soutien \u00e0 hauteur de\u00a0<strong>50\u00a0% maximum<\/strong>\u00a0du budget global, avec un plafond de d\u00e9penses \u00e9ligibles de\u00a0<strong>20 000 \u20ac<\/strong>\u00a0;<\/em><br \/>\n<em>pour les\u00a0<strong>autres projets<\/strong>\u00a0: soutien plafonn\u00e9\u00a0\u00e0\u00a0<strong>10 000 \u20ac<\/strong>.<\/em><\/p>\n<h4><em><strong>4. Contacts \u00e0 la DRAC Grand Est<\/strong><\/em><\/h4>\n<p><em><strong>Pierre VOGLER<\/strong><\/em><br \/><em>conseiller pour les politiques interminist\u00e9rielles<\/em><br \/><em><a href=\"mailto:pierre.vogler@culture.gouv.fr\">pierre.vogler[@]culture.gouv.fr<\/a>\u00a0\u2013 06 27 26 12 82<\/em><\/p>\n<p><em><strong>Aur\u00e9lie ROGUIN<\/strong><\/em><br \/><em>conseill\u00e8re Musique et danse<\/em><br \/><em><a href=\"mailto:aurelie.roguin@culture.gouv.fr\">aurelie.roguin[@]culture.gouv.fr<\/a>\u00a0\u2013 03 26 70 36 69<\/em><\/p>\n<\/div>\n<p>L\u2019article <a href=\"https:\/\/popburo.fr\/appel-a-projets-plan-fanfares-et-orchestres-dharmonie-grand-est-2022\/\">Appel \u00e0 projets : plan \u201cFanfares et orchestres d\u2019harmonie\u201d Grand Est \u2013 2022<\/a> est apparu en premier sur <a href=\"https:\/\/popburo.fr\/\">POP B\u00dcRO<\/a>.<\/p>\n","protected":false},"excerpt":{"rendered":"<p>communiqu\u00e9 Dans le cadre d\u2019un plan en faveur des fanfares et harmonies, le minist\u00e8re de la Culture lance un appel \u00e0 projets pour favoriser leur r\u00f4le dans la construction du lien social, et leur rayonnement dans les territoires. Pratique artistique et culturelle populaire, les fanfares et les harmonies f\u00e9d\u00e8rent des personnes de tous \u00e2ges et de tous horizons autour de projets musicaux partag\u00e9s. Ces soci\u00e9t\u00e9s musicales participent souvent aux diff\u00e9rents \u00e9v\u00e9nements organis\u00e9s par les communes et constituent une porte d\u2019entr\u00e9e [&hellip;]<\/p>\n","protected":false},"author":0,"featured_media":0,"comment_status":"closed","ping_status":"open","sticky":false,"template":"","format":"standard","meta":{"footnotes":""},"categories":[1],"tags":[],"class_list":["post-1277","post","type-post","status-publish","format-standard","hentry","category-non-classe"],"yoast_head":"<!-- This site is optimized with the Yoast SEO plugin v27.5 - https:\/\/yoast.com\/product\/yoast-seo-wordpress\/ -->\n<title>Appel \u00e0 projets : plan \u201cFanfares et orchestres d\u2019harmonie\u201d Grand Est \u2013 2022 - HIERO STRASBOURG<\/title>\n<meta name=\"robots\" content=\"index, follow, max-snippet:-1, max-image-preview:large, max-video-preview:-1\" \/>\n<link rel=\"canonical\" href=\"https:\/\/hierostrasbourg.com\/index.php\/2021\/12\/12\/appel-a-projets-plan-fanfares-et-orchestres-dharmonie-grand-est-2022\/\" \/>\n<meta property=\"og:locale\" content=\"fr_FR\" \/>\n<meta property=\"og:type\" content=\"article\" \/>\n<meta property=\"og:title\" content=\"Appel \u00e0 projets : plan \u201cFanfares et orchestres d\u2019harmonie\u201d Grand Est \u2013 2022 - HIERO STRASBOURG\" \/>\n<meta property=\"og:description\" content=\"communiqu\u00e9 Dans le cadre d\u2019un plan en faveur des fanfares et harmonies, le minist\u00e8re de la Culture lance un appel \u00e0 projets pour favoriser leur r\u00f4le dans la construction du lien social, et leur rayonnement dans les territoires. Pratique artistique et culturelle populaire, les fanfares et les harmonies f\u00e9d\u00e8rent des personnes de tous \u00e2ges et de tous horizons autour de projets musicaux partag\u00e9s. Ces soci\u00e9t\u00e9s musicales participent souvent aux diff\u00e9rents \u00e9v\u00e9nements organis\u00e9s par les communes et constituent une porte d\u2019entr\u00e9e [&hellip;]\" \/>\n<meta property=\"og:url\" content=\"https:\/\/hierostrasbourg.com\/index.php\/2021\/12\/12\/appel-a-projets-plan-fanfares-et-orchestres-dharmonie-grand-est-2022\/\" \/>\n<meta property=\"og:site_name\" content=\"HIERO STRASBOURG\" \/>\n<meta property=\"article:publisher\" content=\"https:\/\/www.facebook.com\/fedehierostrasbourg\" \/>\n<meta property=\"article:published_time\" content=\"2021-12-12T11:22:31+00:00\" \/>\n<meta name=\"twitter:card\" content=\"summary_large_image\" \/>\n<meta name=\"twitter:creator\" content=\"@hierostrasbourg\" \/>\n<meta name=\"twitter:site\" content=\"@hierostrasbourg\" \/>\n<meta name=\"twitter:label1\" content=\"Dur\u00e9e de lecture estim\u00e9e\" \/>\n\t<meta name=\"twitter:data1\" content=\"4 minutes\" \/>\n<script type=\"application\/ld+json\" class=\"yoast-schema-graph\">{\"@context\":\"https:\\\/\\\/schema.org\",\"@graph\":[{\"@type\":\"Article\",\"@id\":\"https:\\\/\\\/hierostrasbourg.com\\\/index.php\\\/2021\\\/12\\\/12\\\/appel-a-projets-plan-fanfares-et-orchestres-dharmonie-grand-est-2022\\\/#article\",\"isPartOf\":{\"@id\":\"https:\\\/\\\/hierostrasbourg.com\\\/index.php\\\/2021\\\/12\\\/12\\\/appel-a-projets-plan-fanfares-et-orchestres-dharmonie-grand-est-2022\\\/\"},\"author\":{\"name\":\"\",\"@id\":\"\"},\"headline\":\"Appel \u00e0 projets : plan \u201cFanfares et orchestres d\u2019harmonie\u201d Grand Est \u2013 2022\",\"datePublished\":\"2021-12-12T11:22:31+00:00\",\"mainEntityOfPage\":{\"@id\":\"https:\\\/\\\/hierostrasbourg.com\\\/index.php\\\/2021\\\/12\\\/12\\\/appel-a-projets-plan-fanfares-et-orchestres-dharmonie-grand-est-2022\\\/\"},\"wordCount\":881,\"publisher\":{\"@id\":\"https:\\\/\\\/hierostrasbourg.com\\\/#organization\"},\"inLanguage\":\"fr-FR\"},{\"@type\":\"WebPage\",\"@id\":\"https:\\\/\\\/hierostrasbourg.com\\\/index.php\\\/2021\\\/12\\\/12\\\/appel-a-projets-plan-fanfares-et-orchestres-dharmonie-grand-est-2022\\\/\",\"url\":\"https:\\\/\\\/hierostrasbourg.com\\\/index.php\\\/2021\\\/12\\\/12\\\/appel-a-projets-plan-fanfares-et-orchestres-dharmonie-grand-est-2022\\\/\",\"name\":\"Appel \u00e0 projets : plan \u201cFanfares et orchestres d\u2019harmonie\u201d Grand Est \u2013 2022 - HIERO STRASBOURG\",\"isPartOf\":{\"@id\":\"https:\\\/\\\/hierostrasbourg.com\\\/#website\"},\"datePublished\":\"2021-12-12T11:22:31+00:00\",\"breadcrumb\":{\"@id\":\"https:\\\/\\\/hierostrasbourg.com\\\/index.php\\\/2021\\\/12\\\/12\\\/appel-a-projets-plan-fanfares-et-orchestres-dharmonie-grand-est-2022\\\/#breadcrumb\"},\"inLanguage\":\"fr-FR\",\"potentialAction\":[{\"@type\":\"ReadAction\",\"target\":[\"https:\\\/\\\/hierostrasbourg.com\\\/index.php\\\/2021\\\/12\\\/12\\\/appel-a-projets-plan-fanfares-et-orchestres-dharmonie-grand-est-2022\\\/\"]}]},{\"@type\":\"BreadcrumbList\",\"@id\":\"https:\\\/\\\/hierostrasbourg.com\\\/index.php\\\/2021\\\/12\\\/12\\\/appel-a-projets-plan-fanfares-et-orchestres-dharmonie-grand-est-2022\\\/#breadcrumb\",\"itemListElement\":[{\"@type\":\"ListItem\",\"position\":1,\"name\":\"Accueil\",\"item\":\"https:\\\/\\\/hierostrasbourg.com\\\/\"},{\"@type\":\"ListItem\",\"position\":2,\"name\":\"Appel \u00e0 projets : plan \u201cFanfares et orchestres d\u2019harmonie\u201d Grand Est \u2013 2022\"}]},{\"@type\":\"WebSite\",\"@id\":\"https:\\\/\\\/hierostrasbourg.com\\\/#website\",\"url\":\"https:\\\/\\\/hierostrasbourg.com\\\/\",\"name\":\"HIERO STRASBOURG\",\"description\":\"Centre de Ressources Musiques Actuelles\",\"publisher\":{\"@id\":\"https:\\\/\\\/hierostrasbourg.com\\\/#organization\"},\"potentialAction\":[{\"@type\":\"SearchAction\",\"target\":{\"@type\":\"EntryPoint\",\"urlTemplate\":\"https:\\\/\\\/hierostrasbourg.com\\\/?s={search_term_string}\"},\"query-input\":{\"@type\":\"PropertyValueSpecification\",\"valueRequired\":true,\"valueName\":\"search_term_string\"}}],\"inLanguage\":\"fr-FR\"},{\"@type\":\"Organization\",\"@id\":\"https:\\\/\\\/hierostrasbourg.com\\\/#organization\",\"name\":\"F\u00e9d\u00e9ration Hi\u00e9ro Strasbourg\",\"url\":\"https:\\\/\\\/hierostrasbourg.com\\\/\",\"logo\":{\"@type\":\"ImageObject\",\"inLanguage\":\"fr-FR\",\"@id\":\"https:\\\/\\\/hierostrasbourg.com\\\/#\\\/schema\\\/logo\\\/image\\\/\",\"url\":\"https:\\\/\\\/hierostrasbourg.com\\\/wp-content\\\/uploads\\\/2026\\\/04\\\/logo-hiero-strasbourg.jpg\",\"contentUrl\":\"https:\\\/\\\/hierostrasbourg.com\\\/wp-content\\\/uploads\\\/2026\\\/04\\\/logo-hiero-strasbourg.jpg\",\"width\":204,\"height\":192,\"caption\":\"F\u00e9d\u00e9ration Hi\u00e9ro Strasbourg\"},\"image\":{\"@id\":\"https:\\\/\\\/hierostrasbourg.com\\\/#\\\/schema\\\/logo\\\/image\\\/\"},\"sameAs\":[\"https:\\\/\\\/www.facebook.com\\\/fedehierostrasbourg\",\"https:\\\/\\\/x.com\\\/hierostrasbourg\"]}]}<\/script>\n<!-- \/ Yoast SEO plugin. -->","yoast_head_json":{"title":"Appel \u00e0 projets : plan \u201cFanfares et orchestres d\u2019harmonie\u201d Grand Est \u2013 2022 - HIERO STRASBOURG","robots":{"index":"index","follow":"follow","max-snippet":"max-snippet:-1","max-image-preview":"max-image-preview:large","max-video-preview":"max-video-preview:-1"},"canonical":"https:\/\/hierostrasbourg.com\/index.php\/2021\/12\/12\/appel-a-projets-plan-fanfares-et-orchestres-dharmonie-grand-est-2022\/","og_locale":"fr_FR","og_type":"article","og_title":"Appel \u00e0 projets : plan \u201cFanfares et orchestres d\u2019harmonie\u201d Grand Est \u2013 2022 - HIERO STRASBOURG","og_description":"communiqu\u00e9 Dans le cadre d\u2019un plan en faveur des fanfares et harmonies, le minist\u00e8re de la Culture lance un appel \u00e0 projets pour favoriser leur r\u00f4le dans la construction du lien social, et leur rayonnement dans les territoires. Pratique artistique et culturelle populaire, les fanfares et les harmonies f\u00e9d\u00e8rent des personnes de tous \u00e2ges et de tous horizons autour de projets musicaux partag\u00e9s. Ces soci\u00e9t\u00e9s musicales participent souvent aux diff\u00e9rents \u00e9v\u00e9nements organis\u00e9s par les communes et constituent une porte d\u2019entr\u00e9e [&hellip;]","og_url":"https:\/\/hierostrasbourg.com\/index.php\/2021\/12\/12\/appel-a-projets-plan-fanfares-et-orchestres-dharmonie-grand-est-2022\/","og_site_name":"HIERO STRASBOURG","article_publisher":"https:\/\/www.facebook.com\/fedehierostrasbourg","article_published_time":"2021-12-12T11:22:31+00:00","twitter_card":"summary_large_image","twitter_creator":"@hierostrasbourg","twitter_site":"@hierostrasbourg","twitter_misc":{"Dur\u00e9e de lecture estim\u00e9e":"4 minutes"},"schema":{"@context":"https:\/\/schema.org","@graph":[{"@type":"Article","@id":"https:\/\/hierostrasbourg.com\/index.php\/2021\/12\/12\/appel-a-projets-plan-fanfares-et-orchestres-dharmonie-grand-est-2022\/#article","isPartOf":{"@id":"https:\/\/hierostrasbourg.com\/index.php\/2021\/12\/12\/appel-a-projets-plan-fanfares-et-orchestres-dharmonie-grand-est-2022\/"},"author":{"name":"","@id":""},"headline":"Appel \u00e0 projets : plan \u201cFanfares et orchestres d\u2019harmonie\u201d Grand Est \u2013 2022","datePublished":"2021-12-12T11:22:31+00:00","mainEntityOfPage":{"@id":"https:\/\/hierostrasbourg.com\/index.php\/2021\/12\/12\/appel-a-projets-plan-fanfares-et-orchestres-dharmonie-grand-est-2022\/"},"wordCount":881,"publisher":{"@id":"https:\/\/hierostrasbourg.com\/#organization"},"inLanguage":"fr-FR"},{"@type":"WebPage","@id":"https:\/\/hierostrasbourg.com\/index.php\/2021\/12\/12\/appel-a-projets-plan-fanfares-et-orchestres-dharmonie-grand-est-2022\/","url":"https:\/\/hierostrasbourg.com\/index.php\/2021\/12\/12\/appel-a-projets-plan-fanfares-et-orchestres-dharmonie-grand-est-2022\/","name":"Appel \u00e0 projets : plan \u201cFanfares et orchestres d\u2019harmonie\u201d Grand Est \u2013 2022 - HIERO STRASBOURG","isPartOf":{"@id":"https:\/\/hierostrasbourg.com\/#website"},"datePublished":"2021-12-12T11:22:31+00:00","breadcrumb":{"@id":"https:\/\/hierostrasbourg.com\/index.php\/2021\/12\/12\/appel-a-projets-plan-fanfares-et-orchestres-dharmonie-grand-est-2022\/#breadcrumb"},"inLanguage":"fr-FR","potentialAction":[{"@type":"ReadAction","target":["https:\/\/hierostrasbourg.com\/index.php\/2021\/12\/12\/appel-a-projets-plan-fanfares-et-orchestres-dharmonie-grand-est-2022\/"]}]},{"@type":"BreadcrumbList","@id":"https:\/\/hierostrasbourg.com\/index.php\/2021\/12\/12\/appel-a-projets-plan-fanfares-et-orchestres-dharmonie-grand-est-2022\/#breadcrumb","itemListElement":[{"@type":"ListItem","position":1,"name":"Accueil","item":"https:\/\/hierostrasbourg.com\/"},{"@type":"ListItem","position":2,"name":"Appel \u00e0 projets : plan \u201cFanfares et orchestres d\u2019harmonie\u201d Grand Est \u2013 2022"}]},{"@type":"WebSite","@id":"https:\/\/hierostrasbourg.com\/#website","url":"https:\/\/hierostrasbourg.com\/","name":"HIERO STRASBOURG","description":"Centre de Ressources Musiques Actuelles","publisher":{"@id":"https:\/\/hierostrasbourg.com\/#organization"},"potentialAction":[{"@type":"SearchAction","target":{"@type":"EntryPoint","urlTemplate":"https:\/\/hierostrasbourg.com\/?s={search_term_string}"},"query-input":{"@type":"PropertyValueSpecification","valueRequired":true,"valueName":"search_term_string"}}],"inLanguage":"fr-FR"},{"@type":"Organization","@id":"https:\/\/hierostrasbourg.com\/#organization","name":"F\u00e9d\u00e9ration Hi\u00e9ro Strasbourg","url":"https:\/\/hierostrasbourg.com\/","logo":{"@type":"ImageObject","inLanguage":"fr-FR","@id":"https:\/\/hierostrasbourg.com\/#\/schema\/logo\/image\/","url":"https:\/\/hierostrasbourg.com\/wp-content\/uploads\/2026\/04\/logo-hiero-strasbourg.jpg","contentUrl":"https:\/\/hierostrasbourg.com\/wp-content\/uploads\/2026\/04\/logo-hiero-strasbourg.jpg","width":204,"height":192,"caption":"F\u00e9d\u00e9ration Hi\u00e9ro Strasbourg"},"image":{"@id":"https:\/\/hierostrasbourg.com\/#\/schema\/logo\/image\/"},"sameAs":["https:\/\/www.facebook.com\/fedehierostrasbourg","https:\/\/x.com\/hierostrasbourg"]}]}},"_links":{"self":[{"href":"https:\/\/hierostrasbourg.com\/index.php\/wp-json\/wp\/v2\/posts\/1277","targetHints":{"allow":["GET"]}}],"collection":[{"href":"https:\/\/hierostrasbourg.com\/index.php\/wp-json\/wp\/v2\/posts"}],"about":[{"href":"https:\/\/hierostrasbourg.com\/index.php\/wp-json\/wp\/v2\/types\/post"}],"replies":[{"embeddable":true,"href":"https:\/\/hierostrasbourg.com\/index.php\/wp-json\/wp\/v2\/comments?post=1277"}],"version-history":[{"count":0,"href":"https:\/\/hierostrasbourg.com\/index.php\/wp-json\/wp\/v2\/posts\/1277\/revisions"}],"wp:attachment":[{"href":"https:\/\/hierostrasbourg.com\/index.php\/wp-json\/wp\/v2\/media?parent=1277"}],"wp:term":[{"taxonomy":"category","embeddable":true,"href":"https:\/\/hierostrasbourg.com\/index.php\/wp-json\/wp\/v2\/categories?post=1277"},{"taxonomy":"post_tag","embeddable":true,"href":"https:\/\/hierostrasbourg.com\/index.php\/wp-json\/wp\/v2\/tags?post=1277"}],"curies":[{"name":"wp","href":"https:\/\/api.w.org\/{rel}","templated":true}]}}