{"id":1276,"date":"2021-12-12T12:22:31","date_gmt":"2021-12-12T11:22:31","guid":{"rendered":"https:\/\/hierostrasbourg.com\/index.php\/2021\/12\/12\/dispositif-de-compositeur-associe-dans-les-scenes-pluridisciplinaires-2022-grand-est\/"},"modified":"2021-12-12T12:22:31","modified_gmt":"2021-12-12T11:22:31","slug":"dispositif-de-compositeur-associe-dans-les-scenes-pluridisciplinaires-2022-grand-est","status":"publish","type":"post","link":"https:\/\/hierostrasbourg.com\/index.php\/2021\/12\/12\/dispositif-de-compositeur-associe-dans-les-scenes-pluridisciplinaires-2022-grand-est\/","title":{"rendered":"Dispositif de compositeur associ\u00e9 dans les sc\u00e8nes pluridisciplinaires 2022 \u2013 Grand Est"},"content":{"rendered":"<p><span>communiqu\u00e9<\/span><\/p>\n<div class=\"story chapo\">\n<p class=\"excerpt\"><em>Date limite de d\u00e9p\u00f4t du dossier : 27 f\u00e9vrier 2022.<\/em><br \/><em>L\u2019objectif de ce dispositif est de proposer aux directeurs de sc\u00e8nes pluridisciplinaires ou de sc\u00e8nes de cr\u00e9ation, non d\u00e9di\u00e9es exclusivement \u00e0 la musique, le cadre d\u2019une collaboration, d\u2019une dur\u00e9e de 2 ans, avec un compositeur, afin de contribuer \u00e0 l\u2019enrichissement de leurs activit\u00e9s artistiques et culturelles respectives.<\/em><\/p>\n<\/div>\n<div class=\"ezrichtext-field\">\n<p><em>Afin de renforcer la pr\u00e9sence d\u2019artistes et de cr\u00e9ateurs dans les \u00e9tablissements culturels et de favoriser la rencontre avec les artistes, le minist\u00e8re de la Culture (DGCA) en association avec la SACEM reconduit, en 2022, le dispositif de \u201ccompositeur associ\u00e9 dans les sc\u00e8nes pluridisciplinaires\u201d.<\/em><\/p>\n<h4><em>Les \u00e9tablissements concern\u00e9s<\/em><\/h4>\n<p><em>Les sc\u00e8nes pluridisciplinaires (sc\u00e8nes nationales, sc\u00e8nes conventionn\u00e9es, etc.) ou sc\u00e8nes de cr\u00e9ation non d\u00e9di\u00e9es exclusivement \u00e0 la musique (Centre Dramatique National, Centre Chor\u00e9graphique National, Centres culturel de rencontre, etc.) le cadre d\u2019une collaboration, d\u2019une dur\u00e9e de 2 ann\u00e9es, avec un compositeur afin de contribuer \u00e0 l\u2019enrichissement de leurs activit\u00e9s artistiques et culturelles respectives.<\/em><\/p>\n<h4><em>D\u00e9p\u00f4t des candidatures 2022<\/em><\/h4>\n<p><em>Les dossiers doivent \u00eatre transmis par voie \u00e9lectronique\u00a0<strong>au conseiller musique de la DRAC Grand Est g\u00e9ographiquement concern\u00e9\u00a0<\/strong>(voir contact ci-dessous), avec copie \u00e0 la DGCA et \u00e0 la SACEM (voir le dossier de candidature) au plus tard le dimanche 27<strong>\u00a0f\u00e9vrier 2022<\/strong>.<\/em><\/p>\n<p><em>La commission se d\u00e9roulera\u00a0<strong>fin mars 2022<\/strong>.<\/em><\/p>\n<p><em>L\u2019artiste associ\u00e9 et le directeur du lieu sont invit\u00e9s \u00e0 pr\u00e9senter leur demande devant un comit\u00e9 consultatif, compos\u00e9 de repr\u00e9sentants de la SACEM, des DRAC, de la DGCA ainsi que de personnalit\u00e9s qualifi\u00e9es. L\u2019administration se r\u00e9serve le droit d\u2019effectuer une pr\u00e9s\u00e9lection des dossiers en amont de la commission.<\/em><\/p>\n<h4><em>Montant de l\u2019aide<\/em><\/h4>\n<p><em>Le montant de l\u2019aide repr\u00e9sente 25 \u00a0000 \u20ac par ann\u00e9e, soit un financement global de 50 000 \u20ac sur les deux ann\u00e9es. Elle ne peut pas repr\u00e9senter la totalit\u00e9 des co\u00fbts du dispositif, d\u2019autres partenaires financiers \u00e9tant attendus.\u00a0<\/em><\/p>\n<\/div>\n<h2 class=\"section-title\"><em>Contacts Musique et Danse<\/em><\/h2>\n<div class=\"ezrichtext-field\">\n<h4><em><strong>Site de Strasbourg<\/strong><\/em><\/h4>\n<p><em><strong>Jean Verne\u00a0<\/strong>\u2013 conseiller musique et danse<\/em><br \/><em>jean.verne[at]culture.gouv.fr<\/em><\/p>\n<p><em><strong>Peggy Rougeaux\u00a0<\/strong>\u2013 assistante coordonnatrice<\/em><br \/><em>peggy.rougeaux[at]culture.gouv.fr<\/em><br \/><em>t\u00e9l. 03 88 15 56 95<\/em><br \/><em><strong>Val\u00e9rie Buchert<\/strong>\u00a0\u2013 assistante<\/em><br \/><em>valerie.buchert[at]culture.gouv.fr<\/em><br \/><em>t\u00e9l. 03 88 15 57 35<\/em><\/p>\n<h4><em><strong>Site de Ch\u00e2lons-en-Champagne<\/strong><\/em><\/h4>\n<p><em><strong>Aur\u00e9lie Roguin<\/strong>\u00a0\u2013 conseill\u00e8re musique et danse<\/em><br \/><em>aurelie.roguin[at]culture.gouv.fr<\/em><\/p>\n<p><em><strong>Marie-Claude Nicolas \u2013<\/strong>\u00a0assistante<\/em><br \/><em>marie-claude.nicolas[at]culture.gouv.fr<\/em><br \/><em>t\u00e9l. 03 26 70 36 99<\/em><\/p>\n<h4><em><strong>Site de Metz<\/strong><\/em><\/h4>\n<p><em><strong>Florence Forin<\/strong>\u00a0\u2013 conseill\u00e8re musique et danse (int\u00e9rim)<\/em><br \/><em>florence.forin[at]culture.gouv.fr<\/em><\/p>\n<p><em><strong>Anne Iacuzzo\u00a0<\/strong>\u2013 assistante<\/em><br \/><em>anne.iacuzzo[at]culture.gouv.fr<\/em><br \/><em>t\u00e9l. 03 87 56 41 07<\/em><\/p>\n<p>\u00a0<\/p>\n<\/div>\n<div class=\"story chapo\">\n<div class=\"excerpt\">\n<div class=\"ezrichtext-field\">\n<h2><em>Cahier des charges<\/em><\/h2>\n<\/div>\n<\/div>\n<\/div>\n<div class=\"ezrichtext-field\">\n<h4><em>Objectifs\u00a0<\/em><\/h4>\n<p><em>En 2005, le minist\u00e8re de la Culture\u00a0et la Sacem ont d\u00e9cid\u00e9 de cr\u00e9er un dispositif conjoint consistant en l\u2019association d\u2019un compositeur \u00e0 une sc\u00e8ne pluridisciplinaire. Il constitue une d\u00e9clinaison de la r\u00e9sidence d\u2019artiste associ\u00e9, dont les modalit\u00e9s sont d\u00e9crites dans la circulaire du 8 juin 2016 relative au soutien \u00e0 des artistes et \u00e0 des \u00e9quipes artistiques.<\/em><\/p>\n<p><em>Ce dispositif r\u00e9pond \u00e0 l\u2019objectif du minist\u00e8re de la Culture et de la Sacem visant \u00e0 renforcer la pr\u00e9sence durable d\u2019artistes et de cr\u00e9ateurs au sein des \u00e9tablissements culturels. Il doit permettre d\u2019am\u00e9liorer la place de la cr\u00e9ation musicale dans les r\u00e9seaux des sc\u00e8nes pluridisciplinaires ou sc\u00e8nes de cr\u00e9ation non d\u00e9di\u00e9es exclusivement \u00e0 la musique, en facilitant l\u2019acc\u00e8s des compositeurs aux outils et aux moyens de production et de diffusion. Il permet \u00e9galement de donner une place structurante de la musique \u00e0 moyen et long terme, non seulement pour la diffusion mais \u00e9galement la production et les actions d\u2019\u00e9ducation artistiques et culturelles. Enfin, ce dispositif vise \u00e0 favoriser, par la pr\u00e9sence et la m\u00e9diation d\u2019un cr\u00e9ateur, la rencontre entre les artistes, les \u0153uvres et le public.<\/em><\/p>\n<p><em>Son but est de proposer un cadre de collaboration partag\u00e9e entre un directeur de sc\u00e8ne pluridisciplinaire (sc\u00e8nes nationales, sc\u00e8nes conventionn\u00e9es, etc.) ou sc\u00e8ne de cr\u00e9ation non d\u00e9di\u00e9e exclusivement \u00e0 la musique (CDN, CCN, centres culturels de rencontre, etc.) et un compositeur, pour contribuer \u00e0 l\u2019enrichissement de leurs activit\u00e9s artistiques et culturelles respectives.<\/em><\/p>\n<p><em>Une attention est port\u00e9e \u00e0 la parit\u00e9 et \u00e0 l\u2019accompagnement de l\u2019\u00e9mergence des artistes associ\u00e9s.<\/em><\/p>\n<p><em>La Sacem qui d\u00e9veloppe un programme d\u2019aide aux r\u00e9sidences-associations qui r\u00e9pond aux m\u00eames objectifs, a souhait\u00e9 en mutualiser les ressources avec le minist\u00e8re de la culture pour en renforcer l\u2019efficacit\u00e9 et la lisibilit\u00e9. La Sacem contribue au projet musical, conform\u00e9ment aux obligations l\u00e9gales relatives au soutien \u00e0 la cr\u00e9ation musicale et \u00e0 la diffusion du spectacle vivant (article L.324-17 du CPI). Les soutiens allou\u00e9s par le minist\u00e8re de la Culture et la Sacem sont attribu\u00e9s sur la base d\u2019un dossier descriptif du projet et du budget aff\u00e9rent d\u00e9pos\u00e9 par la sc\u00e8ne qui accueille le compositeur.<\/em><\/p>\n<h4><em>Crit\u00e8res d\u2019\u00e9ligibilit\u00e9<\/em><\/h4>\n<p><em>Le lieu d\u00e9positaire de la demande doit \u00eatre un lieu pluridisciplinaire ou une sc\u00e8ne de cr\u00e9ation non d\u00e9di\u00e9e exclusivement \u00e0 la musique.<\/em><\/p>\n<p><em>A titre d\u00e9rogatoire pour les territoires d\u2019outre-mer, la demande peut \u00eatre d\u00e9pos\u00e9e par un lieu d\u00e9di\u00e9 \u00e0 la musique, sous r\u00e9serve qu\u2019il propose un partenariat avec un lieu pluridisciplinaire ou non exclusivement d\u00e9di\u00e9 \u00e0 la musique.<\/em><\/p>\n<p><em>Le lieu d\u00e9positaire ou le compositeur b\u00e9n\u00e9ficiaire ne doit pas avoir fait l\u2019objet d\u2019un financement au titre du dispositif\u00a0l\u2019ann\u00e9e ou la saison pr\u00e9c\u00e9dant la demande.<\/em><\/p>\n<h4><em>Contenu<\/em><\/h4>\n<p><em>L\u2019association d\u2019un compositeur ou d\u2019une compositrice \u00e0 une sc\u00e8ne pluridisciplinaire ou sc\u00e8ne de cr\u00e9ation non d\u00e9di\u00e9e exclusivement \u00e0 la musique doit donner lieu \u00e0 un partenariat sur une dur\u00e9e de deux saisons (correspondant \u00e0 deux ann\u00e9es budg\u00e9taires). Le compositeur\/la compositrice et le directeur de la sc\u00e8ne concern\u00e9e d\u00e9finissent en commun le projet artistique et culturel, les contenus, ainsi que les moyens humains, techniques et financiers n\u00e9cessaires, en partenariat avec des interpr\u00e8tes et\/ou ensembles et compagnies constitu\u00e9s.<\/em><\/p>\n<p><em>Ces \u00e9l\u00e9ments sont finalis\u00e9s dans une convention. Le temps de pr\u00e9sence et les modalit\u00e9s de participation du compositeur\/de la compositrice\u00a0y sont pr\u00e9cis\u00e9s.<\/em><\/p>\n<p><em>Le projet pr\u00e9sent\u00e9 doit d\u00e9velopper et enrichir les r\u00f4les respectifs du compositeur ou de la compositrice et de la sc\u00e8ne dans les domaines suivants \u00a0:<\/em><\/p>\n<p><em>Place de la musique dans la sc\u00e8ne : le compositeur\/la compositrice est associ\u00e9 \u00e0 l\u2019\u00e9quipe de direction de la sc\u00e8ne pour participer \u00e0 la programmation musicale du lieu.<\/em><br \/>\n<em>Programmation musicale \u00a0: Le lieu doit programmer plusieurs projets musicaux de l\u2019artiste associ\u00e9(e) au cours de sa saison.\u00a0<\/em><br \/>\n<em>Action culturelle \u00a0et \u00e9ducation artistique \u00a0: le compositeur\/la compositrice participe, en lien avec le service concern\u00e9 de la sc\u00e8ne, \u00e0 la d\u00e9finition et \u00e0 la r\u00e9alisation d\u2019actions culturelles, d\u2019\u00e9ducation artistique, de sensibilisation et de m\u00e9diation. Le projet doit faire intervenir les acteurs des secteurs \u00e9ducatif et social.\u00a0<\/em><br \/>\n<em>Partenariats \u00a0: le compositeur\/la compositrice et la sc\u00e8ne s\u2019attachent \u00e0 donner un rayonnement accru \u00e0 leur action commune en nouant des partenariats allant du local \u00e0 l\u2019international. La sc\u00e8ne doit trouver des partenariats de production et de diffusion au sein de son r\u00e9seau. Par ailleurs, le compositeur\/la compositrice, peut ouvrir la sc\u00e8ne au r\u00e9seau musical diversifi\u00e9 pr\u00e9sent sur le territoire (ensembles ind\u00e9pendants, orchestres, op\u00e9ras, Centre national de cr\u00e9ation musicale, festivals, conservatoires, p\u00f4les d\u2019enseignement sup\u00e9rieur spectacle vivant, etc.).<\/em><\/p>\n<h4><em>Moyens et budget<\/em><\/h4>\n<p><em>La sc\u00e8ne met \u00e0 disposition les moyens techniques, humains et financiers, n\u00e9cessaires \u00e0 la production des \u0153uvres. De plus, la sc\u00e8ne et le compositeur s\u2019attachent \u00e0 diffuser le plus largement possible ces \u0153uvres au travers de cessions, de coproductions et de partenariats avec d\u2019autres structures de diffusion. \u00a0La sc\u00e8ne doit \u00e9tablir un budget sp\u00e9cifique pr\u00e9cisant notamment la r\u00e9mun\u00e9ration du compositeur, les co\u00fbts directs artistiques et techniques, ainsi que l\u2019apport de la sc\u00e8ne et les contributions des autres partenaires publics et priv\u00e9s. La r\u00e9mun\u00e9ration du compositeur pour l\u2019ensemble des activit\u00e9s doit \u00eatre mentionn\u00e9e et d\u00e9taill\u00e9e dans le budget.\u00a0<\/em><\/p>\n<h4><em>Proc\u00e9dure<\/em><\/h4>\n<p><em>En amont du d\u00e9p\u00f4t de la demande, le responsable du lieu et le compositeur ou la compositrice doivent prendre l\u2019attache du conseiller\/de la conseill\u00e8re pour la musique de la DRAC concern\u00e9e.<\/em><\/p>\n<p><em>Le dossier de demande comporte une pr\u00e9sentation et une note d\u2019intention et contextuelle de la sc\u00e8ne et de l\u2019artiste associ\u00e9(e), le contenu du projet d\u2019association de l\u2019artiste \u00e0 la sc\u00e8ne, et enfin le budget sp\u00e9cifique sur 2 ann\u00e9es ainsi que le budget global de la sc\u00e8ne. Un dossier type est disponible sur demande aupr\u00e8s de la DRAC ou sur le site du minist\u00e8re de la Culture.<\/em><\/p>\n<p><em>Le dossier de demande est d\u00e9pos\u00e9 aupr\u00e8s du conseiller\/de la conseill\u00e8re musique de la DRAC concern\u00e9e, avec copie \u00e0 la DGCA \u2013 d\u00e9l\u00e9gation musique et \u00e0 la SACEM \u2013 direction de l\u2019action culturelle.<\/em><\/p>\n<p><em>L\u2019artiste associ\u00e9 et le directeur du lieu sont invit\u00e9s \u00e0 pr\u00e9senter leur demande devant un comit\u00e9 consultatif, compos\u00e9 de repr\u00e9sentants de la SACEM, des DRAC, de la DGCA ainsi que de personnalit\u00e9s qualifi\u00e9es.<\/em><br \/><em>L\u2019administration se r\u00e9serve le droit d\u2019effectuer une pr\u00e9s\u00e9lection des dossiers en amont de la commission.<\/em><\/p>\n<h4><em>Montant de l\u2019aide<\/em><\/h4>\n<p><em>Le montant de l\u2019aide repr\u00e9sente 25 \u00a0000 \u20ac par ann\u00e9e, soit un financement global de 50 \u00a0000 \u20ac sur les deux ann\u00e9es. Elle ne peut pas repr\u00e9senter la totalit\u00e9 des co\u00fbts du dispositif, d\u2019autres partenaires financiers \u00e9tant attendus.\u00a0<\/em><\/p>\n<h4><em>Evaluation<\/em><\/h4>\n<p><em>La collaboration entre le compositeur ou la compositrice et la sc\u00e8ne donne lieu \u00e0 l\u2019\u00e9tablissement d\u2019une convention de deux ans, et fait l\u2019objet d\u2019une \u00e9valuation \u00e0 mi-parcours et en fin de convention avec le conseiller ou la conseill\u00e8re musique, en pr\u00e9sence du responsable du lieu et du compositeur.<\/em><\/p>\n<h4><em>Calendrier 2022<\/em><\/h4>\n<p><em>Les dossiers doivent \u00eatre d\u00e9pos\u00e9s au plus tard le dimanche\u00a0<strong>27 f\u00e9vrier 2022<\/strong>.<\/em><br \/><em>La commission aura lieu\u00a0<strong>fin mars 2022<\/strong>.<\/em><\/p>\n<\/div>\n<p>L\u2019article <a href=\"https:\/\/popburo.fr\/dispositif-de-compositeur-associe-dans-les-scenes-pluridisciplinaires-2022-grand-est\/\">Dispositif de compositeur associ\u00e9 dans les sc\u00e8nes pluridisciplinaires 2022 \u2013 Grand Est<\/a> est apparu en premier sur <a href=\"https:\/\/popburo.fr\/\">POP B\u00dcRO<\/a>.<\/p>\n","protected":false},"excerpt":{"rendered":"<p>communiqu\u00e9 Date limite de d\u00e9p\u00f4t du dossier : 27 f\u00e9vrier 2022.L\u2019objectif de ce dispositif est de proposer aux directeurs de sc\u00e8nes pluridisciplinaires ou de sc\u00e8nes de cr\u00e9ation, non d\u00e9di\u00e9es exclusivement \u00e0 la musique, le cadre d\u2019une collaboration, d\u2019une dur\u00e9e de 2 ans, avec un compositeur, afin de contribuer \u00e0 l\u2019enrichissement de leurs activit\u00e9s artistiques et culturelles respectives. Afin de renforcer la pr\u00e9sence d\u2019artistes et de cr\u00e9ateurs dans les \u00e9tablissements culturels et de favoriser la rencontre avec les artistes, le minist\u00e8re [&hellip;]<\/p>\n","protected":false},"author":0,"featured_media":0,"comment_status":"closed","ping_status":"open","sticky":false,"template":"","format":"standard","meta":{"footnotes":""},"categories":[1],"tags":[],"class_list":["post-1276","post","type-post","status-publish","format-standard","hentry","category-non-classe"],"yoast_head":"<!-- This site is optimized with the Yoast SEO plugin v27.5 - https:\/\/yoast.com\/product\/yoast-seo-wordpress\/ -->\n<title>Dispositif de compositeur associ\u00e9 dans les sc\u00e8nes pluridisciplinaires 2022 \u2013 Grand Est - HIERO STRASBOURG<\/title>\n<meta name=\"robots\" content=\"index, follow, max-snippet:-1, max-image-preview:large, max-video-preview:-1\" \/>\n<link rel=\"canonical\" href=\"https:\/\/hierostrasbourg.com\/index.php\/2021\/12\/12\/dispositif-de-compositeur-associe-dans-les-scenes-pluridisciplinaires-2022-grand-est\/\" \/>\n<meta property=\"og:locale\" content=\"fr_FR\" \/>\n<meta property=\"og:type\" content=\"article\" \/>\n<meta property=\"og:title\" content=\"Dispositif de compositeur associ\u00e9 dans les sc\u00e8nes pluridisciplinaires 2022 \u2013 Grand Est - HIERO STRASBOURG\" \/>\n<meta property=\"og:description\" content=\"communiqu\u00e9 Date limite de d\u00e9p\u00f4t du dossier : 27 f\u00e9vrier 2022.L\u2019objectif de ce dispositif est de proposer aux directeurs de sc\u00e8nes pluridisciplinaires ou de sc\u00e8nes de cr\u00e9ation, non d\u00e9di\u00e9es exclusivement \u00e0 la musique, le cadre d\u2019une collaboration, d\u2019une dur\u00e9e de 2 ans, avec un compositeur, afin de contribuer \u00e0 l\u2019enrichissement de leurs activit\u00e9s artistiques et culturelles respectives. Afin de renforcer la pr\u00e9sence d\u2019artistes et de cr\u00e9ateurs dans les \u00e9tablissements culturels et de favoriser la rencontre avec les artistes, le minist\u00e8re [&hellip;]\" \/>\n<meta property=\"og:url\" content=\"https:\/\/hierostrasbourg.com\/index.php\/2021\/12\/12\/dispositif-de-compositeur-associe-dans-les-scenes-pluridisciplinaires-2022-grand-est\/\" \/>\n<meta property=\"og:site_name\" content=\"HIERO STRASBOURG\" \/>\n<meta property=\"article:publisher\" content=\"https:\/\/www.facebook.com\/fedehierostrasbourg\" \/>\n<meta property=\"article:published_time\" content=\"2021-12-12T11:22:31+00:00\" \/>\n<meta name=\"twitter:card\" content=\"summary_large_image\" \/>\n<meta name=\"twitter:creator\" content=\"@hierostrasbourg\" \/>\n<meta name=\"twitter:site\" content=\"@hierostrasbourg\" \/>\n<meta name=\"twitter:label1\" content=\"Dur\u00e9e de lecture estim\u00e9e\" \/>\n\t<meta name=\"twitter:data1\" content=\"9 minutes\" \/>\n<script type=\"application\/ld+json\" class=\"yoast-schema-graph\">{\"@context\":\"https:\\\/\\\/schema.org\",\"@graph\":[{\"@type\":\"Article\",\"@id\":\"https:\\\/\\\/hierostrasbourg.com\\\/index.php\\\/2021\\\/12\\\/12\\\/dispositif-de-compositeur-associe-dans-les-scenes-pluridisciplinaires-2022-grand-est\\\/#article\",\"isPartOf\":{\"@id\":\"https:\\\/\\\/hierostrasbourg.com\\\/index.php\\\/2021\\\/12\\\/12\\\/dispositif-de-compositeur-associe-dans-les-scenes-pluridisciplinaires-2022-grand-est\\\/\"},\"author\":{\"name\":\"\",\"@id\":\"\"},\"headline\":\"Dispositif de compositeur associ\u00e9 dans les sc\u00e8nes pluridisciplinaires 2022 \u2013 Grand Est\",\"datePublished\":\"2021-12-12T11:22:31+00:00\",\"mainEntityOfPage\":{\"@id\":\"https:\\\/\\\/hierostrasbourg.com\\\/index.php\\\/2021\\\/12\\\/12\\\/dispositif-de-compositeur-associe-dans-les-scenes-pluridisciplinaires-2022-grand-est\\\/\"},\"wordCount\":1761,\"publisher\":{\"@id\":\"https:\\\/\\\/hierostrasbourg.com\\\/#organization\"},\"inLanguage\":\"fr-FR\"},{\"@type\":\"WebPage\",\"@id\":\"https:\\\/\\\/hierostrasbourg.com\\\/index.php\\\/2021\\\/12\\\/12\\\/dispositif-de-compositeur-associe-dans-les-scenes-pluridisciplinaires-2022-grand-est\\\/\",\"url\":\"https:\\\/\\\/hierostrasbourg.com\\\/index.php\\\/2021\\\/12\\\/12\\\/dispositif-de-compositeur-associe-dans-les-scenes-pluridisciplinaires-2022-grand-est\\\/\",\"name\":\"Dispositif de compositeur associ\u00e9 dans les sc\u00e8nes pluridisciplinaires 2022 \u2013 Grand Est - HIERO STRASBOURG\",\"isPartOf\":{\"@id\":\"https:\\\/\\\/hierostrasbourg.com\\\/#website\"},\"datePublished\":\"2021-12-12T11:22:31+00:00\",\"breadcrumb\":{\"@id\":\"https:\\\/\\\/hierostrasbourg.com\\\/index.php\\\/2021\\\/12\\\/12\\\/dispositif-de-compositeur-associe-dans-les-scenes-pluridisciplinaires-2022-grand-est\\\/#breadcrumb\"},\"inLanguage\":\"fr-FR\",\"potentialAction\":[{\"@type\":\"ReadAction\",\"target\":[\"https:\\\/\\\/hierostrasbourg.com\\\/index.php\\\/2021\\\/12\\\/12\\\/dispositif-de-compositeur-associe-dans-les-scenes-pluridisciplinaires-2022-grand-est\\\/\"]}]},{\"@type\":\"BreadcrumbList\",\"@id\":\"https:\\\/\\\/hierostrasbourg.com\\\/index.php\\\/2021\\\/12\\\/12\\\/dispositif-de-compositeur-associe-dans-les-scenes-pluridisciplinaires-2022-grand-est\\\/#breadcrumb\",\"itemListElement\":[{\"@type\":\"ListItem\",\"position\":1,\"name\":\"Accueil\",\"item\":\"https:\\\/\\\/hierostrasbourg.com\\\/\"},{\"@type\":\"ListItem\",\"position\":2,\"name\":\"Dispositif de compositeur associ\u00e9 dans les sc\u00e8nes pluridisciplinaires 2022 \u2013 Grand Est\"}]},{\"@type\":\"WebSite\",\"@id\":\"https:\\\/\\\/hierostrasbourg.com\\\/#website\",\"url\":\"https:\\\/\\\/hierostrasbourg.com\\\/\",\"name\":\"HIERO STRASBOURG\",\"description\":\"Centre de Ressources Musiques Actuelles\",\"publisher\":{\"@id\":\"https:\\\/\\\/hierostrasbourg.com\\\/#organization\"},\"potentialAction\":[{\"@type\":\"SearchAction\",\"target\":{\"@type\":\"EntryPoint\",\"urlTemplate\":\"https:\\\/\\\/hierostrasbourg.com\\\/?s={search_term_string}\"},\"query-input\":{\"@type\":\"PropertyValueSpecification\",\"valueRequired\":true,\"valueName\":\"search_term_string\"}}],\"inLanguage\":\"fr-FR\"},{\"@type\":\"Organization\",\"@id\":\"https:\\\/\\\/hierostrasbourg.com\\\/#organization\",\"name\":\"F\u00e9d\u00e9ration Hi\u00e9ro Strasbourg\",\"url\":\"https:\\\/\\\/hierostrasbourg.com\\\/\",\"logo\":{\"@type\":\"ImageObject\",\"inLanguage\":\"fr-FR\",\"@id\":\"https:\\\/\\\/hierostrasbourg.com\\\/#\\\/schema\\\/logo\\\/image\\\/\",\"url\":\"https:\\\/\\\/hierostrasbourg.com\\\/wp-content\\\/uploads\\\/2026\\\/04\\\/logo-hiero-strasbourg.jpg\",\"contentUrl\":\"https:\\\/\\\/hierostrasbourg.com\\\/wp-content\\\/uploads\\\/2026\\\/04\\\/logo-hiero-strasbourg.jpg\",\"width\":204,\"height\":192,\"caption\":\"F\u00e9d\u00e9ration Hi\u00e9ro Strasbourg\"},\"image\":{\"@id\":\"https:\\\/\\\/hierostrasbourg.com\\\/#\\\/schema\\\/logo\\\/image\\\/\"},\"sameAs\":[\"https:\\\/\\\/www.facebook.com\\\/fedehierostrasbourg\",\"https:\\\/\\\/x.com\\\/hierostrasbourg\"]}]}<\/script>\n<!-- \/ Yoast SEO plugin. -->","yoast_head_json":{"title":"Dispositif de compositeur associ\u00e9 dans les sc\u00e8nes pluridisciplinaires 2022 \u2013 Grand Est - HIERO STRASBOURG","robots":{"index":"index","follow":"follow","max-snippet":"max-snippet:-1","max-image-preview":"max-image-preview:large","max-video-preview":"max-video-preview:-1"},"canonical":"https:\/\/hierostrasbourg.com\/index.php\/2021\/12\/12\/dispositif-de-compositeur-associe-dans-les-scenes-pluridisciplinaires-2022-grand-est\/","og_locale":"fr_FR","og_type":"article","og_title":"Dispositif de compositeur associ\u00e9 dans les sc\u00e8nes pluridisciplinaires 2022 \u2013 Grand Est - HIERO STRASBOURG","og_description":"communiqu\u00e9 Date limite de d\u00e9p\u00f4t du dossier : 27 f\u00e9vrier 2022.L\u2019objectif de ce dispositif est de proposer aux directeurs de sc\u00e8nes pluridisciplinaires ou de sc\u00e8nes de cr\u00e9ation, non d\u00e9di\u00e9es exclusivement \u00e0 la musique, le cadre d\u2019une collaboration, d\u2019une dur\u00e9e de 2 ans, avec un compositeur, afin de contribuer \u00e0 l\u2019enrichissement de leurs activit\u00e9s artistiques et culturelles respectives. Afin de renforcer la pr\u00e9sence d\u2019artistes et de cr\u00e9ateurs dans les \u00e9tablissements culturels et de favoriser la rencontre avec les artistes, le minist\u00e8re [&hellip;]","og_url":"https:\/\/hierostrasbourg.com\/index.php\/2021\/12\/12\/dispositif-de-compositeur-associe-dans-les-scenes-pluridisciplinaires-2022-grand-est\/","og_site_name":"HIERO STRASBOURG","article_publisher":"https:\/\/www.facebook.com\/fedehierostrasbourg","article_published_time":"2021-12-12T11:22:31+00:00","twitter_card":"summary_large_image","twitter_creator":"@hierostrasbourg","twitter_site":"@hierostrasbourg","twitter_misc":{"Dur\u00e9e de lecture estim\u00e9e":"9 minutes"},"schema":{"@context":"https:\/\/schema.org","@graph":[{"@type":"Article","@id":"https:\/\/hierostrasbourg.com\/index.php\/2021\/12\/12\/dispositif-de-compositeur-associe-dans-les-scenes-pluridisciplinaires-2022-grand-est\/#article","isPartOf":{"@id":"https:\/\/hierostrasbourg.com\/index.php\/2021\/12\/12\/dispositif-de-compositeur-associe-dans-les-scenes-pluridisciplinaires-2022-grand-est\/"},"author":{"name":"","@id":""},"headline":"Dispositif de compositeur associ\u00e9 dans les sc\u00e8nes pluridisciplinaires 2022 \u2013 Grand Est","datePublished":"2021-12-12T11:22:31+00:00","mainEntityOfPage":{"@id":"https:\/\/hierostrasbourg.com\/index.php\/2021\/12\/12\/dispositif-de-compositeur-associe-dans-les-scenes-pluridisciplinaires-2022-grand-est\/"},"wordCount":1761,"publisher":{"@id":"https:\/\/hierostrasbourg.com\/#organization"},"inLanguage":"fr-FR"},{"@type":"WebPage","@id":"https:\/\/hierostrasbourg.com\/index.php\/2021\/12\/12\/dispositif-de-compositeur-associe-dans-les-scenes-pluridisciplinaires-2022-grand-est\/","url":"https:\/\/hierostrasbourg.com\/index.php\/2021\/12\/12\/dispositif-de-compositeur-associe-dans-les-scenes-pluridisciplinaires-2022-grand-est\/","name":"Dispositif de compositeur associ\u00e9 dans les sc\u00e8nes pluridisciplinaires 2022 \u2013 Grand Est - HIERO STRASBOURG","isPartOf":{"@id":"https:\/\/hierostrasbourg.com\/#website"},"datePublished":"2021-12-12T11:22:31+00:00","breadcrumb":{"@id":"https:\/\/hierostrasbourg.com\/index.php\/2021\/12\/12\/dispositif-de-compositeur-associe-dans-les-scenes-pluridisciplinaires-2022-grand-est\/#breadcrumb"},"inLanguage":"fr-FR","potentialAction":[{"@type":"ReadAction","target":["https:\/\/hierostrasbourg.com\/index.php\/2021\/12\/12\/dispositif-de-compositeur-associe-dans-les-scenes-pluridisciplinaires-2022-grand-est\/"]}]},{"@type":"BreadcrumbList","@id":"https:\/\/hierostrasbourg.com\/index.php\/2021\/12\/12\/dispositif-de-compositeur-associe-dans-les-scenes-pluridisciplinaires-2022-grand-est\/#breadcrumb","itemListElement":[{"@type":"ListItem","position":1,"name":"Accueil","item":"https:\/\/hierostrasbourg.com\/"},{"@type":"ListItem","position":2,"name":"Dispositif de compositeur associ\u00e9 dans les sc\u00e8nes pluridisciplinaires 2022 \u2013 Grand Est"}]},{"@type":"WebSite","@id":"https:\/\/hierostrasbourg.com\/#website","url":"https:\/\/hierostrasbourg.com\/","name":"HIERO STRASBOURG","description":"Centre de Ressources Musiques Actuelles","publisher":{"@id":"https:\/\/hierostrasbourg.com\/#organization"},"potentialAction":[{"@type":"SearchAction","target":{"@type":"EntryPoint","urlTemplate":"https:\/\/hierostrasbourg.com\/?s={search_term_string}"},"query-input":{"@type":"PropertyValueSpecification","valueRequired":true,"valueName":"search_term_string"}}],"inLanguage":"fr-FR"},{"@type":"Organization","@id":"https:\/\/hierostrasbourg.com\/#organization","name":"F\u00e9d\u00e9ration Hi\u00e9ro Strasbourg","url":"https:\/\/hierostrasbourg.com\/","logo":{"@type":"ImageObject","inLanguage":"fr-FR","@id":"https:\/\/hierostrasbourg.com\/#\/schema\/logo\/image\/","url":"https:\/\/hierostrasbourg.com\/wp-content\/uploads\/2026\/04\/logo-hiero-strasbourg.jpg","contentUrl":"https:\/\/hierostrasbourg.com\/wp-content\/uploads\/2026\/04\/logo-hiero-strasbourg.jpg","width":204,"height":192,"caption":"F\u00e9d\u00e9ration Hi\u00e9ro Strasbourg"},"image":{"@id":"https:\/\/hierostrasbourg.com\/#\/schema\/logo\/image\/"},"sameAs":["https:\/\/www.facebook.com\/fedehierostrasbourg","https:\/\/x.com\/hierostrasbourg"]}]}},"_links":{"self":[{"href":"https:\/\/hierostrasbourg.com\/index.php\/wp-json\/wp\/v2\/posts\/1276","targetHints":{"allow":["GET"]}}],"collection":[{"href":"https:\/\/hierostrasbourg.com\/index.php\/wp-json\/wp\/v2\/posts"}],"about":[{"href":"https:\/\/hierostrasbourg.com\/index.php\/wp-json\/wp\/v2\/types\/post"}],"replies":[{"embeddable":true,"href":"https:\/\/hierostrasbourg.com\/index.php\/wp-json\/wp\/v2\/comments?post=1276"}],"version-history":[{"count":0,"href":"https:\/\/hierostrasbourg.com\/index.php\/wp-json\/wp\/v2\/posts\/1276\/revisions"}],"wp:attachment":[{"href":"https:\/\/hierostrasbourg.com\/index.php\/wp-json\/wp\/v2\/media?parent=1276"}],"wp:term":[{"taxonomy":"category","embeddable":true,"href":"https:\/\/hierostrasbourg.com\/index.php\/wp-json\/wp\/v2\/categories?post=1276"},{"taxonomy":"post_tag","embeddable":true,"href":"https:\/\/hierostrasbourg.com\/index.php\/wp-json\/wp\/v2\/tags?post=1276"}],"curies":[{"name":"wp","href":"https:\/\/api.w.org\/{rel}","templated":true}]}}