{"id":1270,"date":"2021-12-11T21:20:10","date_gmt":"2021-12-11T20:20:10","guid":{"rendered":"https:\/\/hierostrasbourg.com\/index.php\/2021\/12\/11\/rat-race-nouvel-ep-de-mais-sin-electrodub-strasbourg\/"},"modified":"2021-12-11T21:20:10","modified_gmt":"2021-12-11T20:20:10","slug":"rat-race-nouvel-ep-de-mais-sin-electrodub-strasbourg","status":"publish","type":"post","link":"https:\/\/hierostrasbourg.com\/index.php\/2021\/12\/11\/rat-race-nouvel-ep-de-mais-sin-electrodub-strasbourg\/","title":{"rendered":"\u201cRat Race\u201d, nouvel EP de MAIS &amp; SIN [\u00e9l\u00e9ctrodub \/ Strasbourg]"},"content":{"rendered":"<p><span>communiqu\u00e9<\/span><\/p>\n<p><em>Suite \u00e0 la sortie du\u00a0 vinyle \u201cRat Race\u201ddes producteurs Ma\u00efs et Sin en featuring avec Junir Dread et Tribuman\u00a0en mai 2020, Antipod Records a le plaisir de vous pr\u00e9senter un EP de 4 remixs issus de cette collaboration.<\/em><br \/><em>Vous y trouverez un remix dub-roots par Subactive Sound System, un remix deep-dubstep par Illektr\u00e9, un remix orient\u00e9 \u00e9l\u00e9ctrodub par Bandikoot in Dub et pour finir un remix drum\u2019n bass par Jaek du label Antipod.<\/em><\/p>\n<p><a href=\"https:\/\/www.facebook.com\/antipodrecords\/\">facebook<\/a><\/p>\n<p><a href=\"https:\/\/antipodrecords.bandcamp.com\/album\/rat-race-remix-ep\">\u201cRat Race\u201d Remix EP by Junior Dread, Subactive, Illektr\u00e9, Bandikoot in Dub, Jaek,Tribuman, Ma\u00efs &amp; Sin<\/a><\/p>\n<p>L\u2019article <a href=\"https:\/\/popburo.fr\/rat-race-nouvel-ep-de-mais-sin-electrodub-strasbourg\/\">\u201cRat Race\u201d, nouvel EP de MAIS &amp; SIN [\u00e9l\u00e9ctrodub \/ Strasbourg]<\/a> est apparu en premier sur <a href=\"https:\/\/popburo.fr\/\">POP B\u00dcRO<\/a>.<\/p>\n","protected":false},"excerpt":{"rendered":"<p>communiqu\u00e9 Suite \u00e0 la sortie du\u00a0 vinyle \u201cRat Race\u201ddes producteurs Ma\u00efs et Sin en featuring avec Junir Dread et Tribuman\u00a0en mai 2020, Antipod Records a le plaisir de vous pr\u00e9senter un EP de 4 remixs issus de cette collaboration.Vous y trouverez un remix dub-roots par Subactive Sound System, un remix deep-dubstep par Illektr\u00e9, un remix orient\u00e9 \u00e9l\u00e9ctrodub par Bandikoot in Dub et pour finir un remix drum\u2019n bass par Jaek du label Antipod. facebook \u201cRat Race\u201d Remix EP by Junior [&hellip;]<\/p>\n","protected":false},"author":0,"featured_media":0,"comment_status":"closed","ping_status":"open","sticky":false,"template":"","format":"standard","meta":{"footnotes":""},"categories":[1],"tags":[],"class_list":["post-1270","post","type-post","status-publish","format-standard","hentry","category-non-classe"],"yoast_head":"<!-- This site is optimized with the Yoast SEO plugin v27.5 - https:\/\/yoast.com\/product\/yoast-seo-wordpress\/ -->\n<title>\u201cRat Race\u201d, nouvel EP de MAIS &amp; SIN [\u00e9l\u00e9ctrodub \/ Strasbourg] - HIERO STRASBOURG<\/title>\n<meta name=\"robots\" content=\"index, follow, max-snippet:-1, max-image-preview:large, max-video-preview:-1\" \/>\n<link rel=\"canonical\" href=\"https:\/\/hierostrasbourg.com\/index.php\/2021\/12\/11\/rat-race-nouvel-ep-de-mais-sin-electrodub-strasbourg\/\" \/>\n<meta property=\"og:locale\" content=\"fr_FR\" \/>\n<meta property=\"og:type\" content=\"article\" \/>\n<meta property=\"og:title\" content=\"\u201cRat Race\u201d, nouvel EP de MAIS &amp; SIN [\u00e9l\u00e9ctrodub \/ Strasbourg] - HIERO STRASBOURG\" \/>\n<meta property=\"og:description\" content=\"communiqu\u00e9 Suite \u00e0 la sortie du\u00a0 vinyle \u201cRat Race\u201ddes producteurs Ma\u00efs et Sin en featuring avec Junir Dread et Tribuman\u00a0en mai 2020, Antipod Records a le plaisir de vous pr\u00e9senter un EP de 4 remixs issus de cette collaboration.Vous y trouverez un remix dub-roots par Subactive Sound System, un remix deep-dubstep par Illektr\u00e9, un remix orient\u00e9 \u00e9l\u00e9ctrodub par Bandikoot in Dub et pour finir un remix drum\u2019n bass par Jaek du label Antipod. facebook \u201cRat Race\u201d Remix EP by Junior [&hellip;]\" \/>\n<meta property=\"og:url\" content=\"https:\/\/hierostrasbourg.com\/index.php\/2021\/12\/11\/rat-race-nouvel-ep-de-mais-sin-electrodub-strasbourg\/\" \/>\n<meta property=\"og:site_name\" content=\"HIERO STRASBOURG\" \/>\n<meta property=\"article:publisher\" content=\"https:\/\/www.facebook.com\/fedehierostrasbourg\" \/>\n<meta property=\"article:published_time\" content=\"2021-12-11T20:20:10+00:00\" \/>\n<meta name=\"twitter:card\" content=\"summary_large_image\" \/>\n<meta name=\"twitter:creator\" content=\"@hierostrasbourg\" \/>\n<meta name=\"twitter:site\" content=\"@hierostrasbourg\" \/>\n<meta name=\"twitter:label1\" content=\"Dur\u00e9e de lecture estim\u00e9e\" \/>\n\t<meta name=\"twitter:data1\" content=\"1 minute\" \/>\n<script type=\"application\/ld+json\" class=\"yoast-schema-graph\">{\"@context\":\"https:\\\/\\\/schema.org\",\"@graph\":[{\"@type\":\"Article\",\"@id\":\"https:\\\/\\\/hierostrasbourg.com\\\/index.php\\\/2021\\\/12\\\/11\\\/rat-race-nouvel-ep-de-mais-sin-electrodub-strasbourg\\\/#article\",\"isPartOf\":{\"@id\":\"https:\\\/\\\/hierostrasbourg.com\\\/index.php\\\/2021\\\/12\\\/11\\\/rat-race-nouvel-ep-de-mais-sin-electrodub-strasbourg\\\/\"},\"author\":{\"name\":\"\",\"@id\":\"\"},\"headline\":\"\u201cRat Race\u201d, nouvel EP de MAIS &amp; SIN [\u00e9l\u00e9ctrodub \\\/ Strasbourg]\",\"datePublished\":\"2021-12-11T20:20:10+00:00\",\"mainEntityOfPage\":{\"@id\":\"https:\\\/\\\/hierostrasbourg.com\\\/index.php\\\/2021\\\/12\\\/11\\\/rat-race-nouvel-ep-de-mais-sin-electrodub-strasbourg\\\/\"},\"wordCount\":128,\"publisher\":{\"@id\":\"https:\\\/\\\/hierostrasbourg.com\\\/#organization\"},\"inLanguage\":\"fr-FR\"},{\"@type\":\"WebPage\",\"@id\":\"https:\\\/\\\/hierostrasbourg.com\\\/index.php\\\/2021\\\/12\\\/11\\\/rat-race-nouvel-ep-de-mais-sin-electrodub-strasbourg\\\/\",\"url\":\"https:\\\/\\\/hierostrasbourg.com\\\/index.php\\\/2021\\\/12\\\/11\\\/rat-race-nouvel-ep-de-mais-sin-electrodub-strasbourg\\\/\",\"name\":\"\u201cRat Race\u201d, nouvel EP de MAIS &amp; SIN [\u00e9l\u00e9ctrodub \\\/ Strasbourg] - HIERO STRASBOURG\",\"isPartOf\":{\"@id\":\"https:\\\/\\\/hierostrasbourg.com\\\/#website\"},\"datePublished\":\"2021-12-11T20:20:10+00:00\",\"breadcrumb\":{\"@id\":\"https:\\\/\\\/hierostrasbourg.com\\\/index.php\\\/2021\\\/12\\\/11\\\/rat-race-nouvel-ep-de-mais-sin-electrodub-strasbourg\\\/#breadcrumb\"},\"inLanguage\":\"fr-FR\",\"potentialAction\":[{\"@type\":\"ReadAction\",\"target\":[\"https:\\\/\\\/hierostrasbourg.com\\\/index.php\\\/2021\\\/12\\\/11\\\/rat-race-nouvel-ep-de-mais-sin-electrodub-strasbourg\\\/\"]}]},{\"@type\":\"BreadcrumbList\",\"@id\":\"https:\\\/\\\/hierostrasbourg.com\\\/index.php\\\/2021\\\/12\\\/11\\\/rat-race-nouvel-ep-de-mais-sin-electrodub-strasbourg\\\/#breadcrumb\",\"itemListElement\":[{\"@type\":\"ListItem\",\"position\":1,\"name\":\"Accueil\",\"item\":\"https:\\\/\\\/hierostrasbourg.com\\\/\"},{\"@type\":\"ListItem\",\"position\":2,\"name\":\"\u201cRat Race\u201d, nouvel EP de MAIS &amp; SIN [\u00e9l\u00e9ctrodub \\\/ Strasbourg]\"}]},{\"@type\":\"WebSite\",\"@id\":\"https:\\\/\\\/hierostrasbourg.com\\\/#website\",\"url\":\"https:\\\/\\\/hierostrasbourg.com\\\/\",\"name\":\"HIERO STRASBOURG\",\"description\":\"Centre de Ressources Musiques Actuelles\",\"publisher\":{\"@id\":\"https:\\\/\\\/hierostrasbourg.com\\\/#organization\"},\"potentialAction\":[{\"@type\":\"SearchAction\",\"target\":{\"@type\":\"EntryPoint\",\"urlTemplate\":\"https:\\\/\\\/hierostrasbourg.com\\\/?s={search_term_string}\"},\"query-input\":{\"@type\":\"PropertyValueSpecification\",\"valueRequired\":true,\"valueName\":\"search_term_string\"}}],\"inLanguage\":\"fr-FR\"},{\"@type\":\"Organization\",\"@id\":\"https:\\\/\\\/hierostrasbourg.com\\\/#organization\",\"name\":\"F\u00e9d\u00e9ration Hi\u00e9ro Strasbourg\",\"url\":\"https:\\\/\\\/hierostrasbourg.com\\\/\",\"logo\":{\"@type\":\"ImageObject\",\"inLanguage\":\"fr-FR\",\"@id\":\"https:\\\/\\\/hierostrasbourg.com\\\/#\\\/schema\\\/logo\\\/image\\\/\",\"url\":\"https:\\\/\\\/hierostrasbourg.com\\\/wp-content\\\/uploads\\\/2026\\\/04\\\/logo-hiero-strasbourg.jpg\",\"contentUrl\":\"https:\\\/\\\/hierostrasbourg.com\\\/wp-content\\\/uploads\\\/2026\\\/04\\\/logo-hiero-strasbourg.jpg\",\"width\":204,\"height\":192,\"caption\":\"F\u00e9d\u00e9ration Hi\u00e9ro Strasbourg\"},\"image\":{\"@id\":\"https:\\\/\\\/hierostrasbourg.com\\\/#\\\/schema\\\/logo\\\/image\\\/\"},\"sameAs\":[\"https:\\\/\\\/www.facebook.com\\\/fedehierostrasbourg\",\"https:\\\/\\\/x.com\\\/hierostrasbourg\"]}]}<\/script>\n<!-- \/ Yoast SEO plugin. -->","yoast_head_json":{"title":"\u201cRat Race\u201d, nouvel EP de MAIS &amp; SIN [\u00e9l\u00e9ctrodub \/ Strasbourg] - HIERO STRASBOURG","robots":{"index":"index","follow":"follow","max-snippet":"max-snippet:-1","max-image-preview":"max-image-preview:large","max-video-preview":"max-video-preview:-1"},"canonical":"https:\/\/hierostrasbourg.com\/index.php\/2021\/12\/11\/rat-race-nouvel-ep-de-mais-sin-electrodub-strasbourg\/","og_locale":"fr_FR","og_type":"article","og_title":"\u201cRat Race\u201d, nouvel EP de MAIS &amp; SIN [\u00e9l\u00e9ctrodub \/ Strasbourg] - HIERO STRASBOURG","og_description":"communiqu\u00e9 Suite \u00e0 la sortie du\u00a0 vinyle \u201cRat Race\u201ddes producteurs Ma\u00efs et Sin en featuring avec Junir Dread et Tribuman\u00a0en mai 2020, Antipod Records a le plaisir de vous pr\u00e9senter un EP de 4 remixs issus de cette collaboration.Vous y trouverez un remix dub-roots par Subactive Sound System, un remix deep-dubstep par Illektr\u00e9, un remix orient\u00e9 \u00e9l\u00e9ctrodub par Bandikoot in Dub et pour finir un remix drum\u2019n bass par Jaek du label Antipod. facebook \u201cRat Race\u201d Remix EP by Junior [&hellip;]","og_url":"https:\/\/hierostrasbourg.com\/index.php\/2021\/12\/11\/rat-race-nouvel-ep-de-mais-sin-electrodub-strasbourg\/","og_site_name":"HIERO STRASBOURG","article_publisher":"https:\/\/www.facebook.com\/fedehierostrasbourg","article_published_time":"2021-12-11T20:20:10+00:00","twitter_card":"summary_large_image","twitter_creator":"@hierostrasbourg","twitter_site":"@hierostrasbourg","twitter_misc":{"Dur\u00e9e de lecture estim\u00e9e":"1 minute"},"schema":{"@context":"https:\/\/schema.org","@graph":[{"@type":"Article","@id":"https:\/\/hierostrasbourg.com\/index.php\/2021\/12\/11\/rat-race-nouvel-ep-de-mais-sin-electrodub-strasbourg\/#article","isPartOf":{"@id":"https:\/\/hierostrasbourg.com\/index.php\/2021\/12\/11\/rat-race-nouvel-ep-de-mais-sin-electrodub-strasbourg\/"},"author":{"name":"","@id":""},"headline":"\u201cRat Race\u201d, nouvel EP de MAIS &amp; SIN [\u00e9l\u00e9ctrodub \/ Strasbourg]","datePublished":"2021-12-11T20:20:10+00:00","mainEntityOfPage":{"@id":"https:\/\/hierostrasbourg.com\/index.php\/2021\/12\/11\/rat-race-nouvel-ep-de-mais-sin-electrodub-strasbourg\/"},"wordCount":128,"publisher":{"@id":"https:\/\/hierostrasbourg.com\/#organization"},"inLanguage":"fr-FR"},{"@type":"WebPage","@id":"https:\/\/hierostrasbourg.com\/index.php\/2021\/12\/11\/rat-race-nouvel-ep-de-mais-sin-electrodub-strasbourg\/","url":"https:\/\/hierostrasbourg.com\/index.php\/2021\/12\/11\/rat-race-nouvel-ep-de-mais-sin-electrodub-strasbourg\/","name":"\u201cRat Race\u201d, nouvel EP de MAIS &amp; SIN [\u00e9l\u00e9ctrodub \/ Strasbourg] - HIERO STRASBOURG","isPartOf":{"@id":"https:\/\/hierostrasbourg.com\/#website"},"datePublished":"2021-12-11T20:20:10+00:00","breadcrumb":{"@id":"https:\/\/hierostrasbourg.com\/index.php\/2021\/12\/11\/rat-race-nouvel-ep-de-mais-sin-electrodub-strasbourg\/#breadcrumb"},"inLanguage":"fr-FR","potentialAction":[{"@type":"ReadAction","target":["https:\/\/hierostrasbourg.com\/index.php\/2021\/12\/11\/rat-race-nouvel-ep-de-mais-sin-electrodub-strasbourg\/"]}]},{"@type":"BreadcrumbList","@id":"https:\/\/hierostrasbourg.com\/index.php\/2021\/12\/11\/rat-race-nouvel-ep-de-mais-sin-electrodub-strasbourg\/#breadcrumb","itemListElement":[{"@type":"ListItem","position":1,"name":"Accueil","item":"https:\/\/hierostrasbourg.com\/"},{"@type":"ListItem","position":2,"name":"\u201cRat Race\u201d, nouvel EP de MAIS &amp; SIN [\u00e9l\u00e9ctrodub \/ Strasbourg]"}]},{"@type":"WebSite","@id":"https:\/\/hierostrasbourg.com\/#website","url":"https:\/\/hierostrasbourg.com\/","name":"HIERO STRASBOURG","description":"Centre de Ressources Musiques Actuelles","publisher":{"@id":"https:\/\/hierostrasbourg.com\/#organization"},"potentialAction":[{"@type":"SearchAction","target":{"@type":"EntryPoint","urlTemplate":"https:\/\/hierostrasbourg.com\/?s={search_term_string}"},"query-input":{"@type":"PropertyValueSpecification","valueRequired":true,"valueName":"search_term_string"}}],"inLanguage":"fr-FR"},{"@type":"Organization","@id":"https:\/\/hierostrasbourg.com\/#organization","name":"F\u00e9d\u00e9ration Hi\u00e9ro Strasbourg","url":"https:\/\/hierostrasbourg.com\/","logo":{"@type":"ImageObject","inLanguage":"fr-FR","@id":"https:\/\/hierostrasbourg.com\/#\/schema\/logo\/image\/","url":"https:\/\/hierostrasbourg.com\/wp-content\/uploads\/2026\/04\/logo-hiero-strasbourg.jpg","contentUrl":"https:\/\/hierostrasbourg.com\/wp-content\/uploads\/2026\/04\/logo-hiero-strasbourg.jpg","width":204,"height":192,"caption":"F\u00e9d\u00e9ration Hi\u00e9ro Strasbourg"},"image":{"@id":"https:\/\/hierostrasbourg.com\/#\/schema\/logo\/image\/"},"sameAs":["https:\/\/www.facebook.com\/fedehierostrasbourg","https:\/\/x.com\/hierostrasbourg"]}]}},"_links":{"self":[{"href":"https:\/\/hierostrasbourg.com\/index.php\/wp-json\/wp\/v2\/posts\/1270","targetHints":{"allow":["GET"]}}],"collection":[{"href":"https:\/\/hierostrasbourg.com\/index.php\/wp-json\/wp\/v2\/posts"}],"about":[{"href":"https:\/\/hierostrasbourg.com\/index.php\/wp-json\/wp\/v2\/types\/post"}],"replies":[{"embeddable":true,"href":"https:\/\/hierostrasbourg.com\/index.php\/wp-json\/wp\/v2\/comments?post=1270"}],"version-history":[{"count":0,"href":"https:\/\/hierostrasbourg.com\/index.php\/wp-json\/wp\/v2\/posts\/1270\/revisions"}],"wp:attachment":[{"href":"https:\/\/hierostrasbourg.com\/index.php\/wp-json\/wp\/v2\/media?parent=1270"}],"wp:term":[{"taxonomy":"category","embeddable":true,"href":"https:\/\/hierostrasbourg.com\/index.php\/wp-json\/wp\/v2\/categories?post=1270"},{"taxonomy":"post_tag","embeddable":true,"href":"https:\/\/hierostrasbourg.com\/index.php\/wp-json\/wp\/v2\/tags?post=1270"}],"curies":[{"name":"wp","href":"https:\/\/api.w.org\/{rel}","templated":true}]}}