{"id":1263,"date":"2021-12-08T10:20:52","date_gmt":"2021-12-08T09:20:52","guid":{"rendered":"https:\/\/hierostrasbourg.com\/index.php\/2021\/12\/08\/une-sociologie-des-techniciens-du-son\/"},"modified":"2021-12-08T10:20:52","modified_gmt":"2021-12-08T09:20:52","slug":"une-sociologie-des-techniciens-du-son","status":"publish","type":"post","link":"https:\/\/hierostrasbourg.com\/index.php\/2021\/12\/08\/une-sociologie-des-techniciens-du-son\/","title":{"rendered":"Une sociologie des techniciens du son"},"content":{"rendered":"<p><em>En dehors de quelques publications remarqu\u00e9es, les techniciens des mondes de l\u2019art, en tant que groupe social \u00e0 part enti\u00e8re, ont \u00e9t\u00e9 relativement ignor\u00e9s par les sciences sociales. Les travaux de Howard S. Becker ont conduit \u00e0 les qualifier g\u00e9n\u00e9ralement de \u00ab personnel de soutien \u00bb, impliquant que leur contribution \u00e0 la production artistique ou culturelle \u00e9tait auxiliaire et relativement priv\u00e9e d\u2019autonomie. Or, la production artistique et plus g\u00e9n\u00e9ralement culturelle tend \u00e0 \u00eatre m\u00e9diatis\u00e9e par l\u2019enregistrement du son et de l\u2019image, ce qui implique g\u00e9n\u00e9ralement l\u2019intervention d\u2019un ou plusieurs techniciens charg\u00e9s de cette proc\u00e9dure.<\/em><\/p>\n<p>Source \/ Lire la suite : <a href=\"https:\/\/printzblog.com\/2021\/12\/01\/une-sociologie-des-techniciens-du-son-making-the-show-go-on-andy-battentier\/\">Une sociologie des techniciens du son<\/a><\/p>\n<p>L\u2019article <a href=\"https:\/\/popburo.fr\/une-sociologie-des-techniciens-du-son\/\">Une sociologie des techniciens du son<\/a> est apparu en premier sur <a href=\"https:\/\/popburo.fr\/\">POP B\u00dcRO<\/a>.<\/p>\n","protected":false},"excerpt":{"rendered":"<p>En dehors de quelques publications remarqu\u00e9es, les techniciens des mondes de l\u2019art, en tant que groupe social \u00e0 part enti\u00e8re, ont \u00e9t\u00e9 relativement ignor\u00e9s par les sciences sociales. Les travaux de Howard S. Becker ont conduit \u00e0 les qualifier g\u00e9n\u00e9ralement de \u00ab personnel de soutien \u00bb, impliquant que leur contribution \u00e0 la production artistique ou culturelle \u00e9tait auxiliaire et relativement priv\u00e9e d\u2019autonomie. Or, la production artistique et plus g\u00e9n\u00e9ralement culturelle tend \u00e0 \u00eatre m\u00e9diatis\u00e9e par l\u2019enregistrement du son et de [&hellip;]<\/p>\n","protected":false},"author":0,"featured_media":0,"comment_status":"closed","ping_status":"open","sticky":false,"template":"","format":"standard","meta":{"footnotes":""},"categories":[1],"tags":[],"class_list":["post-1263","post","type-post","status-publish","format-standard","hentry","category-non-classe"],"yoast_head":"<!-- This site is optimized with the Yoast SEO plugin v27.5 - https:\/\/yoast.com\/product\/yoast-seo-wordpress\/ -->\n<title>Une sociologie des techniciens du son - HIERO STRASBOURG<\/title>\n<meta name=\"robots\" content=\"index, follow, max-snippet:-1, max-image-preview:large, max-video-preview:-1\" \/>\n<link rel=\"canonical\" href=\"https:\/\/hierostrasbourg.com\/index.php\/2021\/12\/08\/une-sociologie-des-techniciens-du-son\/\" \/>\n<meta property=\"og:locale\" content=\"fr_FR\" \/>\n<meta property=\"og:type\" content=\"article\" \/>\n<meta property=\"og:title\" content=\"Une sociologie des techniciens du son - HIERO STRASBOURG\" \/>\n<meta property=\"og:description\" content=\"En dehors de quelques publications remarqu\u00e9es, les techniciens des mondes de l\u2019art, en tant que groupe social \u00e0 part enti\u00e8re, ont \u00e9t\u00e9 relativement ignor\u00e9s par les sciences sociales. Les travaux de Howard S. Becker ont conduit \u00e0 les qualifier g\u00e9n\u00e9ralement de \u00ab personnel de soutien \u00bb, impliquant que leur contribution \u00e0 la production artistique ou culturelle \u00e9tait auxiliaire et relativement priv\u00e9e d\u2019autonomie. Or, la production artistique et plus g\u00e9n\u00e9ralement culturelle tend \u00e0 \u00eatre m\u00e9diatis\u00e9e par l\u2019enregistrement du son et de [&hellip;]\" \/>\n<meta property=\"og:url\" content=\"https:\/\/hierostrasbourg.com\/index.php\/2021\/12\/08\/une-sociologie-des-techniciens-du-son\/\" \/>\n<meta property=\"og:site_name\" content=\"HIERO STRASBOURG\" \/>\n<meta property=\"article:publisher\" content=\"https:\/\/www.facebook.com\/fedehierostrasbourg\" \/>\n<meta property=\"article:published_time\" content=\"2021-12-08T09:20:52+00:00\" \/>\n<meta name=\"twitter:card\" content=\"summary_large_image\" \/>\n<meta name=\"twitter:creator\" content=\"@hierostrasbourg\" \/>\n<meta name=\"twitter:site\" content=\"@hierostrasbourg\" \/>\n<meta name=\"twitter:label1\" content=\"Dur\u00e9e de lecture estim\u00e9e\" \/>\n\t<meta name=\"twitter:data1\" content=\"1 minute\" \/>\n<script type=\"application\/ld+json\" class=\"yoast-schema-graph\">{\"@context\":\"https:\\\/\\\/schema.org\",\"@graph\":[{\"@type\":\"Article\",\"@id\":\"https:\\\/\\\/hierostrasbourg.com\\\/index.php\\\/2021\\\/12\\\/08\\\/une-sociologie-des-techniciens-du-son\\\/#article\",\"isPartOf\":{\"@id\":\"https:\\\/\\\/hierostrasbourg.com\\\/index.php\\\/2021\\\/12\\\/08\\\/une-sociologie-des-techniciens-du-son\\\/\"},\"author\":{\"name\":\"\",\"@id\":\"\"},\"headline\":\"Une sociologie des techniciens du son\",\"datePublished\":\"2021-12-08T09:20:52+00:00\",\"mainEntityOfPage\":{\"@id\":\"https:\\\/\\\/hierostrasbourg.com\\\/index.php\\\/2021\\\/12\\\/08\\\/une-sociologie-des-techniciens-du-son\\\/\"},\"wordCount\":140,\"publisher\":{\"@id\":\"https:\\\/\\\/hierostrasbourg.com\\\/#organization\"},\"inLanguage\":\"fr-FR\"},{\"@type\":\"WebPage\",\"@id\":\"https:\\\/\\\/hierostrasbourg.com\\\/index.php\\\/2021\\\/12\\\/08\\\/une-sociologie-des-techniciens-du-son\\\/\",\"url\":\"https:\\\/\\\/hierostrasbourg.com\\\/index.php\\\/2021\\\/12\\\/08\\\/une-sociologie-des-techniciens-du-son\\\/\",\"name\":\"Une sociologie des techniciens du son - HIERO STRASBOURG\",\"isPartOf\":{\"@id\":\"https:\\\/\\\/hierostrasbourg.com\\\/#website\"},\"datePublished\":\"2021-12-08T09:20:52+00:00\",\"breadcrumb\":{\"@id\":\"https:\\\/\\\/hierostrasbourg.com\\\/index.php\\\/2021\\\/12\\\/08\\\/une-sociologie-des-techniciens-du-son\\\/#breadcrumb\"},\"inLanguage\":\"fr-FR\",\"potentialAction\":[{\"@type\":\"ReadAction\",\"target\":[\"https:\\\/\\\/hierostrasbourg.com\\\/index.php\\\/2021\\\/12\\\/08\\\/une-sociologie-des-techniciens-du-son\\\/\"]}]},{\"@type\":\"BreadcrumbList\",\"@id\":\"https:\\\/\\\/hierostrasbourg.com\\\/index.php\\\/2021\\\/12\\\/08\\\/une-sociologie-des-techniciens-du-son\\\/#breadcrumb\",\"itemListElement\":[{\"@type\":\"ListItem\",\"position\":1,\"name\":\"Accueil\",\"item\":\"https:\\\/\\\/hierostrasbourg.com\\\/\"},{\"@type\":\"ListItem\",\"position\":2,\"name\":\"Une sociologie des techniciens du son\"}]},{\"@type\":\"WebSite\",\"@id\":\"https:\\\/\\\/hierostrasbourg.com\\\/#website\",\"url\":\"https:\\\/\\\/hierostrasbourg.com\\\/\",\"name\":\"HIERO STRASBOURG\",\"description\":\"Centre de Ressources Musiques Actuelles\",\"publisher\":{\"@id\":\"https:\\\/\\\/hierostrasbourg.com\\\/#organization\"},\"potentialAction\":[{\"@type\":\"SearchAction\",\"target\":{\"@type\":\"EntryPoint\",\"urlTemplate\":\"https:\\\/\\\/hierostrasbourg.com\\\/?s={search_term_string}\"},\"query-input\":{\"@type\":\"PropertyValueSpecification\",\"valueRequired\":true,\"valueName\":\"search_term_string\"}}],\"inLanguage\":\"fr-FR\"},{\"@type\":\"Organization\",\"@id\":\"https:\\\/\\\/hierostrasbourg.com\\\/#organization\",\"name\":\"F\u00e9d\u00e9ration Hi\u00e9ro Strasbourg\",\"url\":\"https:\\\/\\\/hierostrasbourg.com\\\/\",\"logo\":{\"@type\":\"ImageObject\",\"inLanguage\":\"fr-FR\",\"@id\":\"https:\\\/\\\/hierostrasbourg.com\\\/#\\\/schema\\\/logo\\\/image\\\/\",\"url\":\"https:\\\/\\\/hierostrasbourg.com\\\/wp-content\\\/uploads\\\/2026\\\/04\\\/logo-hiero-strasbourg.jpg\",\"contentUrl\":\"https:\\\/\\\/hierostrasbourg.com\\\/wp-content\\\/uploads\\\/2026\\\/04\\\/logo-hiero-strasbourg.jpg\",\"width\":204,\"height\":192,\"caption\":\"F\u00e9d\u00e9ration Hi\u00e9ro Strasbourg\"},\"image\":{\"@id\":\"https:\\\/\\\/hierostrasbourg.com\\\/#\\\/schema\\\/logo\\\/image\\\/\"},\"sameAs\":[\"https:\\\/\\\/www.facebook.com\\\/fedehierostrasbourg\",\"https:\\\/\\\/x.com\\\/hierostrasbourg\"]}]}<\/script>\n<!-- \/ Yoast SEO plugin. -->","yoast_head_json":{"title":"Une sociologie des techniciens du son - HIERO STRASBOURG","robots":{"index":"index","follow":"follow","max-snippet":"max-snippet:-1","max-image-preview":"max-image-preview:large","max-video-preview":"max-video-preview:-1"},"canonical":"https:\/\/hierostrasbourg.com\/index.php\/2021\/12\/08\/une-sociologie-des-techniciens-du-son\/","og_locale":"fr_FR","og_type":"article","og_title":"Une sociologie des techniciens du son - HIERO STRASBOURG","og_description":"En dehors de quelques publications remarqu\u00e9es, les techniciens des mondes de l\u2019art, en tant que groupe social \u00e0 part enti\u00e8re, ont \u00e9t\u00e9 relativement ignor\u00e9s par les sciences sociales. Les travaux de Howard S. Becker ont conduit \u00e0 les qualifier g\u00e9n\u00e9ralement de \u00ab personnel de soutien \u00bb, impliquant que leur contribution \u00e0 la production artistique ou culturelle \u00e9tait auxiliaire et relativement priv\u00e9e d\u2019autonomie. Or, la production artistique et plus g\u00e9n\u00e9ralement culturelle tend \u00e0 \u00eatre m\u00e9diatis\u00e9e par l\u2019enregistrement du son et de [&hellip;]","og_url":"https:\/\/hierostrasbourg.com\/index.php\/2021\/12\/08\/une-sociologie-des-techniciens-du-son\/","og_site_name":"HIERO STRASBOURG","article_publisher":"https:\/\/www.facebook.com\/fedehierostrasbourg","article_published_time":"2021-12-08T09:20:52+00:00","twitter_card":"summary_large_image","twitter_creator":"@hierostrasbourg","twitter_site":"@hierostrasbourg","twitter_misc":{"Dur\u00e9e de lecture estim\u00e9e":"1 minute"},"schema":{"@context":"https:\/\/schema.org","@graph":[{"@type":"Article","@id":"https:\/\/hierostrasbourg.com\/index.php\/2021\/12\/08\/une-sociologie-des-techniciens-du-son\/#article","isPartOf":{"@id":"https:\/\/hierostrasbourg.com\/index.php\/2021\/12\/08\/une-sociologie-des-techniciens-du-son\/"},"author":{"name":"","@id":""},"headline":"Une sociologie des techniciens du son","datePublished":"2021-12-08T09:20:52+00:00","mainEntityOfPage":{"@id":"https:\/\/hierostrasbourg.com\/index.php\/2021\/12\/08\/une-sociologie-des-techniciens-du-son\/"},"wordCount":140,"publisher":{"@id":"https:\/\/hierostrasbourg.com\/#organization"},"inLanguage":"fr-FR"},{"@type":"WebPage","@id":"https:\/\/hierostrasbourg.com\/index.php\/2021\/12\/08\/une-sociologie-des-techniciens-du-son\/","url":"https:\/\/hierostrasbourg.com\/index.php\/2021\/12\/08\/une-sociologie-des-techniciens-du-son\/","name":"Une sociologie des techniciens du son - HIERO STRASBOURG","isPartOf":{"@id":"https:\/\/hierostrasbourg.com\/#website"},"datePublished":"2021-12-08T09:20:52+00:00","breadcrumb":{"@id":"https:\/\/hierostrasbourg.com\/index.php\/2021\/12\/08\/une-sociologie-des-techniciens-du-son\/#breadcrumb"},"inLanguage":"fr-FR","potentialAction":[{"@type":"ReadAction","target":["https:\/\/hierostrasbourg.com\/index.php\/2021\/12\/08\/une-sociologie-des-techniciens-du-son\/"]}]},{"@type":"BreadcrumbList","@id":"https:\/\/hierostrasbourg.com\/index.php\/2021\/12\/08\/une-sociologie-des-techniciens-du-son\/#breadcrumb","itemListElement":[{"@type":"ListItem","position":1,"name":"Accueil","item":"https:\/\/hierostrasbourg.com\/"},{"@type":"ListItem","position":2,"name":"Une sociologie des techniciens du son"}]},{"@type":"WebSite","@id":"https:\/\/hierostrasbourg.com\/#website","url":"https:\/\/hierostrasbourg.com\/","name":"HIERO STRASBOURG","description":"Centre de Ressources Musiques Actuelles","publisher":{"@id":"https:\/\/hierostrasbourg.com\/#organization"},"potentialAction":[{"@type":"SearchAction","target":{"@type":"EntryPoint","urlTemplate":"https:\/\/hierostrasbourg.com\/?s={search_term_string}"},"query-input":{"@type":"PropertyValueSpecification","valueRequired":true,"valueName":"search_term_string"}}],"inLanguage":"fr-FR"},{"@type":"Organization","@id":"https:\/\/hierostrasbourg.com\/#organization","name":"F\u00e9d\u00e9ration Hi\u00e9ro Strasbourg","url":"https:\/\/hierostrasbourg.com\/","logo":{"@type":"ImageObject","inLanguage":"fr-FR","@id":"https:\/\/hierostrasbourg.com\/#\/schema\/logo\/image\/","url":"https:\/\/hierostrasbourg.com\/wp-content\/uploads\/2026\/04\/logo-hiero-strasbourg.jpg","contentUrl":"https:\/\/hierostrasbourg.com\/wp-content\/uploads\/2026\/04\/logo-hiero-strasbourg.jpg","width":204,"height":192,"caption":"F\u00e9d\u00e9ration Hi\u00e9ro Strasbourg"},"image":{"@id":"https:\/\/hierostrasbourg.com\/#\/schema\/logo\/image\/"},"sameAs":["https:\/\/www.facebook.com\/fedehierostrasbourg","https:\/\/x.com\/hierostrasbourg"]}]}},"_links":{"self":[{"href":"https:\/\/hierostrasbourg.com\/index.php\/wp-json\/wp\/v2\/posts\/1263","targetHints":{"allow":["GET"]}}],"collection":[{"href":"https:\/\/hierostrasbourg.com\/index.php\/wp-json\/wp\/v2\/posts"}],"about":[{"href":"https:\/\/hierostrasbourg.com\/index.php\/wp-json\/wp\/v2\/types\/post"}],"replies":[{"embeddable":true,"href":"https:\/\/hierostrasbourg.com\/index.php\/wp-json\/wp\/v2\/comments?post=1263"}],"version-history":[{"count":0,"href":"https:\/\/hierostrasbourg.com\/index.php\/wp-json\/wp\/v2\/posts\/1263\/revisions"}],"wp:attachment":[{"href":"https:\/\/hierostrasbourg.com\/index.php\/wp-json\/wp\/v2\/media?parent=1263"}],"wp:term":[{"taxonomy":"category","embeddable":true,"href":"https:\/\/hierostrasbourg.com\/index.php\/wp-json\/wp\/v2\/categories?post=1263"},{"taxonomy":"post_tag","embeddable":true,"href":"https:\/\/hierostrasbourg.com\/index.php\/wp-json\/wp\/v2\/tags?post=1263"}],"curies":[{"name":"wp","href":"https:\/\/api.w.org\/{rel}","templated":true}]}}