{"id":1246,"date":"2021-12-06T22:23:29","date_gmt":"2021-12-06T21:23:29","guid":{"rendered":"https:\/\/hierostrasbourg.com\/index.php\/2021\/12\/06\/a-voir-une-graphiste-a-etudie-les-mouvements-de-contestation-au-sein-des-cultures-electroniques\/"},"modified":"2021-12-06T22:23:29","modified_gmt":"2021-12-06T21:23:29","slug":"a-voir-une-graphiste-a-etudie-les-mouvements-de-contestation-au-sein-des-cultures-electroniques","status":"publish","type":"post","link":"https:\/\/hierostrasbourg.com\/index.php\/2021\/12\/06\/a-voir-une-graphiste-a-etudie-les-mouvements-de-contestation-au-sein-des-cultures-electroniques\/","title":{"rendered":"\u00c0 voir : une graphiste a \u00e9tudi\u00e9 les mouvements de contestation au sein des cultures \u00e9lectroniques"},"content":{"rendered":"<p><em>Electrophonie, contestations et engagements au sein des cultures \u00e9lectroniques\u201d, c\u2019est le titre \u00e9vocateur donn\u00e9 par Mathilde Velten \u00e0 son m\u00e9moire de designer graphiste. Alliant perspectives artistiques et politiques, la jeune dipl\u00f4m\u00e9e a r\u00e9alis\u00e9 une exp\u00e9rience graphique immersive o\u00f9 les participants \u00e9taient plong\u00e9s dans l\u2019ambiance d\u2019un club. L\u2019objectif, mettre en valeur les engagements de ces cultures au grand public, \u00e0 travers une approche documentaire construite autour des normes graphiques qui leur sont propres.<\/em><\/p>\n<p>Source \/ Lire la suite : <a href=\"https:\/\/www.traxmag.com\/a-voir-une-graphiste-a-etudie-les-mouvements-de-contestation-au-sein-des-cultures-electroniques\/\">\u00c0 voir : une graphiste a \u00e9tudi\u00e9 les mouvements de contestation au sein des cultures \u00e9lectroniques<\/a><\/p>\n<p>L\u2019article <a href=\"https:\/\/popburo.fr\/a-voir-une-graphiste-a-etudie-les-mouvements-de-contestation-au-sein-des-cultures-electroniques\/\">\u00c0 voir : une graphiste a \u00e9tudi\u00e9 les mouvements de contestation au sein des cultures \u00e9lectroniques<\/a> est apparu en premier sur <a href=\"https:\/\/popburo.fr\/\">POP B\u00dcRO<\/a>.<\/p>\n","protected":false},"excerpt":{"rendered":"<p>Electrophonie, contestations et engagements au sein des cultures \u00e9lectroniques\u201d, c\u2019est le titre \u00e9vocateur donn\u00e9 par Mathilde Velten \u00e0 son m\u00e9moire de designer graphiste. Alliant perspectives artistiques et politiques, la jeune dipl\u00f4m\u00e9e a r\u00e9alis\u00e9 une exp\u00e9rience graphique immersive o\u00f9 les participants \u00e9taient plong\u00e9s dans l\u2019ambiance d\u2019un club. L\u2019objectif, mettre en valeur les engagements de ces cultures au grand public, \u00e0 travers une approche documentaire construite autour des normes graphiques qui leur sont propres. Source \/ Lire la suite : \u00c0 voir [&hellip;]<\/p>\n","protected":false},"author":0,"featured_media":0,"comment_status":"closed","ping_status":"open","sticky":false,"template":"","format":"standard","meta":{"footnotes":""},"categories":[1],"tags":[],"class_list":["post-1246","post","type-post","status-publish","format-standard","hentry","category-non-classe"],"yoast_head":"<!-- This site is optimized with the Yoast SEO plugin v27.5 - https:\/\/yoast.com\/product\/yoast-seo-wordpress\/ -->\n<title>\u00c0 voir : une graphiste a \u00e9tudi\u00e9 les mouvements de contestation au sein des cultures \u00e9lectroniques - HIERO STRASBOURG<\/title>\n<meta name=\"robots\" content=\"index, follow, max-snippet:-1, max-image-preview:large, max-video-preview:-1\" \/>\n<link rel=\"canonical\" href=\"https:\/\/hierostrasbourg.com\/index.php\/2021\/12\/06\/a-voir-une-graphiste-a-etudie-les-mouvements-de-contestation-au-sein-des-cultures-electroniques\/\" \/>\n<meta property=\"og:locale\" content=\"fr_FR\" \/>\n<meta property=\"og:type\" content=\"article\" \/>\n<meta property=\"og:title\" content=\"\u00c0 voir : une graphiste a \u00e9tudi\u00e9 les mouvements de contestation au sein des cultures \u00e9lectroniques - HIERO STRASBOURG\" \/>\n<meta property=\"og:description\" content=\"Electrophonie, contestations et engagements au sein des cultures \u00e9lectroniques\u201d, c\u2019est le titre \u00e9vocateur donn\u00e9 par Mathilde Velten \u00e0 son m\u00e9moire de designer graphiste. Alliant perspectives artistiques et politiques, la jeune dipl\u00f4m\u00e9e a r\u00e9alis\u00e9 une exp\u00e9rience graphique immersive o\u00f9 les participants \u00e9taient plong\u00e9s dans l\u2019ambiance d\u2019un club. L\u2019objectif, mettre en valeur les engagements de ces cultures au grand public, \u00e0 travers une approche documentaire construite autour des normes graphiques qui leur sont propres. Source \/ Lire la suite : \u00c0 voir [&hellip;]\" \/>\n<meta property=\"og:url\" content=\"https:\/\/hierostrasbourg.com\/index.php\/2021\/12\/06\/a-voir-une-graphiste-a-etudie-les-mouvements-de-contestation-au-sein-des-cultures-electroniques\/\" \/>\n<meta property=\"og:site_name\" content=\"HIERO STRASBOURG\" \/>\n<meta property=\"article:publisher\" content=\"https:\/\/www.facebook.com\/fedehierostrasbourg\" \/>\n<meta property=\"article:published_time\" content=\"2021-12-06T21:23:29+00:00\" \/>\n<meta name=\"twitter:card\" content=\"summary_large_image\" \/>\n<meta name=\"twitter:creator\" content=\"@hierostrasbourg\" \/>\n<meta name=\"twitter:site\" content=\"@hierostrasbourg\" \/>\n<meta name=\"twitter:label1\" content=\"Dur\u00e9e de lecture estim\u00e9e\" \/>\n\t<meta name=\"twitter:data1\" content=\"1 minute\" \/>\n<script type=\"application\/ld+json\" class=\"yoast-schema-graph\">{\"@context\":\"https:\\\/\\\/schema.org\",\"@graph\":[{\"@type\":\"Article\",\"@id\":\"https:\\\/\\\/hierostrasbourg.com\\\/index.php\\\/2021\\\/12\\\/06\\\/a-voir-une-graphiste-a-etudie-les-mouvements-de-contestation-au-sein-des-cultures-electroniques\\\/#article\",\"isPartOf\":{\"@id\":\"https:\\\/\\\/hierostrasbourg.com\\\/index.php\\\/2021\\\/12\\\/06\\\/a-voir-une-graphiste-a-etudie-les-mouvements-de-contestation-au-sein-des-cultures-electroniques\\\/\"},\"author\":{\"name\":\"\",\"@id\":\"\"},\"headline\":\"\u00c0 voir : une graphiste a \u00e9tudi\u00e9 les mouvements de contestation au sein des cultures \u00e9lectroniques\",\"datePublished\":\"2021-12-06T21:23:29+00:00\",\"mainEntityOfPage\":{\"@id\":\"https:\\\/\\\/hierostrasbourg.com\\\/index.php\\\/2021\\\/12\\\/06\\\/a-voir-une-graphiste-a-etudie-les-mouvements-de-contestation-au-sein-des-cultures-electroniques\\\/\"},\"wordCount\":136,\"publisher\":{\"@id\":\"https:\\\/\\\/hierostrasbourg.com\\\/#organization\"},\"inLanguage\":\"fr-FR\"},{\"@type\":\"WebPage\",\"@id\":\"https:\\\/\\\/hierostrasbourg.com\\\/index.php\\\/2021\\\/12\\\/06\\\/a-voir-une-graphiste-a-etudie-les-mouvements-de-contestation-au-sein-des-cultures-electroniques\\\/\",\"url\":\"https:\\\/\\\/hierostrasbourg.com\\\/index.php\\\/2021\\\/12\\\/06\\\/a-voir-une-graphiste-a-etudie-les-mouvements-de-contestation-au-sein-des-cultures-electroniques\\\/\",\"name\":\"\u00c0 voir : une graphiste a \u00e9tudi\u00e9 les mouvements de contestation au sein des cultures \u00e9lectroniques - HIERO STRASBOURG\",\"isPartOf\":{\"@id\":\"https:\\\/\\\/hierostrasbourg.com\\\/#website\"},\"datePublished\":\"2021-12-06T21:23:29+00:00\",\"breadcrumb\":{\"@id\":\"https:\\\/\\\/hierostrasbourg.com\\\/index.php\\\/2021\\\/12\\\/06\\\/a-voir-une-graphiste-a-etudie-les-mouvements-de-contestation-au-sein-des-cultures-electroniques\\\/#breadcrumb\"},\"inLanguage\":\"fr-FR\",\"potentialAction\":[{\"@type\":\"ReadAction\",\"target\":[\"https:\\\/\\\/hierostrasbourg.com\\\/index.php\\\/2021\\\/12\\\/06\\\/a-voir-une-graphiste-a-etudie-les-mouvements-de-contestation-au-sein-des-cultures-electroniques\\\/\"]}]},{\"@type\":\"BreadcrumbList\",\"@id\":\"https:\\\/\\\/hierostrasbourg.com\\\/index.php\\\/2021\\\/12\\\/06\\\/a-voir-une-graphiste-a-etudie-les-mouvements-de-contestation-au-sein-des-cultures-electroniques\\\/#breadcrumb\",\"itemListElement\":[{\"@type\":\"ListItem\",\"position\":1,\"name\":\"Accueil\",\"item\":\"https:\\\/\\\/hierostrasbourg.com\\\/\"},{\"@type\":\"ListItem\",\"position\":2,\"name\":\"\u00c0 voir : une graphiste a \u00e9tudi\u00e9 les mouvements de contestation au sein des cultures \u00e9lectroniques\"}]},{\"@type\":\"WebSite\",\"@id\":\"https:\\\/\\\/hierostrasbourg.com\\\/#website\",\"url\":\"https:\\\/\\\/hierostrasbourg.com\\\/\",\"name\":\"HIERO STRASBOURG\",\"description\":\"Centre de Ressources Musiques Actuelles\",\"publisher\":{\"@id\":\"https:\\\/\\\/hierostrasbourg.com\\\/#organization\"},\"potentialAction\":[{\"@type\":\"SearchAction\",\"target\":{\"@type\":\"EntryPoint\",\"urlTemplate\":\"https:\\\/\\\/hierostrasbourg.com\\\/?s={search_term_string}\"},\"query-input\":{\"@type\":\"PropertyValueSpecification\",\"valueRequired\":true,\"valueName\":\"search_term_string\"}}],\"inLanguage\":\"fr-FR\"},{\"@type\":\"Organization\",\"@id\":\"https:\\\/\\\/hierostrasbourg.com\\\/#organization\",\"name\":\"F\u00e9d\u00e9ration Hi\u00e9ro Strasbourg\",\"url\":\"https:\\\/\\\/hierostrasbourg.com\\\/\",\"logo\":{\"@type\":\"ImageObject\",\"inLanguage\":\"fr-FR\",\"@id\":\"https:\\\/\\\/hierostrasbourg.com\\\/#\\\/schema\\\/logo\\\/image\\\/\",\"url\":\"https:\\\/\\\/hierostrasbourg.com\\\/wp-content\\\/uploads\\\/2026\\\/04\\\/logo-hiero-strasbourg.jpg\",\"contentUrl\":\"https:\\\/\\\/hierostrasbourg.com\\\/wp-content\\\/uploads\\\/2026\\\/04\\\/logo-hiero-strasbourg.jpg\",\"width\":204,\"height\":192,\"caption\":\"F\u00e9d\u00e9ration Hi\u00e9ro Strasbourg\"},\"image\":{\"@id\":\"https:\\\/\\\/hierostrasbourg.com\\\/#\\\/schema\\\/logo\\\/image\\\/\"},\"sameAs\":[\"https:\\\/\\\/www.facebook.com\\\/fedehierostrasbourg\",\"https:\\\/\\\/x.com\\\/hierostrasbourg\"]}]}<\/script>\n<!-- \/ Yoast SEO plugin. -->","yoast_head_json":{"title":"\u00c0 voir : une graphiste a \u00e9tudi\u00e9 les mouvements de contestation au sein des cultures \u00e9lectroniques - HIERO STRASBOURG","robots":{"index":"index","follow":"follow","max-snippet":"max-snippet:-1","max-image-preview":"max-image-preview:large","max-video-preview":"max-video-preview:-1"},"canonical":"https:\/\/hierostrasbourg.com\/index.php\/2021\/12\/06\/a-voir-une-graphiste-a-etudie-les-mouvements-de-contestation-au-sein-des-cultures-electroniques\/","og_locale":"fr_FR","og_type":"article","og_title":"\u00c0 voir : une graphiste a \u00e9tudi\u00e9 les mouvements de contestation au sein des cultures \u00e9lectroniques - HIERO STRASBOURG","og_description":"Electrophonie, contestations et engagements au sein des cultures \u00e9lectroniques\u201d, c\u2019est le titre \u00e9vocateur donn\u00e9 par Mathilde Velten \u00e0 son m\u00e9moire de designer graphiste. Alliant perspectives artistiques et politiques, la jeune dipl\u00f4m\u00e9e a r\u00e9alis\u00e9 une exp\u00e9rience graphique immersive o\u00f9 les participants \u00e9taient plong\u00e9s dans l\u2019ambiance d\u2019un club. L\u2019objectif, mettre en valeur les engagements de ces cultures au grand public, \u00e0 travers une approche documentaire construite autour des normes graphiques qui leur sont propres. Source \/ Lire la suite : \u00c0 voir [&hellip;]","og_url":"https:\/\/hierostrasbourg.com\/index.php\/2021\/12\/06\/a-voir-une-graphiste-a-etudie-les-mouvements-de-contestation-au-sein-des-cultures-electroniques\/","og_site_name":"HIERO STRASBOURG","article_publisher":"https:\/\/www.facebook.com\/fedehierostrasbourg","article_published_time":"2021-12-06T21:23:29+00:00","twitter_card":"summary_large_image","twitter_creator":"@hierostrasbourg","twitter_site":"@hierostrasbourg","twitter_misc":{"Dur\u00e9e de lecture estim\u00e9e":"1 minute"},"schema":{"@context":"https:\/\/schema.org","@graph":[{"@type":"Article","@id":"https:\/\/hierostrasbourg.com\/index.php\/2021\/12\/06\/a-voir-une-graphiste-a-etudie-les-mouvements-de-contestation-au-sein-des-cultures-electroniques\/#article","isPartOf":{"@id":"https:\/\/hierostrasbourg.com\/index.php\/2021\/12\/06\/a-voir-une-graphiste-a-etudie-les-mouvements-de-contestation-au-sein-des-cultures-electroniques\/"},"author":{"name":"","@id":""},"headline":"\u00c0 voir : une graphiste a \u00e9tudi\u00e9 les mouvements de contestation au sein des cultures \u00e9lectroniques","datePublished":"2021-12-06T21:23:29+00:00","mainEntityOfPage":{"@id":"https:\/\/hierostrasbourg.com\/index.php\/2021\/12\/06\/a-voir-une-graphiste-a-etudie-les-mouvements-de-contestation-au-sein-des-cultures-electroniques\/"},"wordCount":136,"publisher":{"@id":"https:\/\/hierostrasbourg.com\/#organization"},"inLanguage":"fr-FR"},{"@type":"WebPage","@id":"https:\/\/hierostrasbourg.com\/index.php\/2021\/12\/06\/a-voir-une-graphiste-a-etudie-les-mouvements-de-contestation-au-sein-des-cultures-electroniques\/","url":"https:\/\/hierostrasbourg.com\/index.php\/2021\/12\/06\/a-voir-une-graphiste-a-etudie-les-mouvements-de-contestation-au-sein-des-cultures-electroniques\/","name":"\u00c0 voir : une graphiste a \u00e9tudi\u00e9 les mouvements de contestation au sein des cultures \u00e9lectroniques - HIERO STRASBOURG","isPartOf":{"@id":"https:\/\/hierostrasbourg.com\/#website"},"datePublished":"2021-12-06T21:23:29+00:00","breadcrumb":{"@id":"https:\/\/hierostrasbourg.com\/index.php\/2021\/12\/06\/a-voir-une-graphiste-a-etudie-les-mouvements-de-contestation-au-sein-des-cultures-electroniques\/#breadcrumb"},"inLanguage":"fr-FR","potentialAction":[{"@type":"ReadAction","target":["https:\/\/hierostrasbourg.com\/index.php\/2021\/12\/06\/a-voir-une-graphiste-a-etudie-les-mouvements-de-contestation-au-sein-des-cultures-electroniques\/"]}]},{"@type":"BreadcrumbList","@id":"https:\/\/hierostrasbourg.com\/index.php\/2021\/12\/06\/a-voir-une-graphiste-a-etudie-les-mouvements-de-contestation-au-sein-des-cultures-electroniques\/#breadcrumb","itemListElement":[{"@type":"ListItem","position":1,"name":"Accueil","item":"https:\/\/hierostrasbourg.com\/"},{"@type":"ListItem","position":2,"name":"\u00c0 voir : une graphiste a \u00e9tudi\u00e9 les mouvements de contestation au sein des cultures \u00e9lectroniques"}]},{"@type":"WebSite","@id":"https:\/\/hierostrasbourg.com\/#website","url":"https:\/\/hierostrasbourg.com\/","name":"HIERO STRASBOURG","description":"Centre de Ressources Musiques Actuelles","publisher":{"@id":"https:\/\/hierostrasbourg.com\/#organization"},"potentialAction":[{"@type":"SearchAction","target":{"@type":"EntryPoint","urlTemplate":"https:\/\/hierostrasbourg.com\/?s={search_term_string}"},"query-input":{"@type":"PropertyValueSpecification","valueRequired":true,"valueName":"search_term_string"}}],"inLanguage":"fr-FR"},{"@type":"Organization","@id":"https:\/\/hierostrasbourg.com\/#organization","name":"F\u00e9d\u00e9ration Hi\u00e9ro Strasbourg","url":"https:\/\/hierostrasbourg.com\/","logo":{"@type":"ImageObject","inLanguage":"fr-FR","@id":"https:\/\/hierostrasbourg.com\/#\/schema\/logo\/image\/","url":"https:\/\/hierostrasbourg.com\/wp-content\/uploads\/2026\/04\/logo-hiero-strasbourg.jpg","contentUrl":"https:\/\/hierostrasbourg.com\/wp-content\/uploads\/2026\/04\/logo-hiero-strasbourg.jpg","width":204,"height":192,"caption":"F\u00e9d\u00e9ration Hi\u00e9ro Strasbourg"},"image":{"@id":"https:\/\/hierostrasbourg.com\/#\/schema\/logo\/image\/"},"sameAs":["https:\/\/www.facebook.com\/fedehierostrasbourg","https:\/\/x.com\/hierostrasbourg"]}]}},"_links":{"self":[{"href":"https:\/\/hierostrasbourg.com\/index.php\/wp-json\/wp\/v2\/posts\/1246","targetHints":{"allow":["GET"]}}],"collection":[{"href":"https:\/\/hierostrasbourg.com\/index.php\/wp-json\/wp\/v2\/posts"}],"about":[{"href":"https:\/\/hierostrasbourg.com\/index.php\/wp-json\/wp\/v2\/types\/post"}],"replies":[{"embeddable":true,"href":"https:\/\/hierostrasbourg.com\/index.php\/wp-json\/wp\/v2\/comments?post=1246"}],"version-history":[{"count":0,"href":"https:\/\/hierostrasbourg.com\/index.php\/wp-json\/wp\/v2\/posts\/1246\/revisions"}],"wp:attachment":[{"href":"https:\/\/hierostrasbourg.com\/index.php\/wp-json\/wp\/v2\/media?parent=1246"}],"wp:term":[{"taxonomy":"category","embeddable":true,"href":"https:\/\/hierostrasbourg.com\/index.php\/wp-json\/wp\/v2\/categories?post=1246"},{"taxonomy":"post_tag","embeddable":true,"href":"https:\/\/hierostrasbourg.com\/index.php\/wp-json\/wp\/v2\/tags?post=1246"}],"curies":[{"name":"wp","href":"https:\/\/api.w.org\/{rel}","templated":true}]}}