{"id":1238,"date":"2021-12-05T11:18:58","date_gmt":"2021-12-05T10:18:58","guid":{"rendered":"https:\/\/hierostrasbourg.com\/index.php\/2021\/12\/05\/principes-dengagement-de-letat-en-faveur-des-festivals\/"},"modified":"2021-12-05T11:18:58","modified_gmt":"2021-12-05T10:18:58","slug":"principes-dengagement-de-letat-en-faveur-des-festivals","status":"publish","type":"post","link":"https:\/\/hierostrasbourg.com\/index.php\/2021\/12\/05\/principes-dengagement-de-letat-en-faveur-des-festivals\/","title":{"rendered":"Principes d\u2019engagement de l\u2019Etat en faveur des festivals"},"content":{"rendered":"<p><span>Pr\u00e9ambule<\/span><\/p>\n<p><em>Les festivals constituent des rendez-vous pr\u00e9cieux que les collectivit\u00e9s territoriales comme l\u2019\u00c9tat1 se doivent de prot\u00e9ger. Pas seulement parce qu\u2019ils apportent de la richesse aux communaut\u00e9s qui les accueillent, mais parce qu\u2019ils sont un ciment de la vie collective, un moment privil\u00e9gi\u00e9 o\u00f9 les artistes peuvent rencontrer un large public et lui apporter la part de plaisir et de r\u00e9flexion sur le monde qui donnera un peu plus de sens \u00e0 la vie. <\/em><\/p>\n<p><em>Quels que soient leur forme (dans des salles, en ext\u00e9rieur, dans l\u2019espace public\u2026), et leur champ disciplinaire, ou leur fr\u00e9quentation, les festivals jouent un r\u00f4le essentiel \u00e0 la fois : <\/em><\/p>\n<p><em>Dans la rencontre des artistes avec les publics, f\u00e9d\u00e9rant souvent un public large, diff\u00e9rent de celui rencontr\u00e9 dans les salles, notamment plus jeune ; <\/em><br \/>\n<em>Dans la structuration des fili\u00e8res artistiques et culturelles, en soutenant la cr\u00e9ation, la production et la diffusion de nouveaux projets, l\u2019accompagnement d\u2019artistes \u00e9mergents et l\u2019emploi artistique et culturel ; <\/em><br \/>\n<em>En mati\u00e8re d\u2019\u00e9mergence de nouvelles formes artistiques, en termes d\u2019esth\u00e9tiques et de format ; <\/em><br \/>\n<em>Et dans le d\u00e9veloppement culturel et \u00e9conomique des territoires, par un maillage et une irrigation de l\u2019ensemble du pays. <\/em><\/p>\n<p><em>Les festivals sont d\u00e9sormais identifi\u00e9s comme des acteurs importants et permanents dans la vie culturelle. Principes d\u2019engagement de l\u2019\u00c9tat en faveur des festivals <\/em><\/p>\n<p><em>Facteurs d\u2019attractivit\u00e9 et de d\u00e9veloppement, les festivals g\u00e9n\u00e8rent une \u00e9conomie qui irrigue l\u2019ensemble du territoire, bien au-del\u00e0 du seul champ culturel. Port\u00e9s par de nouveaux enjeux en termes de responsabilit\u00e9 sociale et environnementale, ils sont aussi souvent pr\u00e9curseurs des grandes questions qui traversent la soci\u00e9t\u00e9. <\/em><\/p>\n<p><em>Gage d\u2019\u00e9quit\u00e9 et de compl\u00e9mentarit\u00e9 dans l\u2019attribution des financements publics, une politique concert\u00e9e avec les collectivit\u00e9s est la condition d\u2019un meilleur soutien aux artistes. C\u2019est aussi la garantie d\u2019une action \u00e9quitable en direction des populations, dans une approche attentive de l\u2019am\u00e9nagement culturel du territoire. <\/em><\/p>\n<p><em>Au-del\u00e0 de leur r\u00f4le majeur dans l\u2019acc\u00e8s \u00e0 l\u2019art et \u00e0 la culture, et de leur importance consid\u00e9rable pour l\u2019\u00e9cosyst\u00e8me artistique et culturel, les festivals ont des impacts directs et indirects sur l\u2019activit\u00e9 \u00e9conomique des territoires et sont g\u00e9n\u00e9rateurs d\u2019emplois permanents et intermittents. <\/em><\/p>\n<p><em>Les festivals contribuent ainsi \u00e0 la vie sociale, \u00e0 l\u2019identit\u00e9 et \u00e0 l\u2019attractivit\u00e9 de nombreuses communes, mais aussi plus largement au rayonnement des territoires, tant aux niveaux d\u00e9partementaux et r\u00e9gionaux que parfois nationaux et internationaux. Espaces d\u2019\u00e9mergence et d\u2019innovation, ils sont des vecteurs essentiels pour la d\u00e9couverte et le d\u00e9veloppement de nouvelles formes artistiques et de rencontre avec le public. <\/em><\/p>\n<p><em>Dans un contexte de crise sanitaire, aux cons\u00e9quences \u00e9conomiques, sociales et environnementales profondes, le r\u00f4le de la culture et celui des festivals n\u2019a jamais \u00e9t\u00e9 aussi important dans la vie de nos concitoyens. Dans ce cadre, il est apparu essentiel de r\u00e9affirmer la n\u00e9cessit\u00e9 d\u2019une v\u00e9ritable politique, pour les ann\u00e9es \u00e0 venir, en faveur des festivals. Pour redonner du sens et une impulsion politique, il est n\u00e9cessaire de consid\u00e9rer les festivals comme des \u00e9l\u00e9ments structurels de la politique culturelle minist\u00e9rielle, en corr\u00e9lation avec l\u2019ensemble des actions mises en \u0153uvre par le minist\u00e8re. <\/em><\/p>\n<p><em>Dans le respect du principe de comp\u00e9tence partag\u00e9e et des pr\u00e9rogatives des collectivit\u00e9s territoriales, et en compl\u00e9mentarit\u00e9 du soutien qu\u2019apportent d\u00e9j\u00e0 les autres partenaires publics et priv\u00e9s, l\u2019\u00c9tat souhaite mieux accompagner les festivals \u00e0 compter de 2022 en aidant de mani\u00e8re ponctuelle les festivals dans leurs phases d\u2019\u00e9volution et de croissance, dans diff\u00e9rents champs d\u2019innovation et d\u2019excellence pr\u00e9cis\u00e9s ci-apr\u00e8s, tout en poursuivant une politique de soutien aux festivals d\u2019envergure nationale et internationale.<\/em><\/p>\n<div class=\"ead-preview\">\n<div class=\"ead-document\">\n<div class=\"ead-iframe-wrapper\"><\/div>\n<div class=\"ead-document-loading\">\n<div class=\"ead-loading-wrap\">\n<div class=\"ead-loading-main\">\n<div class=\"ead-loading\">\n\t\t\t\t\t\t\t<span>En cours de chargement\u2026<\/span>\n\t\t\t\t\t\t<\/div>\n<\/p><\/div>\n<div class=\"ead-loading-foot\">\n<div class=\"ead-loading-foot-title\">\n\t\t\t\t\t\t\t<span>Cela prend trop de temps\u00a0?<\/span>\n\t\t\t\t\t\t<\/div>\n<\/p>\n<div class=\"ead-document-btn ead-reload-btn\">\n\t\t\t\t\t\t\t\t Recharger le document\t\t\t\t\t\t\t<\/div>\n<p>\t\t\t\t\t\t\t<span>|<\/span><br \/>\n\t\t\t\t\t\t\t<a href=\"https:\/\/musiquesactuelles.net\/wp-content\/uploads\/2021\/02\/20211201-mc-festivals-engagements.pdf\" class=\"ead-document-btn\"><br \/>\n\t\t\t\t\t\t\t\t Ouvrir dans un nouvel onglet\t\t\t\t\t\t\t<\/a>\n\t\t\t\t\t<\/div>\n<\/p><\/div>\n<\/p><\/div>\n<\/p><\/div>\n<p class=\"embed_download\"><a href=\"https:\/\/musiquesactuelles.net\/wp-content\/uploads\/2021\/02\/20211201-mc-festivals-engagements.pdf\">\ufeffT\u00e9l\u00e9charger [176.59 KB] <\/a><\/p>\n<\/div>\n<p>L\u2019article <a href=\"https:\/\/popburo.fr\/principes-dengagement-de-letat-en-faveur-des-festivals\/\">Principes d\u2019engagement de l\u2019Etat en faveur des festivals<\/a> est apparu en premier sur <a href=\"https:\/\/popburo.fr\/\">POP B\u00dcRO<\/a>.<\/p>\n","protected":false},"excerpt":{"rendered":"<p>Pr\u00e9ambule Les festivals constituent des rendez-vous pr\u00e9cieux que les collectivit\u00e9s territoriales comme l\u2019\u00c9tat1 se doivent de prot\u00e9ger. Pas seulement parce qu\u2019ils apportent de la richesse aux communaut\u00e9s qui les accueillent, mais parce qu\u2019ils sont un ciment de la vie collective, un moment privil\u00e9gi\u00e9 o\u00f9 les artistes peuvent rencontrer un large public et lui apporter la part de plaisir et de r\u00e9flexion sur le monde qui donnera un peu plus de sens \u00e0 la vie. Quels que soient leur forme (dans [&hellip;]<\/p>\n","protected":false},"author":0,"featured_media":0,"comment_status":"closed","ping_status":"open","sticky":false,"template":"","format":"standard","meta":{"footnotes":""},"categories":[1],"tags":[],"class_list":["post-1238","post","type-post","status-publish","format-standard","hentry","category-non-classe"],"yoast_head":"<!-- This site is optimized with the Yoast SEO plugin v27.5 - https:\/\/yoast.com\/product\/yoast-seo-wordpress\/ -->\n<title>Principes d\u2019engagement de l\u2019Etat en faveur des festivals - HIERO STRASBOURG<\/title>\n<meta name=\"robots\" content=\"index, follow, max-snippet:-1, max-image-preview:large, max-video-preview:-1\" \/>\n<link rel=\"canonical\" href=\"https:\/\/hierostrasbourg.com\/index.php\/2021\/12\/05\/principes-dengagement-de-letat-en-faveur-des-festivals\/\" \/>\n<meta property=\"og:locale\" content=\"fr_FR\" \/>\n<meta property=\"og:type\" content=\"article\" \/>\n<meta property=\"og:title\" content=\"Principes d\u2019engagement de l\u2019Etat en faveur des festivals - HIERO STRASBOURG\" \/>\n<meta property=\"og:description\" content=\"Pr\u00e9ambule Les festivals constituent des rendez-vous pr\u00e9cieux que les collectivit\u00e9s territoriales comme l\u2019\u00c9tat1 se doivent de prot\u00e9ger. Pas seulement parce qu\u2019ils apportent de la richesse aux communaut\u00e9s qui les accueillent, mais parce qu\u2019ils sont un ciment de la vie collective, un moment privil\u00e9gi\u00e9 o\u00f9 les artistes peuvent rencontrer un large public et lui apporter la part de plaisir et de r\u00e9flexion sur le monde qui donnera un peu plus de sens \u00e0 la vie. Quels que soient leur forme (dans [&hellip;]\" \/>\n<meta property=\"og:url\" content=\"https:\/\/hierostrasbourg.com\/index.php\/2021\/12\/05\/principes-dengagement-de-letat-en-faveur-des-festivals\/\" \/>\n<meta property=\"og:site_name\" content=\"HIERO STRASBOURG\" \/>\n<meta property=\"article:publisher\" content=\"https:\/\/www.facebook.com\/fedehierostrasbourg\" \/>\n<meta property=\"article:published_time\" content=\"2021-12-05T10:18:58+00:00\" \/>\n<meta name=\"twitter:card\" content=\"summary_large_image\" \/>\n<meta name=\"twitter:creator\" content=\"@hierostrasbourg\" \/>\n<meta name=\"twitter:site\" content=\"@hierostrasbourg\" \/>\n<meta name=\"twitter:label1\" content=\"Dur\u00e9e de lecture estim\u00e9e\" \/>\n\t<meta name=\"twitter:data1\" content=\"3 minutes\" \/>\n<script type=\"application\/ld+json\" class=\"yoast-schema-graph\">{\"@context\":\"https:\\\/\\\/schema.org\",\"@graph\":[{\"@type\":\"Article\",\"@id\":\"https:\\\/\\\/hierostrasbourg.com\\\/index.php\\\/2021\\\/12\\\/05\\\/principes-dengagement-de-letat-en-faveur-des-festivals\\\/#article\",\"isPartOf\":{\"@id\":\"https:\\\/\\\/hierostrasbourg.com\\\/index.php\\\/2021\\\/12\\\/05\\\/principes-dengagement-de-letat-en-faveur-des-festivals\\\/\"},\"author\":{\"name\":\"\",\"@id\":\"\"},\"headline\":\"Principes d\u2019engagement de l\u2019Etat en faveur des festivals\",\"datePublished\":\"2021-12-05T10:18:58+00:00\",\"mainEntityOfPage\":{\"@id\":\"https:\\\/\\\/hierostrasbourg.com\\\/index.php\\\/2021\\\/12\\\/05\\\/principes-dengagement-de-letat-en-faveur-des-festivals\\\/\"},\"wordCount\":708,\"publisher\":{\"@id\":\"https:\\\/\\\/hierostrasbourg.com\\\/#organization\"},\"inLanguage\":\"fr-FR\"},{\"@type\":\"WebPage\",\"@id\":\"https:\\\/\\\/hierostrasbourg.com\\\/index.php\\\/2021\\\/12\\\/05\\\/principes-dengagement-de-letat-en-faveur-des-festivals\\\/\",\"url\":\"https:\\\/\\\/hierostrasbourg.com\\\/index.php\\\/2021\\\/12\\\/05\\\/principes-dengagement-de-letat-en-faveur-des-festivals\\\/\",\"name\":\"Principes d\u2019engagement de l\u2019Etat en faveur des festivals - HIERO STRASBOURG\",\"isPartOf\":{\"@id\":\"https:\\\/\\\/hierostrasbourg.com\\\/#website\"},\"datePublished\":\"2021-12-05T10:18:58+00:00\",\"breadcrumb\":{\"@id\":\"https:\\\/\\\/hierostrasbourg.com\\\/index.php\\\/2021\\\/12\\\/05\\\/principes-dengagement-de-letat-en-faveur-des-festivals\\\/#breadcrumb\"},\"inLanguage\":\"fr-FR\",\"potentialAction\":[{\"@type\":\"ReadAction\",\"target\":[\"https:\\\/\\\/hierostrasbourg.com\\\/index.php\\\/2021\\\/12\\\/05\\\/principes-dengagement-de-letat-en-faveur-des-festivals\\\/\"]}]},{\"@type\":\"BreadcrumbList\",\"@id\":\"https:\\\/\\\/hierostrasbourg.com\\\/index.php\\\/2021\\\/12\\\/05\\\/principes-dengagement-de-letat-en-faveur-des-festivals\\\/#breadcrumb\",\"itemListElement\":[{\"@type\":\"ListItem\",\"position\":1,\"name\":\"Accueil\",\"item\":\"https:\\\/\\\/hierostrasbourg.com\\\/\"},{\"@type\":\"ListItem\",\"position\":2,\"name\":\"Principes d\u2019engagement de l\u2019Etat en faveur des festivals\"}]},{\"@type\":\"WebSite\",\"@id\":\"https:\\\/\\\/hierostrasbourg.com\\\/#website\",\"url\":\"https:\\\/\\\/hierostrasbourg.com\\\/\",\"name\":\"HIERO STRASBOURG\",\"description\":\"Centre de Ressources Musiques Actuelles\",\"publisher\":{\"@id\":\"https:\\\/\\\/hierostrasbourg.com\\\/#organization\"},\"potentialAction\":[{\"@type\":\"SearchAction\",\"target\":{\"@type\":\"EntryPoint\",\"urlTemplate\":\"https:\\\/\\\/hierostrasbourg.com\\\/?s={search_term_string}\"},\"query-input\":{\"@type\":\"PropertyValueSpecification\",\"valueRequired\":true,\"valueName\":\"search_term_string\"}}],\"inLanguage\":\"fr-FR\"},{\"@type\":\"Organization\",\"@id\":\"https:\\\/\\\/hierostrasbourg.com\\\/#organization\",\"name\":\"F\u00e9d\u00e9ration Hi\u00e9ro Strasbourg\",\"url\":\"https:\\\/\\\/hierostrasbourg.com\\\/\",\"logo\":{\"@type\":\"ImageObject\",\"inLanguage\":\"fr-FR\",\"@id\":\"https:\\\/\\\/hierostrasbourg.com\\\/#\\\/schema\\\/logo\\\/image\\\/\",\"url\":\"https:\\\/\\\/hierostrasbourg.com\\\/wp-content\\\/uploads\\\/2026\\\/04\\\/logo-hiero-strasbourg.jpg\",\"contentUrl\":\"https:\\\/\\\/hierostrasbourg.com\\\/wp-content\\\/uploads\\\/2026\\\/04\\\/logo-hiero-strasbourg.jpg\",\"width\":204,\"height\":192,\"caption\":\"F\u00e9d\u00e9ration Hi\u00e9ro Strasbourg\"},\"image\":{\"@id\":\"https:\\\/\\\/hierostrasbourg.com\\\/#\\\/schema\\\/logo\\\/image\\\/\"},\"sameAs\":[\"https:\\\/\\\/www.facebook.com\\\/fedehierostrasbourg\",\"https:\\\/\\\/x.com\\\/hierostrasbourg\"]}]}<\/script>\n<!-- \/ Yoast SEO plugin. -->","yoast_head_json":{"title":"Principes d\u2019engagement de l\u2019Etat en faveur des festivals - HIERO STRASBOURG","robots":{"index":"index","follow":"follow","max-snippet":"max-snippet:-1","max-image-preview":"max-image-preview:large","max-video-preview":"max-video-preview:-1"},"canonical":"https:\/\/hierostrasbourg.com\/index.php\/2021\/12\/05\/principes-dengagement-de-letat-en-faveur-des-festivals\/","og_locale":"fr_FR","og_type":"article","og_title":"Principes d\u2019engagement de l\u2019Etat en faveur des festivals - HIERO STRASBOURG","og_description":"Pr\u00e9ambule Les festivals constituent des rendez-vous pr\u00e9cieux que les collectivit\u00e9s territoriales comme l\u2019\u00c9tat1 se doivent de prot\u00e9ger. Pas seulement parce qu\u2019ils apportent de la richesse aux communaut\u00e9s qui les accueillent, mais parce qu\u2019ils sont un ciment de la vie collective, un moment privil\u00e9gi\u00e9 o\u00f9 les artistes peuvent rencontrer un large public et lui apporter la part de plaisir et de r\u00e9flexion sur le monde qui donnera un peu plus de sens \u00e0 la vie. Quels que soient leur forme (dans [&hellip;]","og_url":"https:\/\/hierostrasbourg.com\/index.php\/2021\/12\/05\/principes-dengagement-de-letat-en-faveur-des-festivals\/","og_site_name":"HIERO STRASBOURG","article_publisher":"https:\/\/www.facebook.com\/fedehierostrasbourg","article_published_time":"2021-12-05T10:18:58+00:00","twitter_card":"summary_large_image","twitter_creator":"@hierostrasbourg","twitter_site":"@hierostrasbourg","twitter_misc":{"Dur\u00e9e de lecture estim\u00e9e":"3 minutes"},"schema":{"@context":"https:\/\/schema.org","@graph":[{"@type":"Article","@id":"https:\/\/hierostrasbourg.com\/index.php\/2021\/12\/05\/principes-dengagement-de-letat-en-faveur-des-festivals\/#article","isPartOf":{"@id":"https:\/\/hierostrasbourg.com\/index.php\/2021\/12\/05\/principes-dengagement-de-letat-en-faveur-des-festivals\/"},"author":{"name":"","@id":""},"headline":"Principes d\u2019engagement de l\u2019Etat en faveur des festivals","datePublished":"2021-12-05T10:18:58+00:00","mainEntityOfPage":{"@id":"https:\/\/hierostrasbourg.com\/index.php\/2021\/12\/05\/principes-dengagement-de-letat-en-faveur-des-festivals\/"},"wordCount":708,"publisher":{"@id":"https:\/\/hierostrasbourg.com\/#organization"},"inLanguage":"fr-FR"},{"@type":"WebPage","@id":"https:\/\/hierostrasbourg.com\/index.php\/2021\/12\/05\/principes-dengagement-de-letat-en-faveur-des-festivals\/","url":"https:\/\/hierostrasbourg.com\/index.php\/2021\/12\/05\/principes-dengagement-de-letat-en-faveur-des-festivals\/","name":"Principes d\u2019engagement de l\u2019Etat en faveur des festivals - HIERO STRASBOURG","isPartOf":{"@id":"https:\/\/hierostrasbourg.com\/#website"},"datePublished":"2021-12-05T10:18:58+00:00","breadcrumb":{"@id":"https:\/\/hierostrasbourg.com\/index.php\/2021\/12\/05\/principes-dengagement-de-letat-en-faveur-des-festivals\/#breadcrumb"},"inLanguage":"fr-FR","potentialAction":[{"@type":"ReadAction","target":["https:\/\/hierostrasbourg.com\/index.php\/2021\/12\/05\/principes-dengagement-de-letat-en-faveur-des-festivals\/"]}]},{"@type":"BreadcrumbList","@id":"https:\/\/hierostrasbourg.com\/index.php\/2021\/12\/05\/principes-dengagement-de-letat-en-faveur-des-festivals\/#breadcrumb","itemListElement":[{"@type":"ListItem","position":1,"name":"Accueil","item":"https:\/\/hierostrasbourg.com\/"},{"@type":"ListItem","position":2,"name":"Principes d\u2019engagement de l\u2019Etat en faveur des festivals"}]},{"@type":"WebSite","@id":"https:\/\/hierostrasbourg.com\/#website","url":"https:\/\/hierostrasbourg.com\/","name":"HIERO STRASBOURG","description":"Centre de Ressources Musiques Actuelles","publisher":{"@id":"https:\/\/hierostrasbourg.com\/#organization"},"potentialAction":[{"@type":"SearchAction","target":{"@type":"EntryPoint","urlTemplate":"https:\/\/hierostrasbourg.com\/?s={search_term_string}"},"query-input":{"@type":"PropertyValueSpecification","valueRequired":true,"valueName":"search_term_string"}}],"inLanguage":"fr-FR"},{"@type":"Organization","@id":"https:\/\/hierostrasbourg.com\/#organization","name":"F\u00e9d\u00e9ration Hi\u00e9ro Strasbourg","url":"https:\/\/hierostrasbourg.com\/","logo":{"@type":"ImageObject","inLanguage":"fr-FR","@id":"https:\/\/hierostrasbourg.com\/#\/schema\/logo\/image\/","url":"https:\/\/hierostrasbourg.com\/wp-content\/uploads\/2026\/04\/logo-hiero-strasbourg.jpg","contentUrl":"https:\/\/hierostrasbourg.com\/wp-content\/uploads\/2026\/04\/logo-hiero-strasbourg.jpg","width":204,"height":192,"caption":"F\u00e9d\u00e9ration Hi\u00e9ro Strasbourg"},"image":{"@id":"https:\/\/hierostrasbourg.com\/#\/schema\/logo\/image\/"},"sameAs":["https:\/\/www.facebook.com\/fedehierostrasbourg","https:\/\/x.com\/hierostrasbourg"]}]}},"_links":{"self":[{"href":"https:\/\/hierostrasbourg.com\/index.php\/wp-json\/wp\/v2\/posts\/1238","targetHints":{"allow":["GET"]}}],"collection":[{"href":"https:\/\/hierostrasbourg.com\/index.php\/wp-json\/wp\/v2\/posts"}],"about":[{"href":"https:\/\/hierostrasbourg.com\/index.php\/wp-json\/wp\/v2\/types\/post"}],"replies":[{"embeddable":true,"href":"https:\/\/hierostrasbourg.com\/index.php\/wp-json\/wp\/v2\/comments?post=1238"}],"version-history":[{"count":0,"href":"https:\/\/hierostrasbourg.com\/index.php\/wp-json\/wp\/v2\/posts\/1238\/revisions"}],"wp:attachment":[{"href":"https:\/\/hierostrasbourg.com\/index.php\/wp-json\/wp\/v2\/media?parent=1238"}],"wp:term":[{"taxonomy":"category","embeddable":true,"href":"https:\/\/hierostrasbourg.com\/index.php\/wp-json\/wp\/v2\/categories?post=1238"},{"taxonomy":"post_tag","embeddable":true,"href":"https:\/\/hierostrasbourg.com\/index.php\/wp-json\/wp\/v2\/tags?post=1238"}],"curies":[{"name":"wp","href":"https:\/\/api.w.org\/{rel}","templated":true}]}}