{"id":1234,"date":"2021-12-04T19:23:02","date_gmt":"2021-12-04T18:23:02","guid":{"rendered":"https:\/\/hierostrasbourg.com\/index.php\/2021\/12\/04\/festivals-comment-les-organisateurs-reagissent-aux-annonces-de-roselyne-bachelot\/"},"modified":"2021-12-04T19:23:02","modified_gmt":"2021-12-04T18:23:02","slug":"festivals-comment-les-organisateurs-reagissent-aux-annonces-de-roselyne-bachelot","status":"publish","type":"post","link":"https:\/\/hierostrasbourg.com\/index.php\/2021\/12\/04\/festivals-comment-les-organisateurs-reagissent-aux-annonces-de-roselyne-bachelot\/","title":{"rendered":"Festivals : comment les organisateurs r\u00e9agissent aux annonces de Roselyne Bachelot"},"content":{"rendered":"<p><em>La ministre de la Culture, Roselyne Bachelot, a cl\u00f4tur\u00e9 les \u00e9tats g\u00e9n\u00e9raux des festivals le 1er d\u00e9cembre \u00e0 Toulouse avec une s\u00e9rie d\u2019annonces. Des d\u00e9cisions dont les professionnels voient des traductions politiques, mais aussi op\u00e9rationnelles rapides, m\u00eame si des points d\u2019inqui\u00e9tude demeurent.<\/em><\/p>\n<p>Source \/ Lire la suite : <a href=\"https:\/\/www.lagazettedescommunes.com\/778379\/festivals-comment-les-professionnels-reagissent-aux-annonces-de-roselyne-bachelot\/\">Festivals : comment les organisateurs r\u00e9agissent aux annonces de Roselyne Bachelot<\/a><\/p>\n<p>L\u2019article <a href=\"https:\/\/popburo.fr\/festivals-comment-les-organisateurs-reagissent-aux-annonces-de-roselyne-bachelot\/\">Festivals : comment les organisateurs r\u00e9agissent aux annonces de Roselyne Bachelot<\/a> est apparu en premier sur <a href=\"https:\/\/popburo.fr\/\">POP B\u00dcRO<\/a>.<\/p>\n","protected":false},"excerpt":{"rendered":"<p>La ministre de la Culture, Roselyne Bachelot, a cl\u00f4tur\u00e9 les \u00e9tats g\u00e9n\u00e9raux des festivals le 1er d\u00e9cembre \u00e0 Toulouse avec une s\u00e9rie d\u2019annonces. Des d\u00e9cisions dont les professionnels voient des traductions politiques, mais aussi op\u00e9rationnelles rapides, m\u00eame si des points d\u2019inqui\u00e9tude demeurent. Source \/ Lire la suite : Festivals : comment les organisateurs r\u00e9agissent aux annonces de Roselyne Bachelot L\u2019article Festivals : comment les organisateurs r\u00e9agissent aux annonces de Roselyne Bachelot est apparu en premier sur POP B\u00dcRO.<\/p>\n","protected":false},"author":0,"featured_media":0,"comment_status":"closed","ping_status":"open","sticky":false,"template":"","format":"standard","meta":{"footnotes":""},"categories":[1],"tags":[],"class_list":["post-1234","post","type-post","status-publish","format-standard","hentry","category-non-classe"],"yoast_head":"<!-- This site is optimized with the Yoast SEO plugin v27.5 - https:\/\/yoast.com\/product\/yoast-seo-wordpress\/ -->\n<title>Festivals : comment les organisateurs r\u00e9agissent aux annonces de Roselyne Bachelot - HIERO STRASBOURG<\/title>\n<meta name=\"robots\" content=\"index, follow, max-snippet:-1, max-image-preview:large, max-video-preview:-1\" \/>\n<link rel=\"canonical\" href=\"https:\/\/hierostrasbourg.com\/index.php\/2021\/12\/04\/festivals-comment-les-organisateurs-reagissent-aux-annonces-de-roselyne-bachelot\/\" \/>\n<meta property=\"og:locale\" content=\"fr_FR\" \/>\n<meta property=\"og:type\" content=\"article\" \/>\n<meta property=\"og:title\" content=\"Festivals : comment les organisateurs r\u00e9agissent aux annonces de Roselyne Bachelot - HIERO STRASBOURG\" \/>\n<meta property=\"og:description\" content=\"La ministre de la Culture, Roselyne Bachelot, a cl\u00f4tur\u00e9 les \u00e9tats g\u00e9n\u00e9raux des festivals le 1er d\u00e9cembre \u00e0 Toulouse avec une s\u00e9rie d\u2019annonces. Des d\u00e9cisions dont les professionnels voient des traductions politiques, mais aussi op\u00e9rationnelles rapides, m\u00eame si des points d\u2019inqui\u00e9tude demeurent. Source \/ Lire la suite : Festivals : comment les organisateurs r\u00e9agissent aux annonces de Roselyne Bachelot L\u2019article Festivals : comment les organisateurs r\u00e9agissent aux annonces de Roselyne Bachelot est apparu en premier sur POP B\u00dcRO.\" \/>\n<meta property=\"og:url\" content=\"https:\/\/hierostrasbourg.com\/index.php\/2021\/12\/04\/festivals-comment-les-organisateurs-reagissent-aux-annonces-de-roselyne-bachelot\/\" \/>\n<meta property=\"og:site_name\" content=\"HIERO STRASBOURG\" \/>\n<meta property=\"article:publisher\" content=\"https:\/\/www.facebook.com\/fedehierostrasbourg\" \/>\n<meta property=\"article:published_time\" content=\"2021-12-04T18:23:02+00:00\" \/>\n<meta name=\"twitter:card\" content=\"summary_large_image\" \/>\n<meta name=\"twitter:creator\" content=\"@hierostrasbourg\" \/>\n<meta name=\"twitter:site\" content=\"@hierostrasbourg\" \/>\n<script type=\"application\/ld+json\" class=\"yoast-schema-graph\">{\"@context\":\"https:\\\/\\\/schema.org\",\"@graph\":[{\"@type\":\"Article\",\"@id\":\"https:\\\/\\\/hierostrasbourg.com\\\/index.php\\\/2021\\\/12\\\/04\\\/festivals-comment-les-organisateurs-reagissent-aux-annonces-de-roselyne-bachelot\\\/#article\",\"isPartOf\":{\"@id\":\"https:\\\/\\\/hierostrasbourg.com\\\/index.php\\\/2021\\\/12\\\/04\\\/festivals-comment-les-organisateurs-reagissent-aux-annonces-de-roselyne-bachelot\\\/\"},\"author\":{\"name\":\"\",\"@id\":\"\"},\"headline\":\"Festivals : comment les organisateurs r\u00e9agissent aux annonces de Roselyne Bachelot\",\"datePublished\":\"2021-12-04T18:23:02+00:00\",\"mainEntityOfPage\":{\"@id\":\"https:\\\/\\\/hierostrasbourg.com\\\/index.php\\\/2021\\\/12\\\/04\\\/festivals-comment-les-organisateurs-reagissent-aux-annonces-de-roselyne-bachelot\\\/\"},\"wordCount\":99,\"publisher\":{\"@id\":\"https:\\\/\\\/hierostrasbourg.com\\\/#organization\"},\"inLanguage\":\"fr-FR\"},{\"@type\":\"WebPage\",\"@id\":\"https:\\\/\\\/hierostrasbourg.com\\\/index.php\\\/2021\\\/12\\\/04\\\/festivals-comment-les-organisateurs-reagissent-aux-annonces-de-roselyne-bachelot\\\/\",\"url\":\"https:\\\/\\\/hierostrasbourg.com\\\/index.php\\\/2021\\\/12\\\/04\\\/festivals-comment-les-organisateurs-reagissent-aux-annonces-de-roselyne-bachelot\\\/\",\"name\":\"Festivals : comment les organisateurs r\u00e9agissent aux annonces de Roselyne Bachelot - HIERO STRASBOURG\",\"isPartOf\":{\"@id\":\"https:\\\/\\\/hierostrasbourg.com\\\/#website\"},\"datePublished\":\"2021-12-04T18:23:02+00:00\",\"breadcrumb\":{\"@id\":\"https:\\\/\\\/hierostrasbourg.com\\\/index.php\\\/2021\\\/12\\\/04\\\/festivals-comment-les-organisateurs-reagissent-aux-annonces-de-roselyne-bachelot\\\/#breadcrumb\"},\"inLanguage\":\"fr-FR\",\"potentialAction\":[{\"@type\":\"ReadAction\",\"target\":[\"https:\\\/\\\/hierostrasbourg.com\\\/index.php\\\/2021\\\/12\\\/04\\\/festivals-comment-les-organisateurs-reagissent-aux-annonces-de-roselyne-bachelot\\\/\"]}]},{\"@type\":\"BreadcrumbList\",\"@id\":\"https:\\\/\\\/hierostrasbourg.com\\\/index.php\\\/2021\\\/12\\\/04\\\/festivals-comment-les-organisateurs-reagissent-aux-annonces-de-roselyne-bachelot\\\/#breadcrumb\",\"itemListElement\":[{\"@type\":\"ListItem\",\"position\":1,\"name\":\"Accueil\",\"item\":\"https:\\\/\\\/hierostrasbourg.com\\\/\"},{\"@type\":\"ListItem\",\"position\":2,\"name\":\"Festivals : comment les organisateurs r\u00e9agissent aux annonces de Roselyne Bachelot\"}]},{\"@type\":\"WebSite\",\"@id\":\"https:\\\/\\\/hierostrasbourg.com\\\/#website\",\"url\":\"https:\\\/\\\/hierostrasbourg.com\\\/\",\"name\":\"HIERO STRASBOURG\",\"description\":\"Centre de Ressources Musiques Actuelles\",\"publisher\":{\"@id\":\"https:\\\/\\\/hierostrasbourg.com\\\/#organization\"},\"potentialAction\":[{\"@type\":\"SearchAction\",\"target\":{\"@type\":\"EntryPoint\",\"urlTemplate\":\"https:\\\/\\\/hierostrasbourg.com\\\/?s={search_term_string}\"},\"query-input\":{\"@type\":\"PropertyValueSpecification\",\"valueRequired\":true,\"valueName\":\"search_term_string\"}}],\"inLanguage\":\"fr-FR\"},{\"@type\":\"Organization\",\"@id\":\"https:\\\/\\\/hierostrasbourg.com\\\/#organization\",\"name\":\"F\u00e9d\u00e9ration Hi\u00e9ro Strasbourg\",\"url\":\"https:\\\/\\\/hierostrasbourg.com\\\/\",\"logo\":{\"@type\":\"ImageObject\",\"inLanguage\":\"fr-FR\",\"@id\":\"https:\\\/\\\/hierostrasbourg.com\\\/#\\\/schema\\\/logo\\\/image\\\/\",\"url\":\"https:\\\/\\\/hierostrasbourg.com\\\/wp-content\\\/uploads\\\/2026\\\/04\\\/logo-hiero-strasbourg.jpg\",\"contentUrl\":\"https:\\\/\\\/hierostrasbourg.com\\\/wp-content\\\/uploads\\\/2026\\\/04\\\/logo-hiero-strasbourg.jpg\",\"width\":204,\"height\":192,\"caption\":\"F\u00e9d\u00e9ration Hi\u00e9ro Strasbourg\"},\"image\":{\"@id\":\"https:\\\/\\\/hierostrasbourg.com\\\/#\\\/schema\\\/logo\\\/image\\\/\"},\"sameAs\":[\"https:\\\/\\\/www.facebook.com\\\/fedehierostrasbourg\",\"https:\\\/\\\/x.com\\\/hierostrasbourg\"]}]}<\/script>\n<!-- \/ Yoast SEO plugin. -->","yoast_head_json":{"title":"Festivals : comment les organisateurs r\u00e9agissent aux annonces de Roselyne Bachelot - HIERO STRASBOURG","robots":{"index":"index","follow":"follow","max-snippet":"max-snippet:-1","max-image-preview":"max-image-preview:large","max-video-preview":"max-video-preview:-1"},"canonical":"https:\/\/hierostrasbourg.com\/index.php\/2021\/12\/04\/festivals-comment-les-organisateurs-reagissent-aux-annonces-de-roselyne-bachelot\/","og_locale":"fr_FR","og_type":"article","og_title":"Festivals : comment les organisateurs r\u00e9agissent aux annonces de Roselyne Bachelot - HIERO STRASBOURG","og_description":"La ministre de la Culture, Roselyne Bachelot, a cl\u00f4tur\u00e9 les \u00e9tats g\u00e9n\u00e9raux des festivals le 1er d\u00e9cembre \u00e0 Toulouse avec une s\u00e9rie d\u2019annonces. Des d\u00e9cisions dont les professionnels voient des traductions politiques, mais aussi op\u00e9rationnelles rapides, m\u00eame si des points d\u2019inqui\u00e9tude demeurent. Source \/ Lire la suite : Festivals : comment les organisateurs r\u00e9agissent aux annonces de Roselyne Bachelot L\u2019article Festivals : comment les organisateurs r\u00e9agissent aux annonces de Roselyne Bachelot est apparu en premier sur POP B\u00dcRO.","og_url":"https:\/\/hierostrasbourg.com\/index.php\/2021\/12\/04\/festivals-comment-les-organisateurs-reagissent-aux-annonces-de-roselyne-bachelot\/","og_site_name":"HIERO STRASBOURG","article_publisher":"https:\/\/www.facebook.com\/fedehierostrasbourg","article_published_time":"2021-12-04T18:23:02+00:00","twitter_card":"summary_large_image","twitter_creator":"@hierostrasbourg","twitter_site":"@hierostrasbourg","schema":{"@context":"https:\/\/schema.org","@graph":[{"@type":"Article","@id":"https:\/\/hierostrasbourg.com\/index.php\/2021\/12\/04\/festivals-comment-les-organisateurs-reagissent-aux-annonces-de-roselyne-bachelot\/#article","isPartOf":{"@id":"https:\/\/hierostrasbourg.com\/index.php\/2021\/12\/04\/festivals-comment-les-organisateurs-reagissent-aux-annonces-de-roselyne-bachelot\/"},"author":{"name":"","@id":""},"headline":"Festivals : comment les organisateurs r\u00e9agissent aux annonces de Roselyne Bachelot","datePublished":"2021-12-04T18:23:02+00:00","mainEntityOfPage":{"@id":"https:\/\/hierostrasbourg.com\/index.php\/2021\/12\/04\/festivals-comment-les-organisateurs-reagissent-aux-annonces-de-roselyne-bachelot\/"},"wordCount":99,"publisher":{"@id":"https:\/\/hierostrasbourg.com\/#organization"},"inLanguage":"fr-FR"},{"@type":"WebPage","@id":"https:\/\/hierostrasbourg.com\/index.php\/2021\/12\/04\/festivals-comment-les-organisateurs-reagissent-aux-annonces-de-roselyne-bachelot\/","url":"https:\/\/hierostrasbourg.com\/index.php\/2021\/12\/04\/festivals-comment-les-organisateurs-reagissent-aux-annonces-de-roselyne-bachelot\/","name":"Festivals : comment les organisateurs r\u00e9agissent aux annonces de Roselyne Bachelot - HIERO STRASBOURG","isPartOf":{"@id":"https:\/\/hierostrasbourg.com\/#website"},"datePublished":"2021-12-04T18:23:02+00:00","breadcrumb":{"@id":"https:\/\/hierostrasbourg.com\/index.php\/2021\/12\/04\/festivals-comment-les-organisateurs-reagissent-aux-annonces-de-roselyne-bachelot\/#breadcrumb"},"inLanguage":"fr-FR","potentialAction":[{"@type":"ReadAction","target":["https:\/\/hierostrasbourg.com\/index.php\/2021\/12\/04\/festivals-comment-les-organisateurs-reagissent-aux-annonces-de-roselyne-bachelot\/"]}]},{"@type":"BreadcrumbList","@id":"https:\/\/hierostrasbourg.com\/index.php\/2021\/12\/04\/festivals-comment-les-organisateurs-reagissent-aux-annonces-de-roselyne-bachelot\/#breadcrumb","itemListElement":[{"@type":"ListItem","position":1,"name":"Accueil","item":"https:\/\/hierostrasbourg.com\/"},{"@type":"ListItem","position":2,"name":"Festivals : comment les organisateurs r\u00e9agissent aux annonces de Roselyne Bachelot"}]},{"@type":"WebSite","@id":"https:\/\/hierostrasbourg.com\/#website","url":"https:\/\/hierostrasbourg.com\/","name":"HIERO STRASBOURG","description":"Centre de Ressources Musiques Actuelles","publisher":{"@id":"https:\/\/hierostrasbourg.com\/#organization"},"potentialAction":[{"@type":"SearchAction","target":{"@type":"EntryPoint","urlTemplate":"https:\/\/hierostrasbourg.com\/?s={search_term_string}"},"query-input":{"@type":"PropertyValueSpecification","valueRequired":true,"valueName":"search_term_string"}}],"inLanguage":"fr-FR"},{"@type":"Organization","@id":"https:\/\/hierostrasbourg.com\/#organization","name":"F\u00e9d\u00e9ration Hi\u00e9ro Strasbourg","url":"https:\/\/hierostrasbourg.com\/","logo":{"@type":"ImageObject","inLanguage":"fr-FR","@id":"https:\/\/hierostrasbourg.com\/#\/schema\/logo\/image\/","url":"https:\/\/hierostrasbourg.com\/wp-content\/uploads\/2026\/04\/logo-hiero-strasbourg.jpg","contentUrl":"https:\/\/hierostrasbourg.com\/wp-content\/uploads\/2026\/04\/logo-hiero-strasbourg.jpg","width":204,"height":192,"caption":"F\u00e9d\u00e9ration Hi\u00e9ro Strasbourg"},"image":{"@id":"https:\/\/hierostrasbourg.com\/#\/schema\/logo\/image\/"},"sameAs":["https:\/\/www.facebook.com\/fedehierostrasbourg","https:\/\/x.com\/hierostrasbourg"]}]}},"_links":{"self":[{"href":"https:\/\/hierostrasbourg.com\/index.php\/wp-json\/wp\/v2\/posts\/1234","targetHints":{"allow":["GET"]}}],"collection":[{"href":"https:\/\/hierostrasbourg.com\/index.php\/wp-json\/wp\/v2\/posts"}],"about":[{"href":"https:\/\/hierostrasbourg.com\/index.php\/wp-json\/wp\/v2\/types\/post"}],"replies":[{"embeddable":true,"href":"https:\/\/hierostrasbourg.com\/index.php\/wp-json\/wp\/v2\/comments?post=1234"}],"version-history":[{"count":0,"href":"https:\/\/hierostrasbourg.com\/index.php\/wp-json\/wp\/v2\/posts\/1234\/revisions"}],"wp:attachment":[{"href":"https:\/\/hierostrasbourg.com\/index.php\/wp-json\/wp\/v2\/media?parent=1234"}],"wp:term":[{"taxonomy":"category","embeddable":true,"href":"https:\/\/hierostrasbourg.com\/index.php\/wp-json\/wp\/v2\/categories?post=1234"},{"taxonomy":"post_tag","embeddable":true,"href":"https:\/\/hierostrasbourg.com\/index.php\/wp-json\/wp\/v2\/tags?post=1234"}],"curies":[{"name":"wp","href":"https:\/\/api.w.org\/{rel}","templated":true}]}}