{"id":1180,"date":"2021-11-17T22:25:54","date_gmt":"2021-11-17T21:25:54","guid":{"rendered":"https:\/\/hierostrasbourg.com\/index.php\/2021\/11\/17\/appel-a-projets-4e-programme-dinvestissements-davenir-en-faveur-des-icc\/"},"modified":"2021-11-17T22:25:54","modified_gmt":"2021-11-17T21:25:54","slug":"appel-a-projets-4e-programme-dinvestissements-davenir-en-faveur-des-icc","status":"publish","type":"post","link":"https:\/\/hierostrasbourg.com\/index.php\/2021\/11\/17\/appel-a-projets-4e-programme-dinvestissements-davenir-en-faveur-des-icc\/","title":{"rendered":"Appel \u00e0 projets : 4e Programme d\u2019investissements d\u2019avenir en faveur des ICC"},"content":{"rendered":"<p><em>Plus que quelques semaines pour r\u00e9pondre aux premiers appels \u00e0 projets du 4e Programme d\u2019investissements d\u2019avenir en faveur des industries culturelles et cr\u00e9atives, annonc\u00e9 par le Premier ministre Jean Castex en septembre<\/em><\/p>\n<p><em>Date limite de candidature : 3 d\u00e9cembre 2021<\/em><\/p>\n<p>Source \/ Lire la suite : <a href=\"https:\/\/cnm.fr\/appel-a-projets-4eme-programme-dinvestissements-davenir-en-faveur-des-icc\/\">Appel \u00e0 projets : 4e Programme d\u2019investissements d\u2019avenir en faveur des ICC<\/a><\/p>\n<p>L\u2019article <a href=\"https:\/\/popburo.fr\/appel-a-projets-4e-programme-dinvestissements-davenir-en-faveur-des-icc\/\">Appel \u00e0 projets : 4e Programme d\u2019investissements d\u2019avenir en faveur des ICC<\/a> est apparu en premier sur <a href=\"https:\/\/popburo.fr\/\">POP B\u00dcRO<\/a>.<\/p>\n","protected":false},"excerpt":{"rendered":"<p>Plus que quelques semaines pour r\u00e9pondre aux premiers appels \u00e0 projets du 4e Programme d\u2019investissements d\u2019avenir en faveur des industries culturelles et cr\u00e9atives, annonc\u00e9 par le Premier ministre Jean Castex en septembre Date limite de candidature : 3 d\u00e9cembre 2021 Source \/ Lire la suite : Appel \u00e0 projets : 4e Programme d\u2019investissements d\u2019avenir en faveur des ICC L\u2019article Appel \u00e0 projets : 4e Programme d\u2019investissements d\u2019avenir en faveur des ICC est apparu en premier sur POP B\u00dcRO.<\/p>\n","protected":false},"author":0,"featured_media":0,"comment_status":"closed","ping_status":"open","sticky":false,"template":"","format":"standard","meta":{"footnotes":""},"categories":[1],"tags":[],"class_list":["post-1180","post","type-post","status-publish","format-standard","hentry","category-non-classe"],"yoast_head":"<!-- This site is optimized with the Yoast SEO plugin v27.5 - https:\/\/yoast.com\/product\/yoast-seo-wordpress\/ -->\n<title>Appel \u00e0 projets : 4e Programme d\u2019investissements d\u2019avenir en faveur des ICC - HIERO STRASBOURG<\/title>\n<meta name=\"robots\" content=\"index, follow, max-snippet:-1, max-image-preview:large, max-video-preview:-1\" \/>\n<link rel=\"canonical\" href=\"https:\/\/hierostrasbourg.com\/index.php\/2021\/11\/17\/appel-a-projets-4e-programme-dinvestissements-davenir-en-faveur-des-icc\/\" \/>\n<meta property=\"og:locale\" content=\"fr_FR\" \/>\n<meta property=\"og:type\" content=\"article\" \/>\n<meta property=\"og:title\" content=\"Appel \u00e0 projets : 4e Programme d\u2019investissements d\u2019avenir en faveur des ICC - HIERO STRASBOURG\" \/>\n<meta property=\"og:description\" content=\"Plus que quelques semaines pour r\u00e9pondre aux premiers appels \u00e0 projets du 4e Programme d\u2019investissements d\u2019avenir en faveur des industries culturelles et cr\u00e9atives, annonc\u00e9 par le Premier ministre Jean Castex en septembre Date limite de candidature : 3 d\u00e9cembre 2021 Source \/ Lire la suite : Appel \u00e0 projets : 4e Programme d\u2019investissements d\u2019avenir en faveur des ICC L\u2019article Appel \u00e0 projets : 4e Programme d\u2019investissements d\u2019avenir en faveur des ICC est apparu en premier sur POP B\u00dcRO.\" \/>\n<meta property=\"og:url\" content=\"https:\/\/hierostrasbourg.com\/index.php\/2021\/11\/17\/appel-a-projets-4e-programme-dinvestissements-davenir-en-faveur-des-icc\/\" \/>\n<meta property=\"og:site_name\" content=\"HIERO STRASBOURG\" \/>\n<meta property=\"article:publisher\" content=\"https:\/\/www.facebook.com\/fedehierostrasbourg\" \/>\n<meta property=\"article:published_time\" content=\"2021-11-17T21:25:54+00:00\" \/>\n<meta name=\"twitter:card\" content=\"summary_large_image\" \/>\n<meta name=\"twitter:creator\" content=\"@hierostrasbourg\" \/>\n<meta name=\"twitter:site\" content=\"@hierostrasbourg\" \/>\n<script type=\"application\/ld+json\" class=\"yoast-schema-graph\">{\"@context\":\"https:\\\/\\\/schema.org\",\"@graph\":[{\"@type\":\"Article\",\"@id\":\"https:\\\/\\\/hierostrasbourg.com\\\/index.php\\\/2021\\\/11\\\/17\\\/appel-a-projets-4e-programme-dinvestissements-davenir-en-faveur-des-icc\\\/#article\",\"isPartOf\":{\"@id\":\"https:\\\/\\\/hierostrasbourg.com\\\/index.php\\\/2021\\\/11\\\/17\\\/appel-a-projets-4e-programme-dinvestissements-davenir-en-faveur-des-icc\\\/\"},\"author\":{\"name\":\"\",\"@id\":\"\"},\"headline\":\"Appel \u00e0 projets : 4e Programme d\u2019investissements d\u2019avenir en faveur des ICC\",\"datePublished\":\"2021-11-17T21:25:54+00:00\",\"mainEntityOfPage\":{\"@id\":\"https:\\\/\\\/hierostrasbourg.com\\\/index.php\\\/2021\\\/11\\\/17\\\/appel-a-projets-4e-programme-dinvestissements-davenir-en-faveur-des-icc\\\/\"},\"wordCount\":91,\"publisher\":{\"@id\":\"https:\\\/\\\/hierostrasbourg.com\\\/#organization\"},\"inLanguage\":\"fr-FR\"},{\"@type\":\"WebPage\",\"@id\":\"https:\\\/\\\/hierostrasbourg.com\\\/index.php\\\/2021\\\/11\\\/17\\\/appel-a-projets-4e-programme-dinvestissements-davenir-en-faveur-des-icc\\\/\",\"url\":\"https:\\\/\\\/hierostrasbourg.com\\\/index.php\\\/2021\\\/11\\\/17\\\/appel-a-projets-4e-programme-dinvestissements-davenir-en-faveur-des-icc\\\/\",\"name\":\"Appel \u00e0 projets : 4e Programme d\u2019investissements d\u2019avenir en faveur des ICC - HIERO STRASBOURG\",\"isPartOf\":{\"@id\":\"https:\\\/\\\/hierostrasbourg.com\\\/#website\"},\"datePublished\":\"2021-11-17T21:25:54+00:00\",\"breadcrumb\":{\"@id\":\"https:\\\/\\\/hierostrasbourg.com\\\/index.php\\\/2021\\\/11\\\/17\\\/appel-a-projets-4e-programme-dinvestissements-davenir-en-faveur-des-icc\\\/#breadcrumb\"},\"inLanguage\":\"fr-FR\",\"potentialAction\":[{\"@type\":\"ReadAction\",\"target\":[\"https:\\\/\\\/hierostrasbourg.com\\\/index.php\\\/2021\\\/11\\\/17\\\/appel-a-projets-4e-programme-dinvestissements-davenir-en-faveur-des-icc\\\/\"]}]},{\"@type\":\"BreadcrumbList\",\"@id\":\"https:\\\/\\\/hierostrasbourg.com\\\/index.php\\\/2021\\\/11\\\/17\\\/appel-a-projets-4e-programme-dinvestissements-davenir-en-faveur-des-icc\\\/#breadcrumb\",\"itemListElement\":[{\"@type\":\"ListItem\",\"position\":1,\"name\":\"Accueil\",\"item\":\"https:\\\/\\\/hierostrasbourg.com\\\/\"},{\"@type\":\"ListItem\",\"position\":2,\"name\":\"Appel \u00e0 projets : 4e Programme d\u2019investissements d\u2019avenir en faveur des ICC\"}]},{\"@type\":\"WebSite\",\"@id\":\"https:\\\/\\\/hierostrasbourg.com\\\/#website\",\"url\":\"https:\\\/\\\/hierostrasbourg.com\\\/\",\"name\":\"HIERO STRASBOURG\",\"description\":\"Centre de Ressources Musiques Actuelles\",\"publisher\":{\"@id\":\"https:\\\/\\\/hierostrasbourg.com\\\/#organization\"},\"potentialAction\":[{\"@type\":\"SearchAction\",\"target\":{\"@type\":\"EntryPoint\",\"urlTemplate\":\"https:\\\/\\\/hierostrasbourg.com\\\/?s={search_term_string}\"},\"query-input\":{\"@type\":\"PropertyValueSpecification\",\"valueRequired\":true,\"valueName\":\"search_term_string\"}}],\"inLanguage\":\"fr-FR\"},{\"@type\":\"Organization\",\"@id\":\"https:\\\/\\\/hierostrasbourg.com\\\/#organization\",\"name\":\"F\u00e9d\u00e9ration Hi\u00e9ro Strasbourg\",\"url\":\"https:\\\/\\\/hierostrasbourg.com\\\/\",\"logo\":{\"@type\":\"ImageObject\",\"inLanguage\":\"fr-FR\",\"@id\":\"https:\\\/\\\/hierostrasbourg.com\\\/#\\\/schema\\\/logo\\\/image\\\/\",\"url\":\"https:\\\/\\\/hierostrasbourg.com\\\/wp-content\\\/uploads\\\/2026\\\/04\\\/logo-hiero-strasbourg.jpg\",\"contentUrl\":\"https:\\\/\\\/hierostrasbourg.com\\\/wp-content\\\/uploads\\\/2026\\\/04\\\/logo-hiero-strasbourg.jpg\",\"width\":204,\"height\":192,\"caption\":\"F\u00e9d\u00e9ration Hi\u00e9ro Strasbourg\"},\"image\":{\"@id\":\"https:\\\/\\\/hierostrasbourg.com\\\/#\\\/schema\\\/logo\\\/image\\\/\"},\"sameAs\":[\"https:\\\/\\\/www.facebook.com\\\/fedehierostrasbourg\",\"https:\\\/\\\/x.com\\\/hierostrasbourg\"]}]}<\/script>\n<!-- \/ Yoast SEO plugin. -->","yoast_head_json":{"title":"Appel \u00e0 projets : 4e Programme d\u2019investissements d\u2019avenir en faveur des ICC - HIERO STRASBOURG","robots":{"index":"index","follow":"follow","max-snippet":"max-snippet:-1","max-image-preview":"max-image-preview:large","max-video-preview":"max-video-preview:-1"},"canonical":"https:\/\/hierostrasbourg.com\/index.php\/2021\/11\/17\/appel-a-projets-4e-programme-dinvestissements-davenir-en-faveur-des-icc\/","og_locale":"fr_FR","og_type":"article","og_title":"Appel \u00e0 projets : 4e Programme d\u2019investissements d\u2019avenir en faveur des ICC - HIERO STRASBOURG","og_description":"Plus que quelques semaines pour r\u00e9pondre aux premiers appels \u00e0 projets du 4e Programme d\u2019investissements d\u2019avenir en faveur des industries culturelles et cr\u00e9atives, annonc\u00e9 par le Premier ministre Jean Castex en septembre Date limite de candidature : 3 d\u00e9cembre 2021 Source \/ Lire la suite : Appel \u00e0 projets : 4e Programme d\u2019investissements d\u2019avenir en faveur des ICC L\u2019article Appel \u00e0 projets : 4e Programme d\u2019investissements d\u2019avenir en faveur des ICC est apparu en premier sur POP B\u00dcRO.","og_url":"https:\/\/hierostrasbourg.com\/index.php\/2021\/11\/17\/appel-a-projets-4e-programme-dinvestissements-davenir-en-faveur-des-icc\/","og_site_name":"HIERO STRASBOURG","article_publisher":"https:\/\/www.facebook.com\/fedehierostrasbourg","article_published_time":"2021-11-17T21:25:54+00:00","twitter_card":"summary_large_image","twitter_creator":"@hierostrasbourg","twitter_site":"@hierostrasbourg","schema":{"@context":"https:\/\/schema.org","@graph":[{"@type":"Article","@id":"https:\/\/hierostrasbourg.com\/index.php\/2021\/11\/17\/appel-a-projets-4e-programme-dinvestissements-davenir-en-faveur-des-icc\/#article","isPartOf":{"@id":"https:\/\/hierostrasbourg.com\/index.php\/2021\/11\/17\/appel-a-projets-4e-programme-dinvestissements-davenir-en-faveur-des-icc\/"},"author":{"name":"","@id":""},"headline":"Appel \u00e0 projets : 4e Programme d\u2019investissements d\u2019avenir en faveur des ICC","datePublished":"2021-11-17T21:25:54+00:00","mainEntityOfPage":{"@id":"https:\/\/hierostrasbourg.com\/index.php\/2021\/11\/17\/appel-a-projets-4e-programme-dinvestissements-davenir-en-faveur-des-icc\/"},"wordCount":91,"publisher":{"@id":"https:\/\/hierostrasbourg.com\/#organization"},"inLanguage":"fr-FR"},{"@type":"WebPage","@id":"https:\/\/hierostrasbourg.com\/index.php\/2021\/11\/17\/appel-a-projets-4e-programme-dinvestissements-davenir-en-faveur-des-icc\/","url":"https:\/\/hierostrasbourg.com\/index.php\/2021\/11\/17\/appel-a-projets-4e-programme-dinvestissements-davenir-en-faveur-des-icc\/","name":"Appel \u00e0 projets : 4e Programme d\u2019investissements d\u2019avenir en faveur des ICC - HIERO STRASBOURG","isPartOf":{"@id":"https:\/\/hierostrasbourg.com\/#website"},"datePublished":"2021-11-17T21:25:54+00:00","breadcrumb":{"@id":"https:\/\/hierostrasbourg.com\/index.php\/2021\/11\/17\/appel-a-projets-4e-programme-dinvestissements-davenir-en-faveur-des-icc\/#breadcrumb"},"inLanguage":"fr-FR","potentialAction":[{"@type":"ReadAction","target":["https:\/\/hierostrasbourg.com\/index.php\/2021\/11\/17\/appel-a-projets-4e-programme-dinvestissements-davenir-en-faveur-des-icc\/"]}]},{"@type":"BreadcrumbList","@id":"https:\/\/hierostrasbourg.com\/index.php\/2021\/11\/17\/appel-a-projets-4e-programme-dinvestissements-davenir-en-faveur-des-icc\/#breadcrumb","itemListElement":[{"@type":"ListItem","position":1,"name":"Accueil","item":"https:\/\/hierostrasbourg.com\/"},{"@type":"ListItem","position":2,"name":"Appel \u00e0 projets : 4e Programme d\u2019investissements d\u2019avenir en faveur des ICC"}]},{"@type":"WebSite","@id":"https:\/\/hierostrasbourg.com\/#website","url":"https:\/\/hierostrasbourg.com\/","name":"HIERO STRASBOURG","description":"Centre de Ressources Musiques Actuelles","publisher":{"@id":"https:\/\/hierostrasbourg.com\/#organization"},"potentialAction":[{"@type":"SearchAction","target":{"@type":"EntryPoint","urlTemplate":"https:\/\/hierostrasbourg.com\/?s={search_term_string}"},"query-input":{"@type":"PropertyValueSpecification","valueRequired":true,"valueName":"search_term_string"}}],"inLanguage":"fr-FR"},{"@type":"Organization","@id":"https:\/\/hierostrasbourg.com\/#organization","name":"F\u00e9d\u00e9ration Hi\u00e9ro Strasbourg","url":"https:\/\/hierostrasbourg.com\/","logo":{"@type":"ImageObject","inLanguage":"fr-FR","@id":"https:\/\/hierostrasbourg.com\/#\/schema\/logo\/image\/","url":"https:\/\/hierostrasbourg.com\/wp-content\/uploads\/2026\/04\/logo-hiero-strasbourg.jpg","contentUrl":"https:\/\/hierostrasbourg.com\/wp-content\/uploads\/2026\/04\/logo-hiero-strasbourg.jpg","width":204,"height":192,"caption":"F\u00e9d\u00e9ration Hi\u00e9ro Strasbourg"},"image":{"@id":"https:\/\/hierostrasbourg.com\/#\/schema\/logo\/image\/"},"sameAs":["https:\/\/www.facebook.com\/fedehierostrasbourg","https:\/\/x.com\/hierostrasbourg"]}]}},"_links":{"self":[{"href":"https:\/\/hierostrasbourg.com\/index.php\/wp-json\/wp\/v2\/posts\/1180","targetHints":{"allow":["GET"]}}],"collection":[{"href":"https:\/\/hierostrasbourg.com\/index.php\/wp-json\/wp\/v2\/posts"}],"about":[{"href":"https:\/\/hierostrasbourg.com\/index.php\/wp-json\/wp\/v2\/types\/post"}],"replies":[{"embeddable":true,"href":"https:\/\/hierostrasbourg.com\/index.php\/wp-json\/wp\/v2\/comments?post=1180"}],"version-history":[{"count":0,"href":"https:\/\/hierostrasbourg.com\/index.php\/wp-json\/wp\/v2\/posts\/1180\/revisions"}],"wp:attachment":[{"href":"https:\/\/hierostrasbourg.com\/index.php\/wp-json\/wp\/v2\/media?parent=1180"}],"wp:term":[{"taxonomy":"category","embeddable":true,"href":"https:\/\/hierostrasbourg.com\/index.php\/wp-json\/wp\/v2\/categories?post=1180"},{"taxonomy":"post_tag","embeddable":true,"href":"https:\/\/hierostrasbourg.com\/index.php\/wp-json\/wp\/v2\/tags?post=1180"}],"curies":[{"name":"wp","href":"https:\/\/api.w.org\/{rel}","templated":true}]}}