{"id":1176,"date":"2021-11-16T17:19:00","date_gmt":"2021-11-16T16:19:00","guid":{"rendered":"https:\/\/hierostrasbourg.com\/index.php\/2021\/11\/16\/la-sacem-publie-une-etude-les-francais-et-la-musique-dans-les-territoires\/"},"modified":"2021-11-16T17:19:00","modified_gmt":"2021-11-16T16:19:00","slug":"la-sacem-publie-une-etude-les-francais-et-la-musique-dans-les-territoires","status":"publish","type":"post","link":"https:\/\/hierostrasbourg.com\/index.php\/2021\/11\/16\/la-sacem-publie-une-etude-les-francais-et-la-musique-dans-les-territoires\/","title":{"rendered":"La SACEM publie une \u00e9tude \u201cLes Fran\u00e7ais et la musique dans les territoires\u201d"},"content":{"rendered":"<p><span>communiqu\u00e9<\/span><\/p>\n<div><em>D\u00e9sireuse de contribuer \u00e0 la r\u00e9flexion des acteurs publics et priv\u00e9s sur la vie musicale en France, la Sacem publie aujourd\u2019hui, \u00e0 l\u2019occasion du Salon des Maires, l\u2019\u00e9tude \u00ab Les Fran\u00e7ais et la musique dans les territoires \u00bb, qu\u2019elle a command\u00e9 \u00e0 l\u2019Institut OpinionWay. Cette enqu\u00eate a \u00e9t\u00e9 r\u00e9alis\u00e9e aupr\u00e8s d\u2019un \u00e9chantillon de 2001 personnes, repr\u00e9sentatif de la population fran\u00e7aise \u00e2g\u00e9e de 18 ans. \u00a0\u00a0<\/em><br \/><em>Elle trace le portrait d\u2019une\u00a0<strong>population profond\u00e9ment m\u00e9lomane,<\/strong>\u00a0pour qui la musique est synonyme d\u2019une vie plus riche, plus agr\u00e9able et plus porteuse de lien. Une population qui a subi difficilement les restrictions li\u00e9es \u00e0 la crise sanitaire et\u00a0<strong>qui attend un retour \u00e0 la normale le plus t\u00f4t possible.\u00a0<\/strong>Elle pointe aussi des\u00a0<strong>fractures territoriales<\/strong>\u00a0entre les grandes m\u00e9tropoles et les \u00ab\u00a0d\u00e9serts musicaux\u00a0\u00bb de certaines zones rurales. Et surtout, elle montre que\u00a0<strong>l\u2019acc\u00e8s \u00e0 la musique,<\/strong><strong>dans toute sa diversit\u00e9<\/strong>, pour tous et partout est un enjeu majeur pour notre soci\u00e9t\u00e9, et\u00a0<strong>une attente forte des Fran\u00e7ais notamment vis-\u00e0-vis de leurs \u00e9lus locaux.<\/strong><\/em><br \/><strong><em>Acteur majeur au service de la musique dans les territoires<\/em><\/strong><em>, la Sacem est engag\u00e9e aux c\u00f4t\u00e9s des \u00e9lus et des r\u00e9gions pour contribuer \u00e0 cet objectif.<\/em><\/div>\n<div><\/div>\n<h2>LA MUSIQUE, UN ELEMENT ESSENTIEL DE LA VIE DES FRAN\u00c7AIS<\/h2>\n<p><strong>Premier enseignement de l\u2019\u00e9tude : l\u2019attachement tr\u00e8s fort des Fran\u00e7ais \u00e0 la musique, synonyme pour eux de vie, de f\u00eate et de moments partag\u00e9s.<\/strong><br \/>\nAinsi, les trois quarts des Fran\u00e7ais (73%) accordent \u00e0 la musique une place importante dans leur vie, dont un quart (25%), tr\u00e8s importante. Plus de 7 Fran\u00e7ais sur 10 assistent r\u00e9guli\u00e8rement \u00e0 des concerts dans des salles d\u00e9di\u00e9es (74%), dans des caf\u00e9s-bars-restaurants \u00a0(74%) ou \u00e0 des festivals (72%).<br \/>\nPlus d\u2019un tiers suit des cours de musique en pr\u00e9sentiel ou a des enfants qui en suivent (36%).<\/p>\n<p><strong>Les Fran\u00e7ais sont d\u2019ailleurs convaincus du pouvoir f\u00e9d\u00e9rateur de l\u2019exp\u00e9rience collective de la musique.<\/strong><br \/>\nPlus de 8 sur 10 estiment ainsi que les concerts, les manifestations musicales, l\u2019\u00e9coute ou la pratique de la musique \u00e0 plusieurs renforcent les liens sociaux (84%) l\u2019ouverture au monde (87%) et \u00e0 d\u2019autres milieux sociaux (80%).<\/p>\n<p><strong>La privation d\u2019acc\u00e8s aux activit\u00e9s et lieux musicaux en raison de la crise du Covid a\u00a0en cons\u00e9quence\u00a0\u00e9t\u00e9 durement ressentie par de nombreux Fran\u00e7ais.<\/strong><br \/>\n48% des Fran\u00e7ais d\u00e9clarent ainsi qu\u2019assister \u00e0 des concerts dans des salles d\u00e9di\u00e9es leur a manqu\u00e9 pendant cette p\u00e9riode. La tendance est la m\u00eame pour les concerts dans les caf\u00e9s, bars ou restaurants (48%) ou les festivals (46%).<\/p>\n<p>De m\u00eame, ne pas pouvoir s\u2019adonner \u00e0 sa pratique musicale en groupe ou suivre des cours de musique en pr\u00e9sentiel a manqu\u00e9 \u00e0 la moiti\u00e9 des Fran\u00e7ais pratiquant eux-m\u00eames ces activit\u00e9s et \u00e0 ceux dont les enfants les pratiquent (respectivement \u00e0 48% et 49%).<\/p>\n<div><strong>Il est donc capital de permettre un retour rapide \u00e0 la vie musicale d\u2019avant la crise. Or ce n\u2019est pas le sentiment de la majorit\u00e9 des r\u00e9pondants qui per\u00e7oivent le redressement du secteur comme difficile et lent.<\/strong><br \/>\n7 Fran\u00e7ais sur 10 (69%) estiment que les \u00e9v\u00e9nements musicaux ont repris mais sont moins nombreux qu\u2019avant la crise sanitaire sur leur territoire et 3 Fran\u00e7ais sur 10 (29%) estiment que l\u2019acc\u00e8s \u00e0 des activit\u00e9s musicales est aujourd\u2019hui frein\u00e9 \u00a0par les restrictions li\u00e9es au pass sanitaire.<\/div>\n<h2>UN ENJEU : FAIRE RAYONNER TOUTES LES MUSIQUES SUR TOUS LES TERRITOIRES<\/h2>\n<div><strong>Les Fran\u00e7ais ont conscience de l\u2019importance de la musique pour les communes et les r\u00e9gions dans lesquelles ils vivent.<\/strong><br \/>\nLa musique s\u2019impose pour plus de 8 Fran\u00e7ais sur 10 comme un puissant facteur d\u2019attractivit\u00e9 des territoires, en termes de bien \u00eatre pour les habitants (avis de 89%) de valorisation de leur culture (88%), de cr\u00e9ation d\u2019emplois (80%)\u2026<\/p>\n<p>Globalement, les deux tiers des Fran\u00e7ais sont plut\u00f4t satisfaits de l\u2019offre musicale de leur territoire, en termes de vari\u00e9t\u00e9 (66%) et de nombre d\u2019activit\u00e9s (64%), ainsi que du soutien artistique et financier apport\u00e9 par les pouvoirs publics et les \u00e9lus (61%). Globalement, 7 Fran\u00e7ais sur 10 consid\u00e8rent avoir facilement acc\u00e8s \u00e0 des lieux proposant des cours de musique (71%), \u00e0 des lieux de rencontre autour de la musique (caf\u00e9s ou restaurants \u2013 70%), \u00e0 des festivals (67%) ou \u00e0 des salles de concerts \/ de spectacles (67%).<br \/>\nMais ces r\u00e9sultats globaux cachent de grandes disparit\u00e9s territoriales.<\/p>\n<p><strong>L\u2019\u00e9tude montre aussi une \u00ab\u00a0France \u00e0 2 tempos\u00a0\u00bb, une fracture territoriale dans l\u2019acc\u00e8s \u00e0 la musique qu\u2019il est capital de r\u00e9sorber.<\/strong><br \/>\nDe tr\u00e8s grandes diff\u00e9rences d\u2019acc\u00e8s \u00e0 la vie musicale apparaissent entre les m\u00e9tropoles et les communes de 2000 \u00e0 20 000 habitants, et surtout les territoires ruraux, souvent consid\u00e9r\u00e9s comme de v\u00e9ritables \u00ab\u00a0d\u00e9serts musicaux\u00a0\u00bb par leurs habitants.<br \/>\nOn constate ainsi de tr\u00e8s grandes diff\u00e9rences sur la satisfaction envers la vari\u00e9t\u00e9 de l\u2019offre musicale (74% pour les m\u00e9tropoles\u00a0; 55 % pour les territoires ruraux) sur le nombre d\u2019activit\u00e9s (71% \/ 54%), 1\/3 des Fran\u00e7ais (32%) pense que l\u2019acc\u00e8s aux activit\u00e9s musicales sur leur territoire est entrav\u00e9 par l\u2019\u00e9loignement des lieux proposant de la musique et 27% d\u00e9plorent la faible fr\u00e9quence des tourn\u00e9es dans leur r\u00e9gion.<\/p>\n<p>L\u2019acc\u00e8s aux lieux proposant de la musique montre l\u00e0 aussi une fracture forte. 79% des personnes habitant des m\u00e9tropoles de plus de 100\u00a0000 habitants ont un acc\u00e8s facile \u00e0 des lieux proposant des cours de musique, seulement 56% dans les territoires ruraux. L\u2019\u00e9cart est sensible \u00e9galement pour l\u2019acc\u00e8s aux manifestations musicales (75% et 54%), aux salles de concerts (79% et 49%), aux discoth\u00e8ques (73% et 47%) aux commerces proposant des disques (75% et 50%).<\/p>\n<p>On constate \u00e9galement de grandes diff\u00e9rences sur la mani\u00e8re dont les Fran\u00e7ais pensent que les activit\u00e9s musicales sont soutenues par les pouvoirs publics et les \u00e9lus sur leur territoire entre les m\u00e9tropoles (66%) et les zones rurales (53%)<\/p>\n<\/div>\n<h2><strong>UNE MOBILISATION NECESSAIRE DES ELUS<\/strong><\/h2>\n<div><strong>Pour les Fran\u00e7ais c\u2019est la responsabilit\u00e9 des acteurs locaux, et notamment des maires de dynamiser la vie musicale des territoires.<\/strong><br \/>\nUn sur deux (49%) consid\u00e8re ainsi les municipalit\u00e9s comme ayant le plus grand r\u00f4le \u00e0 jouer dans ce domaine, 3 fois plus que l\u2019Etat (16%). Les d\u00e9partements et r\u00e9gions (35%) le tissu associatif (35%) et les acteurs priv\u00e9s comme les organisateurs d\u2019\u00e9v\u00e8nements (47%) sont \u00e9galement largement attendus.<\/p>\n<p>Les attentes envers les acteurs locaux s\u2019articulent autour de 3 grands axes\u00a0:<\/p>\n<\/div>\n<p>multiplier les temps forts musicaux de partage collectif (54% sont favorables au d\u00e9veloppement de l\u2019organisation de concerts et festivals),<br \/>\naccompagner la cr\u00e9ation (39% invitent les d\u00e9cideurs locaux \u00e0 multiplier les maisons d\u2019artistes, ateliers, r\u00e9sidences)<br \/>\net encourager l\u2019enseignement de la pratique musicale (31%).<\/p>\n<div>Ils pl\u00e9biscitent \u00e9galement les aides financi\u00e8res pour all\u00e9ger le co\u00fbt d\u2019acc\u00e8s aux activit\u00e9s et lieux musicaux (co\u00fbt qui est un frein pour 40% des Fran\u00e7ais) et un soutien financier direct au artistes locaux (31%)<\/p>\n<p><strong>Les Fran\u00e7ais souhaitent que cette mobilisation se fasse au service de tous les r\u00e9pertoires de toutes les esth\u00e9tiques.<\/strong><br \/>\n3 Fran\u00e7ais sur 10 (29%) insistent ainsi sur la promotion de la diversit\u00e9 des genres musicaux et un quart (25%), sur la n\u00e9cessit\u00e9 d\u2019accompagner le rayonnement national et international des artistes locaux.\n<\/p>\n<\/div>\n<div>\n<\/div>\n<div>\n<strong><em>Patrick Sigwalt, Pr\u00e9sident du Conseil d\u2019Administration de la Sacem a d\u00e9clar\u00e9\u00a0:\u00a0<\/em><\/strong><em>\u00ab\u00a0Parce qu\u2019ils aspirent \u00e0 voir leur musique interpr\u00e9t\u00e9e et diffus\u00e9e le plus largement possible, les auteurs, les compositeurs, les \u00e9diteurs de musique, ne peuvent qu\u2019\u00eatre sensibles aux r\u00e9sultats de cette \u00e9tude. Elle montre la force du d\u00e9sir des Fran\u00e7ais de retrouver une vie musicale riche et inspirante, de pouvoir \u00e0 nouveau assister ensemble \u00e0 des concerts et \u00e9v\u00e9nements musicaux, de profiter de la richesse et de la diversit\u00e9 du r\u00e9pertoire de la sc\u00e8ne fran\u00e7aise au plus pr\u00e8s de chez eux.<\/em><br \/><em>Tous les d\u00e9cideurs doivent se mobiliser pour permettre un retour rapide \u00e0 une activit\u00e9 musicale normale et plus largement pour permettre \u00e0 chacun, quel que soit l\u2019endroit o\u00f9 il habite, de pouvoir \u00e9couter, apprendre ou jouer de la musique plus facilement. C\u2019est ainsi que la cr\u00e9ation musicale fran\u00e7aise pourra continuer \u00e0 \u00eatre l\u2019une des plus vari\u00e9es et les plus vivantes au monde.\u00a0\u00bb<\/em><\/p>\n<p><strong><em>C\u00e9cile Rap-Veber, Directrice g\u00e9n\u00e9rale-g\u00e9rante de la Sacem a d\u00e9clar\u00e9\u00a0<\/em><\/strong><em>\u00ab\u00a0Cette \u00e9tude r\u00e9alis\u00e9e par OpinionWay met en avant le profond attachement des Fran\u00e7ais \u00e0 la musique et notamment celle de leur territoire. Elle est pour eux synonyme de partage, de f\u00eate, de s\u00e9r\u00e9nit\u00e9. Ce constat doit servir comme base de r\u00e9flexion pour les \u00e9lus, les professionnels et tous les acteurs de la fili\u00e8re pour am\u00e9liorer l\u2019acc\u00e8s \u00e0 la musique et la faire vivre au plus pr\u00e8s de ceux qui l\u2019aiment.<\/em><br \/><em>Le rayonnement de toutes les esth\u00e9tiques musicales dans nos r\u00e9gions et l\u2019acc\u00e8s de tous \u00e0 la musique dans toute sa diversit\u00e9, sont des enjeux majeurs pour la r\u00e9sorption des fractures territoriales et sociales, l\u2019\u00e9panouissement culturel de chacun et la revitalisation du lien social, v\u00e9ritables piliers de la d\u00e9mocratie.<\/em><br \/><em>Pleinement impliqu\u00e9e dans la vie musicale des r\u00e9gions, gr\u00e2ce \u00e0 la force de son r\u00e9seau et \u00e0 son engagement quotidien en faveur de l\u2019action culturelle, la Sacem est au service des \u00e9lus locaux et des r\u00e9gions pour restaurer\u00a0et pr\u00e9server ce lien cr\u00e9\u00e9 par la musique partout o\u00f9 il le faudra, \u00e0 un moment o\u00f9 nous avons plus que jamais besoin de nous retrouver.\u00a0\u00bb<\/em>\n<\/p>\n<\/div>\n<div>\n<\/div>\n<div>\n<strong>RECAPITULATIF DES CHIFFRES MARQUANTS<\/strong><br \/>\n<strong>73 %<\/strong>\u00a0des Fran\u00e7ais accordent \u00e0 la musique une place importante dans leurs vies<br \/>\n<strong>88%<\/strong>\u00a0des Fran\u00e7ais pensent que la musique est un puissant facteur de valorisation de la culture de leur territoire<br \/>\n<strong>48%<\/strong>\u00a0des Fran\u00e7ais d\u00e9clarent qu\u2019assister \u00e0 des concerts dans des salles d\u00e9di\u00e9es leur a manqu\u00e9 pendant la pand\u00e9mie<br \/>\n<strong>69%<\/strong>\u00a0des Fran\u00e7ais estiment que les \u00e9v\u00e9nements musicaux ont repris mais sont moins nombreux qu\u2019avant la crise sanitaire.<br \/>\n<strong>74%<\/strong>\u00a0des habitants des m\u00e9tropoles sont satisfaits de la vari\u00e9t\u00e9 de l\u2019offre musicale de leur territoire mais seulement\u00a0<strong>55\u00a0<\/strong>% des habitants des territoires ruraux<br \/>\n<strong>49%<\/strong>\u00a0des Fran\u00e7ais consid\u00e8rent que les municipalit\u00e9s ont un r\u00f4le \u00e0 jouer dans la dynamisation de la vie musicale des territoires<br \/>\nPour\u00a0<strong>40%<\/strong>\u00a0des Fran\u00e7ais, le co\u00fbt est un frein aux activit\u00e9s et aux lieux musicaux<\/p>\n<p><strong>METHODOLOGIE<\/strong><\/p>\n<p>L\u2019\u00e9tude \u2018Les Fran\u00e7ais et la musique dans les territoires\u2019, r\u00e9alis\u00e9e pour la Sacem, explore l\u2019importance de la musique dans la vie des Fran\u00e7ais, la perception de ses enjeux soci\u00e9taux et \u00e9conomiques et le v\u00e9cu de l\u2019impact de la crise sanitaire sur les activit\u00e9s musicales. Elle analyse \u00e9galement les diff\u00e9rences territoriales d\u2019acc\u00e8s aux activit\u00e9s musicales ainsi que les attentes prioritaires des Fran\u00e7ais \u00e0 l\u2019\u00e9gard des pouvoirs publics et des \u00e9lus pour soutenir la musique dans les territoires.<\/p>\n<p>Cette \u00e9tude a \u00e9t\u00e9 r\u00e9alis\u00e9e aupr\u00e8s d\u2019un \u00e9chantillon de 2001 personnes, repr\u00e9sentatif de la population fran\u00e7aise \u00e2g\u00e9e de 18 ans et plus, constitu\u00e9 selon la m\u00e9thode des quotas, au regard des crit\u00e8res de sexe, d\u2019\u00e2ge, de cat\u00e9gorie socioprofessionnelle, de cat\u00e9gorie d\u2019agglom\u00e9ration et de r\u00e9gion de r\u00e9sidence.<\/p>\n<p>Les interviews ont \u00e9t\u00e9 r\u00e9alis\u00e9es par questionnaire autoadministr\u00e9 en ligne sur syst\u00e8me CAWI (Computer Assisted Web Interview).<\/p>\n<p>Les interviews ont \u00e9t\u00e9 r\u00e9alis\u00e9es du 27 octobre au 3 novembre 2021.<\/p>\n<\/div>\n<p>Toute publication totale ou partielle doit imp\u00e9rativement utiliser la mention compl\u00e8te suivante : \u00ab Sondage OpinionWay pour la Sacem \u00bb et aucune reprise de l\u2019enqu\u00eate ne pourra \u00eatre dissoci\u00e9e de cet intitul\u00e9.<\/p>\n<div>OpinionWay rappelle par ailleurs que les r\u00e9sultats de ce sondage doivent \u00eatre lus en tenant compte des marges d\u2019incertitude :\u00a0<strong>0.9 \u00e0 2.2 points\u00a0<\/strong>au plus pour un \u00e9chantillon de 2000 r\u00e9pondants.<\/p>\n<p>OpinionWay a r\u00e9alis\u00e9 cette enqu\u00eate en appliquant les proc\u00e9dures et r\u00e8gles de la norme ISO 2025<\/p>\n<\/div>\n<div>\n<div class=\"ead-preview\">\n<div class=\"ead-document\">\n<div class=\"ead-iframe-wrapper\"><\/div>\n<div class=\"ead-document-loading\">\n<div class=\"ead-loading-wrap\">\n<div class=\"ead-loading-main\">\n<div class=\"ead-loading\">\n\t\t\t\t\t\t\t<span>En cours de chargement\u2026<\/span>\n\t\t\t\t\t\t<\/div>\n<\/p><\/div>\n<div class=\"ead-loading-foot\">\n<div class=\"ead-loading-foot-title\">\n\t\t\t\t\t\t\t<span>Cela prend trop de temps\u00a0?<\/span>\n\t\t\t\t\t\t<\/div>\n<\/p>\n<div class=\"ead-document-btn ead-reload-btn\">\n\t\t\t\t\t\t\t\t Recharger le document\t\t\t\t\t\t\t<\/div>\n<p>\t\t\t\t\t\t\t<span>|<\/span><br \/>\n\t\t\t\t\t\t\t<a href=\"https:\/\/clients.sacem.fr\/actuimg\/fr\/live\/v4\/La-Sacem\/Actualites\/2021\/Etude_La_musique_dans_les_territoires_16112021_Sacem_OpinionWay.pdf\" class=\"ead-document-btn\"><br \/>\n\t\t\t\t\t\t\t\t Ouvrir dans un nouvel onglet\t\t\t\t\t\t\t<\/a>\n\t\t\t\t\t<\/div>\n<\/p><\/div>\n<\/p><\/div>\n<\/p><\/div>\n<p class=\"embed_download\"><a href=\"https:\/\/clients.sacem.fr\/actuimg\/fr\/live\/v4\/La-Sacem\/Actualites\/2021\/Etude_La_musique_dans_les_territoires_16112021_Sacem_OpinionWay.pdf\">\ufeffT\u00e9l\u00e9charger [1.05 MB] <\/a><\/p>\n<\/div>\n<\/div>\n<div><\/div>\n<p>L\u2019article <a href=\"https:\/\/popburo.fr\/la-sacem-publie-une-etude-les-francais-et-la-musique-dans-les-territoires\/\">La SACEM publie une \u00e9tude \u201cLes Fran\u00e7ais et la musique dans les territoires\u201d<\/a> est apparu en premier sur <a href=\"https:\/\/popburo.fr\/\">POP B\u00dcRO<\/a>.<\/p>\n","protected":false},"excerpt":{"rendered":"<p>communiqu\u00e9 D\u00e9sireuse de contribuer \u00e0 la r\u00e9flexion des acteurs publics et priv\u00e9s sur la vie musicale en France, la Sacem publie aujourd\u2019hui, \u00e0 l\u2019occasion du Salon des Maires, l\u2019\u00e9tude \u00ab Les Fran\u00e7ais et la musique dans les territoires \u00bb, qu\u2019elle a command\u00e9 \u00e0 l\u2019Institut OpinionWay. Cette enqu\u00eate a \u00e9t\u00e9 r\u00e9alis\u00e9e aupr\u00e8s d\u2019un \u00e9chantillon de 2001 personnes, repr\u00e9sentatif de la population fran\u00e7aise \u00e2g\u00e9e de 18 ans. \u00a0\u00a0Elle trace le portrait d\u2019une\u00a0population profond\u00e9ment m\u00e9lomane,\u00a0pour qui la musique est synonyme d\u2019une vie plus [&hellip;]<\/p>\n","protected":false},"author":0,"featured_media":0,"comment_status":"closed","ping_status":"open","sticky":false,"template":"","format":"standard","meta":{"footnotes":""},"categories":[1],"tags":[],"class_list":["post-1176","post","type-post","status-publish","format-standard","hentry","category-non-classe"],"yoast_head":"<!-- This site is optimized with the Yoast SEO plugin v27.5 - https:\/\/yoast.com\/product\/yoast-seo-wordpress\/ -->\n<title>La SACEM publie une \u00e9tude \u201cLes Fran\u00e7ais et la musique dans les territoires\u201d - HIERO STRASBOURG<\/title>\n<meta name=\"robots\" content=\"index, follow, max-snippet:-1, max-image-preview:large, max-video-preview:-1\" \/>\n<link rel=\"canonical\" href=\"https:\/\/hierostrasbourg.com\/index.php\/2021\/11\/16\/la-sacem-publie-une-etude-les-francais-et-la-musique-dans-les-territoires\/\" \/>\n<meta property=\"og:locale\" content=\"fr_FR\" \/>\n<meta property=\"og:type\" content=\"article\" \/>\n<meta property=\"og:title\" content=\"La SACEM publie une \u00e9tude \u201cLes Fran\u00e7ais et la musique dans les territoires\u201d - HIERO STRASBOURG\" \/>\n<meta property=\"og:description\" content=\"communiqu\u00e9 D\u00e9sireuse de contribuer \u00e0 la r\u00e9flexion des acteurs publics et priv\u00e9s sur la vie musicale en France, la Sacem publie aujourd\u2019hui, \u00e0 l\u2019occasion du Salon des Maires, l\u2019\u00e9tude \u00ab Les Fran\u00e7ais et la musique dans les territoires \u00bb, qu\u2019elle a command\u00e9 \u00e0 l\u2019Institut OpinionWay. Cette enqu\u00eate a \u00e9t\u00e9 r\u00e9alis\u00e9e aupr\u00e8s d\u2019un \u00e9chantillon de 2001 personnes, repr\u00e9sentatif de la population fran\u00e7aise \u00e2g\u00e9e de 18 ans. \u00a0\u00a0Elle trace le portrait d\u2019une\u00a0population profond\u00e9ment m\u00e9lomane,\u00a0pour qui la musique est synonyme d\u2019une vie plus [&hellip;]\" \/>\n<meta property=\"og:url\" content=\"https:\/\/hierostrasbourg.com\/index.php\/2021\/11\/16\/la-sacem-publie-une-etude-les-francais-et-la-musique-dans-les-territoires\/\" \/>\n<meta property=\"og:site_name\" content=\"HIERO STRASBOURG\" \/>\n<meta property=\"article:publisher\" content=\"https:\/\/www.facebook.com\/fedehierostrasbourg\" \/>\n<meta property=\"article:published_time\" content=\"2021-11-16T16:19:00+00:00\" \/>\n<meta name=\"twitter:card\" content=\"summary_large_image\" \/>\n<meta name=\"twitter:creator\" content=\"@hierostrasbourg\" \/>\n<meta name=\"twitter:site\" content=\"@hierostrasbourg\" \/>\n<meta name=\"twitter:label1\" content=\"Dur\u00e9e de lecture estim\u00e9e\" \/>\n\t<meta name=\"twitter:data1\" content=\"10 minutes\" \/>\n<script type=\"application\/ld+json\" class=\"yoast-schema-graph\">{\"@context\":\"https:\\\/\\\/schema.org\",\"@graph\":[{\"@type\":\"Article\",\"@id\":\"https:\\\/\\\/hierostrasbourg.com\\\/index.php\\\/2021\\\/11\\\/16\\\/la-sacem-publie-une-etude-les-francais-et-la-musique-dans-les-territoires\\\/#article\",\"isPartOf\":{\"@id\":\"https:\\\/\\\/hierostrasbourg.com\\\/index.php\\\/2021\\\/11\\\/16\\\/la-sacem-publie-une-etude-les-francais-et-la-musique-dans-les-territoires\\\/\"},\"author\":{\"name\":\"\",\"@id\":\"\"},\"headline\":\"La SACEM publie une \u00e9tude \u201cLes Fran\u00e7ais et la musique dans les territoires\u201d\",\"datePublished\":\"2021-11-16T16:19:00+00:00\",\"mainEntityOfPage\":{\"@id\":\"https:\\\/\\\/hierostrasbourg.com\\\/index.php\\\/2021\\\/11\\\/16\\\/la-sacem-publie-une-etude-les-francais-et-la-musique-dans-les-territoires\\\/\"},\"wordCount\":2074,\"publisher\":{\"@id\":\"https:\\\/\\\/hierostrasbourg.com\\\/#organization\"},\"inLanguage\":\"fr-FR\"},{\"@type\":\"WebPage\",\"@id\":\"https:\\\/\\\/hierostrasbourg.com\\\/index.php\\\/2021\\\/11\\\/16\\\/la-sacem-publie-une-etude-les-francais-et-la-musique-dans-les-territoires\\\/\",\"url\":\"https:\\\/\\\/hierostrasbourg.com\\\/index.php\\\/2021\\\/11\\\/16\\\/la-sacem-publie-une-etude-les-francais-et-la-musique-dans-les-territoires\\\/\",\"name\":\"La SACEM publie une \u00e9tude \u201cLes Fran\u00e7ais et la musique dans les territoires\u201d - HIERO STRASBOURG\",\"isPartOf\":{\"@id\":\"https:\\\/\\\/hierostrasbourg.com\\\/#website\"},\"datePublished\":\"2021-11-16T16:19:00+00:00\",\"breadcrumb\":{\"@id\":\"https:\\\/\\\/hierostrasbourg.com\\\/index.php\\\/2021\\\/11\\\/16\\\/la-sacem-publie-une-etude-les-francais-et-la-musique-dans-les-territoires\\\/#breadcrumb\"},\"inLanguage\":\"fr-FR\",\"potentialAction\":[{\"@type\":\"ReadAction\",\"target\":[\"https:\\\/\\\/hierostrasbourg.com\\\/index.php\\\/2021\\\/11\\\/16\\\/la-sacem-publie-une-etude-les-francais-et-la-musique-dans-les-territoires\\\/\"]}]},{\"@type\":\"BreadcrumbList\",\"@id\":\"https:\\\/\\\/hierostrasbourg.com\\\/index.php\\\/2021\\\/11\\\/16\\\/la-sacem-publie-une-etude-les-francais-et-la-musique-dans-les-territoires\\\/#breadcrumb\",\"itemListElement\":[{\"@type\":\"ListItem\",\"position\":1,\"name\":\"Accueil\",\"item\":\"https:\\\/\\\/hierostrasbourg.com\\\/\"},{\"@type\":\"ListItem\",\"position\":2,\"name\":\"La SACEM publie une \u00e9tude \u201cLes Fran\u00e7ais et la musique dans les territoires\u201d\"}]},{\"@type\":\"WebSite\",\"@id\":\"https:\\\/\\\/hierostrasbourg.com\\\/#website\",\"url\":\"https:\\\/\\\/hierostrasbourg.com\\\/\",\"name\":\"HIERO STRASBOURG\",\"description\":\"Centre de Ressources Musiques Actuelles\",\"publisher\":{\"@id\":\"https:\\\/\\\/hierostrasbourg.com\\\/#organization\"},\"potentialAction\":[{\"@type\":\"SearchAction\",\"target\":{\"@type\":\"EntryPoint\",\"urlTemplate\":\"https:\\\/\\\/hierostrasbourg.com\\\/?s={search_term_string}\"},\"query-input\":{\"@type\":\"PropertyValueSpecification\",\"valueRequired\":true,\"valueName\":\"search_term_string\"}}],\"inLanguage\":\"fr-FR\"},{\"@type\":\"Organization\",\"@id\":\"https:\\\/\\\/hierostrasbourg.com\\\/#organization\",\"name\":\"F\u00e9d\u00e9ration Hi\u00e9ro Strasbourg\",\"url\":\"https:\\\/\\\/hierostrasbourg.com\\\/\",\"logo\":{\"@type\":\"ImageObject\",\"inLanguage\":\"fr-FR\",\"@id\":\"https:\\\/\\\/hierostrasbourg.com\\\/#\\\/schema\\\/logo\\\/image\\\/\",\"url\":\"https:\\\/\\\/hierostrasbourg.com\\\/wp-content\\\/uploads\\\/2026\\\/04\\\/logo-hiero-strasbourg.jpg\",\"contentUrl\":\"https:\\\/\\\/hierostrasbourg.com\\\/wp-content\\\/uploads\\\/2026\\\/04\\\/logo-hiero-strasbourg.jpg\",\"width\":204,\"height\":192,\"caption\":\"F\u00e9d\u00e9ration Hi\u00e9ro Strasbourg\"},\"image\":{\"@id\":\"https:\\\/\\\/hierostrasbourg.com\\\/#\\\/schema\\\/logo\\\/image\\\/\"},\"sameAs\":[\"https:\\\/\\\/www.facebook.com\\\/fedehierostrasbourg\",\"https:\\\/\\\/x.com\\\/hierostrasbourg\"]}]}<\/script>\n<!-- \/ Yoast SEO plugin. -->","yoast_head_json":{"title":"La SACEM publie une \u00e9tude \u201cLes Fran\u00e7ais et la musique dans les territoires\u201d - HIERO STRASBOURG","robots":{"index":"index","follow":"follow","max-snippet":"max-snippet:-1","max-image-preview":"max-image-preview:large","max-video-preview":"max-video-preview:-1"},"canonical":"https:\/\/hierostrasbourg.com\/index.php\/2021\/11\/16\/la-sacem-publie-une-etude-les-francais-et-la-musique-dans-les-territoires\/","og_locale":"fr_FR","og_type":"article","og_title":"La SACEM publie une \u00e9tude \u201cLes Fran\u00e7ais et la musique dans les territoires\u201d - HIERO STRASBOURG","og_description":"communiqu\u00e9 D\u00e9sireuse de contribuer \u00e0 la r\u00e9flexion des acteurs publics et priv\u00e9s sur la vie musicale en France, la Sacem publie aujourd\u2019hui, \u00e0 l\u2019occasion du Salon des Maires, l\u2019\u00e9tude \u00ab Les Fran\u00e7ais et la musique dans les territoires \u00bb, qu\u2019elle a command\u00e9 \u00e0 l\u2019Institut OpinionWay. Cette enqu\u00eate a \u00e9t\u00e9 r\u00e9alis\u00e9e aupr\u00e8s d\u2019un \u00e9chantillon de 2001 personnes, repr\u00e9sentatif de la population fran\u00e7aise \u00e2g\u00e9e de 18 ans. \u00a0\u00a0Elle trace le portrait d\u2019une\u00a0population profond\u00e9ment m\u00e9lomane,\u00a0pour qui la musique est synonyme d\u2019une vie plus [&hellip;]","og_url":"https:\/\/hierostrasbourg.com\/index.php\/2021\/11\/16\/la-sacem-publie-une-etude-les-francais-et-la-musique-dans-les-territoires\/","og_site_name":"HIERO STRASBOURG","article_publisher":"https:\/\/www.facebook.com\/fedehierostrasbourg","article_published_time":"2021-11-16T16:19:00+00:00","twitter_card":"summary_large_image","twitter_creator":"@hierostrasbourg","twitter_site":"@hierostrasbourg","twitter_misc":{"Dur\u00e9e de lecture estim\u00e9e":"10 minutes"},"schema":{"@context":"https:\/\/schema.org","@graph":[{"@type":"Article","@id":"https:\/\/hierostrasbourg.com\/index.php\/2021\/11\/16\/la-sacem-publie-une-etude-les-francais-et-la-musique-dans-les-territoires\/#article","isPartOf":{"@id":"https:\/\/hierostrasbourg.com\/index.php\/2021\/11\/16\/la-sacem-publie-une-etude-les-francais-et-la-musique-dans-les-territoires\/"},"author":{"name":"","@id":""},"headline":"La SACEM publie une \u00e9tude \u201cLes Fran\u00e7ais et la musique dans les territoires\u201d","datePublished":"2021-11-16T16:19:00+00:00","mainEntityOfPage":{"@id":"https:\/\/hierostrasbourg.com\/index.php\/2021\/11\/16\/la-sacem-publie-une-etude-les-francais-et-la-musique-dans-les-territoires\/"},"wordCount":2074,"publisher":{"@id":"https:\/\/hierostrasbourg.com\/#organization"},"inLanguage":"fr-FR"},{"@type":"WebPage","@id":"https:\/\/hierostrasbourg.com\/index.php\/2021\/11\/16\/la-sacem-publie-une-etude-les-francais-et-la-musique-dans-les-territoires\/","url":"https:\/\/hierostrasbourg.com\/index.php\/2021\/11\/16\/la-sacem-publie-une-etude-les-francais-et-la-musique-dans-les-territoires\/","name":"La SACEM publie une \u00e9tude \u201cLes Fran\u00e7ais et la musique dans les territoires\u201d - HIERO STRASBOURG","isPartOf":{"@id":"https:\/\/hierostrasbourg.com\/#website"},"datePublished":"2021-11-16T16:19:00+00:00","breadcrumb":{"@id":"https:\/\/hierostrasbourg.com\/index.php\/2021\/11\/16\/la-sacem-publie-une-etude-les-francais-et-la-musique-dans-les-territoires\/#breadcrumb"},"inLanguage":"fr-FR","potentialAction":[{"@type":"ReadAction","target":["https:\/\/hierostrasbourg.com\/index.php\/2021\/11\/16\/la-sacem-publie-une-etude-les-francais-et-la-musique-dans-les-territoires\/"]}]},{"@type":"BreadcrumbList","@id":"https:\/\/hierostrasbourg.com\/index.php\/2021\/11\/16\/la-sacem-publie-une-etude-les-francais-et-la-musique-dans-les-territoires\/#breadcrumb","itemListElement":[{"@type":"ListItem","position":1,"name":"Accueil","item":"https:\/\/hierostrasbourg.com\/"},{"@type":"ListItem","position":2,"name":"La SACEM publie une \u00e9tude \u201cLes Fran\u00e7ais et la musique dans les territoires\u201d"}]},{"@type":"WebSite","@id":"https:\/\/hierostrasbourg.com\/#website","url":"https:\/\/hierostrasbourg.com\/","name":"HIERO STRASBOURG","description":"Centre de Ressources Musiques Actuelles","publisher":{"@id":"https:\/\/hierostrasbourg.com\/#organization"},"potentialAction":[{"@type":"SearchAction","target":{"@type":"EntryPoint","urlTemplate":"https:\/\/hierostrasbourg.com\/?s={search_term_string}"},"query-input":{"@type":"PropertyValueSpecification","valueRequired":true,"valueName":"search_term_string"}}],"inLanguage":"fr-FR"},{"@type":"Organization","@id":"https:\/\/hierostrasbourg.com\/#organization","name":"F\u00e9d\u00e9ration Hi\u00e9ro Strasbourg","url":"https:\/\/hierostrasbourg.com\/","logo":{"@type":"ImageObject","inLanguage":"fr-FR","@id":"https:\/\/hierostrasbourg.com\/#\/schema\/logo\/image\/","url":"https:\/\/hierostrasbourg.com\/wp-content\/uploads\/2026\/04\/logo-hiero-strasbourg.jpg","contentUrl":"https:\/\/hierostrasbourg.com\/wp-content\/uploads\/2026\/04\/logo-hiero-strasbourg.jpg","width":204,"height":192,"caption":"F\u00e9d\u00e9ration Hi\u00e9ro Strasbourg"},"image":{"@id":"https:\/\/hierostrasbourg.com\/#\/schema\/logo\/image\/"},"sameAs":["https:\/\/www.facebook.com\/fedehierostrasbourg","https:\/\/x.com\/hierostrasbourg"]}]}},"_links":{"self":[{"href":"https:\/\/hierostrasbourg.com\/index.php\/wp-json\/wp\/v2\/posts\/1176","targetHints":{"allow":["GET"]}}],"collection":[{"href":"https:\/\/hierostrasbourg.com\/index.php\/wp-json\/wp\/v2\/posts"}],"about":[{"href":"https:\/\/hierostrasbourg.com\/index.php\/wp-json\/wp\/v2\/types\/post"}],"replies":[{"embeddable":true,"href":"https:\/\/hierostrasbourg.com\/index.php\/wp-json\/wp\/v2\/comments?post=1176"}],"version-history":[{"count":0,"href":"https:\/\/hierostrasbourg.com\/index.php\/wp-json\/wp\/v2\/posts\/1176\/revisions"}],"wp:attachment":[{"href":"https:\/\/hierostrasbourg.com\/index.php\/wp-json\/wp\/v2\/media?parent=1176"}],"wp:term":[{"taxonomy":"category","embeddable":true,"href":"https:\/\/hierostrasbourg.com\/index.php\/wp-json\/wp\/v2\/categories?post=1176"},{"taxonomy":"post_tag","embeddable":true,"href":"https:\/\/hierostrasbourg.com\/index.php\/wp-json\/wp\/v2\/tags?post=1176"}],"curies":[{"name":"wp","href":"https:\/\/api.w.org\/{rel}","templated":true}]}}